{"id":1995,"date":"2019-03-08T08:53:06","date_gmt":"2019-03-08T08:53:06","guid":{"rendered":"https:\/\/www.inforesidencias.com\/blog\/?p=1995"},"modified":"2019-09-13T10:56:21","modified_gmt":"2019-09-13T10:56:21","slug":"alimentacion-y-paralisis-facial-en-las-personas-mayores","status":"publish","type":"post","link":"https:\/\/www.inforesidencias.com\/blog\/index.php\/2019\/03\/08\/alimentacion-y-paralisis-facial-en-las-personas-mayores\/","title":{"rendered":"Alimentaci\u00f3n y par\u00e1lisis facial en las personas mayores"},"content":{"rendered":"<p style=\"text-align: justify\">La par\u00e1lisis facial puede ser por diversas causas pero en las <strong>personas mayores<\/strong> la causa m\u00e1s frecuente es por un Accidente Cerebrovascular ya que las personas mayores son m\u00e1s propensas a padecerlo y que deje graves secuelas.<\/p>\n<p style=\"text-align: justify\">Los factores que contribuyen a padecer un Accidente Cerebrovascular pueden ser. La edad avanzada, la herencia familiar, haber sufrido un ictus reciente (hace m\u00e1s probable que se vuelva a repetir), presi\u00f3n arterial alta (hipertensi\u00f3n), fumar, el consumo de alcohol en exceso etc.\u00a0 Asimismo, padecer la diabetes mellitus aumenta las probabilidades,\u00a0 as\u00ed como tener niveles de <a href=\"https:\/\/www.inforesidencias.com\/blog\/index.php\/2018\/12\/26\/la-hipercolesterolemia-en-la-tercera-edad\/\">colesterol altos (hipercolesterolemia)<\/a>. Tambi\u00e9n hay otros favorecedores como tener problemas de enfermedades cardiacas o sufrir ataques isqu\u00e9micos transitorios. Todos estos factores pueden ayudar a que se presente un Accidente Cerebrovascular en personas mayores con sus respectivas secuelas. Si la parte afectada es la regi\u00f3n izquierda del cerebro entonces la parte afectada del cuerpo ser\u00e1 la derecha, si la parte afecta es la regi\u00f3n derecha del cerebro entonces la parte afectada del cuerpo ser\u00e1 la izquierda.<\/p>\n<h4 style=\"text-align: justify\">Los s\u00edntomas m\u00e1s frecuentes cuando se presenta un accidente cerebrovascular en personas mayores:<\/h4>\n<p style=\"text-align: justify\"><span style=\"font-weight: 300;text-align: justify\">&#8211; Adormecimiento o debilidad repentina en la cara, el brazo o una pierna.<br \/>\n&#8211; Confusi\u00f3n repentina, dificulta para hablar o para entender.<br \/>\n&#8211; Dificultad para caminar, mareo, p\u00e9rdida de equilibrio o coordinaci\u00f3n.<br \/>\n&#8211; En ocasiones problemas para ver en uno o los dos ojos.<br \/>\n&#8211; P\u00e9rdida de memoria.<\/span><\/p>\n<p style=\"text-align: justify\"><a href=\"https:\/\/www.inforesidencias.com\/blog\/wp-content\/uploads\/2019\/03\/personas-mayores.png\"><img decoding=\"async\" loading=\"lazy\" class=\"aligncenter size-full wp-image-1999\" src=\"https:\/\/www.inforesidencias.com\/blog\/wp-content\/uploads\/2019\/03\/personas-mayores.png\" alt=\"personas mayores\" width=\"365\" height=\"296\" \/><\/a><\/p>\n<p style=\"text-align: justify\"><span style=\"font-weight: 300;text-align: justify\">Los m\u00e9dicos especialistas son quienes determinan el tipo de estudios a realizar y el tratamiento con su respectiva terapia de rehabilitaci\u00f3n, pero la par\u00e1lisis facial afecta en la toma de l\u00edquidos y en el consumo de alimentos, a tal grado que sino se atienden estos dos aspectos b\u00e1sicos, el paciente termina con una deshidrataci\u00f3n cr\u00f3nica y una desnutrici\u00f3n severa, dificultando la pronta recuperaci\u00f3n. las personas mayores son m\u00e1s vulnerables por el n\u00famero de patolog\u00edas que presentan y el grado de dependencia que va de moderado a severo.<\/span><\/p>\n<p style=\"text-align: justify\">Para una correcta alimentaci\u00f3n y nutrici\u00f3n\u00a0 en <strong>personas mayores<\/strong> se deben valorar aspectos c\u00f3mo:<\/p>\n<p style=\"text-align: justify\">&#8211; La edad, el sexo y las patolog\u00edas que presenta, adem\u00e1s de la par\u00e1lisis facial.<br \/>\n&#8211; La textura de la alimentaci\u00f3n es fundamental ya que de ello depende si los alimentos se dan molidos, triturados o en peque\u00f1os trozos, para ello tambi\u00e9n se deben considerar si puede o no masticar y si tiene dientes propios o pr\u00f3tesis.<br \/>\n&#8211; La cantidades de nutrientes como prote\u00ednas, l\u00edpidos, carbohidratos, as\u00ed como vitaminas y minerales se deben considerar si existen patolog\u00edas renales, hipercolesterolem\u00eda, diabetes, hipertensi\u00f3n entre otras.<\/p>\n<p style=\"text-align: justify\">Se deben buscar estrategias para el consumo de l\u00edquidos. En estos casos se recomienda no solo el agua simple, sino tambi\u00e9n los caldos, gelatina flan y t\u00e9s, son formas de asegurarse que se consumen los l\u00edquidos suficientes y evitar la deshidrataci\u00f3n.<\/p>\n<p style=\"text-align: justify\">Afortunadamente existen muchos herramientas para que el anciano sea lo m\u00e1s independiente posible. En estos casos ayuda buscar vasos, cucharas y platos para que \u00e9l solo pueda llevarse la comida a la boca. Es fundamental fomentar la autonom\u00eda y la independencia por peque\u00f1os que sean los aveces estos dar\u00e1n seguridad a la persona.<\/p>\n<p style=\"text-align: justify\">\nLa dietista es quien debe dar no solo las pautas para que la alimentaci\u00f3n sea equilibrada, balanceada y variedad sino tambi\u00e9n considerar las patolog\u00edas presentes y a partir de all\u00ed dar el tratamiento diet\u00e9toterap\u00e9utico adecuado.<\/p>\n<p style=\"text-align: justify\">Y todo ello puede resultar de gran inter\u00e9s cuando una persona mayor o un familiar suyo est\u00e1n buscando una <a href=\"https:\/\/www.inforesidencias.com\/particulares\/buscamos-por-ti\">plaza libre en una residencia de ancianos en cualquier provincia de Espa\u00f1a<\/a>.<\/p>\n<blockquote>\n<div dir=\"ltr\">\n<div>\n<div>M\u00e1s informaci\u00f3n en:<\/div>\n<div><a href=\"http:\/\/upacesanfernando.org\/wp-content\/uploads\/2015\/03\/Guia-Upace-Alimentacion.pdf\">upacesanfernando.org\/wp-content\/uploads\/2015\/03\/Guia-Upace-Alimentacion.pdf<\/a><\/div>\n<div><a href=\"http:\/\/www.consejosdetufarmaceutico.com\/paralisis-facial-la-recuperacion-es-posible\/\">http:\/\/www.consejosdetufarmaceutico.com\/paralisis-facial-la-recuperacion-es-posible\/<\/a><\/div>\n<\/div>\n<\/div>\n<\/blockquote>\n","protected":false},"excerpt":{"rendered":"<p>La par\u00e1lisis facial puede ser por diversas causas pero en las personas mayores la causa m\u00e1s frecuente es por un Accidente Cerebrovascular ya que las personas mayores son m\u00e1s propensas a padecerlo y que deje graves secuelas. Los factores que contribuyen a padecer un Accidente Cerebrovascular pueden ser. La edad avanzada, la herencia familiar, haber sufrido un ictus reciente (hace m\u00e1s probable que se vuelva a repetir), presi\u00f3n arterial alta (hipertensi\u00f3n), fumar, el consumo de alcohol en exceso etc.\u00a0 Asimismo, padecer la diabetes mellitus aumenta las probabilidades,\u00a0 as\u00ed como tener niveles de colesterol altos (hipercolesterolemia). Tambi\u00e9n hay otros favorecedores como tener problemas de enfermedades cardiacas o sufrir ataques isqu\u00e9micos transitorios. Todos estos factores pueden ayudar a que se presente un Accidente Cerebrovascular en personas mayores con sus respectivas secuelas. Si la parte afectada es la regi\u00f3n izquierda del cerebro entonces la parte afectada del cuerpo ser\u00e1 la derecha, si la [&hellip;]<\/p>\n","protected":false},"author":2,"featured_media":1998,"comment_status":"open","ping_status":"open","sticky":false,"template":"","format":"standard","meta":{"footnotes":""},"categories":[1],"tags":[],"yoast_head":"<!-- This site is optimized with the Yoast SEO plugin v21.7 - https:\/\/yoast.com\/wordpress\/plugins\/seo\/ -->\n<title>Alimentaci\u00f3n y par\u00e1lisis facial en las personas mayores - Blog Inforesidencias.com<\/title>\n<meta name=\"description\" content=\"Algunos h\u00e1bitos de d\u00eda o patolog\u00edas previas favorecen que las personas mayores sufran un ictus. \u00bfQu\u00e9 s\u00edntomas presenta y como abordarlo desde la nutrici\u00f3n?\" \/>\n<meta name=\"robots\" content=\"index, follow, max-snippet:-1, max-image-preview:large, max-video-preview:-1\" \/>\n<link rel=\"canonical\" href=\"https:\/\/www.inforesidencias.com\/blog\/index.php\/2019\/03\/08\/alimentacion-y-paralisis-facial-en-las-personas-mayores\/\" \/>\n<meta property=\"og:locale\" content=\"es_ES\" \/>\n<meta property=\"og:type\" content=\"article\" \/>\n<meta property=\"og:title\" content=\"Alimentaci\u00f3n y par\u00e1lisis facial en las personas mayores - Blog Inforesidencias.com\" \/>\n<meta property=\"og:description\" content=\"Algunos h\u00e1bitos de d\u00eda o patolog\u00edas previas favorecen que las personas mayores sufran un ictus. \u00bfQu\u00e9 s\u00edntomas presenta y como abordarlo desde la nutrici\u00f3n?\" \/>\n<meta property=\"og:url\" content=\"https:\/\/www.inforesidencias.com\/blog\/index.php\/2019\/03\/08\/alimentacion-y-paralisis-facial-en-las-personas-mayores\/\" \/>\n<meta property=\"og:site_name\" content=\"Blog Inforesidencias.com\" \/>\n<meta property=\"article:publisher\" content=\"https:\/\/www.facebook.com\/Inforesidencias\/\" \/>\n<meta property=\"article:author\" content=\"https:\/\/www.facebook.com\/josep.demarti\" \/>\n<meta property=\"article:published_time\" content=\"2019-03-08T08:53:06+00:00\" \/>\n<meta property=\"article:modified_time\" content=\"2019-09-13T10:56:21+00:00\" \/>\n<meta property=\"og:image\" content=\"https:\/\/www.inforesidencias.com\/blog\/wp-content\/uploads\/2019\/03\/ictus-personas-mayores.jpeg\" \/>\n\t<meta property=\"og:image:width\" content=\"350\" \/>\n\t<meta property=\"og:image:height\" content=\"350\" \/>\n\t<meta property=\"og:image:type\" content=\"image\/jpeg\" \/>\n<meta name=\"author\" content=\"Josep de Mart\u00ed\" \/>\n<meta name=\"twitter:card\" content=\"summary_large_image\" \/>\n<meta name=\"twitter:creator\" content=\"@blog-ir\" \/>\n<meta name=\"twitter:site\" content=\"@inforesidencias\" \/>\n<meta name=\"twitter:label1\" content=\"Escrito por\" \/>\n\t<meta name=\"twitter:data1\" content=\"Josep de Mart\u00ed\" \/>\n\t<meta name=\"twitter:label2\" content=\"Tiempo de lectura\" \/>\n\t<meta name=\"twitter:data2\" content=\"3 minutos\" \/>\n<script type=\"application\/ld+json\" class=\"yoast-schema-graph\">{\"@context\":\"https:\/\/schema.org\",\"@graph\":[{\"@type\":\"WebPage\",\"@id\":\"https:\/\/www.inforesidencias.com\/blog\/index.php\/2019\/03\/08\/alimentacion-y-paralisis-facial-en-las-personas-mayores\/\",\"url\":\"https:\/\/www.inforesidencias.com\/blog\/index.php\/2019\/03\/08\/alimentacion-y-paralisis-facial-en-las-personas-mayores\/\",\"name\":\"Alimentaci\u00f3n y par\u00e1lisis facial en las personas mayores - Blog Inforesidencias.com\",\"isPartOf\":{\"@id\":\"https:\/\/www.inforesidencias.com\/blog\/#website\"},\"datePublished\":\"2019-03-08T08:53:06+00:00\",\"dateModified\":\"2019-09-13T10:56:21+00:00\",\"author\":{\"@id\":\"https:\/\/www.inforesidencias.com\/blog\/#\/schema\/person\/9e146774d1eb3bc1c0316242a3898628\"},\"description\":\"Algunos h\u00e1bitos de d\u00eda o patolog\u00edas previas favorecen que las personas mayores sufran un ictus. \u00bfQu\u00e9 s\u00edntomas presenta y como abordarlo desde la nutrici\u00f3n?\",\"breadcrumb\":{\"@id\":\"https:\/\/www.inforesidencias.com\/blog\/index.php\/2019\/03\/08\/alimentacion-y-paralisis-facial-en-las-personas-mayores\/#breadcrumb\"},\"inLanguage\":\"es\",\"potentialAction\":[{\"@type\":\"ReadAction\",\"target\":[\"https:\/\/www.inforesidencias.com\/blog\/index.php\/2019\/03\/08\/alimentacion-y-paralisis-facial-en-las-personas-mayores\/\"]}]},{\"@type\":\"BreadcrumbList\",\"@id\":\"https:\/\/www.inforesidencias.com\/blog\/index.php\/2019\/03\/08\/alimentacion-y-paralisis-facial-en-las-personas-mayores\/#breadcrumb\",\"itemListElement\":[{\"@type\":\"ListItem\",\"position\":1,\"name\":\"Home\",\"item\":\"https:\/\/www.inforesidencias.com\/blog\/\"},{\"@type\":\"ListItem\",\"position\":2,\"name\":\"Alimentaci\u00f3n y par\u00e1lisis facial en las personas mayores\"}]},{\"@type\":\"WebSite\",\"@id\":\"https:\/\/www.inforesidencias.com\/blog\/#website\",\"url\":\"https:\/\/www.inforesidencias.com\/blog\/\",\"name\":\"Blog Inforesidencias.com\",\"description\":\"El buscador de residencias de la 3\u00aa edad\",\"potentialAction\":[{\"@type\":\"SearchAction\",\"target\":{\"@type\":\"EntryPoint\",\"urlTemplate\":\"https:\/\/www.inforesidencias.com\/blog\/?s={search_term_string}\"},\"query-input\":\"required name=search_term_string\"}],\"inLanguage\":\"es\"},{\"@type\":\"Person\",\"@id\":\"https:\/\/www.inforesidencias.com\/blog\/#\/schema\/person\/9e146774d1eb3bc1c0316242a3898628\",\"name\":\"Josep de Mart\u00ed\",\"image\":{\"@type\":\"ImageObject\",\"inLanguage\":\"es\",\"@id\":\"https:\/\/www.inforesidencias.com\/blog\/#\/schema\/person\/image\/\",\"url\":\"https:\/\/secure.gravatar.com\/avatar\/de0302c4806c00c4cebff396a798c1ff?s=96&d=mm&r=g\",\"contentUrl\":\"https:\/\/secure.gravatar.com\/avatar\/de0302c4806c00c4cebff396a798c1ff?s=96&d=mm&r=g\",\"caption\":\"Josep de Mart\u00ed\"},\"sameAs\":[\"https:\/\/www.inforesidencias.com\",\"https:\/\/www.facebook.com\/josep.demarti\",\"https:\/\/twitter.com\/blog-ir\"],\"url\":\"https:\/\/www.inforesidencias.com\/blog\/index.php\/author\/josepdemarti\/\"}]}<\/script>\n<!-- \/ Yoast SEO plugin. -->","yoast_head_json":{"title":"Alimentaci\u00f3n y par\u00e1lisis facial en las personas mayores - Blog Inforesidencias.com","description":"Algunos h\u00e1bitos de d\u00eda o patolog\u00edas previas favorecen que las personas mayores sufran un ictus. \u00bfQu\u00e9 s\u00edntomas presenta y como abordarlo desde la nutrici\u00f3n?","robots":{"index":"index","follow":"follow","max-snippet":"max-snippet:-1","max-image-preview":"max-image-preview:large","max-video-preview":"max-video-preview:-1"},"canonical":"https:\/\/www.inforesidencias.com\/blog\/index.php\/2019\/03\/08\/alimentacion-y-paralisis-facial-en-las-personas-mayores\/","og_locale":"es_ES","og_type":"article","og_title":"Alimentaci\u00f3n y par\u00e1lisis facial en las personas mayores - Blog Inforesidencias.com","og_description":"Algunos h\u00e1bitos de d\u00eda o patolog\u00edas previas favorecen que las personas mayores sufran un ictus. \u00bfQu\u00e9 s\u00edntomas presenta y como abordarlo desde la nutrici\u00f3n?","og_url":"https:\/\/www.inforesidencias.com\/blog\/index.php\/2019\/03\/08\/alimentacion-y-paralisis-facial-en-las-personas-mayores\/","og_site_name":"Blog Inforesidencias.com","article_publisher":"https:\/\/www.facebook.com\/Inforesidencias\/","article_author":"https:\/\/www.facebook.com\/josep.demarti","article_published_time":"2019-03-08T08:53:06+00:00","article_modified_time":"2019-09-13T10:56:21+00:00","og_image":[{"width":350,"height":350,"url":"https:\/\/www.inforesidencias.com\/blog\/wp-content\/uploads\/2019\/03\/ictus-personas-mayores.jpeg","type":"image\/jpeg"}],"author":"Josep de Mart\u00ed","twitter_card":"summary_large_image","twitter_creator":"@blog-ir","twitter_site":"@inforesidencias","twitter_misc":{"Escrito por":"Josep de Mart\u00ed","Tiempo de lectura":"3 minutos"},"schema":{"@context":"https:\/\/schema.org","@graph":[{"@type":"WebPage","@id":"https:\/\/www.inforesidencias.com\/blog\/index.php\/2019\/03\/08\/alimentacion-y-paralisis-facial-en-las-personas-mayores\/","url":"https:\/\/www.inforesidencias.com\/blog\/index.php\/2019\/03\/08\/alimentacion-y-paralisis-facial-en-las-personas-mayores\/","name":"Alimentaci\u00f3n y par\u00e1lisis facial en las personas mayores - Blog Inforesidencias.com","isPartOf":{"@id":"https:\/\/www.inforesidencias.com\/blog\/#website"},"datePublished":"2019-03-08T08:53:06+00:00","dateModified":"2019-09-13T10:56:21+00:00","author":{"@id":"https:\/\/www.inforesidencias.com\/blog\/#\/schema\/person\/9e146774d1eb3bc1c0316242a3898628"},"description":"Algunos h\u00e1bitos de d\u00eda o patolog\u00edas previas favorecen que las personas mayores sufran un ictus. \u00bfQu\u00e9 s\u00edntomas presenta y como abordarlo desde la nutrici\u00f3n?","breadcrumb":{"@id":"https:\/\/www.inforesidencias.com\/blog\/index.php\/2019\/03\/08\/alimentacion-y-paralisis-facial-en-las-personas-mayores\/#breadcrumb"},"inLanguage":"es","potentialAction":[{"@type":"ReadAction","target":["https:\/\/www.inforesidencias.com\/blog\/index.php\/2019\/03\/08\/alimentacion-y-paralisis-facial-en-las-personas-mayores\/"]}]},{"@type":"BreadcrumbList","@id":"https:\/\/www.inforesidencias.com\/blog\/index.php\/2019\/03\/08\/alimentacion-y-paralisis-facial-en-las-personas-mayores\/#breadcrumb","itemListElement":[{"@type":"ListItem","position":1,"name":"Home","item":"https:\/\/www.inforesidencias.com\/blog\/"},{"@type":"ListItem","position":2,"name":"Alimentaci\u00f3n y par\u00e1lisis facial en las personas mayores"}]},{"@type":"WebSite","@id":"https:\/\/www.inforesidencias.com\/blog\/#website","url":"https:\/\/www.inforesidencias.com\/blog\/","name":"Blog Inforesidencias.com","description":"El buscador de residencias de la 3\u00aa edad","potentialAction":[{"@type":"SearchAction","target":{"@type":"EntryPoint","urlTemplate":"https:\/\/www.inforesidencias.com\/blog\/?s={search_term_string}"},"query-input":"required name=search_term_string"}],"inLanguage":"es"},{"@type":"Person","@id":"https:\/\/www.inforesidencias.com\/blog\/#\/schema\/person\/9e146774d1eb3bc1c0316242a3898628","name":"Josep de Mart\u00ed","image":{"@type":"ImageObject","inLanguage":"es","@id":"https:\/\/www.inforesidencias.com\/blog\/#\/schema\/person\/image\/","url":"https:\/\/secure.gravatar.com\/avatar\/de0302c4806c00c4cebff396a798c1ff?s=96&d=mm&r=g","contentUrl":"https:\/\/secure.gravatar.com\/avatar\/de0302c4806c00c4cebff396a798c1ff?s=96&d=mm&r=g","caption":"Josep de Mart\u00ed"},"sameAs":["https:\/\/www.inforesidencias.com","https:\/\/www.facebook.com\/josep.demarti","https:\/\/twitter.com\/blog-ir"],"url":"https:\/\/www.inforesidencias.com\/blog\/index.php\/author\/josepdemarti\/"}]}},"_links":{"self":[{"href":"https:\/\/www.inforesidencias.com\/blog\/index.php\/wp-json\/wp\/v2\/posts\/1995"}],"collection":[{"href":"https:\/\/www.inforesidencias.com\/blog\/index.php\/wp-json\/wp\/v2\/posts"}],"about":[{"href":"https:\/\/www.inforesidencias.com\/blog\/index.php\/wp-json\/wp\/v2\/types\/post"}],"author":[{"embeddable":true,"href":"https:\/\/www.inforesidencias.com\/blog\/index.php\/wp-json\/wp\/v2\/users\/2"}],"replies":[{"embeddable":true,"href":"https:\/\/www.inforesidencias.com\/blog\/index.php\/wp-json\/wp\/v2\/comments?post=1995"}],"version-history":[{"count":7,"href":"https:\/\/www.inforesidencias.com\/blog\/index.php\/wp-json\/wp\/v2\/posts\/1995\/revisions"}],"predecessor-version":[{"id":2416,"href":"https:\/\/www.inforesidencias.com\/blog\/index.php\/wp-json\/wp\/v2\/posts\/1995\/revisions\/2416"}],"wp:featuredmedia":[{"embeddable":true,"href":"https:\/\/www.inforesidencias.com\/blog\/index.php\/wp-json\/wp\/v2\/media\/1998"}],"wp:attachment":[{"href":"https:\/\/www.inforesidencias.com\/blog\/index.php\/wp-json\/wp\/v2\/media?parent=1995"}],"wp:term":[{"taxonomy":"category","embeddable":true,"href":"https:\/\/www.inforesidencias.com\/blog\/index.php\/wp-json\/wp\/v2\/categories?post=1995"},{"taxonomy":"post_tag","embeddable":true,"href":"https:\/\/www.inforesidencias.com\/blog\/index.php\/wp-json\/wp\/v2\/tags?post=1995"}],"curies":[{"name":"wp","href":"https:\/\/api.w.org\/{rel}","templated":true}]}}