{"id":2008,"date":"2019-03-11T14:37:10","date_gmt":"2019-03-11T14:37:10","guid":{"rendered":"https:\/\/www.inforesidencias.com\/blog\/?p=2008"},"modified":"2019-03-13T11:45:40","modified_gmt":"2019-03-13T11:45:40","slug":"seminario-gestion-rrhh-en-residencias-inforesidencias-bufete-escura","status":"publish","type":"post","link":"https:\/\/www.inforesidencias.com\/blog\/index.php\/2019\/03\/11\/seminario-gestion-rrhh-en-residencias-inforesidencias-bufete-escura\/","title":{"rendered":"Seminario gesti\u00f3n RRHH en residencias. Inforesidencias &#8211; Bufete Escura"},"content":{"rendered":"<p style=\"text-align: justify\">El\u00a0 pasado viernes 8 de marzo se imparti\u00f3 la jornada organizada por<a href=\"https:\/\/www.inforesidencias.com\/particulares\"> Inforesidencias<\/a> y Bufete Escura, con el t\u00edtulo \u201cSeminario sobre Recursos Humanos en residencias: Optimizando la gesti\u00f3n de gerocultoras\u201d. La motivaci\u00f3n principal para llevarla a cabo es debido a que la categor\u00eda de gerocultoras \/ auxiliares de geriatr\u00eda tiene un papel fundamental en la atenci\u00f3n directa de las Actividades de la Vida Diaria.<\/p>\n<p style=\"text-align: justify\">El ponente fue Alejandro G\u00f3mez Ordoki, licenciado en Ciencias Econ\u00f3micas y Empresariales y profesional de los servicios sociales desde 1990. EL Sr. G\u00f3mez ha dise\u00f1ado varios aplicativos de gesti\u00f3n: K3dat (calendarios de trabajo en recursos sociales), GROUPdat (gesti\u00f3n de recursos y organizaci\u00f3n de unidades psicosociales) y DENAdat (dependencia y necesidades de auxiliar de geriatr\u00eda).<a href=\"https:\/\/www.inforesidencias.com\/blog\/wp-content\/uploads\/2019\/03\/seminario-inforesidencias.png\"><img decoding=\"async\" loading=\"lazy\" class=\" wp-image-2009 alignright\" src=\"https:\/\/www.inforesidencias.com\/blog\/wp-content\/uploads\/2019\/03\/seminario-inforesidencias.png\" alt=\"seminario inforesidencias\" width=\"250\" height=\"188\" \/><\/a><\/p>\n<p style=\"text-align: justify\">G\u00f3mez Ordoki\u00a0 explic\u00f3 y propuso en el seminario la utilizaci\u00f3n de DENAdat. Esta herramienta que permite gestionar las necesidades de auxiliar de una manera equilibrada, eficiente y conforme a un determinado conjunto de tareas, directas e indirectas, impl\u00edcitas en cualquier contexto de atenci\u00f3n.<\/p>\n<p style=\"text-align: justify\">Con la celebraci\u00f3n de este seminario se propuso la consecuci\u00f3n de una serie de objetivos, cualitativos (gesti\u00f3n de las unidades de atenci\u00f3n en funci\u00f3n del perfil de dependencia y aplicaci\u00f3n de un modelo est\u00e1ndar y sistematizado que permitiese evaluar los servicios y los procesos de trabajo de las organizaciones) como cuantitativos (dimensi\u00f3n y distribuci\u00f3n de plantillas de gerocultoras\/es y acordar ratios como consecuencia de la incorporaci\u00f3n de perfiles de atenci\u00f3n).<\/p>\n<p style=\"text-align: justify\">El organizador principal, <a href=\"https:\/\/www.inforesidencias.com\/centros\/buscador\/residencias\/catalunya\/barcelona\">Inforesidencias.com es el portal web l\u00edder, que act\u00faa como una gu\u00eda\/buscador<\/a> de residencias y centros asistenciales dirigido a personas mayores y a familiares. Tambi\u00e9n ayudan a difundir la normativa y las novedades del sector as\u00ed como ofrecer a sus asociados una bolsa de trabajo de referencia en el \u00e1mbito geroasistencial.<\/p>\n<p style=\"text-align: justify\">Este seminario cont\u00f3 una vez m\u00e1s con la importate participaci\u00f3n de Bufete Escura.\u00a0<a href=\"https:\/\/www.escura.com\/es\/sector-asistencial\/\">Escura, un despacho con m\u00e1s de 25 a\u00f1os de experiencia en el sector asistencial.<\/a> Su misi\u00f3n se fundamenta en un servicio basado en la atenci\u00f3n al cliente unido a altos est\u00e1ndares \u00e9ticos y de calidad. Bufete Escura cuenta con un equipo de fiscalistas, abogados, graduados sociales, especializados y dedicados exclusivamente al sector asistencial.<\/p>\n<p style=\"text-align: justify\"><b>En Madid se volver\u00e1 a impartir el pr\u00f3ximo 15 de marzo<\/b><\/p>\n","protected":false},"excerpt":{"rendered":"<p>El\u00a0 pasado viernes 8 de marzo se imparti\u00f3 la jornada organizada por Inforesidencias y Bufete Escura, con el t\u00edtulo \u201cSeminario sobre Recursos Humanos en residencias: Optimizando la gesti\u00f3n de gerocultoras\u201d. La motivaci\u00f3n principal para llevarla a cabo es debido a que la categor\u00eda de gerocultoras \/ auxiliares de geriatr\u00eda tiene un papel fundamental en la atenci\u00f3n directa de las Actividades de la Vida Diaria. El ponente fue Alejandro G\u00f3mez Ordoki, licenciado en Ciencias Econ\u00f3micas y Empresariales y profesional de los servicios sociales desde 1990. EL Sr. G\u00f3mez ha dise\u00f1ado varios aplicativos de gesti\u00f3n: K3dat (calendarios de trabajo en recursos sociales), GROUPdat (gesti\u00f3n de recursos y organizaci\u00f3n de unidades psicosociales) y DENAdat (dependencia y necesidades de auxiliar de geriatr\u00eda). G\u00f3mez Ordoki\u00a0 explic\u00f3 y propuso en el seminario la utilizaci\u00f3n de DENAdat. Esta herramienta que permite gestionar las necesidades de auxiliar de una manera equilibrada, eficiente y conforme a un determinado conjunto [&hellip;]<\/p>\n","protected":false},"author":2,"featured_media":2009,"comment_status":"open","ping_status":"open","sticky":false,"template":"","format":"standard","meta":{"footnotes":""},"categories":[1],"tags":[],"yoast_head":"<!-- This site is optimized with the Yoast SEO plugin v21.7 - https:\/\/yoast.com\/wordpress\/plugins\/seo\/ -->\n<title>Seminario gesti\u00f3n RRHH en residencias. Inforesidencias - Bufete Escura - Blog Inforesidencias.com<\/title>\n<meta name=\"description\" content=\"En marzo, Inforesidencias ha vuelto a celebrar con la colaboraci\u00f3n de Bufete Escura un seminario. En esta ocasi\u00f3n sobre los recursos humanos en residencias.\" \/>\n<meta name=\"robots\" content=\"index, follow, max-snippet:-1, max-image-preview:large, max-video-preview:-1\" \/>\n<link rel=\"canonical\" href=\"https:\/\/www.inforesidencias.com\/blog\/index.php\/2019\/03\/11\/seminario-gestion-rrhh-en-residencias-inforesidencias-bufete-escura\/\" \/>\n<meta property=\"og:locale\" content=\"es_ES\" \/>\n<meta property=\"og:type\" content=\"article\" \/>\n<meta property=\"og:title\" content=\"Seminario gesti\u00f3n RRHH en residencias. Inforesidencias - Bufete Escura - Blog Inforesidencias.com\" \/>\n<meta property=\"og:description\" content=\"En marzo, Inforesidencias ha vuelto a celebrar con la colaboraci\u00f3n de Bufete Escura un seminario. En esta ocasi\u00f3n sobre los recursos humanos en residencias.\" \/>\n<meta property=\"og:url\" content=\"https:\/\/www.inforesidencias.com\/blog\/index.php\/2019\/03\/11\/seminario-gestion-rrhh-en-residencias-inforesidencias-bufete-escura\/\" \/>\n<meta property=\"og:site_name\" content=\"Blog Inforesidencias.com\" \/>\n<meta property=\"article:publisher\" content=\"https:\/\/www.facebook.com\/Inforesidencias\/\" \/>\n<meta property=\"article:author\" content=\"https:\/\/www.facebook.com\/josep.demarti\" \/>\n<meta property=\"article:published_time\" content=\"2019-03-11T14:37:10+00:00\" \/>\n<meta property=\"article:modified_time\" content=\"2019-03-13T11:45:40+00:00\" \/>\n<meta property=\"og:image\" content=\"https:\/\/www.inforesidencias.com\/blog\/wp-content\/uploads\/2019\/03\/seminario-inforesidencias.png\" \/>\n\t<meta property=\"og:image:width\" content=\"419\" \/>\n\t<meta property=\"og:image:height\" content=\"315\" \/>\n\t<meta property=\"og:image:type\" content=\"image\/png\" \/>\n<meta name=\"author\" content=\"Josep de Mart\u00ed\" \/>\n<meta name=\"twitter:card\" content=\"summary_large_image\" \/>\n<meta name=\"twitter:creator\" content=\"@blog-ir\" \/>\n<meta name=\"twitter:site\" content=\"@inforesidencias\" \/>\n<meta name=\"twitter:label1\" content=\"Escrito por\" \/>\n\t<meta name=\"twitter:data1\" content=\"Josep de Mart\u00ed\" \/>\n\t<meta name=\"twitter:label2\" content=\"Tiempo de lectura\" \/>\n\t<meta name=\"twitter:data2\" content=\"2 minutos\" \/>\n<script type=\"application\/ld+json\" class=\"yoast-schema-graph\">{\"@context\":\"https:\/\/schema.org\",\"@graph\":[{\"@type\":\"WebPage\",\"@id\":\"https:\/\/www.inforesidencias.com\/blog\/index.php\/2019\/03\/11\/seminario-gestion-rrhh-en-residencias-inforesidencias-bufete-escura\/\",\"url\":\"https:\/\/www.inforesidencias.com\/blog\/index.php\/2019\/03\/11\/seminario-gestion-rrhh-en-residencias-inforesidencias-bufete-escura\/\",\"name\":\"Seminario gesti\u00f3n RRHH en residencias. Inforesidencias - Bufete Escura - Blog Inforesidencias.com\",\"isPartOf\":{\"@id\":\"https:\/\/www.inforesidencias.com\/blog\/#website\"},\"datePublished\":\"2019-03-11T14:37:10+00:00\",\"dateModified\":\"2019-03-13T11:45:40+00:00\",\"author\":{\"@id\":\"https:\/\/www.inforesidencias.com\/blog\/#\/schema\/person\/9e146774d1eb3bc1c0316242a3898628\"},\"description\":\"En marzo, Inforesidencias ha vuelto a celebrar con la colaboraci\u00f3n de Bufete Escura un seminario. En esta ocasi\u00f3n sobre los recursos humanos en residencias.\",\"breadcrumb\":{\"@id\":\"https:\/\/www.inforesidencias.com\/blog\/index.php\/2019\/03\/11\/seminario-gestion-rrhh-en-residencias-inforesidencias-bufete-escura\/#breadcrumb\"},\"inLanguage\":\"es\",\"potentialAction\":[{\"@type\":\"ReadAction\",\"target\":[\"https:\/\/www.inforesidencias.com\/blog\/index.php\/2019\/03\/11\/seminario-gestion-rrhh-en-residencias-inforesidencias-bufete-escura\/\"]}]},{\"@type\":\"BreadcrumbList\",\"@id\":\"https:\/\/www.inforesidencias.com\/blog\/index.php\/2019\/03\/11\/seminario-gestion-rrhh-en-residencias-inforesidencias-bufete-escura\/#breadcrumb\",\"itemListElement\":[{\"@type\":\"ListItem\",\"position\":1,\"name\":\"Home\",\"item\":\"https:\/\/www.inforesidencias.com\/blog\/\"},{\"@type\":\"ListItem\",\"position\":2,\"name\":\"Seminario gesti\u00f3n RRHH en residencias. Inforesidencias &#8211; Bufete Escura\"}]},{\"@type\":\"WebSite\",\"@id\":\"https:\/\/www.inforesidencias.com\/blog\/#website\",\"url\":\"https:\/\/www.inforesidencias.com\/blog\/\",\"name\":\"Blog Inforesidencias.com\",\"description\":\"El buscador de residencias de la 3\u00aa edad\",\"potentialAction\":[{\"@type\":\"SearchAction\",\"target\":{\"@type\":\"EntryPoint\",\"urlTemplate\":\"https:\/\/www.inforesidencias.com\/blog\/?s={search_term_string}\"},\"query-input\":\"required name=search_term_string\"}],\"inLanguage\":\"es\"},{\"@type\":\"Person\",\"@id\":\"https:\/\/www.inforesidencias.com\/blog\/#\/schema\/person\/9e146774d1eb3bc1c0316242a3898628\",\"name\":\"Josep de Mart\u00ed\",\"image\":{\"@type\":\"ImageObject\",\"inLanguage\":\"es\",\"@id\":\"https:\/\/www.inforesidencias.com\/blog\/#\/schema\/person\/image\/\",\"url\":\"https:\/\/secure.gravatar.com\/avatar\/de0302c4806c00c4cebff396a798c1ff?s=96&d=mm&r=g\",\"contentUrl\":\"https:\/\/secure.gravatar.com\/avatar\/de0302c4806c00c4cebff396a798c1ff?s=96&d=mm&r=g\",\"caption\":\"Josep de Mart\u00ed\"},\"sameAs\":[\"https:\/\/www.inforesidencias.com\",\"https:\/\/www.facebook.com\/josep.demarti\",\"https:\/\/twitter.com\/blog-ir\"],\"url\":\"https:\/\/www.inforesidencias.com\/blog\/index.php\/author\/josepdemarti\/\"}]}<\/script>\n<!-- \/ Yoast SEO plugin. -->","yoast_head_json":{"title":"Seminario gesti\u00f3n RRHH en residencias. Inforesidencias - Bufete Escura - Blog Inforesidencias.com","description":"En marzo, Inforesidencias ha vuelto a celebrar con la colaboraci\u00f3n de Bufete Escura un seminario. En esta ocasi\u00f3n sobre los recursos humanos en residencias.","robots":{"index":"index","follow":"follow","max-snippet":"max-snippet:-1","max-image-preview":"max-image-preview:large","max-video-preview":"max-video-preview:-1"},"canonical":"https:\/\/www.inforesidencias.com\/blog\/index.php\/2019\/03\/11\/seminario-gestion-rrhh-en-residencias-inforesidencias-bufete-escura\/","og_locale":"es_ES","og_type":"article","og_title":"Seminario gesti\u00f3n RRHH en residencias. Inforesidencias - Bufete Escura - Blog Inforesidencias.com","og_description":"En marzo, Inforesidencias ha vuelto a celebrar con la colaboraci\u00f3n de Bufete Escura un seminario. En esta ocasi\u00f3n sobre los recursos humanos en residencias.","og_url":"https:\/\/www.inforesidencias.com\/blog\/index.php\/2019\/03\/11\/seminario-gestion-rrhh-en-residencias-inforesidencias-bufete-escura\/","og_site_name":"Blog Inforesidencias.com","article_publisher":"https:\/\/www.facebook.com\/Inforesidencias\/","article_author":"https:\/\/www.facebook.com\/josep.demarti","article_published_time":"2019-03-11T14:37:10+00:00","article_modified_time":"2019-03-13T11:45:40+00:00","og_image":[{"width":419,"height":315,"url":"https:\/\/www.inforesidencias.com\/blog\/wp-content\/uploads\/2019\/03\/seminario-inforesidencias.png","type":"image\/png"}],"author":"Josep de Mart\u00ed","twitter_card":"summary_large_image","twitter_creator":"@blog-ir","twitter_site":"@inforesidencias","twitter_misc":{"Escrito por":"Josep de Mart\u00ed","Tiempo de lectura":"2 minutos"},"schema":{"@context":"https:\/\/schema.org","@graph":[{"@type":"WebPage","@id":"https:\/\/www.inforesidencias.com\/blog\/index.php\/2019\/03\/11\/seminario-gestion-rrhh-en-residencias-inforesidencias-bufete-escura\/","url":"https:\/\/www.inforesidencias.com\/blog\/index.php\/2019\/03\/11\/seminario-gestion-rrhh-en-residencias-inforesidencias-bufete-escura\/","name":"Seminario gesti\u00f3n RRHH en residencias. Inforesidencias - Bufete Escura - Blog Inforesidencias.com","isPartOf":{"@id":"https:\/\/www.inforesidencias.com\/blog\/#website"},"datePublished":"2019-03-11T14:37:10+00:00","dateModified":"2019-03-13T11:45:40+00:00","author":{"@id":"https:\/\/www.inforesidencias.com\/blog\/#\/schema\/person\/9e146774d1eb3bc1c0316242a3898628"},"description":"En marzo, Inforesidencias ha vuelto a celebrar con la colaboraci\u00f3n de Bufete Escura un seminario. En esta ocasi\u00f3n sobre los recursos humanos en residencias.","breadcrumb":{"@id":"https:\/\/www.inforesidencias.com\/blog\/index.php\/2019\/03\/11\/seminario-gestion-rrhh-en-residencias-inforesidencias-bufete-escura\/#breadcrumb"},"inLanguage":"es","potentialAction":[{"@type":"ReadAction","target":["https:\/\/www.inforesidencias.com\/blog\/index.php\/2019\/03\/11\/seminario-gestion-rrhh-en-residencias-inforesidencias-bufete-escura\/"]}]},{"@type":"BreadcrumbList","@id":"https:\/\/www.inforesidencias.com\/blog\/index.php\/2019\/03\/11\/seminario-gestion-rrhh-en-residencias-inforesidencias-bufete-escura\/#breadcrumb","itemListElement":[{"@type":"ListItem","position":1,"name":"Home","item":"https:\/\/www.inforesidencias.com\/blog\/"},{"@type":"ListItem","position":2,"name":"Seminario gesti\u00f3n RRHH en residencias. Inforesidencias &#8211; Bufete Escura"}]},{"@type":"WebSite","@id":"https:\/\/www.inforesidencias.com\/blog\/#website","url":"https:\/\/www.inforesidencias.com\/blog\/","name":"Blog Inforesidencias.com","description":"El buscador de residencias de la 3\u00aa edad","potentialAction":[{"@type":"SearchAction","target":{"@type":"EntryPoint","urlTemplate":"https:\/\/www.inforesidencias.com\/blog\/?s={search_term_string}"},"query-input":"required name=search_term_string"}],"inLanguage":"es"},{"@type":"Person","@id":"https:\/\/www.inforesidencias.com\/blog\/#\/schema\/person\/9e146774d1eb3bc1c0316242a3898628","name":"Josep de Mart\u00ed","image":{"@type":"ImageObject","inLanguage":"es","@id":"https:\/\/www.inforesidencias.com\/blog\/#\/schema\/person\/image\/","url":"https:\/\/secure.gravatar.com\/avatar\/de0302c4806c00c4cebff396a798c1ff?s=96&d=mm&r=g","contentUrl":"https:\/\/secure.gravatar.com\/avatar\/de0302c4806c00c4cebff396a798c1ff?s=96&d=mm&r=g","caption":"Josep de Mart\u00ed"},"sameAs":["https:\/\/www.inforesidencias.com","https:\/\/www.facebook.com\/josep.demarti","https:\/\/twitter.com\/blog-ir"],"url":"https:\/\/www.inforesidencias.com\/blog\/index.php\/author\/josepdemarti\/"}]}},"_links":{"self":[{"href":"https:\/\/www.inforesidencias.com\/blog\/index.php\/wp-json\/wp\/v2\/posts\/2008"}],"collection":[{"href":"https:\/\/www.inforesidencias.com\/blog\/index.php\/wp-json\/wp\/v2\/posts"}],"about":[{"href":"https:\/\/www.inforesidencias.com\/blog\/index.php\/wp-json\/wp\/v2\/types\/post"}],"author":[{"embeddable":true,"href":"https:\/\/www.inforesidencias.com\/blog\/index.php\/wp-json\/wp\/v2\/users\/2"}],"replies":[{"embeddable":true,"href":"https:\/\/www.inforesidencias.com\/blog\/index.php\/wp-json\/wp\/v2\/comments?post=2008"}],"version-history":[{"count":6,"href":"https:\/\/www.inforesidencias.com\/blog\/index.php\/wp-json\/wp\/v2\/posts\/2008\/revisions"}],"predecessor-version":[{"id":2015,"href":"https:\/\/www.inforesidencias.com\/blog\/index.php\/wp-json\/wp\/v2\/posts\/2008\/revisions\/2015"}],"wp:featuredmedia":[{"embeddable":true,"href":"https:\/\/www.inforesidencias.com\/blog\/index.php\/wp-json\/wp\/v2\/media\/2009"}],"wp:attachment":[{"href":"https:\/\/www.inforesidencias.com\/blog\/index.php\/wp-json\/wp\/v2\/media?parent=2008"}],"wp:term":[{"taxonomy":"category","embeddable":true,"href":"https:\/\/www.inforesidencias.com\/blog\/index.php\/wp-json\/wp\/v2\/categories?post=2008"},{"taxonomy":"post_tag","embeddable":true,"href":"https:\/\/www.inforesidencias.com\/blog\/index.php\/wp-json\/wp\/v2\/tags?post=2008"}],"curies":[{"name":"wp","href":"https:\/\/api.w.org\/{rel}","templated":true}]}}