{"id":2016,"date":"2019-03-13T14:34:02","date_gmt":"2019-03-13T14:34:02","guid":{"rendered":"https:\/\/www.inforesidencias.com\/blog\/?p=2016"},"modified":"2019-03-20T11:54:18","modified_gmt":"2019-03-20T11:54:18","slug":"una-residencia-de-provenza-y-un-casting-para-personas-mayores-en-navarcles","status":"publish","type":"post","link":"https:\/\/www.inforesidencias.com\/blog\/index.php\/2019\/03\/13\/una-residencia-de-provenza-y-un-casting-para-personas-mayores-en-navarcles\/","title":{"rendered":"Una residencia de Provenza y un casting para personas mayores en Navarcles"},"content":{"rendered":"<p style=\"text-align: justify\">El tiempo no cambia y el programa de <a href=\"https:\/\/www.estelfitxers.com\/audio\/20190312-17_00ESGRANSERGRAN.MP3\">\u201c\u00c9s gran ser gran\u201d<\/a>, tampoco. Seguimos con la misma misi\u00f3n de dar a conocer <a href=\"https:\/\/www.inforesidencias.com\/centros\/buscador\/residencias\/catalunya\">a residencias de nuestro territorio<\/a> que trabajan bien y que quieren explicarnos lo que hacen.<\/p>\n<p style=\"text-align: justify\">El programa de esta semana lo empezamos hablando de alzheimer. Josep coment\u00f3 todo un conjunto de alimentos, actividades y h\u00e1bitos de vida que seg\u00fan muchos art\u00edculos que tratan esta enfermedad, ayudan a prevenirlo. Mirado con detenimiento,<a href=\"https:\/\/www.inforesidencias.com\/blog\/index.php\/2018\/02\/27\/marihuana-terapeutica-en-la-tercera-edad\/\"> algunas de las cosas que nos cont\u00f3 nos sorprendieron<\/a>, mientras que otras, creemos que en general van bien para todo.<\/p>\n<p style=\"text-align: justify\"><a href=\"https:\/\/www.inforesidencias.com\/blog\/wp-content\/uploads\/2019\/03\/yolanda-sanitas-provenza.jpg\"><img decoding=\"async\" loading=\"lazy\" class=\"alignleft wp-image-2023\" src=\"https:\/\/www.inforesidencias.com\/blog\/wp-content\/uploads\/2019\/03\/yolanda-sanitas-provenza.jpg\" alt=\"yolanda sanitas provenza\" width=\"190\" height=\"215\" \/><\/a><\/p>\n<p style=\"text-align: justify\">Seguidamente, conversamos con nuestros primeros invitados que ven\u00edan de la <a href=\"https:\/\/www.sanitas.es\/sanitasresidencial\/residencias-mayores\/residencia-provenca\">residencia Sanitas Provenza<\/a>. Nuestra primera interlocutora fue Yolanda Sanchez, directora de la residencia. Lo primero que nos explic\u00f3 es que ya no es residencia Provenza si no Campus Provenza. Con la ampliaci\u00f3n de los servicios que ofrecen, han conseguido llegar a muchas personas que residen en este barrio de Barcelona pero que no tienen necesidad de una residencia. Uno de estos servicios se denomina \u201c<a href=\"https:\/\/www.sanitas.es\/sanitasresidencial\/residencias-mayores\/en-casa-contigo\">en casa contigo\u201d<\/a>. Este servicio lo \u00abcapitanea\u00bb, Raquel Borrego, terapeuta ocupacional.<\/p>\n<p style=\"text-align: justify\">La primera pregunta que le hizo Josep a Raquel, fue dirigida a saber en que consisten las funciones de una terapeuta ocupacional en una residencia. Volviendo al tema del campus con el servicio de <strong>\u201cEn casa contigo\u201d<\/strong>,\u00a0 con \u00e9l se pretende dar una ayuda global en funci\u00f3n de las necesidades de cada persona una vez se le ha realizado una valoraci\u00f3n por parte del equipo profesional de Sanitas.<\/p>\n<p style=\"text-align: justify\">Despu\u00e9s, Yolanda de nuevo nos explic\u00f3 como es su visi\u00f3n de la vida de las personas mayores en la residencia. El tema final de la entrevista se centr\u00f3 en la tem\u00e1tica de las contenciones. La directora de <a href=\"https:\/\/www.inforesidencias.com\/centros\/residencia\/8453\/sanitas-mayores-provenca\">Sanitas Provenza<\/a> coment\u00f3 que ya no tienen pautada ninguna contenci\u00f3n f\u00edsica a ning\u00fan residente y que ahora pretenden centrarse en la eliminaci\u00f3n de les contenciones qu\u00edmicas (con medicamentos).<\/p>\n<p style=\"text-align: justify\"><a href=\"https:\/\/www.inforesidencias.com\/blog\/wp-content\/uploads\/2019\/03\/raquel-y-luisa-sanitas-provenza.jpg\"><img decoding=\"async\" loading=\"lazy\" class=\" wp-image-2021 alignright\" src=\"https:\/\/www.inforesidencias.com\/blog\/wp-content\/uploads\/2019\/03\/raquel-y-luisa-sanitas-provenza.jpg\" alt=\"raquel y luisa sanitas provenza\" width=\"270\" height=\"203\" \/><\/a><\/p>\n<p style=\"text-align: justify\">Pero no pod\u00edamos despedir a los amigos de Sanitas Provenza sin hablar con un\/a residente del centro. Y en esta ocasi\u00f3n nos acompa\u00f1aba Sra. Maria Luisa Verdugo.<\/p>\n<p style=\"text-align: justify\">Ella lleva viviendo en la residencia desde hace m\u00e1s de un a\u00f1o. Luisa nos ofreci\u00f3 su visi\u00f3n de c\u00f3mo fue se adaptaci\u00f3n a la residencia y como ve ella la que ahora es su casa. Tambi\u00e9n nos explic\u00f3 de forma muy divertida por qu\u00e9 eligi\u00f3 vivir en una residencia y las actividades que hace. Todo esto sin olvidar que fue subcampeona de un concurso de cocina que se organiz\u00f3 en Sanitas.<\/p>\n<p style=\"text-align: justify\">Despu\u00e9s de la bolsa de empleo y la consulta del trabajador social tuvimos una entrevista telef\u00f3nica con David Villareal. David, es el responsable del casting que la <a href=\"https:\/\/ibada.cat\/\">Fundaci\u00f3n Ibada<\/a> de Navarcles realizar\u00e1 el 23 de marzo. El Casting busca a una se\u00f1ora de m\u00e1s de 65 a\u00f1os que quiera participar en un corto sobre la soledad en las personas mayores.<\/p>\n<p style=\"text-align: justify\">Adem\u00e1s, despu\u00e9s de que David nos diera su visi\u00f3n de las residencias en el mundo del cine y la televisi\u00f3n tambi\u00e9n nos coment\u00f3 como es una jornada de trabajo en el mundo audiovisual y como va a ser el rodaje de este corto. Para finalizar nos explic\u00f3 en qu\u00e9 consisti\u00f3 el corto que ya hizo con gente mayor y ni\u00f1os hace unos a\u00f1os titulado: <a href=\"https:\/\/www.youtube.com\/watch?v=fQisHL4qqDQ\">Moment feli\u00e7 (momento feliz)<\/a><\/p>\n<p style=\"text-align: justify\">Acabamos el programa poniendo a prueba un poco nuestra memoria al intentar responder unas preguntas acerca de un texto que Josep hab\u00eda le\u00eddo al principio de \u00ab\u00c9s gran ser gran\u00bb.<\/p>\n<p style=\"text-align: justify\">Muchas gracias a los profesionales y la residente de Sanitas Proven\u00e7a por participar en el programa y a David Villareal por dar a conocer el casting y el corto que realizaran desde Ibada. Seguro que le volveremos a invitar cuando est\u00e9 hecho!<\/p>\n","protected":false},"excerpt":{"rendered":"<p>El tiempo no cambia y el programa de \u201c\u00c9s gran ser gran\u201d, tampoco. Seguimos con la misma misi\u00f3n de dar a conocer a residencias de nuestro territorio que trabajan bien y que quieren explicarnos lo que hacen. El programa de esta semana lo empezamos hablando de alzheimer. Josep coment\u00f3 todo un conjunto de alimentos, actividades y h\u00e1bitos de vida que seg\u00fan muchos art\u00edculos que tratan esta enfermedad, ayudan a prevenirlo. Mirado con detenimiento, algunas de las cosas que nos cont\u00f3 nos sorprendieron, mientras que otras, creemos que en general van bien para todo. Seguidamente, conversamos con nuestros primeros invitados que ven\u00edan de la residencia Sanitas Provenza. Nuestra primera interlocutora fue Yolanda Sanchez, directora de la residencia. Lo primero que nos explic\u00f3 es que ya no es residencia Provenza si no Campus Provenza. Con la ampliaci\u00f3n de los servicios que ofrecen, han conseguido llegar a muchas personas que residen en este [&hellip;]<\/p>\n","protected":false},"author":2,"featured_media":2019,"comment_status":"open","ping_status":"open","sticky":false,"template":"","format":"standard","meta":{"footnotes":""},"categories":[1],"tags":[],"yoast_head":"<!-- This site is optimized with the Yoast SEO plugin v21.7 - https:\/\/yoast.com\/wordpress\/plugins\/seo\/ -->\n<title>Una residencia de Provenza y un casting para personas mayores en Navarcles - Blog Inforesidencias.com<\/title>\n<meta name=\"description\" content=\"Esta semana en el programa, nos han visitado de la residencia Sanitas Provenza y David de Ibada nos ha explicado que realizar\u00e1n un casting para un corto.\" \/>\n<meta name=\"robots\" content=\"index, follow, max-snippet:-1, max-image-preview:large, max-video-preview:-1\" \/>\n<link rel=\"canonical\" href=\"https:\/\/www.inforesidencias.com\/blog\/index.php\/2019\/03\/13\/una-residencia-de-provenza-y-un-casting-para-personas-mayores-en-navarcles\/\" \/>\n<meta property=\"og:locale\" content=\"es_ES\" \/>\n<meta property=\"og:type\" content=\"article\" \/>\n<meta property=\"og:title\" content=\"Una residencia de Provenza y un casting para personas mayores en Navarcles - Blog Inforesidencias.com\" \/>\n<meta property=\"og:description\" content=\"Esta semana en el programa, nos han visitado de la residencia Sanitas Provenza y David de Ibada nos ha explicado que realizar\u00e1n un casting para un corto.\" \/>\n<meta property=\"og:url\" content=\"https:\/\/www.inforesidencias.com\/blog\/index.php\/2019\/03\/13\/una-residencia-de-provenza-y-un-casting-para-personas-mayores-en-navarcles\/\" \/>\n<meta property=\"og:site_name\" content=\"Blog Inforesidencias.com\" \/>\n<meta property=\"article:publisher\" content=\"https:\/\/www.facebook.com\/Inforesidencias\/\" \/>\n<meta property=\"article:author\" content=\"https:\/\/www.facebook.com\/josep.demarti\" \/>\n<meta property=\"article:published_time\" content=\"2019-03-13T14:34:02+00:00\" \/>\n<meta property=\"article:modified_time\" content=\"2019-03-20T11:54:18+00:00\" \/>\n<meta property=\"og:image\" content=\"https:\/\/www.inforesidencias.com\/blog\/wp-content\/uploads\/2019\/03\/es-gran-ser-gran-con-residencia-sanitas-.jpg\" \/>\n\t<meta property=\"og:image:width\" content=\"300\" \/>\n\t<meta property=\"og:image:height\" content=\"225\" \/>\n\t<meta property=\"og:image:type\" content=\"image\/jpeg\" \/>\n<meta name=\"author\" content=\"Josep de Mart\u00ed\" \/>\n<meta name=\"twitter:card\" content=\"summary_large_image\" \/>\n<meta name=\"twitter:creator\" content=\"@blog-ir\" \/>\n<meta name=\"twitter:site\" content=\"@inforesidencias\" \/>\n<meta name=\"twitter:label1\" content=\"Escrito por\" \/>\n\t<meta name=\"twitter:data1\" content=\"Josep de Mart\u00ed\" \/>\n\t<meta name=\"twitter:label2\" content=\"Tiempo de lectura\" \/>\n\t<meta name=\"twitter:data2\" content=\"3 minutos\" \/>\n<script type=\"application\/ld+json\" class=\"yoast-schema-graph\">{\"@context\":\"https:\/\/schema.org\",\"@graph\":[{\"@type\":\"WebPage\",\"@id\":\"https:\/\/www.inforesidencias.com\/blog\/index.php\/2019\/03\/13\/una-residencia-de-provenza-y-un-casting-para-personas-mayores-en-navarcles\/\",\"url\":\"https:\/\/www.inforesidencias.com\/blog\/index.php\/2019\/03\/13\/una-residencia-de-provenza-y-un-casting-para-personas-mayores-en-navarcles\/\",\"name\":\"Una residencia de Provenza y un casting para personas mayores en Navarcles - Blog Inforesidencias.com\",\"isPartOf\":{\"@id\":\"https:\/\/www.inforesidencias.com\/blog\/#website\"},\"datePublished\":\"2019-03-13T14:34:02+00:00\",\"dateModified\":\"2019-03-20T11:54:18+00:00\",\"author\":{\"@id\":\"https:\/\/www.inforesidencias.com\/blog\/#\/schema\/person\/9e146774d1eb3bc1c0316242a3898628\"},\"description\":\"Esta semana en el programa, nos han visitado de la residencia Sanitas Provenza y David de Ibada nos ha explicado que realizar\u00e1n un casting para un corto.\",\"breadcrumb\":{\"@id\":\"https:\/\/www.inforesidencias.com\/blog\/index.php\/2019\/03\/13\/una-residencia-de-provenza-y-un-casting-para-personas-mayores-en-navarcles\/#breadcrumb\"},\"inLanguage\":\"es\",\"potentialAction\":[{\"@type\":\"ReadAction\",\"target\":[\"https:\/\/www.inforesidencias.com\/blog\/index.php\/2019\/03\/13\/una-residencia-de-provenza-y-un-casting-para-personas-mayores-en-navarcles\/\"]}]},{\"@type\":\"BreadcrumbList\",\"@id\":\"https:\/\/www.inforesidencias.com\/blog\/index.php\/2019\/03\/13\/una-residencia-de-provenza-y-un-casting-para-personas-mayores-en-navarcles\/#breadcrumb\",\"itemListElement\":[{\"@type\":\"ListItem\",\"position\":1,\"name\":\"Home\",\"item\":\"https:\/\/www.inforesidencias.com\/blog\/\"},{\"@type\":\"ListItem\",\"position\":2,\"name\":\"Una residencia de Provenza y un casting para personas mayores en Navarcles\"}]},{\"@type\":\"WebSite\",\"@id\":\"https:\/\/www.inforesidencias.com\/blog\/#website\",\"url\":\"https:\/\/www.inforesidencias.com\/blog\/\",\"name\":\"Blog Inforesidencias.com\",\"description\":\"El buscador de residencias de la 3\u00aa edad\",\"potentialAction\":[{\"@type\":\"SearchAction\",\"target\":{\"@type\":\"EntryPoint\",\"urlTemplate\":\"https:\/\/www.inforesidencias.com\/blog\/?s={search_term_string}\"},\"query-input\":\"required name=search_term_string\"}],\"inLanguage\":\"es\"},{\"@type\":\"Person\",\"@id\":\"https:\/\/www.inforesidencias.com\/blog\/#\/schema\/person\/9e146774d1eb3bc1c0316242a3898628\",\"name\":\"Josep de Mart\u00ed\",\"image\":{\"@type\":\"ImageObject\",\"inLanguage\":\"es\",\"@id\":\"https:\/\/www.inforesidencias.com\/blog\/#\/schema\/person\/image\/\",\"url\":\"https:\/\/secure.gravatar.com\/avatar\/de0302c4806c00c4cebff396a798c1ff?s=96&d=mm&r=g\",\"contentUrl\":\"https:\/\/secure.gravatar.com\/avatar\/de0302c4806c00c4cebff396a798c1ff?s=96&d=mm&r=g\",\"caption\":\"Josep de Mart\u00ed\"},\"sameAs\":[\"https:\/\/www.inforesidencias.com\",\"https:\/\/www.facebook.com\/josep.demarti\",\"https:\/\/twitter.com\/blog-ir\"],\"url\":\"https:\/\/www.inforesidencias.com\/blog\/index.php\/author\/josepdemarti\/\"}]}<\/script>\n<!-- \/ Yoast SEO plugin. -->","yoast_head_json":{"title":"Una residencia de Provenza y un casting para personas mayores en Navarcles - Blog Inforesidencias.com","description":"Esta semana en el programa, nos han visitado de la residencia Sanitas Provenza y David de Ibada nos ha explicado que realizar\u00e1n un casting para un corto.","robots":{"index":"index","follow":"follow","max-snippet":"max-snippet:-1","max-image-preview":"max-image-preview:large","max-video-preview":"max-video-preview:-1"},"canonical":"https:\/\/www.inforesidencias.com\/blog\/index.php\/2019\/03\/13\/una-residencia-de-provenza-y-un-casting-para-personas-mayores-en-navarcles\/","og_locale":"es_ES","og_type":"article","og_title":"Una residencia de Provenza y un casting para personas mayores en Navarcles - Blog Inforesidencias.com","og_description":"Esta semana en el programa, nos han visitado de la residencia Sanitas Provenza y David de Ibada nos ha explicado que realizar\u00e1n un casting para un corto.","og_url":"https:\/\/www.inforesidencias.com\/blog\/index.php\/2019\/03\/13\/una-residencia-de-provenza-y-un-casting-para-personas-mayores-en-navarcles\/","og_site_name":"Blog Inforesidencias.com","article_publisher":"https:\/\/www.facebook.com\/Inforesidencias\/","article_author":"https:\/\/www.facebook.com\/josep.demarti","article_published_time":"2019-03-13T14:34:02+00:00","article_modified_time":"2019-03-20T11:54:18+00:00","og_image":[{"width":300,"height":225,"url":"https:\/\/www.inforesidencias.com\/blog\/wp-content\/uploads\/2019\/03\/es-gran-ser-gran-con-residencia-sanitas-.jpg","type":"image\/jpeg"}],"author":"Josep de Mart\u00ed","twitter_card":"summary_large_image","twitter_creator":"@blog-ir","twitter_site":"@inforesidencias","twitter_misc":{"Escrito por":"Josep de Mart\u00ed","Tiempo de lectura":"3 minutos"},"schema":{"@context":"https:\/\/schema.org","@graph":[{"@type":"WebPage","@id":"https:\/\/www.inforesidencias.com\/blog\/index.php\/2019\/03\/13\/una-residencia-de-provenza-y-un-casting-para-personas-mayores-en-navarcles\/","url":"https:\/\/www.inforesidencias.com\/blog\/index.php\/2019\/03\/13\/una-residencia-de-provenza-y-un-casting-para-personas-mayores-en-navarcles\/","name":"Una residencia de Provenza y un casting para personas mayores en Navarcles - Blog Inforesidencias.com","isPartOf":{"@id":"https:\/\/www.inforesidencias.com\/blog\/#website"},"datePublished":"2019-03-13T14:34:02+00:00","dateModified":"2019-03-20T11:54:18+00:00","author":{"@id":"https:\/\/www.inforesidencias.com\/blog\/#\/schema\/person\/9e146774d1eb3bc1c0316242a3898628"},"description":"Esta semana en el programa, nos han visitado de la residencia Sanitas Provenza y David de Ibada nos ha explicado que realizar\u00e1n un casting para un corto.","breadcrumb":{"@id":"https:\/\/www.inforesidencias.com\/blog\/index.php\/2019\/03\/13\/una-residencia-de-provenza-y-un-casting-para-personas-mayores-en-navarcles\/#breadcrumb"},"inLanguage":"es","potentialAction":[{"@type":"ReadAction","target":["https:\/\/www.inforesidencias.com\/blog\/index.php\/2019\/03\/13\/una-residencia-de-provenza-y-un-casting-para-personas-mayores-en-navarcles\/"]}]},{"@type":"BreadcrumbList","@id":"https:\/\/www.inforesidencias.com\/blog\/index.php\/2019\/03\/13\/una-residencia-de-provenza-y-un-casting-para-personas-mayores-en-navarcles\/#breadcrumb","itemListElement":[{"@type":"ListItem","position":1,"name":"Home","item":"https:\/\/www.inforesidencias.com\/blog\/"},{"@type":"ListItem","position":2,"name":"Una residencia de Provenza y un casting para personas mayores en Navarcles"}]},{"@type":"WebSite","@id":"https:\/\/www.inforesidencias.com\/blog\/#website","url":"https:\/\/www.inforesidencias.com\/blog\/","name":"Blog Inforesidencias.com","description":"El buscador de residencias de la 3\u00aa edad","potentialAction":[{"@type":"SearchAction","target":{"@type":"EntryPoint","urlTemplate":"https:\/\/www.inforesidencias.com\/blog\/?s={search_term_string}"},"query-input":"required name=search_term_string"}],"inLanguage":"es"},{"@type":"Person","@id":"https:\/\/www.inforesidencias.com\/blog\/#\/schema\/person\/9e146774d1eb3bc1c0316242a3898628","name":"Josep de Mart\u00ed","image":{"@type":"ImageObject","inLanguage":"es","@id":"https:\/\/www.inforesidencias.com\/blog\/#\/schema\/person\/image\/","url":"https:\/\/secure.gravatar.com\/avatar\/de0302c4806c00c4cebff396a798c1ff?s=96&d=mm&r=g","contentUrl":"https:\/\/secure.gravatar.com\/avatar\/de0302c4806c00c4cebff396a798c1ff?s=96&d=mm&r=g","caption":"Josep de Mart\u00ed"},"sameAs":["https:\/\/www.inforesidencias.com","https:\/\/www.facebook.com\/josep.demarti","https:\/\/twitter.com\/blog-ir"],"url":"https:\/\/www.inforesidencias.com\/blog\/index.php\/author\/josepdemarti\/"}]}},"_links":{"self":[{"href":"https:\/\/www.inforesidencias.com\/blog\/index.php\/wp-json\/wp\/v2\/posts\/2016"}],"collection":[{"href":"https:\/\/www.inforesidencias.com\/blog\/index.php\/wp-json\/wp\/v2\/posts"}],"about":[{"href":"https:\/\/www.inforesidencias.com\/blog\/index.php\/wp-json\/wp\/v2\/types\/post"}],"author":[{"embeddable":true,"href":"https:\/\/www.inforesidencias.com\/blog\/index.php\/wp-json\/wp\/v2\/users\/2"}],"replies":[{"embeddable":true,"href":"https:\/\/www.inforesidencias.com\/blog\/index.php\/wp-json\/wp\/v2\/comments?post=2016"}],"version-history":[{"count":9,"href":"https:\/\/www.inforesidencias.com\/blog\/index.php\/wp-json\/wp\/v2\/posts\/2016\/revisions"}],"predecessor-version":[{"id":2037,"href":"https:\/\/www.inforesidencias.com\/blog\/index.php\/wp-json\/wp\/v2\/posts\/2016\/revisions\/2037"}],"wp:featuredmedia":[{"embeddable":true,"href":"https:\/\/www.inforesidencias.com\/blog\/index.php\/wp-json\/wp\/v2\/media\/2019"}],"wp:attachment":[{"href":"https:\/\/www.inforesidencias.com\/blog\/index.php\/wp-json\/wp\/v2\/media?parent=2016"}],"wp:term":[{"taxonomy":"category","embeddable":true,"href":"https:\/\/www.inforesidencias.com\/blog\/index.php\/wp-json\/wp\/v2\/categories?post=2016"},{"taxonomy":"post_tag","embeddable":true,"href":"https:\/\/www.inforesidencias.com\/blog\/index.php\/wp-json\/wp\/v2\/tags?post=2016"}],"curies":[{"name":"wp","href":"https:\/\/api.w.org\/{rel}","templated":true}]}}