{"id":2038,"date":"2019-03-21T08:54:04","date_gmt":"2019-03-21T08:54:04","guid":{"rendered":"https:\/\/www.inforesidencias.com\/blog\/?p=2038"},"modified":"2019-03-22T08:27:32","modified_gmt":"2019-03-22T08:27:32","slug":"una-residencia-de-lleida-en-micro-bus-y-musicoterapia-para-la-demencia","status":"publish","type":"post","link":"https:\/\/www.inforesidencias.com\/blog\/index.php\/2019\/03\/21\/una-residencia-de-lleida-en-micro-bus-y-musicoterapia-para-la-demencia\/","title":{"rendered":"Una residencia de Lleida en micro bus y musicoterapia para la demencia"},"content":{"rendered":"<p style=\"text-align: justify\">El \u00faltimo programa de invierno de \u201c<a href=\"https:\/\/www.estelfitxers.com\/audio\/20190319-17_00ESGRANSERGRAN.MP3\">\u00c9s gran ser gran\u201d <\/a>ha coincidido con el d\u00eda del Padre, que tambi\u00e9n es San Jos\u00e9. Por ese motivo, nuestro conductor Josep de Mart\u00ed no pudo evitar hacer una reflexi\u00f3n sobre la evoluci\u00f3n de la paternidad a lo largo de los siglos. \u00a1Hay que ver desde cuantas visiones abord\u00f3 este tema!<\/p>\n<p style=\"text-align: justify\">Los primeros invitados en ser entrevistados ven\u00edan de lejos esta vez, concretamente de Lleida. Ellos eran la trabajadora social Carmen Ferrer i el fisioterapeuta Cristian Sanchez, de <a href=\"https:\/\/www.residenciajoviar.com\/es\/\">la residencia Joviar<\/a>.<\/p>\n<p style=\"text-align: justify\">Con Cristian hablamos sobre las contenciones y como ha sido el proceso de no tener ning\u00fan residente al que le hayan pautado contenciones. Un camino que ha requerido paciencia y formaci\u00f3n. Tambi\u00e9n nos cont\u00f3 como es su tarea como fisioterapeuta en la residencia.<\/p>\n<p style=\"text-align: justify\">Carmen nos explic\u00f3 su experiencia con la guarder\u00eda laboral que crearon en 2010 en donde los trabajadores de la residencia pueden dejar a sus hijos de hasta 3 a\u00f1os en el centro. Esto adem\u00e1s ha llevado a la realizaci\u00f3n de una terapia intergeneracional y unas relaciones que por ambas partes se ven como algo extremadamente habitual.<\/p>\n<p style=\"text-align: justify\">Por \u00faltimo, de la residencia Joviar tambi\u00e9n nos acompa\u00f1aba la Sra. Celestina Esteve, que ya hace tiempo que vive all\u00ed. Celestina nos explic\u00f3 que estuvo algunos a\u00f1os acudiendo al centro de d\u00eda. All\u00ed como hizo amigas, al cabo de un tiempo decidi\u00f3 vivir en la residencia. Fue de lo m\u00e1s reconfortante que nos explicara como fue su adaptaci\u00f3n a la residencia y lo que m\u00e1s le gusta hacer.<\/p>\n<p style=\"text-align: justify\">Es necesario destacar que aunque la <a href=\"https:\/\/www.inforesidencias.com\/centros\/residencia\/2290\/centre-residencial-joviar\">residencia Joviar<\/a> est\u00e9 en Lleida capital, no esta en el centro de la ciudad sino en la horta de Lleida, rodeados de campo y \u00e1rboles frutales, como bien dec\u00eda Carmen. Tambi\u00e9n les diferencia del resto el hecho de que disponen de micro autobuses para el traslado de sus usuarios y los de las otras residencias de la zona.<\/p>\n<p style=\"text-align: justify\">Despu\u00e9s de la bolsa de trabajo y la consulta del trabajador social, entrevistamos a<a href=\"https:\/\/www.linkedin.com\/in\/m%C3%B3nica-de-castro-60b0b36\/?originalSubdomain=es\"> M\u00f3nica de Castro. M\u00f3nica es musicoterapeuta especializada en demencias<\/a>. A ella le pedimos que primero de todo nos explicara un poco que es eso de la musicoterapia y que objetivos persigue. Raquel Borrego, terapeuta ocupacional de Sanitas Provenza, corrobor\u00f3 el buen trabajo de M\u00f3nica de Castro y los magn\u00edficos resultados de la musicoterapia en la residencia donde trabaja.<\/p>\n<p style=\"text-align: justify\"><a href=\"https:\/\/www.inforesidencias.com\/blog\/wp-content\/uploads\/2019\/03\/musicoterapia-en-residencias.jpg\"><img decoding=\"async\" loading=\"lazy\" class=\"aligncenter size-full wp-image-2041\" src=\"https:\/\/www.inforesidencias.com\/blog\/wp-content\/uploads\/2019\/03\/musicoterapia-en-residencias.jpg\" alt=\"musicoterapia en residencias\" width=\"400\" height=\"300\" \/><\/a><\/p>\n<p style=\"text-align: justify\">Volviendo con M\u00f3nica, una de las cosas m\u00e1s importantes que explic\u00f3 es como ayuda la <a href=\"https:\/\/www.inforesidencias.com\/blog\/index.php\/2016\/03\/12\/musica-y-musicoterapia-en-residencias-algo-original\/\">musicoterapia<\/a> a la personas con alzheimer. Fue genial aprender que en todas estas formas de ayudar a las personas con demencia, tiene una gran importancia saber los gustos musicales de la persona que se trata. Para finalizar acabamos desmintiendo algunas creencias err\u00f3neas sobre la musicoterapia y sobre quien puede formar parte de esta terapia<\/p>\n<p style=\"text-align: justify\">Si alguna residencia quiere contactar con M\u00f3nica para colaborar con ella, puede enviarle un correo a\u00a0<a href=\"mailto:singular@musicayalzheimer.com\">singular@musicayalzheimer.com<\/a><\/p>\n<p style=\"text-align: justify\">Muchas gracias a los profesionales y la residente de la residencia Joviar por haber venido desde lejos para pasar un rato agradable con nosotros. Tambi\u00e9n agradecer a M\u00f3nica y Raquel su explicaci\u00f3n sobre la musicoterapia.<\/p>\n","protected":false},"excerpt":{"rendered":"<p>El \u00faltimo programa de invierno de \u201c\u00c9s gran ser gran\u201d ha coincidido con el d\u00eda del Padre, que tambi\u00e9n es San Jos\u00e9. Por ese motivo, nuestro conductor Josep de Mart\u00ed no pudo evitar hacer una reflexi\u00f3n sobre la evoluci\u00f3n de la paternidad a lo largo de los siglos. \u00a1Hay que ver desde cuantas visiones abord\u00f3 este tema! Los primeros invitados en ser entrevistados ven\u00edan de lejos esta vez, concretamente de Lleida. Ellos eran la trabajadora social Carmen Ferrer i el fisioterapeuta Cristian Sanchez, de la residencia Joviar. Con Cristian hablamos sobre las contenciones y como ha sido el proceso de no tener ning\u00fan residente al que le hayan pautado contenciones. Un camino que ha requerido paciencia y formaci\u00f3n. Tambi\u00e9n nos cont\u00f3 como es su tarea como fisioterapeuta en la residencia. Carmen nos explic\u00f3 su experiencia con la guarder\u00eda laboral que crearon en 2010 en donde los trabajadores de la residencia [&hellip;]<\/p>\n","protected":false},"author":2,"featured_media":2041,"comment_status":"open","ping_status":"open","sticky":false,"template":"","format":"standard","meta":{"footnotes":""},"categories":[1],"tags":[],"yoast_head":"<!-- This site is optimized with the Yoast SEO plugin v21.7 - https:\/\/yoast.com\/wordpress\/plugins\/seo\/ -->\n<title>Una residencia de Lleida en micro bus y musicoterapia para la demencia - Blog Inforesidencias.com<\/title>\n<meta name=\"description\" content=\"En &quot;\u00c9s gran ser gran&quot; hemos hablado con los invitados de la residencia Joviar de Lleida y con M\u00f3nica de Castro, que imparte musicoterapia a personas con demencia\" \/>\n<meta name=\"robots\" content=\"index, follow, max-snippet:-1, max-image-preview:large, max-video-preview:-1\" \/>\n<link rel=\"canonical\" href=\"https:\/\/www.inforesidencias.com\/blog\/index.php\/2019\/03\/21\/una-residencia-de-lleida-en-micro-bus-y-musicoterapia-para-la-demencia\/\" \/>\n<meta property=\"og:locale\" content=\"es_ES\" \/>\n<meta property=\"og:type\" content=\"article\" \/>\n<meta property=\"og:title\" content=\"Una residencia de Lleida en micro bus y musicoterapia para la demencia - Blog Inforesidencias.com\" \/>\n<meta property=\"og:description\" content=\"En &quot;\u00c9s gran ser gran&quot; hemos hablado con los invitados de la residencia Joviar de Lleida y con M\u00f3nica de Castro, que imparte musicoterapia a personas con demencia\" \/>\n<meta property=\"og:url\" content=\"https:\/\/www.inforesidencias.com\/blog\/index.php\/2019\/03\/21\/una-residencia-de-lleida-en-micro-bus-y-musicoterapia-para-la-demencia\/\" \/>\n<meta property=\"og:site_name\" content=\"Blog Inforesidencias.com\" \/>\n<meta property=\"article:publisher\" content=\"https:\/\/www.facebook.com\/Inforesidencias\/\" \/>\n<meta property=\"article:author\" content=\"https:\/\/www.facebook.com\/josep.demarti\" \/>\n<meta property=\"article:published_time\" content=\"2019-03-21T08:54:04+00:00\" \/>\n<meta property=\"article:modified_time\" content=\"2019-03-22T08:27:32+00:00\" \/>\n<meta property=\"og:image\" content=\"https:\/\/www.inforesidencias.com\/blog\/wp-content\/uploads\/2019\/03\/musicoterapia-en-residencias.jpg\" \/>\n\t<meta property=\"og:image:width\" content=\"400\" \/>\n\t<meta property=\"og:image:height\" content=\"300\" \/>\n\t<meta property=\"og:image:type\" content=\"image\/jpeg\" \/>\n<meta name=\"author\" content=\"Josep de Mart\u00ed\" \/>\n<meta name=\"twitter:card\" content=\"summary_large_image\" \/>\n<meta name=\"twitter:creator\" content=\"@blog-ir\" \/>\n<meta name=\"twitter:site\" content=\"@inforesidencias\" \/>\n<meta name=\"twitter:label1\" content=\"Escrito por\" \/>\n\t<meta name=\"twitter:data1\" content=\"Josep de Mart\u00ed\" \/>\n\t<meta name=\"twitter:label2\" content=\"Tiempo de lectura\" \/>\n\t<meta name=\"twitter:data2\" content=\"3 minutos\" \/>\n<script type=\"application\/ld+json\" class=\"yoast-schema-graph\">{\"@context\":\"https:\/\/schema.org\",\"@graph\":[{\"@type\":\"WebPage\",\"@id\":\"https:\/\/www.inforesidencias.com\/blog\/index.php\/2019\/03\/21\/una-residencia-de-lleida-en-micro-bus-y-musicoterapia-para-la-demencia\/\",\"url\":\"https:\/\/www.inforesidencias.com\/blog\/index.php\/2019\/03\/21\/una-residencia-de-lleida-en-micro-bus-y-musicoterapia-para-la-demencia\/\",\"name\":\"Una residencia de Lleida en micro bus y musicoterapia para la demencia - Blog Inforesidencias.com\",\"isPartOf\":{\"@id\":\"https:\/\/www.inforesidencias.com\/blog\/#website\"},\"datePublished\":\"2019-03-21T08:54:04+00:00\",\"dateModified\":\"2019-03-22T08:27:32+00:00\",\"author\":{\"@id\":\"https:\/\/www.inforesidencias.com\/blog\/#\/schema\/person\/9e146774d1eb3bc1c0316242a3898628\"},\"description\":\"En \\\"\u00c9s gran ser gran\\\" hemos hablado con los invitados de la residencia Joviar de Lleida y con M\u00f3nica de Castro, que imparte musicoterapia a personas con demencia\",\"breadcrumb\":{\"@id\":\"https:\/\/www.inforesidencias.com\/blog\/index.php\/2019\/03\/21\/una-residencia-de-lleida-en-micro-bus-y-musicoterapia-para-la-demencia\/#breadcrumb\"},\"inLanguage\":\"es\",\"potentialAction\":[{\"@type\":\"ReadAction\",\"target\":[\"https:\/\/www.inforesidencias.com\/blog\/index.php\/2019\/03\/21\/una-residencia-de-lleida-en-micro-bus-y-musicoterapia-para-la-demencia\/\"]}]},{\"@type\":\"BreadcrumbList\",\"@id\":\"https:\/\/www.inforesidencias.com\/blog\/index.php\/2019\/03\/21\/una-residencia-de-lleida-en-micro-bus-y-musicoterapia-para-la-demencia\/#breadcrumb\",\"itemListElement\":[{\"@type\":\"ListItem\",\"position\":1,\"name\":\"Home\",\"item\":\"https:\/\/www.inforesidencias.com\/blog\/\"},{\"@type\":\"ListItem\",\"position\":2,\"name\":\"Una residencia de Lleida en micro bus y musicoterapia para la demencia\"}]},{\"@type\":\"WebSite\",\"@id\":\"https:\/\/www.inforesidencias.com\/blog\/#website\",\"url\":\"https:\/\/www.inforesidencias.com\/blog\/\",\"name\":\"Blog Inforesidencias.com\",\"description\":\"El buscador de residencias de la 3\u00aa edad\",\"potentialAction\":[{\"@type\":\"SearchAction\",\"target\":{\"@type\":\"EntryPoint\",\"urlTemplate\":\"https:\/\/www.inforesidencias.com\/blog\/?s={search_term_string}\"},\"query-input\":\"required name=search_term_string\"}],\"inLanguage\":\"es\"},{\"@type\":\"Person\",\"@id\":\"https:\/\/www.inforesidencias.com\/blog\/#\/schema\/person\/9e146774d1eb3bc1c0316242a3898628\",\"name\":\"Josep de Mart\u00ed\",\"image\":{\"@type\":\"ImageObject\",\"inLanguage\":\"es\",\"@id\":\"https:\/\/www.inforesidencias.com\/blog\/#\/schema\/person\/image\/\",\"url\":\"https:\/\/secure.gravatar.com\/avatar\/de0302c4806c00c4cebff396a798c1ff?s=96&d=mm&r=g\",\"contentUrl\":\"https:\/\/secure.gravatar.com\/avatar\/de0302c4806c00c4cebff396a798c1ff?s=96&d=mm&r=g\",\"caption\":\"Josep de Mart\u00ed\"},\"sameAs\":[\"https:\/\/www.inforesidencias.com\",\"https:\/\/www.facebook.com\/josep.demarti\",\"https:\/\/twitter.com\/blog-ir\"],\"url\":\"https:\/\/www.inforesidencias.com\/blog\/index.php\/author\/josepdemarti\/\"}]}<\/script>\n<!-- \/ Yoast SEO plugin. -->","yoast_head_json":{"title":"Una residencia de Lleida en micro bus y musicoterapia para la demencia - Blog Inforesidencias.com","description":"En \"\u00c9s gran ser gran\" hemos hablado con los invitados de la residencia Joviar de Lleida y con M\u00f3nica de Castro, que imparte musicoterapia a personas con demencia","robots":{"index":"index","follow":"follow","max-snippet":"max-snippet:-1","max-image-preview":"max-image-preview:large","max-video-preview":"max-video-preview:-1"},"canonical":"https:\/\/www.inforesidencias.com\/blog\/index.php\/2019\/03\/21\/una-residencia-de-lleida-en-micro-bus-y-musicoterapia-para-la-demencia\/","og_locale":"es_ES","og_type":"article","og_title":"Una residencia de Lleida en micro bus y musicoterapia para la demencia - Blog Inforesidencias.com","og_description":"En \"\u00c9s gran ser gran\" hemos hablado con los invitados de la residencia Joviar de Lleida y con M\u00f3nica de Castro, que imparte musicoterapia a personas con demencia","og_url":"https:\/\/www.inforesidencias.com\/blog\/index.php\/2019\/03\/21\/una-residencia-de-lleida-en-micro-bus-y-musicoterapia-para-la-demencia\/","og_site_name":"Blog Inforesidencias.com","article_publisher":"https:\/\/www.facebook.com\/Inforesidencias\/","article_author":"https:\/\/www.facebook.com\/josep.demarti","article_published_time":"2019-03-21T08:54:04+00:00","article_modified_time":"2019-03-22T08:27:32+00:00","og_image":[{"width":400,"height":300,"url":"https:\/\/www.inforesidencias.com\/blog\/wp-content\/uploads\/2019\/03\/musicoterapia-en-residencias.jpg","type":"image\/jpeg"}],"author":"Josep de Mart\u00ed","twitter_card":"summary_large_image","twitter_creator":"@blog-ir","twitter_site":"@inforesidencias","twitter_misc":{"Escrito por":"Josep de Mart\u00ed","Tiempo de lectura":"3 minutos"},"schema":{"@context":"https:\/\/schema.org","@graph":[{"@type":"WebPage","@id":"https:\/\/www.inforesidencias.com\/blog\/index.php\/2019\/03\/21\/una-residencia-de-lleida-en-micro-bus-y-musicoterapia-para-la-demencia\/","url":"https:\/\/www.inforesidencias.com\/blog\/index.php\/2019\/03\/21\/una-residencia-de-lleida-en-micro-bus-y-musicoterapia-para-la-demencia\/","name":"Una residencia de Lleida en micro bus y musicoterapia para la demencia - Blog Inforesidencias.com","isPartOf":{"@id":"https:\/\/www.inforesidencias.com\/blog\/#website"},"datePublished":"2019-03-21T08:54:04+00:00","dateModified":"2019-03-22T08:27:32+00:00","author":{"@id":"https:\/\/www.inforesidencias.com\/blog\/#\/schema\/person\/9e146774d1eb3bc1c0316242a3898628"},"description":"En \"\u00c9s gran ser gran\" hemos hablado con los invitados de la residencia Joviar de Lleida y con M\u00f3nica de Castro, que imparte musicoterapia a personas con demencia","breadcrumb":{"@id":"https:\/\/www.inforesidencias.com\/blog\/index.php\/2019\/03\/21\/una-residencia-de-lleida-en-micro-bus-y-musicoterapia-para-la-demencia\/#breadcrumb"},"inLanguage":"es","potentialAction":[{"@type":"ReadAction","target":["https:\/\/www.inforesidencias.com\/blog\/index.php\/2019\/03\/21\/una-residencia-de-lleida-en-micro-bus-y-musicoterapia-para-la-demencia\/"]}]},{"@type":"BreadcrumbList","@id":"https:\/\/www.inforesidencias.com\/blog\/index.php\/2019\/03\/21\/una-residencia-de-lleida-en-micro-bus-y-musicoterapia-para-la-demencia\/#breadcrumb","itemListElement":[{"@type":"ListItem","position":1,"name":"Home","item":"https:\/\/www.inforesidencias.com\/blog\/"},{"@type":"ListItem","position":2,"name":"Una residencia de Lleida en micro bus y musicoterapia para la demencia"}]},{"@type":"WebSite","@id":"https:\/\/www.inforesidencias.com\/blog\/#website","url":"https:\/\/www.inforesidencias.com\/blog\/","name":"Blog Inforesidencias.com","description":"El buscador de residencias de la 3\u00aa edad","potentialAction":[{"@type":"SearchAction","target":{"@type":"EntryPoint","urlTemplate":"https:\/\/www.inforesidencias.com\/blog\/?s={search_term_string}"},"query-input":"required name=search_term_string"}],"inLanguage":"es"},{"@type":"Person","@id":"https:\/\/www.inforesidencias.com\/blog\/#\/schema\/person\/9e146774d1eb3bc1c0316242a3898628","name":"Josep de Mart\u00ed","image":{"@type":"ImageObject","inLanguage":"es","@id":"https:\/\/www.inforesidencias.com\/blog\/#\/schema\/person\/image\/","url":"https:\/\/secure.gravatar.com\/avatar\/de0302c4806c00c4cebff396a798c1ff?s=96&d=mm&r=g","contentUrl":"https:\/\/secure.gravatar.com\/avatar\/de0302c4806c00c4cebff396a798c1ff?s=96&d=mm&r=g","caption":"Josep de Mart\u00ed"},"sameAs":["https:\/\/www.inforesidencias.com","https:\/\/www.facebook.com\/josep.demarti","https:\/\/twitter.com\/blog-ir"],"url":"https:\/\/www.inforesidencias.com\/blog\/index.php\/author\/josepdemarti\/"}]}},"_links":{"self":[{"href":"https:\/\/www.inforesidencias.com\/blog\/index.php\/wp-json\/wp\/v2\/posts\/2038"}],"collection":[{"href":"https:\/\/www.inforesidencias.com\/blog\/index.php\/wp-json\/wp\/v2\/posts"}],"about":[{"href":"https:\/\/www.inforesidencias.com\/blog\/index.php\/wp-json\/wp\/v2\/types\/post"}],"author":[{"embeddable":true,"href":"https:\/\/www.inforesidencias.com\/blog\/index.php\/wp-json\/wp\/v2\/users\/2"}],"replies":[{"embeddable":true,"href":"https:\/\/www.inforesidencias.com\/blog\/index.php\/wp-json\/wp\/v2\/comments?post=2038"}],"version-history":[{"count":8,"href":"https:\/\/www.inforesidencias.com\/blog\/index.php\/wp-json\/wp\/v2\/posts\/2038\/revisions"}],"predecessor-version":[{"id":2047,"href":"https:\/\/www.inforesidencias.com\/blog\/index.php\/wp-json\/wp\/v2\/posts\/2038\/revisions\/2047"}],"wp:featuredmedia":[{"embeddable":true,"href":"https:\/\/www.inforesidencias.com\/blog\/index.php\/wp-json\/wp\/v2\/media\/2041"}],"wp:attachment":[{"href":"https:\/\/www.inforesidencias.com\/blog\/index.php\/wp-json\/wp\/v2\/media?parent=2038"}],"wp:term":[{"taxonomy":"category","embeddable":true,"href":"https:\/\/www.inforesidencias.com\/blog\/index.php\/wp-json\/wp\/v2\/categories?post=2038"},{"taxonomy":"post_tag","embeddable":true,"href":"https:\/\/www.inforesidencias.com\/blog\/index.php\/wp-json\/wp\/v2\/tags?post=2038"}],"curies":[{"name":"wp","href":"https:\/\/api.w.org\/{rel}","templated":true}]}}