{"id":2069,"date":"2019-04-05T09:46:40","date_gmt":"2019-04-05T09:46:40","guid":{"rendered":"https:\/\/www.inforesidencias.com\/blog\/?p=2069"},"modified":"2019-04-05T09:46:40","modified_gmt":"2019-04-05T09:46:40","slug":"la-neumonia-en-personas-mayores","status":"publish","type":"post","link":"https:\/\/www.inforesidencias.com\/blog\/index.php\/2019\/04\/05\/la-neumonia-en-personas-mayores\/","title":{"rendered":"la neumon\u00eda en personas mayores"},"content":{"rendered":"<p style=\"text-align: justify\">La neumon\u00eda es una de las infecciones frecuentes en las personas mayores, seg\u00fan las estad\u00edsticas es la sexta causa de muerte en esta poblaci\u00f3n <a href=\"https:\/\/www.inforesidencias.com\/blog\/index.php\/2019\/03\/27\/las-anemia-en-las-personas-mayores\/\">aunque hay otras<\/a>. La neumon\u00eda se puede clasificar de acuerdo con el lugar donde se haya adquirido, neumon\u00eda adquirida en la comunidad, neumon\u00eda en pacientes institucionalizados (residencias geri\u00e1tricas, centros gerontol\u00f3gicos y centros de d\u00eda) y neumon\u00eda adquirida en el hospital. En los pacientes institucionalizados en la segunda causa de infecci\u00f3n y la que en un momento dado puede llevar a la muerte al anciano.<\/p>\n<p style=\"text-align: justify\">A mayor edad tambi\u00e9n m\u00e1s vulnerabilidad a este tipo de infecciones ya que la respuesta inmunitaria es m\u00e1s lenta, en ocasiones existe problemas de desnutrici\u00f3n haciendo m\u00e1s fr\u00e1gil al organismo, trastornos de las barreras cutaneomucosas, la comorbilidad y los s\u00edndromes geri\u00e1tricos, factores familiares y sociales pueden contribuir, otras situaciones que contribuyen a la infecci\u00f3n pueden ser un tratamiento tard\u00edo o adultos mayores con problemas de degluci\u00f3n y disfagia orofar\u00edngea.<\/p>\n<p style=\"text-align: justify\">Para cualquier infecci\u00f3n de v\u00edas respiratorias el tratamiento m\u00e9dico debe ser inmediato ya que de ello depende la derivaci\u00f3n o no a un centro hospitalario. <a href=\"https:\/\/www.inforesidencias.com\/contenidos\/profesionales\/nacional\/el-medico-en-residencias-geriatricas\">Los m\u00e9dicos de los centros geri\u00e1tricos <\/a>son quienes deben conocer los s\u00edntomas de la neumon\u00eda y tambi\u00e9n las patolog\u00edas que padecen los residentes, aunque loas personas mayores son atendidas por las auxiliares gerontol\u00f3gicas y las enfermeras no se deben perder de vista ning\u00fan s\u00edntoma que presente de forma anormal cada persona. La hospitalizaci\u00f3n para algunos ancianos puede ser contraproducente ya que genera angustia, tristeza, soledad y estr\u00e9s y eso puede empeorar su estado de salud.<\/p>\n<p><a href=\"https:\/\/www.inforesidencias.com\/blog\/wp-content\/uploads\/2019\/04\/pulmones-personas-mayores.png\"><img decoding=\"async\" loading=\"lazy\" class=\"wp-image-2072 alignleft\" src=\"https:\/\/www.inforesidencias.com\/blog\/wp-content\/uploads\/2019\/04\/pulmones-personas-mayores.png\" alt=\"pulmones personas mayores\" width=\"160\" height=\"199\" \/><\/a><\/p>\n<p style=\"text-align: justify\">El tratamiento m\u00e9dico para la infecci\u00f3n por neumococo es con antibi\u00f3tico, dosis y duraci\u00f3n de acuerdo a las indicaciones del geriatra, la alimentaci\u00f3n se deben vigilar las cantidades y calidad, as\u00ed tambi\u00e9n la limpieza y ventilaci\u00f3n de la habitaci\u00f3n. La mayor incidencia de resfriados se presentan m\u00e1s en los meses de invierno por ello la prevenci\u00f3n es fundamental, una nutrici\u00f3n adecuada con frutas y verduras por su alto contenido en vitaminas y minerales, as\u00ed como tambi\u00e9n el consumo de l\u00edquidos. Los l\u00edquidos para las personas mayores mayores pueden ser t\u00e9s, jugos, caldos o gelatina ya que en las personas de la tercera edad la sensaci\u00f3n de sed est\u00e1 disminuida y por ello se deben buscar alternativas para el consumo de agua.<\/p>\n<p style=\"text-align: justify\">En la temporada de invierno se deben cubrir y evitar el aire fr\u00edo de forma directa, estos factores pueden ayudar a que la infecci\u00f3n no sea tan agresiva en los ancianos. Otras recomendaciones para las personas mayores son las vacunas, lavarse las manos para reducir riesgos, no fumar y protegerse si est\u00e1 cerca de alguien que padece neumon\u00eda.<\/p>\n","protected":false},"excerpt":{"rendered":"<p>La neumon\u00eda es una de las infecciones frecuentes en las personas mayores, seg\u00fan las estad\u00edsticas es la sexta causa de muerte en esta poblaci\u00f3n aunque hay otras. La neumon\u00eda se puede clasificar de acuerdo con el lugar donde se haya adquirido, neumon\u00eda adquirida en la comunidad, neumon\u00eda en pacientes institucionalizados (residencias geri\u00e1tricas, centros gerontol\u00f3gicos y centros de d\u00eda) y neumon\u00eda adquirida en el hospital. En los pacientes institucionalizados en la segunda causa de infecci\u00f3n y la que en un momento dado puede llevar a la muerte al anciano. A mayor edad tambi\u00e9n m\u00e1s vulnerabilidad a este tipo de infecciones ya que la respuesta inmunitaria es m\u00e1s lenta, en ocasiones existe problemas de desnutrici\u00f3n haciendo m\u00e1s fr\u00e1gil al organismo, trastornos de las barreras cutaneomucosas, la comorbilidad y los s\u00edndromes geri\u00e1tricos, factores familiares y sociales pueden contribuir, otras situaciones que contribuyen a la infecci\u00f3n pueden ser un tratamiento tard\u00edo o adultos mayores [&hellip;]<\/p>\n","protected":false},"author":2,"featured_media":2072,"comment_status":"open","ping_status":"open","sticky":false,"template":"","format":"standard","meta":{"footnotes":""},"categories":[1],"tags":[],"yoast_head":"<!-- This site is optimized with the Yoast SEO plugin v21.7 - https:\/\/yoast.com\/wordpress\/plugins\/seo\/ -->\n<title>la neumon\u00eda en personas mayores - Blog Inforesidencias.com<\/title>\n<meta name=\"description\" content=\"La neumon\u00eda en personas mayores es una infecci\u00f3n que debe tenerse muy en cuenta debido a la respuesta inmunitaria mas lenta\" \/>\n<meta name=\"robots\" content=\"index, follow, max-snippet:-1, max-image-preview:large, max-video-preview:-1\" \/>\n<link rel=\"canonical\" href=\"https:\/\/www.inforesidencias.com\/blog\/index.php\/2019\/04\/05\/la-neumonia-en-personas-mayores\/\" \/>\n<meta property=\"og:locale\" content=\"es_ES\" \/>\n<meta property=\"og:type\" content=\"article\" \/>\n<meta property=\"og:title\" content=\"la neumon\u00eda en personas mayores - Blog Inforesidencias.com\" \/>\n<meta property=\"og:description\" content=\"La neumon\u00eda en personas mayores es una infecci\u00f3n que debe tenerse muy en cuenta debido a la respuesta inmunitaria mas lenta\" \/>\n<meta property=\"og:url\" content=\"https:\/\/www.inforesidencias.com\/blog\/index.php\/2019\/04\/05\/la-neumonia-en-personas-mayores\/\" \/>\n<meta property=\"og:site_name\" content=\"Blog Inforesidencias.com\" \/>\n<meta property=\"article:publisher\" content=\"https:\/\/www.facebook.com\/Inforesidencias\/\" \/>\n<meta property=\"article:author\" content=\"https:\/\/www.facebook.com\/josep.demarti\" \/>\n<meta property=\"article:published_time\" content=\"2019-04-05T09:46:40+00:00\" \/>\n<meta property=\"og:image\" content=\"https:\/\/www.inforesidencias.com\/blog\/wp-content\/uploads\/2019\/04\/pulmones-personas-mayores.png\" \/>\n\t<meta property=\"og:image:width\" content=\"300\" \/>\n\t<meta property=\"og:image:height\" content=\"374\" \/>\n\t<meta property=\"og:image:type\" content=\"image\/png\" \/>\n<meta name=\"author\" content=\"Josep de Mart\u00ed\" \/>\n<meta name=\"twitter:card\" content=\"summary_large_image\" \/>\n<meta name=\"twitter:creator\" content=\"@blog-ir\" \/>\n<meta name=\"twitter:site\" content=\"@inforesidencias\" \/>\n<meta name=\"twitter:label1\" content=\"Escrito por\" \/>\n\t<meta name=\"twitter:data1\" content=\"Josep de Mart\u00ed\" \/>\n\t<meta name=\"twitter:label2\" content=\"Tiempo de lectura\" \/>\n\t<meta name=\"twitter:data2\" content=\"2 minutos\" \/>\n<script type=\"application\/ld+json\" class=\"yoast-schema-graph\">{\"@context\":\"https:\/\/schema.org\",\"@graph\":[{\"@type\":\"WebPage\",\"@id\":\"https:\/\/www.inforesidencias.com\/blog\/index.php\/2019\/04\/05\/la-neumonia-en-personas-mayores\/\",\"url\":\"https:\/\/www.inforesidencias.com\/blog\/index.php\/2019\/04\/05\/la-neumonia-en-personas-mayores\/\",\"name\":\"la neumon\u00eda en personas mayores - Blog Inforesidencias.com\",\"isPartOf\":{\"@id\":\"https:\/\/www.inforesidencias.com\/blog\/#website\"},\"datePublished\":\"2019-04-05T09:46:40+00:00\",\"dateModified\":\"2019-04-05T09:46:40+00:00\",\"author\":{\"@id\":\"https:\/\/www.inforesidencias.com\/blog\/#\/schema\/person\/9e146774d1eb3bc1c0316242a3898628\"},\"description\":\"La neumon\u00eda en personas mayores es una infecci\u00f3n que debe tenerse muy en cuenta debido a la respuesta inmunitaria mas lenta\",\"breadcrumb\":{\"@id\":\"https:\/\/www.inforesidencias.com\/blog\/index.php\/2019\/04\/05\/la-neumonia-en-personas-mayores\/#breadcrumb\"},\"inLanguage\":\"es\",\"potentialAction\":[{\"@type\":\"ReadAction\",\"target\":[\"https:\/\/www.inforesidencias.com\/blog\/index.php\/2019\/04\/05\/la-neumonia-en-personas-mayores\/\"]}]},{\"@type\":\"BreadcrumbList\",\"@id\":\"https:\/\/www.inforesidencias.com\/blog\/index.php\/2019\/04\/05\/la-neumonia-en-personas-mayores\/#breadcrumb\",\"itemListElement\":[{\"@type\":\"ListItem\",\"position\":1,\"name\":\"Home\",\"item\":\"https:\/\/www.inforesidencias.com\/blog\/\"},{\"@type\":\"ListItem\",\"position\":2,\"name\":\"la neumon\u00eda en personas mayores\"}]},{\"@type\":\"WebSite\",\"@id\":\"https:\/\/www.inforesidencias.com\/blog\/#website\",\"url\":\"https:\/\/www.inforesidencias.com\/blog\/\",\"name\":\"Blog Inforesidencias.com\",\"description\":\"El buscador de residencias de la 3\u00aa edad\",\"potentialAction\":[{\"@type\":\"SearchAction\",\"target\":{\"@type\":\"EntryPoint\",\"urlTemplate\":\"https:\/\/www.inforesidencias.com\/blog\/?s={search_term_string}\"},\"query-input\":\"required name=search_term_string\"}],\"inLanguage\":\"es\"},{\"@type\":\"Person\",\"@id\":\"https:\/\/www.inforesidencias.com\/blog\/#\/schema\/person\/9e146774d1eb3bc1c0316242a3898628\",\"name\":\"Josep de Mart\u00ed\",\"image\":{\"@type\":\"ImageObject\",\"inLanguage\":\"es\",\"@id\":\"https:\/\/www.inforesidencias.com\/blog\/#\/schema\/person\/image\/\",\"url\":\"https:\/\/secure.gravatar.com\/avatar\/de0302c4806c00c4cebff396a798c1ff?s=96&d=mm&r=g\",\"contentUrl\":\"https:\/\/secure.gravatar.com\/avatar\/de0302c4806c00c4cebff396a798c1ff?s=96&d=mm&r=g\",\"caption\":\"Josep de Mart\u00ed\"},\"sameAs\":[\"https:\/\/www.inforesidencias.com\",\"https:\/\/www.facebook.com\/josep.demarti\",\"https:\/\/twitter.com\/blog-ir\"],\"url\":\"https:\/\/www.inforesidencias.com\/blog\/index.php\/author\/josepdemarti\/\"}]}<\/script>\n<!-- \/ Yoast SEO plugin. -->","yoast_head_json":{"title":"la neumon\u00eda en personas mayores - Blog Inforesidencias.com","description":"La neumon\u00eda en personas mayores es una infecci\u00f3n que debe tenerse muy en cuenta debido a la respuesta inmunitaria mas lenta","robots":{"index":"index","follow":"follow","max-snippet":"max-snippet:-1","max-image-preview":"max-image-preview:large","max-video-preview":"max-video-preview:-1"},"canonical":"https:\/\/www.inforesidencias.com\/blog\/index.php\/2019\/04\/05\/la-neumonia-en-personas-mayores\/","og_locale":"es_ES","og_type":"article","og_title":"la neumon\u00eda en personas mayores - Blog Inforesidencias.com","og_description":"La neumon\u00eda en personas mayores es una infecci\u00f3n que debe tenerse muy en cuenta debido a la respuesta inmunitaria mas lenta","og_url":"https:\/\/www.inforesidencias.com\/blog\/index.php\/2019\/04\/05\/la-neumonia-en-personas-mayores\/","og_site_name":"Blog Inforesidencias.com","article_publisher":"https:\/\/www.facebook.com\/Inforesidencias\/","article_author":"https:\/\/www.facebook.com\/josep.demarti","article_published_time":"2019-04-05T09:46:40+00:00","og_image":[{"width":300,"height":374,"url":"https:\/\/www.inforesidencias.com\/blog\/wp-content\/uploads\/2019\/04\/pulmones-personas-mayores.png","type":"image\/png"}],"author":"Josep de Mart\u00ed","twitter_card":"summary_large_image","twitter_creator":"@blog-ir","twitter_site":"@inforesidencias","twitter_misc":{"Escrito por":"Josep de Mart\u00ed","Tiempo de lectura":"2 minutos"},"schema":{"@context":"https:\/\/schema.org","@graph":[{"@type":"WebPage","@id":"https:\/\/www.inforesidencias.com\/blog\/index.php\/2019\/04\/05\/la-neumonia-en-personas-mayores\/","url":"https:\/\/www.inforesidencias.com\/blog\/index.php\/2019\/04\/05\/la-neumonia-en-personas-mayores\/","name":"la neumon\u00eda en personas mayores - Blog Inforesidencias.com","isPartOf":{"@id":"https:\/\/www.inforesidencias.com\/blog\/#website"},"datePublished":"2019-04-05T09:46:40+00:00","dateModified":"2019-04-05T09:46:40+00:00","author":{"@id":"https:\/\/www.inforesidencias.com\/blog\/#\/schema\/person\/9e146774d1eb3bc1c0316242a3898628"},"description":"La neumon\u00eda en personas mayores es una infecci\u00f3n que debe tenerse muy en cuenta debido a la respuesta inmunitaria mas lenta","breadcrumb":{"@id":"https:\/\/www.inforesidencias.com\/blog\/index.php\/2019\/04\/05\/la-neumonia-en-personas-mayores\/#breadcrumb"},"inLanguage":"es","potentialAction":[{"@type":"ReadAction","target":["https:\/\/www.inforesidencias.com\/blog\/index.php\/2019\/04\/05\/la-neumonia-en-personas-mayores\/"]}]},{"@type":"BreadcrumbList","@id":"https:\/\/www.inforesidencias.com\/blog\/index.php\/2019\/04\/05\/la-neumonia-en-personas-mayores\/#breadcrumb","itemListElement":[{"@type":"ListItem","position":1,"name":"Home","item":"https:\/\/www.inforesidencias.com\/blog\/"},{"@type":"ListItem","position":2,"name":"la neumon\u00eda en personas mayores"}]},{"@type":"WebSite","@id":"https:\/\/www.inforesidencias.com\/blog\/#website","url":"https:\/\/www.inforesidencias.com\/blog\/","name":"Blog Inforesidencias.com","description":"El buscador de residencias de la 3\u00aa edad","potentialAction":[{"@type":"SearchAction","target":{"@type":"EntryPoint","urlTemplate":"https:\/\/www.inforesidencias.com\/blog\/?s={search_term_string}"},"query-input":"required name=search_term_string"}],"inLanguage":"es"},{"@type":"Person","@id":"https:\/\/www.inforesidencias.com\/blog\/#\/schema\/person\/9e146774d1eb3bc1c0316242a3898628","name":"Josep de Mart\u00ed","image":{"@type":"ImageObject","inLanguage":"es","@id":"https:\/\/www.inforesidencias.com\/blog\/#\/schema\/person\/image\/","url":"https:\/\/secure.gravatar.com\/avatar\/de0302c4806c00c4cebff396a798c1ff?s=96&d=mm&r=g","contentUrl":"https:\/\/secure.gravatar.com\/avatar\/de0302c4806c00c4cebff396a798c1ff?s=96&d=mm&r=g","caption":"Josep de Mart\u00ed"},"sameAs":["https:\/\/www.inforesidencias.com","https:\/\/www.facebook.com\/josep.demarti","https:\/\/twitter.com\/blog-ir"],"url":"https:\/\/www.inforesidencias.com\/blog\/index.php\/author\/josepdemarti\/"}]}},"_links":{"self":[{"href":"https:\/\/www.inforesidencias.com\/blog\/index.php\/wp-json\/wp\/v2\/posts\/2069"}],"collection":[{"href":"https:\/\/www.inforesidencias.com\/blog\/index.php\/wp-json\/wp\/v2\/posts"}],"about":[{"href":"https:\/\/www.inforesidencias.com\/blog\/index.php\/wp-json\/wp\/v2\/types\/post"}],"author":[{"embeddable":true,"href":"https:\/\/www.inforesidencias.com\/blog\/index.php\/wp-json\/wp\/v2\/users\/2"}],"replies":[{"embeddable":true,"href":"https:\/\/www.inforesidencias.com\/blog\/index.php\/wp-json\/wp\/v2\/comments?post=2069"}],"version-history":[{"count":4,"href":"https:\/\/www.inforesidencias.com\/blog\/index.php\/wp-json\/wp\/v2\/posts\/2069\/revisions"}],"predecessor-version":[{"id":2074,"href":"https:\/\/www.inforesidencias.com\/blog\/index.php\/wp-json\/wp\/v2\/posts\/2069\/revisions\/2074"}],"wp:featuredmedia":[{"embeddable":true,"href":"https:\/\/www.inforesidencias.com\/blog\/index.php\/wp-json\/wp\/v2\/media\/2072"}],"wp:attachment":[{"href":"https:\/\/www.inforesidencias.com\/blog\/index.php\/wp-json\/wp\/v2\/media?parent=2069"}],"wp:term":[{"taxonomy":"category","embeddable":true,"href":"https:\/\/www.inforesidencias.com\/blog\/index.php\/wp-json\/wp\/v2\/categories?post=2069"},{"taxonomy":"post_tag","embeddable":true,"href":"https:\/\/www.inforesidencias.com\/blog\/index.php\/wp-json\/wp\/v2\/tags?post=2069"}],"curies":[{"name":"wp","href":"https:\/\/api.w.org\/{rel}","templated":true}]}}