{"id":2075,"date":"2019-04-08T11:58:16","date_gmt":"2019-04-08T11:58:16","guid":{"rendered":"https:\/\/www.inforesidencias.com\/blog\/?p=2075"},"modified":"2019-04-08T12:01:36","modified_gmt":"2019-04-08T12:01:36","slug":"ideal-para-personas-mayores-una-silla-que-te-levanta-del-suelo","status":"publish","type":"post","link":"https:\/\/www.inforesidencias.com\/blog\/index.php\/2019\/04\/08\/ideal-para-personas-mayores-una-silla-que-te-levanta-del-suelo\/","title":{"rendered":"Ideal para personas mayores. Una silla que te levanta del suelo"},"content":{"rendered":"<p style=\"text-align: justify\">En el <a href=\"https:\/\/www.youtube.com\/channel\/UCPxmPxH1KcMa4qPKTw2y3ow\/feed\">canal de youtube de inforesidencias<\/a>, encontramos un video grabado en una feria reciente celebrada en Madrid donde las empresas ofrecen servicios para residencias de personas mayores entre otros. En esta ocasi\u00f3n, Josep de Marti tuvo la oportunidad de probar una silla que te levanta del suelo despu\u00e9s de una ca\u00edda. Cabe destacar que las personas mayores susceptibles de usar esta silla no deben tener ning\u00fan tipo de fractura. En estos casos es mejor llamar a los servicios m\u00e9dicos. Como dec\u00edamos, esta silla har\u00e1 que las personas mayores que se encuentren en el suelo puedan levantarse sin esfuerzo con la ayuda de una segunda persona que ser\u00e1 por ejemplo la gerocultora que monte la silla alrededor suyo<\/p>\n<p><iframe loading=\"lazy\" width=\"500\" height=\"281\" src=\"https:\/\/www.youtube.com\/embed\/tgOxEpmHrMw?feature=oembed\" frameborder=\"0\" allow=\"accelerometer; autoplay; encrypted-media; gyroscope; picture-in-picture\" allowfullscreen><\/iframe><\/p>\n<p style=\"text-align: justify\">La silla adem\u00e1s se monta en pocos minutos, teniendo en cuenta que n el video se tarda un poco m\u00e1s debido a la explicaci\u00f3n de todo el proceso. Lo m\u00e1s importante es que la forma de trabajar de la silla garantiza la dignidad y la seguridad de las personas mayores con las que se use. Finalmente comentar, que aunque en inforesidencias recomienda su uso para personas mayores, esta silla esta orientada a todos aquellas personas con movilidad reducida y que se encuentren en el suelo.<\/p>\n<p><a href=\"https:\/\/www.inforesidencias.com\/blog\/wp-content\/uploads\/2019\/04\/silla-raizer-para-personas-mayores.png\"><img decoding=\"async\" loading=\"lazy\" class=\"aligncenter wp-image-2078\" src=\"https:\/\/www.inforesidencias.com\/blog\/wp-content\/uploads\/2019\/04\/silla-raizer-para-personas-mayores.png\" alt=\"silla raizer para personas mayores\" width=\"200\" height=\"139\" \/><\/a><\/p>\n","protected":false},"excerpt":{"rendered":"<p>En el canal de youtube de inforesidencias, encontramos un video grabado en una feria reciente celebrada en Madrid donde las empresas ofrecen servicios para residencias de personas mayores entre otros. En esta ocasi\u00f3n, Josep de Marti tuvo la oportunidad de probar una silla que te levanta del suelo despu\u00e9s de una ca\u00edda. Cabe destacar que las personas mayores susceptibles de usar esta silla no deben tener ning\u00fan tipo de fractura. En estos casos es mejor llamar a los servicios m\u00e9dicos. Como dec\u00edamos, esta silla har\u00e1 que las personas mayores que se encuentren en el suelo puedan levantarse sin esfuerzo con la ayuda de una segunda persona que ser\u00e1 por ejemplo la gerocultora que monte la silla alrededor suyo La silla adem\u00e1s se monta en pocos minutos, teniendo en cuenta que n el video se tarda un poco m\u00e1s debido a la explicaci\u00f3n de todo el proceso. Lo m\u00e1s importante es [&hellip;]<\/p>\n","protected":false},"author":2,"featured_media":2078,"comment_status":"open","ping_status":"open","sticky":false,"template":"","format":"standard","meta":{"footnotes":""},"categories":[1],"tags":[],"yoast_head":"<!-- This site is optimized with the Yoast SEO plugin v21.7 - https:\/\/yoast.com\/wordpress\/plugins\/seo\/ -->\n<title>Ideal para personas mayores. Una silla que te levanta del suelo - Blog Inforesidencias.com<\/title>\n<meta name=\"description\" content=\"La silla Raizer esta dise\u00f1ada para que las personas mayores que hayan sufrido una ca\u00edda puedan levantarse con a ayuda de una segunda persona sin esfuerzo\" \/>\n<meta name=\"robots\" content=\"index, follow, max-snippet:-1, max-image-preview:large, max-video-preview:-1\" \/>\n<link rel=\"canonical\" href=\"https:\/\/www.inforesidencias.com\/blog\/index.php\/2019\/04\/08\/ideal-para-personas-mayores-una-silla-que-te-levanta-del-suelo\/\" \/>\n<meta property=\"og:locale\" content=\"es_ES\" \/>\n<meta property=\"og:type\" content=\"article\" \/>\n<meta property=\"og:title\" content=\"Ideal para personas mayores. Una silla que te levanta del suelo - Blog Inforesidencias.com\" \/>\n<meta property=\"og:description\" content=\"La silla Raizer esta dise\u00f1ada para que las personas mayores que hayan sufrido una ca\u00edda puedan levantarse con a ayuda de una segunda persona sin esfuerzo\" \/>\n<meta property=\"og:url\" content=\"https:\/\/www.inforesidencias.com\/blog\/index.php\/2019\/04\/08\/ideal-para-personas-mayores-una-silla-que-te-levanta-del-suelo\/\" \/>\n<meta property=\"og:site_name\" content=\"Blog Inforesidencias.com\" \/>\n<meta property=\"article:publisher\" content=\"https:\/\/www.facebook.com\/Inforesidencias\/\" \/>\n<meta property=\"article:author\" content=\"https:\/\/www.facebook.com\/josep.demarti\" \/>\n<meta property=\"article:published_time\" content=\"2019-04-08T11:58:16+00:00\" \/>\n<meta property=\"article:modified_time\" content=\"2019-04-08T12:01:36+00:00\" \/>\n<meta property=\"og:image\" content=\"https:\/\/www.inforesidencias.com\/blog\/wp-content\/uploads\/2019\/04\/silla-raizer-para-personas-mayores.png\" \/>\n\t<meta property=\"og:image:width\" content=\"480\" \/>\n\t<meta property=\"og:image:height\" content=\"333\" \/>\n\t<meta property=\"og:image:type\" content=\"image\/png\" \/>\n<meta name=\"author\" content=\"Josep de Mart\u00ed\" \/>\n<meta name=\"twitter:card\" content=\"summary_large_image\" \/>\n<meta name=\"twitter:creator\" content=\"@blog-ir\" \/>\n<meta name=\"twitter:site\" content=\"@inforesidencias\" \/>\n<meta name=\"twitter:label1\" content=\"Escrito por\" \/>\n\t<meta name=\"twitter:data1\" content=\"Josep de Mart\u00ed\" \/>\n\t<meta name=\"twitter:label2\" content=\"Tiempo de lectura\" \/>\n\t<meta name=\"twitter:data2\" content=\"1 minuto\" \/>\n<script type=\"application\/ld+json\" class=\"yoast-schema-graph\">{\"@context\":\"https:\/\/schema.org\",\"@graph\":[{\"@type\":\"WebPage\",\"@id\":\"https:\/\/www.inforesidencias.com\/blog\/index.php\/2019\/04\/08\/ideal-para-personas-mayores-una-silla-que-te-levanta-del-suelo\/\",\"url\":\"https:\/\/www.inforesidencias.com\/blog\/index.php\/2019\/04\/08\/ideal-para-personas-mayores-una-silla-que-te-levanta-del-suelo\/\",\"name\":\"Ideal para personas mayores. Una silla que te levanta del suelo - Blog Inforesidencias.com\",\"isPartOf\":{\"@id\":\"https:\/\/www.inforesidencias.com\/blog\/#website\"},\"datePublished\":\"2019-04-08T11:58:16+00:00\",\"dateModified\":\"2019-04-08T12:01:36+00:00\",\"author\":{\"@id\":\"https:\/\/www.inforesidencias.com\/blog\/#\/schema\/person\/9e146774d1eb3bc1c0316242a3898628\"},\"description\":\"La silla Raizer esta dise\u00f1ada para que las personas mayores que hayan sufrido una ca\u00edda puedan levantarse con a ayuda de una segunda persona sin esfuerzo\",\"breadcrumb\":{\"@id\":\"https:\/\/www.inforesidencias.com\/blog\/index.php\/2019\/04\/08\/ideal-para-personas-mayores-una-silla-que-te-levanta-del-suelo\/#breadcrumb\"},\"inLanguage\":\"es\",\"potentialAction\":[{\"@type\":\"ReadAction\",\"target\":[\"https:\/\/www.inforesidencias.com\/blog\/index.php\/2019\/04\/08\/ideal-para-personas-mayores-una-silla-que-te-levanta-del-suelo\/\"]}]},{\"@type\":\"BreadcrumbList\",\"@id\":\"https:\/\/www.inforesidencias.com\/blog\/index.php\/2019\/04\/08\/ideal-para-personas-mayores-una-silla-que-te-levanta-del-suelo\/#breadcrumb\",\"itemListElement\":[{\"@type\":\"ListItem\",\"position\":1,\"name\":\"Home\",\"item\":\"https:\/\/www.inforesidencias.com\/blog\/\"},{\"@type\":\"ListItem\",\"position\":2,\"name\":\"Ideal para personas mayores. Una silla que te levanta del suelo\"}]},{\"@type\":\"WebSite\",\"@id\":\"https:\/\/www.inforesidencias.com\/blog\/#website\",\"url\":\"https:\/\/www.inforesidencias.com\/blog\/\",\"name\":\"Blog Inforesidencias.com\",\"description\":\"El buscador de residencias de la 3\u00aa edad\",\"potentialAction\":[{\"@type\":\"SearchAction\",\"target\":{\"@type\":\"EntryPoint\",\"urlTemplate\":\"https:\/\/www.inforesidencias.com\/blog\/?s={search_term_string}\"},\"query-input\":\"required name=search_term_string\"}],\"inLanguage\":\"es\"},{\"@type\":\"Person\",\"@id\":\"https:\/\/www.inforesidencias.com\/blog\/#\/schema\/person\/9e146774d1eb3bc1c0316242a3898628\",\"name\":\"Josep de Mart\u00ed\",\"image\":{\"@type\":\"ImageObject\",\"inLanguage\":\"es\",\"@id\":\"https:\/\/www.inforesidencias.com\/blog\/#\/schema\/person\/image\/\",\"url\":\"https:\/\/secure.gravatar.com\/avatar\/de0302c4806c00c4cebff396a798c1ff?s=96&d=mm&r=g\",\"contentUrl\":\"https:\/\/secure.gravatar.com\/avatar\/de0302c4806c00c4cebff396a798c1ff?s=96&d=mm&r=g\",\"caption\":\"Josep de Mart\u00ed\"},\"sameAs\":[\"https:\/\/www.inforesidencias.com\",\"https:\/\/www.facebook.com\/josep.demarti\",\"https:\/\/twitter.com\/blog-ir\"],\"url\":\"https:\/\/www.inforesidencias.com\/blog\/index.php\/author\/josepdemarti\/\"}]}<\/script>\n<!-- \/ Yoast SEO plugin. -->","yoast_head_json":{"title":"Ideal para personas mayores. Una silla que te levanta del suelo - Blog Inforesidencias.com","description":"La silla Raizer esta dise\u00f1ada para que las personas mayores que hayan sufrido una ca\u00edda puedan levantarse con a ayuda de una segunda persona sin esfuerzo","robots":{"index":"index","follow":"follow","max-snippet":"max-snippet:-1","max-image-preview":"max-image-preview:large","max-video-preview":"max-video-preview:-1"},"canonical":"https:\/\/www.inforesidencias.com\/blog\/index.php\/2019\/04\/08\/ideal-para-personas-mayores-una-silla-que-te-levanta-del-suelo\/","og_locale":"es_ES","og_type":"article","og_title":"Ideal para personas mayores. Una silla que te levanta del suelo - Blog Inforesidencias.com","og_description":"La silla Raizer esta dise\u00f1ada para que las personas mayores que hayan sufrido una ca\u00edda puedan levantarse con a ayuda de una segunda persona sin esfuerzo","og_url":"https:\/\/www.inforesidencias.com\/blog\/index.php\/2019\/04\/08\/ideal-para-personas-mayores-una-silla-que-te-levanta-del-suelo\/","og_site_name":"Blog Inforesidencias.com","article_publisher":"https:\/\/www.facebook.com\/Inforesidencias\/","article_author":"https:\/\/www.facebook.com\/josep.demarti","article_published_time":"2019-04-08T11:58:16+00:00","article_modified_time":"2019-04-08T12:01:36+00:00","og_image":[{"width":480,"height":333,"url":"https:\/\/www.inforesidencias.com\/blog\/wp-content\/uploads\/2019\/04\/silla-raizer-para-personas-mayores.png","type":"image\/png"}],"author":"Josep de Mart\u00ed","twitter_card":"summary_large_image","twitter_creator":"@blog-ir","twitter_site":"@inforesidencias","twitter_misc":{"Escrito por":"Josep de Mart\u00ed","Tiempo de lectura":"1 minuto"},"schema":{"@context":"https:\/\/schema.org","@graph":[{"@type":"WebPage","@id":"https:\/\/www.inforesidencias.com\/blog\/index.php\/2019\/04\/08\/ideal-para-personas-mayores-una-silla-que-te-levanta-del-suelo\/","url":"https:\/\/www.inforesidencias.com\/blog\/index.php\/2019\/04\/08\/ideal-para-personas-mayores-una-silla-que-te-levanta-del-suelo\/","name":"Ideal para personas mayores. Una silla que te levanta del suelo - Blog Inforesidencias.com","isPartOf":{"@id":"https:\/\/www.inforesidencias.com\/blog\/#website"},"datePublished":"2019-04-08T11:58:16+00:00","dateModified":"2019-04-08T12:01:36+00:00","author":{"@id":"https:\/\/www.inforesidencias.com\/blog\/#\/schema\/person\/9e146774d1eb3bc1c0316242a3898628"},"description":"La silla Raizer esta dise\u00f1ada para que las personas mayores que hayan sufrido una ca\u00edda puedan levantarse con a ayuda de una segunda persona sin esfuerzo","breadcrumb":{"@id":"https:\/\/www.inforesidencias.com\/blog\/index.php\/2019\/04\/08\/ideal-para-personas-mayores-una-silla-que-te-levanta-del-suelo\/#breadcrumb"},"inLanguage":"es","potentialAction":[{"@type":"ReadAction","target":["https:\/\/www.inforesidencias.com\/blog\/index.php\/2019\/04\/08\/ideal-para-personas-mayores-una-silla-que-te-levanta-del-suelo\/"]}]},{"@type":"BreadcrumbList","@id":"https:\/\/www.inforesidencias.com\/blog\/index.php\/2019\/04\/08\/ideal-para-personas-mayores-una-silla-que-te-levanta-del-suelo\/#breadcrumb","itemListElement":[{"@type":"ListItem","position":1,"name":"Home","item":"https:\/\/www.inforesidencias.com\/blog\/"},{"@type":"ListItem","position":2,"name":"Ideal para personas mayores. Una silla que te levanta del suelo"}]},{"@type":"WebSite","@id":"https:\/\/www.inforesidencias.com\/blog\/#website","url":"https:\/\/www.inforesidencias.com\/blog\/","name":"Blog Inforesidencias.com","description":"El buscador de residencias de la 3\u00aa edad","potentialAction":[{"@type":"SearchAction","target":{"@type":"EntryPoint","urlTemplate":"https:\/\/www.inforesidencias.com\/blog\/?s={search_term_string}"},"query-input":"required name=search_term_string"}],"inLanguage":"es"},{"@type":"Person","@id":"https:\/\/www.inforesidencias.com\/blog\/#\/schema\/person\/9e146774d1eb3bc1c0316242a3898628","name":"Josep de Mart\u00ed","image":{"@type":"ImageObject","inLanguage":"es","@id":"https:\/\/www.inforesidencias.com\/blog\/#\/schema\/person\/image\/","url":"https:\/\/secure.gravatar.com\/avatar\/de0302c4806c00c4cebff396a798c1ff?s=96&d=mm&r=g","contentUrl":"https:\/\/secure.gravatar.com\/avatar\/de0302c4806c00c4cebff396a798c1ff?s=96&d=mm&r=g","caption":"Josep de Mart\u00ed"},"sameAs":["https:\/\/www.inforesidencias.com","https:\/\/www.facebook.com\/josep.demarti","https:\/\/twitter.com\/blog-ir"],"url":"https:\/\/www.inforesidencias.com\/blog\/index.php\/author\/josepdemarti\/"}]}},"_links":{"self":[{"href":"https:\/\/www.inforesidencias.com\/blog\/index.php\/wp-json\/wp\/v2\/posts\/2075"}],"collection":[{"href":"https:\/\/www.inforesidencias.com\/blog\/index.php\/wp-json\/wp\/v2\/posts"}],"about":[{"href":"https:\/\/www.inforesidencias.com\/blog\/index.php\/wp-json\/wp\/v2\/types\/post"}],"author":[{"embeddable":true,"href":"https:\/\/www.inforesidencias.com\/blog\/index.php\/wp-json\/wp\/v2\/users\/2"}],"replies":[{"embeddable":true,"href":"https:\/\/www.inforesidencias.com\/blog\/index.php\/wp-json\/wp\/v2\/comments?post=2075"}],"version-history":[{"count":8,"href":"https:\/\/www.inforesidencias.com\/blog\/index.php\/wp-json\/wp\/v2\/posts\/2075\/revisions"}],"predecessor-version":[{"id":2084,"href":"https:\/\/www.inforesidencias.com\/blog\/index.php\/wp-json\/wp\/v2\/posts\/2075\/revisions\/2084"}],"wp:featuredmedia":[{"embeddable":true,"href":"https:\/\/www.inforesidencias.com\/blog\/index.php\/wp-json\/wp\/v2\/media\/2078"}],"wp:attachment":[{"href":"https:\/\/www.inforesidencias.com\/blog\/index.php\/wp-json\/wp\/v2\/media?parent=2075"}],"wp:term":[{"taxonomy":"category","embeddable":true,"href":"https:\/\/www.inforesidencias.com\/blog\/index.php\/wp-json\/wp\/v2\/categories?post=2075"},{"taxonomy":"post_tag","embeddable":true,"href":"https:\/\/www.inforesidencias.com\/blog\/index.php\/wp-json\/wp\/v2\/tags?post=2075"}],"curies":[{"name":"wp","href":"https:\/\/api.w.org\/{rel}","templated":true}]}}