{"id":2085,"date":"2019-04-12T07:46:43","date_gmt":"2019-04-12T07:46:43","guid":{"rendered":"https:\/\/www.inforesidencias.com\/blog\/?p=2085"},"modified":"2019-04-12T07:46:43","modified_gmt":"2019-04-12T07:46:43","slug":"una-residencia-en-un-entorno-rural-y-familiares-de-personas-con-alzheimer","status":"publish","type":"post","link":"https:\/\/www.inforesidencias.com\/blog\/index.php\/2019\/04\/12\/una-residencia-en-un-entorno-rural-y-familiares-de-personas-con-alzheimer\/","title":{"rendered":"Una residencia en un entorno rural y familiares de personas con alzheimer"},"content":{"rendered":"<p style=\"text-align: justify\">En este \u00faltimo programa antes de semana santa empezamos hablando sobre el hecho que no se ven ni\u00f1os peque\u00f1os por las calles de Nuremberg, donde Josep ha estado en uno de los viajes geroasistenciales que organizamos en inforesidencias. Seguimos hablando acerca de la l\u00ednea demogr\u00e1fica que se ha cruzado con la cual el n\u00famero de personas de m\u00e1s de 65 a\u00f1os ya es mayor que el de las personas menores de 5 a\u00f1os. Dimos por concluido la entrada al programa hablando del estudio publicado por Acra que se llama <a href=\"https:\/\/dependencia.info\/noticia\/2609\/actualidad\/ceaps-denuncia-el-caos-de-la-dependencia-y-pide-un-ministerio-de-mayores.html\">\u00abEl caos de la dependencia\u00bb y lo que han demostrado con \u00e9l.<\/a><\/p>\n<p>Nuestro primer invitado de la tarde fue Carlos Casas, gerente de la residencia <a href=\"https:\/\/www.inforesidencias.com\/centros\/residencia\/3124\/residencia-dels-munts\">\u00abEls Munts\u00bb en Sant Boi de Llu\u00e7anes<\/a> fundada hace 30 a\u00f1os. Con \u00e9l hablamos de c\u00f3mo es una residencia en un entorno rural y agr\u00edcola como es su caso, ya que su residencia est\u00e1 situada en la Comarca de Osona.<\/p>\n<p style=\"text-align: justify\">Nos dijo donde estaban situados (ni m\u00e1s ni menos que en la plaza del centro del pueblo), lo que se pod\u00eda hacer, las vistas etc.. y tambi\u00e9n la profesionalidad y la gran cohesi\u00f3n del personal de su residencia. No obstante, esta cohesi\u00f3n no esta absenta de dificultad en lo que respecta a encontrar a estos profesionales. El \u00e9xodo rural hac\u00eda lo urbano, toma ejemplo <a href=\"http:\/\/www.residenciadelsmunts.com\/\">en la residencia dels Munts<\/a>. Si ya es complicado para una residencia en una ciudad encontrar personal, aun lo es m\u00e1s para una residencia en un entorno rural. Terminamos hablando de la gran importancia que le dan a la comida hecha con producto de proximidad. Y todo esto a un precio en cuanto a la plaza privada dif\u00edcil de superar.<\/p>\n<p>Finalmente, tambi\u00e9n es rese\u00f1able no olvidar que tambi\u00e9n pueden tramitar la prestaci\u00f3n econ\u00f3mica vinculada a residencia (PEV) para mitigar parte del coste de la plaza privada. <strong>Y tienen algunas plazas libres!!<\/strong><\/p>\n<p style=\"text-align: justify\">Despu\u00e9s de escuchar una canci\u00f3n reminiscente en alem\u00e1n, la bolsa de trabajo y la consulta del trabajador social. entrevistamos a nuestra segundas invitadas. Ellas eran inmaculada Fernandez, directora de la <a href=\"https:\/\/www.afab-bcn.org\/\">asociaci\u00f3n de familiares de alzheimer de Barcelona (AFAB)<\/a> y Mercedes Naranjo, familiar de una persona con alzheimer y miembro de la asociaci\u00f3n de familiares de alzheimer de Catalu\u00f1a.<\/p>\n<p style=\"text-align: justify\"><a href=\"https:\/\/www.inforesidencias.com\/blog\/wp-content\/uploads\/2019\/04\/residencia-els-Munts-y-AFAB.jpg\"><img decoding=\"async\" loading=\"lazy\" class=\"aligncenter size-full wp-image-2090\" src=\"https:\/\/www.inforesidencias.com\/blog\/wp-content\/uploads\/2019\/04\/residencia-els-Munts-y-AFAB.jpg\" alt=\"residencia els Munts y AFAB\" width=\"400\" height=\"300\" \/><\/a><\/p>\n<p style=\"text-align: justify\">Con ellas hablamos del impacto del alzheimer en los familiares de la persona que lo padece. Hablamos tambi\u00e9n del diagn\u00f3stico precoz y de su vital importancia, as\u00ed como de un tema del que se habla poco que es cuanto cuesta cuidar a una persona con alzheimer. Hablamos tambi\u00e9n del desarrollo dela AFAB durante sus 33 a\u00f1os de existencia y como han ido cambiando los servicios especializados que se ofrecen a las personas con alzheimer y a sus familiares sin olvidar la importancia de la individualizaci\u00f3n del cuidado y la suma relevancia que tiene el hecho de no empezar a ver a la enfermedad en lugar de la persona cuando se diagnostica. No debemos olvidarnos que siempre quien padece alzheimer es nuestra padre, madre, hermano amigos etc, y quiere seguir siendo tratado con normalidad.<\/p>\n<p style=\"text-align: justify\">Acabamos pidi\u00e9ndoles opini\u00f3n sobre si aconsejan que las personas con alzheimer u otras demencias vayan a centros con unidades especializadas o a centros con servicios m\u00e1s bien generales y la <a href=\"https:\/\/www.inforesidencias.com\/contenidos\/mayores-y-familia\/nacional\/planificacion-legal-en-personas-mayores\">importancia de de dejar escrito ante un abogado como queremos que nos traten en un futuro cuando no podamos decidir nuestro futuro con unos poderes cuando todav\u00eda esta<\/a>.<\/p>\n<p style=\"text-align: justify\">Muchas gracias a Carlos por venir de lejos a explicarnos como trabajan en su residencia \u00abEls Munts\u00bb y a Inma y Mercedes por ofrecernos una visi\u00f3n tan pr\u00f3xima de como es y como cambia la vida de las personas cuando alg\u00fan familiar padece alzheimer.<\/p>\n","protected":false},"excerpt":{"rendered":"<p>En este \u00faltimo programa antes de semana santa empezamos hablando sobre el hecho que no se ven ni\u00f1os peque\u00f1os por las calles de Nuremberg, donde Josep ha estado en uno de los viajes geroasistenciales que organizamos en inforesidencias. Seguimos hablando acerca de la l\u00ednea demogr\u00e1fica que se ha cruzado con la cual el n\u00famero de personas de m\u00e1s de 65 a\u00f1os ya es mayor que el de las personas menores de 5 a\u00f1os. Dimos por concluido la entrada al programa hablando del estudio publicado por Acra que se llama \u00abEl caos de la dependencia\u00bb y lo que han demostrado con \u00e9l. Nuestro primer invitado de la tarde fue Carlos Casas, gerente de la residencia \u00abEls Munts\u00bb en Sant Boi de Llu\u00e7anes fundada hace 30 a\u00f1os. Con \u00e9l hablamos de c\u00f3mo es una residencia en un entorno rural y agr\u00edcola como es su caso, ya que su residencia est\u00e1 situada en [&hellip;]<\/p>\n","protected":false},"author":2,"featured_media":2090,"comment_status":"open","ping_status":"open","sticky":false,"template":"","format":"standard","meta":{"footnotes":""},"categories":[1],"tags":[],"yoast_head":"<!-- This site is optimized with the Yoast SEO plugin v21.7 - https:\/\/yoast.com\/wordpress\/plugins\/seo\/ -->\n<title>Una residencia en un entorno rural y familiares de personas con alzheimer - Blog Inforesidencias.com<\/title>\n<meta name=\"description\" content=\"De la residencia Els Munts nos explicaron como se trabaja en un entorno rural. De la AFAB nos contaron como ayudan a los familiares de personas con alzheimer\" \/>\n<meta name=\"robots\" content=\"index, follow, max-snippet:-1, max-image-preview:large, max-video-preview:-1\" \/>\n<link rel=\"canonical\" href=\"https:\/\/www.inforesidencias.com\/blog\/index.php\/2019\/04\/12\/una-residencia-en-un-entorno-rural-y-familiares-de-personas-con-alzheimer\/\" \/>\n<meta property=\"og:locale\" content=\"es_ES\" \/>\n<meta property=\"og:type\" content=\"article\" \/>\n<meta property=\"og:title\" content=\"Una residencia en un entorno rural y familiares de personas con alzheimer - Blog Inforesidencias.com\" \/>\n<meta property=\"og:description\" content=\"De la residencia Els Munts nos explicaron como se trabaja en un entorno rural. De la AFAB nos contaron como ayudan a los familiares de personas con alzheimer\" \/>\n<meta property=\"og:url\" content=\"https:\/\/www.inforesidencias.com\/blog\/index.php\/2019\/04\/12\/una-residencia-en-un-entorno-rural-y-familiares-de-personas-con-alzheimer\/\" \/>\n<meta property=\"og:site_name\" content=\"Blog Inforesidencias.com\" \/>\n<meta property=\"article:publisher\" content=\"https:\/\/www.facebook.com\/Inforesidencias\/\" \/>\n<meta property=\"article:author\" content=\"https:\/\/www.facebook.com\/josep.demarti\" \/>\n<meta property=\"article:published_time\" content=\"2019-04-12T07:46:43+00:00\" \/>\n<meta property=\"og:image\" content=\"https:\/\/www.inforesidencias.com\/blog\/wp-content\/uploads\/2019\/04\/residencia-els-Munts-y-AFAB.jpg\" \/>\n\t<meta property=\"og:image:width\" content=\"400\" \/>\n\t<meta property=\"og:image:height\" content=\"300\" \/>\n\t<meta property=\"og:image:type\" content=\"image\/jpeg\" \/>\n<meta name=\"author\" content=\"Josep de Mart\u00ed\" \/>\n<meta name=\"twitter:card\" content=\"summary_large_image\" \/>\n<meta name=\"twitter:creator\" content=\"@blog-ir\" \/>\n<meta name=\"twitter:site\" content=\"@inforesidencias\" \/>\n<meta name=\"twitter:label1\" content=\"Escrito por\" \/>\n\t<meta name=\"twitter:data1\" content=\"Josep de Mart\u00ed\" \/>\n\t<meta name=\"twitter:label2\" content=\"Tiempo de lectura\" \/>\n\t<meta name=\"twitter:data2\" content=\"3 minutos\" \/>\n<script type=\"application\/ld+json\" class=\"yoast-schema-graph\">{\"@context\":\"https:\/\/schema.org\",\"@graph\":[{\"@type\":\"WebPage\",\"@id\":\"https:\/\/www.inforesidencias.com\/blog\/index.php\/2019\/04\/12\/una-residencia-en-un-entorno-rural-y-familiares-de-personas-con-alzheimer\/\",\"url\":\"https:\/\/www.inforesidencias.com\/blog\/index.php\/2019\/04\/12\/una-residencia-en-un-entorno-rural-y-familiares-de-personas-con-alzheimer\/\",\"name\":\"Una residencia en un entorno rural y familiares de personas con alzheimer - Blog Inforesidencias.com\",\"isPartOf\":{\"@id\":\"https:\/\/www.inforesidencias.com\/blog\/#website\"},\"datePublished\":\"2019-04-12T07:46:43+00:00\",\"dateModified\":\"2019-04-12T07:46:43+00:00\",\"author\":{\"@id\":\"https:\/\/www.inforesidencias.com\/blog\/#\/schema\/person\/9e146774d1eb3bc1c0316242a3898628\"},\"description\":\"De la residencia Els Munts nos explicaron como se trabaja en un entorno rural. De la AFAB nos contaron como ayudan a los familiares de personas con alzheimer\",\"breadcrumb\":{\"@id\":\"https:\/\/www.inforesidencias.com\/blog\/index.php\/2019\/04\/12\/una-residencia-en-un-entorno-rural-y-familiares-de-personas-con-alzheimer\/#breadcrumb\"},\"inLanguage\":\"es\",\"potentialAction\":[{\"@type\":\"ReadAction\",\"target\":[\"https:\/\/www.inforesidencias.com\/blog\/index.php\/2019\/04\/12\/una-residencia-en-un-entorno-rural-y-familiares-de-personas-con-alzheimer\/\"]}]},{\"@type\":\"BreadcrumbList\",\"@id\":\"https:\/\/www.inforesidencias.com\/blog\/index.php\/2019\/04\/12\/una-residencia-en-un-entorno-rural-y-familiares-de-personas-con-alzheimer\/#breadcrumb\",\"itemListElement\":[{\"@type\":\"ListItem\",\"position\":1,\"name\":\"Home\",\"item\":\"https:\/\/www.inforesidencias.com\/blog\/\"},{\"@type\":\"ListItem\",\"position\":2,\"name\":\"Una residencia en un entorno rural y familiares de personas con alzheimer\"}]},{\"@type\":\"WebSite\",\"@id\":\"https:\/\/www.inforesidencias.com\/blog\/#website\",\"url\":\"https:\/\/www.inforesidencias.com\/blog\/\",\"name\":\"Blog Inforesidencias.com\",\"description\":\"El buscador de residencias de la 3\u00aa edad\",\"potentialAction\":[{\"@type\":\"SearchAction\",\"target\":{\"@type\":\"EntryPoint\",\"urlTemplate\":\"https:\/\/www.inforesidencias.com\/blog\/?s={search_term_string}\"},\"query-input\":\"required name=search_term_string\"}],\"inLanguage\":\"es\"},{\"@type\":\"Person\",\"@id\":\"https:\/\/www.inforesidencias.com\/blog\/#\/schema\/person\/9e146774d1eb3bc1c0316242a3898628\",\"name\":\"Josep de Mart\u00ed\",\"image\":{\"@type\":\"ImageObject\",\"inLanguage\":\"es\",\"@id\":\"https:\/\/www.inforesidencias.com\/blog\/#\/schema\/person\/image\/\",\"url\":\"https:\/\/secure.gravatar.com\/avatar\/de0302c4806c00c4cebff396a798c1ff?s=96&d=mm&r=g\",\"contentUrl\":\"https:\/\/secure.gravatar.com\/avatar\/de0302c4806c00c4cebff396a798c1ff?s=96&d=mm&r=g\",\"caption\":\"Josep de Mart\u00ed\"},\"sameAs\":[\"https:\/\/www.inforesidencias.com\",\"https:\/\/www.facebook.com\/josep.demarti\",\"https:\/\/twitter.com\/blog-ir\"],\"url\":\"https:\/\/www.inforesidencias.com\/blog\/index.php\/author\/josepdemarti\/\"}]}<\/script>\n<!-- \/ Yoast SEO plugin. -->","yoast_head_json":{"title":"Una residencia en un entorno rural y familiares de personas con alzheimer - Blog Inforesidencias.com","description":"De la residencia Els Munts nos explicaron como se trabaja en un entorno rural. De la AFAB nos contaron como ayudan a los familiares de personas con alzheimer","robots":{"index":"index","follow":"follow","max-snippet":"max-snippet:-1","max-image-preview":"max-image-preview:large","max-video-preview":"max-video-preview:-1"},"canonical":"https:\/\/www.inforesidencias.com\/blog\/index.php\/2019\/04\/12\/una-residencia-en-un-entorno-rural-y-familiares-de-personas-con-alzheimer\/","og_locale":"es_ES","og_type":"article","og_title":"Una residencia en un entorno rural y familiares de personas con alzheimer - Blog Inforesidencias.com","og_description":"De la residencia Els Munts nos explicaron como se trabaja en un entorno rural. De la AFAB nos contaron como ayudan a los familiares de personas con alzheimer","og_url":"https:\/\/www.inforesidencias.com\/blog\/index.php\/2019\/04\/12\/una-residencia-en-un-entorno-rural-y-familiares-de-personas-con-alzheimer\/","og_site_name":"Blog Inforesidencias.com","article_publisher":"https:\/\/www.facebook.com\/Inforesidencias\/","article_author":"https:\/\/www.facebook.com\/josep.demarti","article_published_time":"2019-04-12T07:46:43+00:00","og_image":[{"width":400,"height":300,"url":"https:\/\/www.inforesidencias.com\/blog\/wp-content\/uploads\/2019\/04\/residencia-els-Munts-y-AFAB.jpg","type":"image\/jpeg"}],"author":"Josep de Mart\u00ed","twitter_card":"summary_large_image","twitter_creator":"@blog-ir","twitter_site":"@inforesidencias","twitter_misc":{"Escrito por":"Josep de Mart\u00ed","Tiempo de lectura":"3 minutos"},"schema":{"@context":"https:\/\/schema.org","@graph":[{"@type":"WebPage","@id":"https:\/\/www.inforesidencias.com\/blog\/index.php\/2019\/04\/12\/una-residencia-en-un-entorno-rural-y-familiares-de-personas-con-alzheimer\/","url":"https:\/\/www.inforesidencias.com\/blog\/index.php\/2019\/04\/12\/una-residencia-en-un-entorno-rural-y-familiares-de-personas-con-alzheimer\/","name":"Una residencia en un entorno rural y familiares de personas con alzheimer - Blog Inforesidencias.com","isPartOf":{"@id":"https:\/\/www.inforesidencias.com\/blog\/#website"},"datePublished":"2019-04-12T07:46:43+00:00","dateModified":"2019-04-12T07:46:43+00:00","author":{"@id":"https:\/\/www.inforesidencias.com\/blog\/#\/schema\/person\/9e146774d1eb3bc1c0316242a3898628"},"description":"De la residencia Els Munts nos explicaron como se trabaja en un entorno rural. De la AFAB nos contaron como ayudan a los familiares de personas con alzheimer","breadcrumb":{"@id":"https:\/\/www.inforesidencias.com\/blog\/index.php\/2019\/04\/12\/una-residencia-en-un-entorno-rural-y-familiares-de-personas-con-alzheimer\/#breadcrumb"},"inLanguage":"es","potentialAction":[{"@type":"ReadAction","target":["https:\/\/www.inforesidencias.com\/blog\/index.php\/2019\/04\/12\/una-residencia-en-un-entorno-rural-y-familiares-de-personas-con-alzheimer\/"]}]},{"@type":"BreadcrumbList","@id":"https:\/\/www.inforesidencias.com\/blog\/index.php\/2019\/04\/12\/una-residencia-en-un-entorno-rural-y-familiares-de-personas-con-alzheimer\/#breadcrumb","itemListElement":[{"@type":"ListItem","position":1,"name":"Home","item":"https:\/\/www.inforesidencias.com\/blog\/"},{"@type":"ListItem","position":2,"name":"Una residencia en un entorno rural y familiares de personas con alzheimer"}]},{"@type":"WebSite","@id":"https:\/\/www.inforesidencias.com\/blog\/#website","url":"https:\/\/www.inforesidencias.com\/blog\/","name":"Blog Inforesidencias.com","description":"El buscador de residencias de la 3\u00aa edad","potentialAction":[{"@type":"SearchAction","target":{"@type":"EntryPoint","urlTemplate":"https:\/\/www.inforesidencias.com\/blog\/?s={search_term_string}"},"query-input":"required name=search_term_string"}],"inLanguage":"es"},{"@type":"Person","@id":"https:\/\/www.inforesidencias.com\/blog\/#\/schema\/person\/9e146774d1eb3bc1c0316242a3898628","name":"Josep de Mart\u00ed","image":{"@type":"ImageObject","inLanguage":"es","@id":"https:\/\/www.inforesidencias.com\/blog\/#\/schema\/person\/image\/","url":"https:\/\/secure.gravatar.com\/avatar\/de0302c4806c00c4cebff396a798c1ff?s=96&d=mm&r=g","contentUrl":"https:\/\/secure.gravatar.com\/avatar\/de0302c4806c00c4cebff396a798c1ff?s=96&d=mm&r=g","caption":"Josep de Mart\u00ed"},"sameAs":["https:\/\/www.inforesidencias.com","https:\/\/www.facebook.com\/josep.demarti","https:\/\/twitter.com\/blog-ir"],"url":"https:\/\/www.inforesidencias.com\/blog\/index.php\/author\/josepdemarti\/"}]}},"_links":{"self":[{"href":"https:\/\/www.inforesidencias.com\/blog\/index.php\/wp-json\/wp\/v2\/posts\/2085"}],"collection":[{"href":"https:\/\/www.inforesidencias.com\/blog\/index.php\/wp-json\/wp\/v2\/posts"}],"about":[{"href":"https:\/\/www.inforesidencias.com\/blog\/index.php\/wp-json\/wp\/v2\/types\/post"}],"author":[{"embeddable":true,"href":"https:\/\/www.inforesidencias.com\/blog\/index.php\/wp-json\/wp\/v2\/users\/2"}],"replies":[{"embeddable":true,"href":"https:\/\/www.inforesidencias.com\/blog\/index.php\/wp-json\/wp\/v2\/comments?post=2085"}],"version-history":[{"count":7,"href":"https:\/\/www.inforesidencias.com\/blog\/index.php\/wp-json\/wp\/v2\/posts\/2085\/revisions"}],"predecessor-version":[{"id":2093,"href":"https:\/\/www.inforesidencias.com\/blog\/index.php\/wp-json\/wp\/v2\/posts\/2085\/revisions\/2093"}],"wp:featuredmedia":[{"embeddable":true,"href":"https:\/\/www.inforesidencias.com\/blog\/index.php\/wp-json\/wp\/v2\/media\/2090"}],"wp:attachment":[{"href":"https:\/\/www.inforesidencias.com\/blog\/index.php\/wp-json\/wp\/v2\/media?parent=2085"}],"wp:term":[{"taxonomy":"category","embeddable":true,"href":"https:\/\/www.inforesidencias.com\/blog\/index.php\/wp-json\/wp\/v2\/categories?post=2085"},{"taxonomy":"post_tag","embeddable":true,"href":"https:\/\/www.inforesidencias.com\/blog\/index.php\/wp-json\/wp\/v2\/tags?post=2085"}],"curies":[{"name":"wp","href":"https:\/\/api.w.org\/{rel}","templated":true}]}}