{"id":2095,"date":"2019-04-15T14:49:55","date_gmt":"2019-04-15T14:49:55","guid":{"rendered":"https:\/\/www.inforesidencias.com\/blog\/?p=2095"},"modified":"2019-04-15T14:49:55","modified_gmt":"2019-04-15T14:49:55","slug":"seminario-finanzas-en-residencias-en-barcelona","status":"publish","type":"post","link":"https:\/\/www.inforesidencias.com\/blog\/index.php\/2019\/04\/15\/seminario-finanzas-en-residencias-en-barcelona\/","title":{"rendered":"Seminario finanzas en residencias en Barcelona"},"content":{"rendered":"<p style=\"text-align: justify\">El pasado jueves 11 de abril se celebr\u00f3 la jornada organizada por Inforesidencias y Bufete Escura, con el t\u00edtulo <strong>\u201cFinanzas para no financieros en la gesti\u00f3n de residencias de mayores\u201d<\/strong>, un seminario enfocado para directores de residencia, gestores o personal de administraci\u00f3n sin una formaci\u00f3n empresarial reglada previa y que en su quehacer diario necesitan poder interpretar los documentos financieros b\u00e1sicos de la residencia, as\u00ed como tambi\u00e9n la evoluci\u00f3n de los mismos a lo largo del tiempo.<\/p>\n<p style=\"text-align: justify\">La presentaci\u00f3n del seminario fue realizada por Josep de Mart\u00ed, director de Inforesidencias, quien coment\u00f3 las inquietudes y dudas habituales de los directores de residencias en el \u00e1mbito financiero.<\/p>\n<p style=\"text-align: justify\">El encargado principal de impartir el seminario fue Xavi Paradell i Fern\u00e0ndez, Licenciado en Ciencias Empresariales y Master en Administraci\u00f3n y Direcci\u00f3n de Empresas (MBA) por ESADE y la UPC,. Tambi\u00e9n es profesor asociado de ESADE y de estudios de postgrado en la Facultat d\u2019Educaci\u00f3 Social i Treball Social de <img decoding=\"async\" loading=\"lazy\" class=\" wp-image-2098 alignleft\" src=\"https:\/\/www.inforesidencias.com\/blog\/wp-content\/uploads\/2019\/04\/seminario-inforesidencias.png\" alt=\"seminario inforesidencias\" width=\"200\" height=\"150\" \/>la Fundaci\u00f3 Pere Tarr\u00e9s. El Sr. Paradell repas\u00f3 los conceptos b\u00e1sicos sobre contabilidad, balances de situaci\u00f3n y cuentas de explotaci\u00f3n. Por otro lado, enfatiz\u00f3 la relevancia de la interpretaci\u00f3n del grado de endeudamiento y el grado de liquidez, as\u00ed como las claves para la gesti\u00f3n de las cuentas de la empresa.<\/p>\n<p style=\"text-align: justify\">Para terminar la jornada, Josep Oriol Mir, fiscal-contable del Departamento Sector Asistencial de Escura, destac\u00f3 la importancia a la fluidez en la comunicaci\u00f3n entre el asesor y la residencia a fin de lograr una buena gesti\u00f3n y toma de decisiones a nivel fiscal-contable.<\/p>\n<p style=\"text-align: justify\">Uno de los organizadores, Inforesidencias.com es el portal web l\u00edder, que act\u00faa como una <a href=\"https:\/\/www.inforesidencias.com\/particulares\">gu\u00eda\/buscador de residencias y centros asistenciales<\/a> dirigido a profesionales, personas que quieran crear nuevas residencias, personas mayores, familiares y a todo el sector asistencial.<\/p>\n<p style=\"text-align: justify\">Por su parte, Bufete Escura, es un despacho con m\u00e1s de 25 a\u00f1os de experiencia en el sector asistencial. Su misi\u00f3n se fundamenta en un servicio basado en la atenci\u00f3n al cliente unido a altos est\u00e1ndares \u00e9ticos y de calidad. Bufete Escura dispone de un equipo de fiscalistas, abogados, graduados sociales, especializados y dedicados exclusivamente al sector asistencial.<\/p>\n<p style=\"text-align: justify\">El mismo seminario <a href=\"https:\/\/www.inforesidencias.com\/contenidos\/seminarios\/nacional\/seminaro-finanzas-para-no-financieros-en-residencias-de-tercera-edad\">se impartir\u00e1 en Madrid el 25 de abril.<\/a><\/p>\n","protected":false},"excerpt":{"rendered":"<p>El pasado jueves 11 de abril se celebr\u00f3 la jornada organizada por Inforesidencias y Bufete Escura, con el t\u00edtulo \u201cFinanzas para no financieros en la gesti\u00f3n de residencias de mayores\u201d, un seminario enfocado para directores de residencia, gestores o personal de administraci\u00f3n sin una formaci\u00f3n empresarial reglada previa y que en su quehacer diario necesitan poder interpretar los documentos financieros b\u00e1sicos de la residencia, as\u00ed como tambi\u00e9n la evoluci\u00f3n de los mismos a lo largo del tiempo. La presentaci\u00f3n del seminario fue realizada por Josep de Mart\u00ed, director de Inforesidencias, quien coment\u00f3 las inquietudes y dudas habituales de los directores de residencias en el \u00e1mbito financiero. El encargado principal de impartir el seminario fue Xavi Paradell i Fern\u00e0ndez, Licenciado en Ciencias Empresariales y Master en Administraci\u00f3n y Direcci\u00f3n de Empresas (MBA) por ESADE y la UPC,. Tambi\u00e9n es profesor asociado de ESADE y de estudios de postgrado en la Facultat [&hellip;]<\/p>\n","protected":false},"author":2,"featured_media":2098,"comment_status":"open","ping_status":"open","sticky":false,"template":"","format":"standard","meta":{"footnotes":""},"categories":[1],"tags":[],"yoast_head":"<!-- This site is optimized with the Yoast SEO plugin v21.7 - https:\/\/yoast.com\/wordpress\/plugins\/seo\/ -->\n<title>Seminario finanzas en residencias en Barcelona - Blog Inforesidencias.com<\/title>\n<meta name=\"description\" content=\"El 11 de abril en el seminario Finanzas para no financieros en residencias de mayores, se dieron herramientas para entender mejor nuestra empresa\" \/>\n<meta name=\"robots\" content=\"index, follow, max-snippet:-1, max-image-preview:large, max-video-preview:-1\" \/>\n<link rel=\"canonical\" href=\"https:\/\/www.inforesidencias.com\/blog\/index.php\/2019\/04\/15\/seminario-finanzas-en-residencias-en-barcelona\/\" \/>\n<meta property=\"og:locale\" content=\"es_ES\" \/>\n<meta property=\"og:type\" content=\"article\" \/>\n<meta property=\"og:title\" content=\"Seminario finanzas en residencias en Barcelona - Blog Inforesidencias.com\" \/>\n<meta property=\"og:description\" content=\"El 11 de abril en el seminario Finanzas para no financieros en residencias de mayores, se dieron herramientas para entender mejor nuestra empresa\" \/>\n<meta property=\"og:url\" content=\"https:\/\/www.inforesidencias.com\/blog\/index.php\/2019\/04\/15\/seminario-finanzas-en-residencias-en-barcelona\/\" \/>\n<meta property=\"og:site_name\" content=\"Blog Inforesidencias.com\" \/>\n<meta property=\"article:publisher\" content=\"https:\/\/www.facebook.com\/Inforesidencias\/\" \/>\n<meta property=\"article:author\" content=\"https:\/\/www.facebook.com\/josep.demarti\" \/>\n<meta property=\"article:published_time\" content=\"2019-04-15T14:49:55+00:00\" \/>\n<meta property=\"og:image\" content=\"https:\/\/www.inforesidencias.com\/blog\/wp-content\/uploads\/2019\/04\/seminario-inforesidencias.png\" \/>\n\t<meta property=\"og:image:width\" content=\"419\" \/>\n\t<meta property=\"og:image:height\" content=\"315\" \/>\n\t<meta property=\"og:image:type\" content=\"image\/png\" \/>\n<meta name=\"author\" content=\"Josep de Mart\u00ed\" \/>\n<meta name=\"twitter:card\" content=\"summary_large_image\" \/>\n<meta name=\"twitter:creator\" content=\"@blog-ir\" \/>\n<meta name=\"twitter:site\" content=\"@inforesidencias\" \/>\n<meta name=\"twitter:label1\" content=\"Escrito por\" \/>\n\t<meta name=\"twitter:data1\" content=\"Josep de Mart\u00ed\" \/>\n\t<meta name=\"twitter:label2\" content=\"Tiempo de lectura\" \/>\n\t<meta name=\"twitter:data2\" content=\"2 minutos\" \/>\n<script type=\"application\/ld+json\" class=\"yoast-schema-graph\">{\"@context\":\"https:\/\/schema.org\",\"@graph\":[{\"@type\":\"WebPage\",\"@id\":\"https:\/\/www.inforesidencias.com\/blog\/index.php\/2019\/04\/15\/seminario-finanzas-en-residencias-en-barcelona\/\",\"url\":\"https:\/\/www.inforesidencias.com\/blog\/index.php\/2019\/04\/15\/seminario-finanzas-en-residencias-en-barcelona\/\",\"name\":\"Seminario finanzas en residencias en Barcelona - Blog Inforesidencias.com\",\"isPartOf\":{\"@id\":\"https:\/\/www.inforesidencias.com\/blog\/#website\"},\"datePublished\":\"2019-04-15T14:49:55+00:00\",\"dateModified\":\"2019-04-15T14:49:55+00:00\",\"author\":{\"@id\":\"https:\/\/www.inforesidencias.com\/blog\/#\/schema\/person\/9e146774d1eb3bc1c0316242a3898628\"},\"description\":\"El 11 de abril en el seminario Finanzas para no financieros en residencias de mayores, se dieron herramientas para entender mejor nuestra empresa\",\"breadcrumb\":{\"@id\":\"https:\/\/www.inforesidencias.com\/blog\/index.php\/2019\/04\/15\/seminario-finanzas-en-residencias-en-barcelona\/#breadcrumb\"},\"inLanguage\":\"es\",\"potentialAction\":[{\"@type\":\"ReadAction\",\"target\":[\"https:\/\/www.inforesidencias.com\/blog\/index.php\/2019\/04\/15\/seminario-finanzas-en-residencias-en-barcelona\/\"]}]},{\"@type\":\"BreadcrumbList\",\"@id\":\"https:\/\/www.inforesidencias.com\/blog\/index.php\/2019\/04\/15\/seminario-finanzas-en-residencias-en-barcelona\/#breadcrumb\",\"itemListElement\":[{\"@type\":\"ListItem\",\"position\":1,\"name\":\"Home\",\"item\":\"https:\/\/www.inforesidencias.com\/blog\/\"},{\"@type\":\"ListItem\",\"position\":2,\"name\":\"Seminario finanzas en residencias en Barcelona\"}]},{\"@type\":\"WebSite\",\"@id\":\"https:\/\/www.inforesidencias.com\/blog\/#website\",\"url\":\"https:\/\/www.inforesidencias.com\/blog\/\",\"name\":\"Blog Inforesidencias.com\",\"description\":\"El buscador de residencias de la 3\u00aa edad\",\"potentialAction\":[{\"@type\":\"SearchAction\",\"target\":{\"@type\":\"EntryPoint\",\"urlTemplate\":\"https:\/\/www.inforesidencias.com\/blog\/?s={search_term_string}\"},\"query-input\":\"required name=search_term_string\"}],\"inLanguage\":\"es\"},{\"@type\":\"Person\",\"@id\":\"https:\/\/www.inforesidencias.com\/blog\/#\/schema\/person\/9e146774d1eb3bc1c0316242a3898628\",\"name\":\"Josep de Mart\u00ed\",\"image\":{\"@type\":\"ImageObject\",\"inLanguage\":\"es\",\"@id\":\"https:\/\/www.inforesidencias.com\/blog\/#\/schema\/person\/image\/\",\"url\":\"https:\/\/secure.gravatar.com\/avatar\/de0302c4806c00c4cebff396a798c1ff?s=96&d=mm&r=g\",\"contentUrl\":\"https:\/\/secure.gravatar.com\/avatar\/de0302c4806c00c4cebff396a798c1ff?s=96&d=mm&r=g\",\"caption\":\"Josep de Mart\u00ed\"},\"sameAs\":[\"https:\/\/www.inforesidencias.com\",\"https:\/\/www.facebook.com\/josep.demarti\",\"https:\/\/twitter.com\/blog-ir\"],\"url\":\"https:\/\/www.inforesidencias.com\/blog\/index.php\/author\/josepdemarti\/\"}]}<\/script>\n<!-- \/ Yoast SEO plugin. -->","yoast_head_json":{"title":"Seminario finanzas en residencias en Barcelona - Blog Inforesidencias.com","description":"El 11 de abril en el seminario Finanzas para no financieros en residencias de mayores, se dieron herramientas para entender mejor nuestra empresa","robots":{"index":"index","follow":"follow","max-snippet":"max-snippet:-1","max-image-preview":"max-image-preview:large","max-video-preview":"max-video-preview:-1"},"canonical":"https:\/\/www.inforesidencias.com\/blog\/index.php\/2019\/04\/15\/seminario-finanzas-en-residencias-en-barcelona\/","og_locale":"es_ES","og_type":"article","og_title":"Seminario finanzas en residencias en Barcelona - Blog Inforesidencias.com","og_description":"El 11 de abril en el seminario Finanzas para no financieros en residencias de mayores, se dieron herramientas para entender mejor nuestra empresa","og_url":"https:\/\/www.inforesidencias.com\/blog\/index.php\/2019\/04\/15\/seminario-finanzas-en-residencias-en-barcelona\/","og_site_name":"Blog Inforesidencias.com","article_publisher":"https:\/\/www.facebook.com\/Inforesidencias\/","article_author":"https:\/\/www.facebook.com\/josep.demarti","article_published_time":"2019-04-15T14:49:55+00:00","og_image":[{"width":419,"height":315,"url":"https:\/\/www.inforesidencias.com\/blog\/wp-content\/uploads\/2019\/04\/seminario-inforesidencias.png","type":"image\/png"}],"author":"Josep de Mart\u00ed","twitter_card":"summary_large_image","twitter_creator":"@blog-ir","twitter_site":"@inforesidencias","twitter_misc":{"Escrito por":"Josep de Mart\u00ed","Tiempo de lectura":"2 minutos"},"schema":{"@context":"https:\/\/schema.org","@graph":[{"@type":"WebPage","@id":"https:\/\/www.inforesidencias.com\/blog\/index.php\/2019\/04\/15\/seminario-finanzas-en-residencias-en-barcelona\/","url":"https:\/\/www.inforesidencias.com\/blog\/index.php\/2019\/04\/15\/seminario-finanzas-en-residencias-en-barcelona\/","name":"Seminario finanzas en residencias en Barcelona - Blog Inforesidencias.com","isPartOf":{"@id":"https:\/\/www.inforesidencias.com\/blog\/#website"},"datePublished":"2019-04-15T14:49:55+00:00","dateModified":"2019-04-15T14:49:55+00:00","author":{"@id":"https:\/\/www.inforesidencias.com\/blog\/#\/schema\/person\/9e146774d1eb3bc1c0316242a3898628"},"description":"El 11 de abril en el seminario Finanzas para no financieros en residencias de mayores, se dieron herramientas para entender mejor nuestra empresa","breadcrumb":{"@id":"https:\/\/www.inforesidencias.com\/blog\/index.php\/2019\/04\/15\/seminario-finanzas-en-residencias-en-barcelona\/#breadcrumb"},"inLanguage":"es","potentialAction":[{"@type":"ReadAction","target":["https:\/\/www.inforesidencias.com\/blog\/index.php\/2019\/04\/15\/seminario-finanzas-en-residencias-en-barcelona\/"]}]},{"@type":"BreadcrumbList","@id":"https:\/\/www.inforesidencias.com\/blog\/index.php\/2019\/04\/15\/seminario-finanzas-en-residencias-en-barcelona\/#breadcrumb","itemListElement":[{"@type":"ListItem","position":1,"name":"Home","item":"https:\/\/www.inforesidencias.com\/blog\/"},{"@type":"ListItem","position":2,"name":"Seminario finanzas en residencias en Barcelona"}]},{"@type":"WebSite","@id":"https:\/\/www.inforesidencias.com\/blog\/#website","url":"https:\/\/www.inforesidencias.com\/blog\/","name":"Blog Inforesidencias.com","description":"El buscador de residencias de la 3\u00aa edad","potentialAction":[{"@type":"SearchAction","target":{"@type":"EntryPoint","urlTemplate":"https:\/\/www.inforesidencias.com\/blog\/?s={search_term_string}"},"query-input":"required name=search_term_string"}],"inLanguage":"es"},{"@type":"Person","@id":"https:\/\/www.inforesidencias.com\/blog\/#\/schema\/person\/9e146774d1eb3bc1c0316242a3898628","name":"Josep de Mart\u00ed","image":{"@type":"ImageObject","inLanguage":"es","@id":"https:\/\/www.inforesidencias.com\/blog\/#\/schema\/person\/image\/","url":"https:\/\/secure.gravatar.com\/avatar\/de0302c4806c00c4cebff396a798c1ff?s=96&d=mm&r=g","contentUrl":"https:\/\/secure.gravatar.com\/avatar\/de0302c4806c00c4cebff396a798c1ff?s=96&d=mm&r=g","caption":"Josep de Mart\u00ed"},"sameAs":["https:\/\/www.inforesidencias.com","https:\/\/www.facebook.com\/josep.demarti","https:\/\/twitter.com\/blog-ir"],"url":"https:\/\/www.inforesidencias.com\/blog\/index.php\/author\/josepdemarti\/"}]}},"_links":{"self":[{"href":"https:\/\/www.inforesidencias.com\/blog\/index.php\/wp-json\/wp\/v2\/posts\/2095"}],"collection":[{"href":"https:\/\/www.inforesidencias.com\/blog\/index.php\/wp-json\/wp\/v2\/posts"}],"about":[{"href":"https:\/\/www.inforesidencias.com\/blog\/index.php\/wp-json\/wp\/v2\/types\/post"}],"author":[{"embeddable":true,"href":"https:\/\/www.inforesidencias.com\/blog\/index.php\/wp-json\/wp\/v2\/users\/2"}],"replies":[{"embeddable":true,"href":"https:\/\/www.inforesidencias.com\/blog\/index.php\/wp-json\/wp\/v2\/comments?post=2095"}],"version-history":[{"count":4,"href":"https:\/\/www.inforesidencias.com\/blog\/index.php\/wp-json\/wp\/v2\/posts\/2095\/revisions"}],"predecessor-version":[{"id":2100,"href":"https:\/\/www.inforesidencias.com\/blog\/index.php\/wp-json\/wp\/v2\/posts\/2095\/revisions\/2100"}],"wp:featuredmedia":[{"embeddable":true,"href":"https:\/\/www.inforesidencias.com\/blog\/index.php\/wp-json\/wp\/v2\/media\/2098"}],"wp:attachment":[{"href":"https:\/\/www.inforesidencias.com\/blog\/index.php\/wp-json\/wp\/v2\/media?parent=2095"}],"wp:term":[{"taxonomy":"category","embeddable":true,"href":"https:\/\/www.inforesidencias.com\/blog\/index.php\/wp-json\/wp\/v2\/categories?post=2095"},{"taxonomy":"post_tag","embeddable":true,"href":"https:\/\/www.inforesidencias.com\/blog\/index.php\/wp-json\/wp\/v2\/tags?post=2095"}],"curies":[{"name":"wp","href":"https:\/\/api.w.org\/{rel}","templated":true}]}}