{"id":2114,"date":"2019-04-26T08:08:55","date_gmt":"2019-04-26T08:08:55","guid":{"rendered":"https:\/\/www.inforesidencias.com\/blog\/?p=2114"},"modified":"2019-04-26T08:08:55","modified_gmt":"2019-04-26T08:08:55","slug":"personas-con-una-enfermedad-mental-en-residencias-y-libros-en-sant-jordi","status":"publish","type":"post","link":"https:\/\/www.inforesidencias.com\/blog\/index.php\/2019\/04\/26\/personas-con-una-enfermedad-mental-en-residencias-y-libros-en-sant-jordi\/","title":{"rendered":"Personas con una enfermedad mental en residencias y libros en Sant Jordi"},"content":{"rendered":"<p style=\"text-align: justify\">El programa de esta semana de \u00ab<a href=\"https:\/\/www.estelfitxers.com\/audio\/20190423-17_00ESGRANSERGRAN.MP3\">\u00c9s gran ser gran\u00bb <\/a>fue muy especial. Y esto es debido a que coincidi\u00f3 nada m\u00e1s y nada menos que con la \u00abdiada de Sant Jordi\u00bb, una d\u00eda de especial relevancia en Catalu\u00f1a por su trasfondo, su simbolismo y significado.<\/p>\n<p style=\"text-align: justify\">En este programa empezamos hablando sobre escritos muy antiguos de m\u00e1s de 2000 a\u00f1os, concretamente un escrito de Cicer\u00f3n sobre la senectud. Seguimos comentando algunas dificultades con las que se encuentran las personas mayores con problemas de visi\u00f3n a la hora de leer. Sobre esto, dimos a conocer algunas alternativas sobre el formato de la lectura y la forma de disfrutarla para todo aquel que leer en un libro convencional sea una odisea o directamente imposible.<\/p>\n<p style=\"text-align: justify\">Una alternativa para los que adem\u00e1s tienen problemas cognitivos son los libros de lectura f\u00e1cil, lo cual consiste en modificar los libros ya existentes para que sean m\u00e1s f\u00e1ciles de entender para quienes tienen alg\u00fan deterioro cognitivo.<\/p>\n<p style=\"text-align: justify\">Ya en el tiempo de entrevistas, hablamos con nuestra primera invitada Margarita Iba\u00f1ez, de AGAM. AGAM es una asociaci\u00f3n de personas que provienen del mundo de las residencias que vieron como no sab\u00edan como tratar y cuidar a las personas con alguna enfermedad mental de m\u00e1s de 65 a\u00f1os que llegaban a sus residencias. Analizamos tambi\u00e9n un poco la dificultad de cuantificar cuantas personas de m\u00e1s de 65 a\u00f1os sufren enfermedad mental, por las variantes asociadas a cada persona y caso.<\/p>\n<p style=\"text-align: justify\">Tambi\u00e9n charlamos con nuestro otro invitado Joan Pastor, director y psic\u00f3logo de la residencia La Palmera, de Segur de Calafell. \u00c9l nos explic\u00f3 como es la llegada y la situaci\u00f3n de las personas con alguna enfermedad mental en la residencia. En esta residencia tienen personal formado para poder atender a estas personas. Si normalmente ya es imprescindible conocer a la persona a la que se cuida para dar el mejor trato posible, aun es m\u00e1s importante si cabe con las personas con enfermedades mentales.<\/p>\n<p style=\"text-align: justify\"><a href=\"https:\/\/www.inforesidencias.com\/blog\/wp-content\/uploads\/2019\/04\/enfermedad-mental-y-sant-jordi.jpg\"><img decoding=\"async\" loading=\"lazy\" class=\"aligncenter size-full wp-image-2118\" src=\"https:\/\/www.inforesidencias.com\/blog\/wp-content\/uploads\/2019\/04\/enfermedad-mental-y-sant-jordi.jpg\" alt=\"enfermedad mental y sant jordi\" width=\"420\" height=\"315\" \/><\/a><\/p>\n<p style=\"text-align: justify\">Por otro lado, nos explicaron que el alzheimer es una enfermedad que es considerada como enfermedad mental, ya que est\u00e1 englobada <a href=\"https:\/\/www.inforesidencias.com\/contenidos\/mayores-y-familia\/nacional\/convivir-con-la-demencia\">dentro de las demencias.<\/a> No obstante Joan nos explic\u00f3 que la forma de tratar a una persona con esquizofrenia por ejemplo es muy diferente a tratar una residente con alzheimer.<\/p>\n<p style=\"text-align: justify\">Finalmente Margarita nos explic\u00f3 como otras residencias pueden pedir informaci\u00f3n a AGAM para adherirse a la asociaci\u00f3n y ser una residencia que acoja a personas con problemas de salud mental. Adem\u00e1s, AGAM tambi\u00e9n les ofrece formaci\u00f3n. En todo este proyecto piloto se cuenta con el asesoramiento de los profesionales de los CSMA\u2019S (centro de salud mental de adultos).<\/p>\n<p style=\"text-align: justify\">Terminamos el programa hablando de libros y regalando alguno de ellos como \u201cCuinant la memoria\u201d de la fundaci\u00f3n Catalunya la Pedrera. Finalmente citamos alg\u00fan fragmento de alguno en concreto relacionados con las persona mayores como \u00abTres abuelas y un cocinero muerto\u00bb, \u00abSentimientos y arrugas\u00bb o bien \u00abEl amante japon\u00e9s\u00bb de Isabel Allende.<\/p>\n<p>Muchas gracias a Margarita y Joan por venir a hablarnos de su proyecto y residencia y explicarnos como trabajan d\u00eda a d\u00eda para ayudar mejor alas personas mayores con problemas mentales en las residencias.<\/p>\n","protected":false},"excerpt":{"rendered":"<p>El programa de esta semana de \u00ab\u00c9s gran ser gran\u00bb fue muy especial. Y esto es debido a que coincidi\u00f3 nada m\u00e1s y nada menos que con la \u00abdiada de Sant Jordi\u00bb, una d\u00eda de especial relevancia en Catalu\u00f1a por su trasfondo, su simbolismo y significado. En este programa empezamos hablando sobre escritos muy antiguos de m\u00e1s de 2000 a\u00f1os, concretamente un escrito de Cicer\u00f3n sobre la senectud. Seguimos comentando algunas dificultades con las que se encuentran las personas mayores con problemas de visi\u00f3n a la hora de leer. Sobre esto, dimos a conocer algunas alternativas sobre el formato de la lectura y la forma de disfrutarla para todo aquel que leer en un libro convencional sea una odisea o directamente imposible. Una alternativa para los que adem\u00e1s tienen problemas cognitivos son los libros de lectura f\u00e1cil, lo cual consiste en modificar los libros ya existentes para que sean m\u00e1s [&hellip;]<\/p>\n","protected":false},"author":2,"featured_media":2118,"comment_status":"open","ping_status":"open","sticky":false,"template":"","format":"standard","meta":{"footnotes":""},"categories":[1],"tags":[],"yoast_head":"<!-- This site is optimized with the Yoast SEO plugin v21.7 - https:\/\/yoast.com\/wordpress\/plugins\/seo\/ -->\n<title>Personas con una enfermedad mental en residencias y libros en Sant Jordi - Blog Inforesidencias.com<\/title>\n<meta name=\"description\" content=\"Las personas mayores con alguna enfermedad mental se encuentran muchas veces hu\u00e9rfanos de un recurso residencial. Desde AGAM trabajan en ello\" \/>\n<meta name=\"robots\" content=\"index, follow, max-snippet:-1, max-image-preview:large, max-video-preview:-1\" \/>\n<link rel=\"canonical\" href=\"https:\/\/www.inforesidencias.com\/blog\/index.php\/2019\/04\/26\/personas-con-una-enfermedad-mental-en-residencias-y-libros-en-sant-jordi\/\" \/>\n<meta property=\"og:locale\" content=\"es_ES\" \/>\n<meta property=\"og:type\" content=\"article\" \/>\n<meta property=\"og:title\" content=\"Personas con una enfermedad mental en residencias y libros en Sant Jordi - Blog Inforesidencias.com\" \/>\n<meta property=\"og:description\" content=\"Las personas mayores con alguna enfermedad mental se encuentran muchas veces hu\u00e9rfanos de un recurso residencial. Desde AGAM trabajan en ello\" \/>\n<meta property=\"og:url\" content=\"https:\/\/www.inforesidencias.com\/blog\/index.php\/2019\/04\/26\/personas-con-una-enfermedad-mental-en-residencias-y-libros-en-sant-jordi\/\" \/>\n<meta property=\"og:site_name\" content=\"Blog Inforesidencias.com\" \/>\n<meta property=\"article:publisher\" content=\"https:\/\/www.facebook.com\/Inforesidencias\/\" \/>\n<meta property=\"article:author\" content=\"https:\/\/www.facebook.com\/josep.demarti\" \/>\n<meta property=\"article:published_time\" content=\"2019-04-26T08:08:55+00:00\" \/>\n<meta property=\"og:image\" content=\"https:\/\/www.inforesidencias.com\/blog\/wp-content\/uploads\/2019\/04\/enfermedad-mental-y-sant-jordi.jpg\" \/>\n\t<meta property=\"og:image:width\" content=\"420\" \/>\n\t<meta property=\"og:image:height\" content=\"315\" \/>\n\t<meta property=\"og:image:type\" content=\"image\/jpeg\" \/>\n<meta name=\"author\" content=\"Josep de Mart\u00ed\" \/>\n<meta name=\"twitter:card\" content=\"summary_large_image\" \/>\n<meta name=\"twitter:creator\" content=\"@blog-ir\" \/>\n<meta name=\"twitter:site\" content=\"@inforesidencias\" \/>\n<meta name=\"twitter:label1\" content=\"Escrito por\" \/>\n\t<meta name=\"twitter:data1\" content=\"Josep de Mart\u00ed\" \/>\n\t<meta name=\"twitter:label2\" content=\"Tiempo de lectura\" \/>\n\t<meta name=\"twitter:data2\" content=\"3 minutos\" \/>\n<script type=\"application\/ld+json\" class=\"yoast-schema-graph\">{\"@context\":\"https:\/\/schema.org\",\"@graph\":[{\"@type\":\"WebPage\",\"@id\":\"https:\/\/www.inforesidencias.com\/blog\/index.php\/2019\/04\/26\/personas-con-una-enfermedad-mental-en-residencias-y-libros-en-sant-jordi\/\",\"url\":\"https:\/\/www.inforesidencias.com\/blog\/index.php\/2019\/04\/26\/personas-con-una-enfermedad-mental-en-residencias-y-libros-en-sant-jordi\/\",\"name\":\"Personas con una enfermedad mental en residencias y libros en Sant Jordi - Blog Inforesidencias.com\",\"isPartOf\":{\"@id\":\"https:\/\/www.inforesidencias.com\/blog\/#website\"},\"datePublished\":\"2019-04-26T08:08:55+00:00\",\"dateModified\":\"2019-04-26T08:08:55+00:00\",\"author\":{\"@id\":\"https:\/\/www.inforesidencias.com\/blog\/#\/schema\/person\/9e146774d1eb3bc1c0316242a3898628\"},\"description\":\"Las personas mayores con alguna enfermedad mental se encuentran muchas veces hu\u00e9rfanos de un recurso residencial. Desde AGAM trabajan en ello\",\"breadcrumb\":{\"@id\":\"https:\/\/www.inforesidencias.com\/blog\/index.php\/2019\/04\/26\/personas-con-una-enfermedad-mental-en-residencias-y-libros-en-sant-jordi\/#breadcrumb\"},\"inLanguage\":\"es\",\"potentialAction\":[{\"@type\":\"ReadAction\",\"target\":[\"https:\/\/www.inforesidencias.com\/blog\/index.php\/2019\/04\/26\/personas-con-una-enfermedad-mental-en-residencias-y-libros-en-sant-jordi\/\"]}]},{\"@type\":\"BreadcrumbList\",\"@id\":\"https:\/\/www.inforesidencias.com\/blog\/index.php\/2019\/04\/26\/personas-con-una-enfermedad-mental-en-residencias-y-libros-en-sant-jordi\/#breadcrumb\",\"itemListElement\":[{\"@type\":\"ListItem\",\"position\":1,\"name\":\"Home\",\"item\":\"https:\/\/www.inforesidencias.com\/blog\/\"},{\"@type\":\"ListItem\",\"position\":2,\"name\":\"Personas con una enfermedad mental en residencias y libros en Sant Jordi\"}]},{\"@type\":\"WebSite\",\"@id\":\"https:\/\/www.inforesidencias.com\/blog\/#website\",\"url\":\"https:\/\/www.inforesidencias.com\/blog\/\",\"name\":\"Blog Inforesidencias.com\",\"description\":\"El buscador de residencias de la 3\u00aa edad\",\"potentialAction\":[{\"@type\":\"SearchAction\",\"target\":{\"@type\":\"EntryPoint\",\"urlTemplate\":\"https:\/\/www.inforesidencias.com\/blog\/?s={search_term_string}\"},\"query-input\":\"required name=search_term_string\"}],\"inLanguage\":\"es\"},{\"@type\":\"Person\",\"@id\":\"https:\/\/www.inforesidencias.com\/blog\/#\/schema\/person\/9e146774d1eb3bc1c0316242a3898628\",\"name\":\"Josep de Mart\u00ed\",\"image\":{\"@type\":\"ImageObject\",\"inLanguage\":\"es\",\"@id\":\"https:\/\/www.inforesidencias.com\/blog\/#\/schema\/person\/image\/\",\"url\":\"https:\/\/secure.gravatar.com\/avatar\/de0302c4806c00c4cebff396a798c1ff?s=96&d=mm&r=g\",\"contentUrl\":\"https:\/\/secure.gravatar.com\/avatar\/de0302c4806c00c4cebff396a798c1ff?s=96&d=mm&r=g\",\"caption\":\"Josep de Mart\u00ed\"},\"sameAs\":[\"https:\/\/www.inforesidencias.com\",\"https:\/\/www.facebook.com\/josep.demarti\",\"https:\/\/twitter.com\/blog-ir\"],\"url\":\"https:\/\/www.inforesidencias.com\/blog\/index.php\/author\/josepdemarti\/\"}]}<\/script>\n<!-- \/ Yoast SEO plugin. -->","yoast_head_json":{"title":"Personas con una enfermedad mental en residencias y libros en Sant Jordi - Blog Inforesidencias.com","description":"Las personas mayores con alguna enfermedad mental se encuentran muchas veces hu\u00e9rfanos de un recurso residencial. Desde AGAM trabajan en ello","robots":{"index":"index","follow":"follow","max-snippet":"max-snippet:-1","max-image-preview":"max-image-preview:large","max-video-preview":"max-video-preview:-1"},"canonical":"https:\/\/www.inforesidencias.com\/blog\/index.php\/2019\/04\/26\/personas-con-una-enfermedad-mental-en-residencias-y-libros-en-sant-jordi\/","og_locale":"es_ES","og_type":"article","og_title":"Personas con una enfermedad mental en residencias y libros en Sant Jordi - Blog Inforesidencias.com","og_description":"Las personas mayores con alguna enfermedad mental se encuentran muchas veces hu\u00e9rfanos de un recurso residencial. Desde AGAM trabajan en ello","og_url":"https:\/\/www.inforesidencias.com\/blog\/index.php\/2019\/04\/26\/personas-con-una-enfermedad-mental-en-residencias-y-libros-en-sant-jordi\/","og_site_name":"Blog Inforesidencias.com","article_publisher":"https:\/\/www.facebook.com\/Inforesidencias\/","article_author":"https:\/\/www.facebook.com\/josep.demarti","article_published_time":"2019-04-26T08:08:55+00:00","og_image":[{"width":420,"height":315,"url":"https:\/\/www.inforesidencias.com\/blog\/wp-content\/uploads\/2019\/04\/enfermedad-mental-y-sant-jordi.jpg","type":"image\/jpeg"}],"author":"Josep de Mart\u00ed","twitter_card":"summary_large_image","twitter_creator":"@blog-ir","twitter_site":"@inforesidencias","twitter_misc":{"Escrito por":"Josep de Mart\u00ed","Tiempo de lectura":"3 minutos"},"schema":{"@context":"https:\/\/schema.org","@graph":[{"@type":"WebPage","@id":"https:\/\/www.inforesidencias.com\/blog\/index.php\/2019\/04\/26\/personas-con-una-enfermedad-mental-en-residencias-y-libros-en-sant-jordi\/","url":"https:\/\/www.inforesidencias.com\/blog\/index.php\/2019\/04\/26\/personas-con-una-enfermedad-mental-en-residencias-y-libros-en-sant-jordi\/","name":"Personas con una enfermedad mental en residencias y libros en Sant Jordi - Blog Inforesidencias.com","isPartOf":{"@id":"https:\/\/www.inforesidencias.com\/blog\/#website"},"datePublished":"2019-04-26T08:08:55+00:00","dateModified":"2019-04-26T08:08:55+00:00","author":{"@id":"https:\/\/www.inforesidencias.com\/blog\/#\/schema\/person\/9e146774d1eb3bc1c0316242a3898628"},"description":"Las personas mayores con alguna enfermedad mental se encuentran muchas veces hu\u00e9rfanos de un recurso residencial. Desde AGAM trabajan en ello","breadcrumb":{"@id":"https:\/\/www.inforesidencias.com\/blog\/index.php\/2019\/04\/26\/personas-con-una-enfermedad-mental-en-residencias-y-libros-en-sant-jordi\/#breadcrumb"},"inLanguage":"es","potentialAction":[{"@type":"ReadAction","target":["https:\/\/www.inforesidencias.com\/blog\/index.php\/2019\/04\/26\/personas-con-una-enfermedad-mental-en-residencias-y-libros-en-sant-jordi\/"]}]},{"@type":"BreadcrumbList","@id":"https:\/\/www.inforesidencias.com\/blog\/index.php\/2019\/04\/26\/personas-con-una-enfermedad-mental-en-residencias-y-libros-en-sant-jordi\/#breadcrumb","itemListElement":[{"@type":"ListItem","position":1,"name":"Home","item":"https:\/\/www.inforesidencias.com\/blog\/"},{"@type":"ListItem","position":2,"name":"Personas con una enfermedad mental en residencias y libros en Sant Jordi"}]},{"@type":"WebSite","@id":"https:\/\/www.inforesidencias.com\/blog\/#website","url":"https:\/\/www.inforesidencias.com\/blog\/","name":"Blog Inforesidencias.com","description":"El buscador de residencias de la 3\u00aa edad","potentialAction":[{"@type":"SearchAction","target":{"@type":"EntryPoint","urlTemplate":"https:\/\/www.inforesidencias.com\/blog\/?s={search_term_string}"},"query-input":"required name=search_term_string"}],"inLanguage":"es"},{"@type":"Person","@id":"https:\/\/www.inforesidencias.com\/blog\/#\/schema\/person\/9e146774d1eb3bc1c0316242a3898628","name":"Josep de Mart\u00ed","image":{"@type":"ImageObject","inLanguage":"es","@id":"https:\/\/www.inforesidencias.com\/blog\/#\/schema\/person\/image\/","url":"https:\/\/secure.gravatar.com\/avatar\/de0302c4806c00c4cebff396a798c1ff?s=96&d=mm&r=g","contentUrl":"https:\/\/secure.gravatar.com\/avatar\/de0302c4806c00c4cebff396a798c1ff?s=96&d=mm&r=g","caption":"Josep de Mart\u00ed"},"sameAs":["https:\/\/www.inforesidencias.com","https:\/\/www.facebook.com\/josep.demarti","https:\/\/twitter.com\/blog-ir"],"url":"https:\/\/www.inforesidencias.com\/blog\/index.php\/author\/josepdemarti\/"}]}},"_links":{"self":[{"href":"https:\/\/www.inforesidencias.com\/blog\/index.php\/wp-json\/wp\/v2\/posts\/2114"}],"collection":[{"href":"https:\/\/www.inforesidencias.com\/blog\/index.php\/wp-json\/wp\/v2\/posts"}],"about":[{"href":"https:\/\/www.inforesidencias.com\/blog\/index.php\/wp-json\/wp\/v2\/types\/post"}],"author":[{"embeddable":true,"href":"https:\/\/www.inforesidencias.com\/blog\/index.php\/wp-json\/wp\/v2\/users\/2"}],"replies":[{"embeddable":true,"href":"https:\/\/www.inforesidencias.com\/blog\/index.php\/wp-json\/wp\/v2\/comments?post=2114"}],"version-history":[{"count":10,"href":"https:\/\/www.inforesidencias.com\/blog\/index.php\/wp-json\/wp\/v2\/posts\/2114\/revisions"}],"predecessor-version":[{"id":2125,"href":"https:\/\/www.inforesidencias.com\/blog\/index.php\/wp-json\/wp\/v2\/posts\/2114\/revisions\/2125"}],"wp:featuredmedia":[{"embeddable":true,"href":"https:\/\/www.inforesidencias.com\/blog\/index.php\/wp-json\/wp\/v2\/media\/2118"}],"wp:attachment":[{"href":"https:\/\/www.inforesidencias.com\/blog\/index.php\/wp-json\/wp\/v2\/media?parent=2114"}],"wp:term":[{"taxonomy":"category","embeddable":true,"href":"https:\/\/www.inforesidencias.com\/blog\/index.php\/wp-json\/wp\/v2\/categories?post=2114"},{"taxonomy":"post_tag","embeddable":true,"href":"https:\/\/www.inforesidencias.com\/blog\/index.php\/wp-json\/wp\/v2\/tags?post=2114"}],"curies":[{"name":"wp","href":"https:\/\/api.w.org\/{rel}","templated":true}]}}