{"id":2126,"date":"2019-04-28T08:51:13","date_gmt":"2019-04-28T08:51:13","guid":{"rendered":"https:\/\/www.inforesidencias.com\/blog\/?p=2126"},"modified":"2019-04-26T08:51:28","modified_gmt":"2019-04-26T08:51:28","slug":"la-obesidad-en-la-vejez","status":"publish","type":"post","link":"https:\/\/www.inforesidencias.com\/blog\/index.php\/2019\/04\/28\/la-obesidad-en-la-vejez\/","title":{"rendered":"La obesidad en la vejez"},"content":{"rendered":"<p style=\"text-align: justify\">La obesidad actualmente es uno de los graves problemas que padece la sociedad y es una de las principales causas de muerte que se puede prevenir en el mundo. Y la obesidad en la vejez no es una excepci\u00f3n. Los estudios demuestran que esta patolog\u00eda aumenta con a edad, en Espa\u00f1a se considera que el 36% de la poblaci\u00f3n mayor de 65 a\u00f1os no institucionalizada padece obesidad un dato alarmante si observamos la relaci\u00f3n de obesidad con diabetes y otras enfermedades cr\u00f3nicas.<\/p>\n<p style=\"text-align: justify\">La obesidad es un c\u00famulo de grasa en diferentes partes del cuerpo y se presenta por diversos factores gen\u00e9ticos y sobre todo ambientales (alimentaci\u00f3n y actividad f\u00edsica).<\/p>\n<p style=\"text-align: justify\">La obesidad m\u00e1s peligrosa es la que se acumula en la zona abdominal (per\u00edmetro cintura superior a 102 cm en hombres y 88 cent\u00edmetros en mujeres), la obesidad abdominal es la que se relaciona con un mayor n\u00famero de patolog\u00edas sobre todo metab\u00f3licas, sin embargo el sobrepeso y la obesidad generan serios problemas de movilidad, adem\u00e1s de patolog\u00edas como <a href=\"https:\/\/www.inforesidencias.com\/blog\/index.php\/2018\/12\/26\/la-hipercolesterolemia-en-la-tercera-edad\/\">artrosis, reflujo gastroesof\u00e1gico, litiasis biliar, problemas respiratorios, s\u00edndrome de apnea\u00a0 del sue\u00f1o etc<\/a>. Pero adem\u00e1s por el mismo sobrepeso y obesidad es posible que las personas de la tercera edad no salgan de su domicilio y terminen aisladas y marginadas de su entorno m\u00e1s inmediato por la dificultad para desplazarse, acarreando otros problemas sociales.<\/p>\n<p style=\"text-align: justify\"><a href=\"https:\/\/www.inforesidencias.com\/blog\/wp-content\/uploads\/2018\/12\/colesterol-y-tercera-edad.jpg\"><img decoding=\"async\" loading=\"lazy\" class=\"alignleft wp-image-1786\" src=\"https:\/\/www.inforesidencias.com\/blog\/wp-content\/uploads\/2018\/12\/colesterol-y-tercera-edad.jpg\" alt=\"obesidad en la vejez\" width=\"250\" height=\"176\" \/><\/a><\/p>\n<p style=\"text-align: justify\"><a href=\"https:\/\/www.inforesidencias.com\/contenidos\/mayores-y-familia\/nacional\/primeros-dias-en-una-residencia-de-ancianos\">Los mayores que viven en residencias geri\u00e1tricas<\/a> o que asisten a centros de d\u00eda es m\u00e1s f\u00e1cil corregir algunos h\u00e1bitos alimentarios e implementar algunas actividades f\u00edsicas para perder peso. La mayor\u00eda de los centros gerontol\u00f3gicos y centros de d\u00eda cuentan con profesionales como el fisioterapeuta, m\u00e9dico, enfermera y nutricionista que vigilan el aumento o disminuci\u00f3n de peso en los residentes. Ayudar a bajar de peso al anciano no solo es un beneficio para la salud propia sino para las auxiliares gerontol\u00f3gicas ya que son ellas quienes trasladan, movilizan, ba\u00f1an y hacen la higiene, a mayor peso de los residentes m\u00e1s problemas de salud para las cuidadoras de los centros geri\u00e1tricos y de los domicilios.\u00a0 \u00a0 \u00a0 \u00a0 .<\/p>\n<p style=\"text-align: justify\">El tratamiento de la obesidad en la vejez se complica por las patolog\u00edas presentes, no est\u00e1n indicadas dietas muy estrictas pueden ser contraproducente debido a la p\u00e9rdida de masa muscular y al riesgo de complicaciones metab\u00f3licas ni tampoco cirug\u00edas, la alimentaci\u00f3n debe incluir todos los grupos de alimentos en sus debidas cantidades. En cuanto a la actividad f\u00edsica debe estar vigilada por un especialista en las cuales debe considerar las patolog\u00edas, las limitaciones y las preferencias del paciente. Existen algunos medicamentos para el tratamiento de la obesidad en la vejez, y es el m\u00e9dico geriatra quien valora los riesgos y beneficios y a partir de all\u00ed ofrece e tratamiento.<\/p>\n","protected":false},"excerpt":{"rendered":"<p>La obesidad actualmente es uno de los graves problemas que padece la sociedad y es una de las principales causas de muerte que se puede prevenir en el mundo. Y la obesidad en la vejez no es una excepci\u00f3n. Los estudios demuestran que esta patolog\u00eda aumenta con a edad, en Espa\u00f1a se considera que el 36% de la poblaci\u00f3n mayor de 65 a\u00f1os no institucionalizada padece obesidad un dato alarmante si observamos la relaci\u00f3n de obesidad con diabetes y otras enfermedades cr\u00f3nicas. La obesidad es un c\u00famulo de grasa en diferentes partes del cuerpo y se presenta por diversos factores gen\u00e9ticos y sobre todo ambientales (alimentaci\u00f3n y actividad f\u00edsica). La obesidad m\u00e1s peligrosa es la que se acumula en la zona abdominal (per\u00edmetro cintura superior a 102 cm en hombres y 88 cent\u00edmetros en mujeres), la obesidad abdominal es la que se relaciona con un mayor n\u00famero de patolog\u00edas sobre [&hellip;]<\/p>\n","protected":false},"author":2,"featured_media":1786,"comment_status":"open","ping_status":"open","sticky":false,"template":"","format":"standard","meta":{"footnotes":""},"categories":[1],"tags":[],"yoast_head":"<!-- This site is optimized with the Yoast SEO plugin v21.7 - https:\/\/yoast.com\/wordpress\/plugins\/seo\/ -->\n<title>La obesidad en la vejez - Blog Inforesidencias.com<\/title>\n<meta name=\"description\" content=\"La obesidad en la vejez hay que vigilarla mucho. Si ya de por si esta patolog\u00eda es peligrosa en la poblaci\u00f3n m\u00e1s joven, aun mas para los mayores\" \/>\n<meta name=\"robots\" content=\"index, follow, max-snippet:-1, max-image-preview:large, max-video-preview:-1\" \/>\n<link rel=\"canonical\" href=\"https:\/\/www.inforesidencias.com\/blog\/index.php\/2019\/04\/28\/la-obesidad-en-la-vejez\/\" \/>\n<meta property=\"og:locale\" content=\"es_ES\" \/>\n<meta property=\"og:type\" content=\"article\" \/>\n<meta property=\"og:title\" content=\"La obesidad en la vejez - Blog Inforesidencias.com\" \/>\n<meta property=\"og:description\" content=\"La obesidad en la vejez hay que vigilarla mucho. Si ya de por si esta patolog\u00eda es peligrosa en la poblaci\u00f3n m\u00e1s joven, aun mas para los mayores\" \/>\n<meta property=\"og:url\" content=\"https:\/\/www.inforesidencias.com\/blog\/index.php\/2019\/04\/28\/la-obesidad-en-la-vejez\/\" \/>\n<meta property=\"og:site_name\" content=\"Blog Inforesidencias.com\" \/>\n<meta property=\"article:publisher\" content=\"https:\/\/www.facebook.com\/Inforesidencias\/\" \/>\n<meta property=\"article:author\" content=\"https:\/\/www.facebook.com\/josep.demarti\" \/>\n<meta property=\"article:published_time\" content=\"2019-04-28T08:51:13+00:00\" \/>\n<meta property=\"article:modified_time\" content=\"2019-04-26T08:51:28+00:00\" \/>\n<meta property=\"og:image\" content=\"https:\/\/www.inforesidencias.com\/blog\/wp-content\/uploads\/2018\/12\/colesterol-y-tercera-edad.jpg\" \/>\n\t<meta property=\"og:image:width\" content=\"400\" \/>\n\t<meta property=\"og:image:height\" content=\"281\" \/>\n\t<meta property=\"og:image:type\" content=\"image\/jpeg\" \/>\n<meta name=\"author\" content=\"Josep de Mart\u00ed\" \/>\n<meta name=\"twitter:card\" content=\"summary_large_image\" \/>\n<meta name=\"twitter:creator\" content=\"@blog-ir\" \/>\n<meta name=\"twitter:site\" content=\"@inforesidencias\" \/>\n<meta name=\"twitter:label1\" content=\"Escrito por\" \/>\n\t<meta name=\"twitter:data1\" content=\"Josep de Mart\u00ed\" \/>\n\t<meta name=\"twitter:label2\" content=\"Tiempo de lectura\" \/>\n\t<meta name=\"twitter:data2\" content=\"2 minutos\" \/>\n<script type=\"application\/ld+json\" class=\"yoast-schema-graph\">{\"@context\":\"https:\/\/schema.org\",\"@graph\":[{\"@type\":\"WebPage\",\"@id\":\"https:\/\/www.inforesidencias.com\/blog\/index.php\/2019\/04\/28\/la-obesidad-en-la-vejez\/\",\"url\":\"https:\/\/www.inforesidencias.com\/blog\/index.php\/2019\/04\/28\/la-obesidad-en-la-vejez\/\",\"name\":\"La obesidad en la vejez - Blog Inforesidencias.com\",\"isPartOf\":{\"@id\":\"https:\/\/www.inforesidencias.com\/blog\/#website\"},\"datePublished\":\"2019-04-28T08:51:13+00:00\",\"dateModified\":\"2019-04-26T08:51:28+00:00\",\"author\":{\"@id\":\"https:\/\/www.inforesidencias.com\/blog\/#\/schema\/person\/9e146774d1eb3bc1c0316242a3898628\"},\"description\":\"La obesidad en la vejez hay que vigilarla mucho. Si ya de por si esta patolog\u00eda es peligrosa en la poblaci\u00f3n m\u00e1s joven, aun mas para los mayores\",\"breadcrumb\":{\"@id\":\"https:\/\/www.inforesidencias.com\/blog\/index.php\/2019\/04\/28\/la-obesidad-en-la-vejez\/#breadcrumb\"},\"inLanguage\":\"es\",\"potentialAction\":[{\"@type\":\"ReadAction\",\"target\":[\"https:\/\/www.inforesidencias.com\/blog\/index.php\/2019\/04\/28\/la-obesidad-en-la-vejez\/\"]}]},{\"@type\":\"BreadcrumbList\",\"@id\":\"https:\/\/www.inforesidencias.com\/blog\/index.php\/2019\/04\/28\/la-obesidad-en-la-vejez\/#breadcrumb\",\"itemListElement\":[{\"@type\":\"ListItem\",\"position\":1,\"name\":\"Home\",\"item\":\"https:\/\/www.inforesidencias.com\/blog\/\"},{\"@type\":\"ListItem\",\"position\":2,\"name\":\"La obesidad en la vejez\"}]},{\"@type\":\"WebSite\",\"@id\":\"https:\/\/www.inforesidencias.com\/blog\/#website\",\"url\":\"https:\/\/www.inforesidencias.com\/blog\/\",\"name\":\"Blog Inforesidencias.com\",\"description\":\"El buscador de residencias de la 3\u00aa edad\",\"potentialAction\":[{\"@type\":\"SearchAction\",\"target\":{\"@type\":\"EntryPoint\",\"urlTemplate\":\"https:\/\/www.inforesidencias.com\/blog\/?s={search_term_string}\"},\"query-input\":\"required name=search_term_string\"}],\"inLanguage\":\"es\"},{\"@type\":\"Person\",\"@id\":\"https:\/\/www.inforesidencias.com\/blog\/#\/schema\/person\/9e146774d1eb3bc1c0316242a3898628\",\"name\":\"Josep de Mart\u00ed\",\"image\":{\"@type\":\"ImageObject\",\"inLanguage\":\"es\",\"@id\":\"https:\/\/www.inforesidencias.com\/blog\/#\/schema\/person\/image\/\",\"url\":\"https:\/\/secure.gravatar.com\/avatar\/de0302c4806c00c4cebff396a798c1ff?s=96&d=mm&r=g\",\"contentUrl\":\"https:\/\/secure.gravatar.com\/avatar\/de0302c4806c00c4cebff396a798c1ff?s=96&d=mm&r=g\",\"caption\":\"Josep de Mart\u00ed\"},\"sameAs\":[\"https:\/\/www.inforesidencias.com\",\"https:\/\/www.facebook.com\/josep.demarti\",\"https:\/\/twitter.com\/blog-ir\"],\"url\":\"https:\/\/www.inforesidencias.com\/blog\/index.php\/author\/josepdemarti\/\"}]}<\/script>\n<!-- \/ Yoast SEO plugin. -->","yoast_head_json":{"title":"La obesidad en la vejez - Blog Inforesidencias.com","description":"La obesidad en la vejez hay que vigilarla mucho. Si ya de por si esta patolog\u00eda es peligrosa en la poblaci\u00f3n m\u00e1s joven, aun mas para los mayores","robots":{"index":"index","follow":"follow","max-snippet":"max-snippet:-1","max-image-preview":"max-image-preview:large","max-video-preview":"max-video-preview:-1"},"canonical":"https:\/\/www.inforesidencias.com\/blog\/index.php\/2019\/04\/28\/la-obesidad-en-la-vejez\/","og_locale":"es_ES","og_type":"article","og_title":"La obesidad en la vejez - Blog Inforesidencias.com","og_description":"La obesidad en la vejez hay que vigilarla mucho. Si ya de por si esta patolog\u00eda es peligrosa en la poblaci\u00f3n m\u00e1s joven, aun mas para los mayores","og_url":"https:\/\/www.inforesidencias.com\/blog\/index.php\/2019\/04\/28\/la-obesidad-en-la-vejez\/","og_site_name":"Blog Inforesidencias.com","article_publisher":"https:\/\/www.facebook.com\/Inforesidencias\/","article_author":"https:\/\/www.facebook.com\/josep.demarti","article_published_time":"2019-04-28T08:51:13+00:00","article_modified_time":"2019-04-26T08:51:28+00:00","og_image":[{"width":400,"height":281,"url":"https:\/\/www.inforesidencias.com\/blog\/wp-content\/uploads\/2018\/12\/colesterol-y-tercera-edad.jpg","type":"image\/jpeg"}],"author":"Josep de Mart\u00ed","twitter_card":"summary_large_image","twitter_creator":"@blog-ir","twitter_site":"@inforesidencias","twitter_misc":{"Escrito por":"Josep de Mart\u00ed","Tiempo de lectura":"2 minutos"},"schema":{"@context":"https:\/\/schema.org","@graph":[{"@type":"WebPage","@id":"https:\/\/www.inforesidencias.com\/blog\/index.php\/2019\/04\/28\/la-obesidad-en-la-vejez\/","url":"https:\/\/www.inforesidencias.com\/blog\/index.php\/2019\/04\/28\/la-obesidad-en-la-vejez\/","name":"La obesidad en la vejez - Blog Inforesidencias.com","isPartOf":{"@id":"https:\/\/www.inforesidencias.com\/blog\/#website"},"datePublished":"2019-04-28T08:51:13+00:00","dateModified":"2019-04-26T08:51:28+00:00","author":{"@id":"https:\/\/www.inforesidencias.com\/blog\/#\/schema\/person\/9e146774d1eb3bc1c0316242a3898628"},"description":"La obesidad en la vejez hay que vigilarla mucho. Si ya de por si esta patolog\u00eda es peligrosa en la poblaci\u00f3n m\u00e1s joven, aun mas para los mayores","breadcrumb":{"@id":"https:\/\/www.inforesidencias.com\/blog\/index.php\/2019\/04\/28\/la-obesidad-en-la-vejez\/#breadcrumb"},"inLanguage":"es","potentialAction":[{"@type":"ReadAction","target":["https:\/\/www.inforesidencias.com\/blog\/index.php\/2019\/04\/28\/la-obesidad-en-la-vejez\/"]}]},{"@type":"BreadcrumbList","@id":"https:\/\/www.inforesidencias.com\/blog\/index.php\/2019\/04\/28\/la-obesidad-en-la-vejez\/#breadcrumb","itemListElement":[{"@type":"ListItem","position":1,"name":"Home","item":"https:\/\/www.inforesidencias.com\/blog\/"},{"@type":"ListItem","position":2,"name":"La obesidad en la vejez"}]},{"@type":"WebSite","@id":"https:\/\/www.inforesidencias.com\/blog\/#website","url":"https:\/\/www.inforesidencias.com\/blog\/","name":"Blog Inforesidencias.com","description":"El buscador de residencias de la 3\u00aa edad","potentialAction":[{"@type":"SearchAction","target":{"@type":"EntryPoint","urlTemplate":"https:\/\/www.inforesidencias.com\/blog\/?s={search_term_string}"},"query-input":"required name=search_term_string"}],"inLanguage":"es"},{"@type":"Person","@id":"https:\/\/www.inforesidencias.com\/blog\/#\/schema\/person\/9e146774d1eb3bc1c0316242a3898628","name":"Josep de Mart\u00ed","image":{"@type":"ImageObject","inLanguage":"es","@id":"https:\/\/www.inforesidencias.com\/blog\/#\/schema\/person\/image\/","url":"https:\/\/secure.gravatar.com\/avatar\/de0302c4806c00c4cebff396a798c1ff?s=96&d=mm&r=g","contentUrl":"https:\/\/secure.gravatar.com\/avatar\/de0302c4806c00c4cebff396a798c1ff?s=96&d=mm&r=g","caption":"Josep de Mart\u00ed"},"sameAs":["https:\/\/www.inforesidencias.com","https:\/\/www.facebook.com\/josep.demarti","https:\/\/twitter.com\/blog-ir"],"url":"https:\/\/www.inforesidencias.com\/blog\/index.php\/author\/josepdemarti\/"}]}},"_links":{"self":[{"href":"https:\/\/www.inforesidencias.com\/blog\/index.php\/wp-json\/wp\/v2\/posts\/2126"}],"collection":[{"href":"https:\/\/www.inforesidencias.com\/blog\/index.php\/wp-json\/wp\/v2\/posts"}],"about":[{"href":"https:\/\/www.inforesidencias.com\/blog\/index.php\/wp-json\/wp\/v2\/types\/post"}],"author":[{"embeddable":true,"href":"https:\/\/www.inforesidencias.com\/blog\/index.php\/wp-json\/wp\/v2\/users\/2"}],"replies":[{"embeddable":true,"href":"https:\/\/www.inforesidencias.com\/blog\/index.php\/wp-json\/wp\/v2\/comments?post=2126"}],"version-history":[{"count":4,"href":"https:\/\/www.inforesidencias.com\/blog\/index.php\/wp-json\/wp\/v2\/posts\/2126\/revisions"}],"predecessor-version":[{"id":2130,"href":"https:\/\/www.inforesidencias.com\/blog\/index.php\/wp-json\/wp\/v2\/posts\/2126\/revisions\/2130"}],"wp:featuredmedia":[{"embeddable":true,"href":"https:\/\/www.inforesidencias.com\/blog\/index.php\/wp-json\/wp\/v2\/media\/1786"}],"wp:attachment":[{"href":"https:\/\/www.inforesidencias.com\/blog\/index.php\/wp-json\/wp\/v2\/media?parent=2126"}],"wp:term":[{"taxonomy":"category","embeddable":true,"href":"https:\/\/www.inforesidencias.com\/blog\/index.php\/wp-json\/wp\/v2\/categories?post=2126"},{"taxonomy":"post_tag","embeddable":true,"href":"https:\/\/www.inforesidencias.com\/blog\/index.php\/wp-json\/wp\/v2\/tags?post=2126"}],"curies":[{"name":"wp","href":"https:\/\/api.w.org\/{rel}","templated":true}]}}