{"id":2177,"date":"2019-05-22T13:13:56","date_gmt":"2019-05-22T13:13:56","guid":{"rendered":"https:\/\/www.inforesidencias.com\/blog\/?p=2177"},"modified":"2019-05-22T13:13:56","modified_gmt":"2019-05-22T13:13:56","slug":"una-residencia-en-horta-y-el-ejercicio-fisico-en-residencias","status":"publish","type":"post","link":"https:\/\/www.inforesidencias.com\/blog\/index.php\/2019\/05\/22\/una-residencia-en-horta-y-el-ejercicio-fisico-en-residencias\/","title":{"rendered":"Una residencia en Horta y el ejercicio f\u00edsico en residencias"},"content":{"rendered":"<p style=\"text-align: justify\">Esta semana en \u201c<a href=\"https:\/\/www.estelfitxers.com\/audio\/20190521-17_00ESGRANSERGRAN.MP3\">\u00c9s gran ser gran\u201d <\/a>empezamos el programa con un tema que pocos imaginaban si siguen habitualmente la l\u00ednea del programa. Aprovechamos la proximidad de las siguientes elecciones para empezar hablando de pol\u00edtica, concretamente de un partido liderado por gente mayor que se llama \u201cTercera edad en acci\u00f3n\u201d. Sobre este partido comentamos sus principales reivindicaciones, propuestas y en que poblaciones se presentan.<\/p>\n<p style=\"text-align: justify\">Ya en las entrevistas, nuestra primera invitada fue Montserrat Le\u00f3n, directora de<a href=\"http:\/\/www.masdeuhogar.com\/\"> la residencia Masdeu Hogar<\/a>. Esta residencia constituye otra joya de la ciudad de Barcelona. Situada en el barrio de Horta, se ha reformado completamente en los \u00faltimos a\u00f1os mostrando el sensacional aspecto actual.<\/p>\n<p style=\"text-align: justify\">Con Montse hablamos de c\u00f3mo son las habitaciones de su residencia, algunas con el sello \u201cplus\u201d. Tambi\u00e9n nos explic\u00f3 todo lo que hacen en su magnifico jard\u00edn de m\u00e1s de 1000m2 y como sacan partido del mismo, como por ejemplo con su propio huerto. Adem\u00e1s a la directora de <a href=\"https:\/\/www.inforesidencias.com\/centros\/residencia\/1030\/residencia-masdeu-hogar\">Masdeu Hogar <\/a>le pedimos que nos describiera una zona concreta de su residencia que nos pareci\u00f3 realmente particular a la vez que reminiscente<a href=\"https:\/\/www.inforesidencias.com\/blog\/wp-content\/uploads\/2019\/05\/un-espacio-de-la-residencia-masdeu.png\"><img decoding=\"async\" loading=\"lazy\" class=\" wp-image-2182 alignleft\" src=\"https:\/\/www.inforesidencias.com\/blog\/wp-content\/uploads\/2019\/05\/un-espacio-de-la-residencia-masdeu.png\" alt=\"un espacio de la residencia masdeu\" width=\"250\" height=\"177\" \/><\/a><\/p>\n<p style=\"text-align: justify\">Por otro lado, tambi\u00e9n nos habl\u00f3 de su cocina propia y del hecho de que ofrecen buffet libre en el desayuno y doble men\u00fa a escoger en la comida y en la cena.<\/p>\n<p style=\"text-align: justify\">Todo esto y m\u00e1s que nos cont\u00f3 Montse encantar\u00eda a m\u00e1s de uno, y la mejor prueba de ello fue la llamada en directo que tuvimos en la que una oyente le pregunt\u00f3 a Montse cual era el precio mensual de su residencia porque estaba convencida que con todo lo explicado seria costosa. La respuesta de Montse con los precios dej\u00f3 boquiabierta a nuestra oyente.<\/p>\n<p style=\"text-align: justify\">Con toda esta explicaci\u00f3n sobrada decir que la filosof\u00eda de atenci\u00f3n de Masdeu hogar estaba dirigida por la atenci\u00f3n centrada en la persona, pero por si hab\u00eda alguna duda se lo preguntamos.<\/p>\n<p style=\"text-align: justify\">Despu\u00e9s de la consulta del trabajador social y la bolsa de empleo, hablamos con Ivette Callorda, quien es la responsable de la <a href=\"https:\/\/www.inforesidencias.com\/infoclasificados\/anuncio\/1141700020\">fundaci\u00f3n Siel Bleu en Catalu\u00f1a<\/a>. Ivette nos explic\u00f3 que es la Fundaci\u00f3n Siel Bleu, como surgi\u00f3 en Francia hace m\u00e1s de 20 a\u00f1os y como trabaja en las residencias para lograr una mejor calidad de vida de los residentes a trav\u00e9s de la gesti\u00f3n del ejercicio f\u00edsico.<\/p>\n<p><a href=\"https:\/\/www.inforesidencias.com\/blog\/wp-content\/uploads\/2019\/05\/residencia-Masfeu-Hogar-y-siel-bleu.jpg\"><img decoding=\"async\" loading=\"lazy\" class=\"aligncenter size-full wp-image-2180\" src=\"https:\/\/www.inforesidencias.com\/blog\/wp-content\/uploads\/2019\/05\/residencia-Masfeu-Hogar-y-siel-bleu.jpg\" alt=\"residencia Masfeu Hogar y siel bleu\" width=\"400\" height=\"300\" \/><\/a><\/p>\n<p style=\"text-align: justify\">Una de sus principales objetivos es reducir el sedentarismo y la promoci\u00f3n de la autonom\u00eda personal trabajando codo con codo con los profesionales de la residencia. Para lograr el m\u00e1ximo beneficio posible realizan una evaluaci\u00f3n inicial de los residentes de un centro para saber como optimizar y sacar el m\u00e1ximo provecho a sus actividades. <a href=\"https:\/\/dependencia.info\/noticia\/2197\/actualidad\/un-programa-en-francia-mejora-la-calidad-de-vida-en-las-residencias-mediante-la-actividad-fisica-adaptada.html\">Tambi\u00e9n consiguen con su metodolog\u00eda fomentar la socializaci\u00f3n entre residentes y la estimulaci\u00f3n cognitiva. Y todo esto de forma divertida.<\/a><\/p>\n<p style=\"text-align: justify\">Dio la casualidad justamente que la residencia de Masdeu hogar contrat\u00f3 durante un tiempo los <a href=\"https:\/\/sielbleu.es\/\">servicios de Siel Bleu<\/a> y Montse Le\u00f3n nos pudo corroborar el gran trabajo que hacen desde la Fundaci\u00f3n.<\/p>\n<p style=\"text-align: justify\">Finalmente, tambi\u00e9n nos explic\u00f3 algunos consejos como prevenir las ca\u00eddas. El primordial y m\u00e1s efectivo es trabajar la fuerza. Pero que nadie se espante por hablar de fuerza, ya que Ivette nos explic\u00f3 como trabajar la fuerza en las personas mayores para conseguir mejoras sin riesgo.<\/p>\n<p style=\"text-align: justify\">Muchas gracias a Montse Leon y a Ivette de Siel Bleu por participar en el programa y explicarnos desde sus respectivos servicios, como trabajan para el binestar de las personas mayores.<\/p>\n","protected":false},"excerpt":{"rendered":"<p>Esta semana en \u201c\u00c9s gran ser gran\u201d empezamos el programa con un tema que pocos imaginaban si siguen habitualmente la l\u00ednea del programa. Aprovechamos la proximidad de las siguientes elecciones para empezar hablando de pol\u00edtica, concretamente de un partido liderado por gente mayor que se llama \u201cTercera edad en acci\u00f3n\u201d. Sobre este partido comentamos sus principales reivindicaciones, propuestas y en que poblaciones se presentan. Ya en las entrevistas, nuestra primera invitada fue Montserrat Le\u00f3n, directora de la residencia Masdeu Hogar. Esta residencia constituye otra joya de la ciudad de Barcelona. Situada en el barrio de Horta, se ha reformado completamente en los \u00faltimos a\u00f1os mostrando el sensacional aspecto actual. Con Montse hablamos de c\u00f3mo son las habitaciones de su residencia, algunas con el sello \u201cplus\u201d. Tambi\u00e9n nos explic\u00f3 todo lo que hacen en su magnifico jard\u00edn de m\u00e1s de 1000m2 y como sacan partido del mismo, como por ejemplo con [&hellip;]<\/p>\n","protected":false},"author":2,"featured_media":2180,"comment_status":"open","ping_status":"open","sticky":false,"template":"","format":"standard","meta":{"footnotes":""},"categories":[1],"tags":[],"yoast_head":"<!-- This site is optimized with the Yoast SEO plugin v21.7 - https:\/\/yoast.com\/wordpress\/plugins\/seo\/ -->\n<title>Una residencia en Horta y el ejercicio f\u00edsico en residencias - Blog Inforesidencias.com<\/title>\n<meta name=\"description\" content=\"La residencia Masdeu Hogar en Horta es realmente singular teniendo en cuenta su entorno. Desde Siel Bleu nos hablaron de la actividad f\u00edsica en los mayores\" \/>\n<meta name=\"robots\" content=\"index, follow, max-snippet:-1, max-image-preview:large, max-video-preview:-1\" \/>\n<link rel=\"canonical\" href=\"https:\/\/www.inforesidencias.com\/blog\/index.php\/2019\/05\/22\/una-residencia-en-horta-y-el-ejercicio-fisico-en-residencias\/\" \/>\n<meta property=\"og:locale\" content=\"es_ES\" \/>\n<meta property=\"og:type\" content=\"article\" \/>\n<meta property=\"og:title\" content=\"Una residencia en Horta y el ejercicio f\u00edsico en residencias - Blog Inforesidencias.com\" \/>\n<meta property=\"og:description\" content=\"La residencia Masdeu Hogar en Horta es realmente singular teniendo en cuenta su entorno. Desde Siel Bleu nos hablaron de la actividad f\u00edsica en los mayores\" \/>\n<meta property=\"og:url\" content=\"https:\/\/www.inforesidencias.com\/blog\/index.php\/2019\/05\/22\/una-residencia-en-horta-y-el-ejercicio-fisico-en-residencias\/\" \/>\n<meta property=\"og:site_name\" content=\"Blog Inforesidencias.com\" \/>\n<meta property=\"article:publisher\" content=\"https:\/\/www.facebook.com\/Inforesidencias\/\" \/>\n<meta property=\"article:author\" content=\"https:\/\/www.facebook.com\/josep.demarti\" \/>\n<meta property=\"article:published_time\" content=\"2019-05-22T13:13:56+00:00\" \/>\n<meta property=\"og:image\" content=\"https:\/\/www.inforesidencias.com\/blog\/wp-content\/uploads\/2019\/05\/residencia-Masfeu-Hogar-y-siel-bleu.jpg\" \/>\n\t<meta property=\"og:image:width\" content=\"400\" \/>\n\t<meta property=\"og:image:height\" content=\"300\" \/>\n\t<meta property=\"og:image:type\" content=\"image\/jpeg\" \/>\n<meta name=\"author\" content=\"Josep de Mart\u00ed\" \/>\n<meta name=\"twitter:card\" content=\"summary_large_image\" \/>\n<meta name=\"twitter:creator\" content=\"@blog-ir\" \/>\n<meta name=\"twitter:site\" content=\"@inforesidencias\" \/>\n<meta name=\"twitter:label1\" content=\"Escrito por\" \/>\n\t<meta name=\"twitter:data1\" content=\"Josep de Mart\u00ed\" \/>\n\t<meta name=\"twitter:label2\" content=\"Tiempo de lectura\" \/>\n\t<meta name=\"twitter:data2\" content=\"3 minutos\" \/>\n<script type=\"application\/ld+json\" class=\"yoast-schema-graph\">{\"@context\":\"https:\/\/schema.org\",\"@graph\":[{\"@type\":\"WebPage\",\"@id\":\"https:\/\/www.inforesidencias.com\/blog\/index.php\/2019\/05\/22\/una-residencia-en-horta-y-el-ejercicio-fisico-en-residencias\/\",\"url\":\"https:\/\/www.inforesidencias.com\/blog\/index.php\/2019\/05\/22\/una-residencia-en-horta-y-el-ejercicio-fisico-en-residencias\/\",\"name\":\"Una residencia en Horta y el ejercicio f\u00edsico en residencias - Blog Inforesidencias.com\",\"isPartOf\":{\"@id\":\"https:\/\/www.inforesidencias.com\/blog\/#website\"},\"datePublished\":\"2019-05-22T13:13:56+00:00\",\"dateModified\":\"2019-05-22T13:13:56+00:00\",\"author\":{\"@id\":\"https:\/\/www.inforesidencias.com\/blog\/#\/schema\/person\/9e146774d1eb3bc1c0316242a3898628\"},\"description\":\"La residencia Masdeu Hogar en Horta es realmente singular teniendo en cuenta su entorno. Desde Siel Bleu nos hablaron de la actividad f\u00edsica en los mayores\",\"breadcrumb\":{\"@id\":\"https:\/\/www.inforesidencias.com\/blog\/index.php\/2019\/05\/22\/una-residencia-en-horta-y-el-ejercicio-fisico-en-residencias\/#breadcrumb\"},\"inLanguage\":\"es\",\"potentialAction\":[{\"@type\":\"ReadAction\",\"target\":[\"https:\/\/www.inforesidencias.com\/blog\/index.php\/2019\/05\/22\/una-residencia-en-horta-y-el-ejercicio-fisico-en-residencias\/\"]}]},{\"@type\":\"BreadcrumbList\",\"@id\":\"https:\/\/www.inforesidencias.com\/blog\/index.php\/2019\/05\/22\/una-residencia-en-horta-y-el-ejercicio-fisico-en-residencias\/#breadcrumb\",\"itemListElement\":[{\"@type\":\"ListItem\",\"position\":1,\"name\":\"Home\",\"item\":\"https:\/\/www.inforesidencias.com\/blog\/\"},{\"@type\":\"ListItem\",\"position\":2,\"name\":\"Una residencia en Horta y el ejercicio f\u00edsico en residencias\"}]},{\"@type\":\"WebSite\",\"@id\":\"https:\/\/www.inforesidencias.com\/blog\/#website\",\"url\":\"https:\/\/www.inforesidencias.com\/blog\/\",\"name\":\"Blog Inforesidencias.com\",\"description\":\"El buscador de residencias de la 3\u00aa edad\",\"potentialAction\":[{\"@type\":\"SearchAction\",\"target\":{\"@type\":\"EntryPoint\",\"urlTemplate\":\"https:\/\/www.inforesidencias.com\/blog\/?s={search_term_string}\"},\"query-input\":\"required name=search_term_string\"}],\"inLanguage\":\"es\"},{\"@type\":\"Person\",\"@id\":\"https:\/\/www.inforesidencias.com\/blog\/#\/schema\/person\/9e146774d1eb3bc1c0316242a3898628\",\"name\":\"Josep de Mart\u00ed\",\"image\":{\"@type\":\"ImageObject\",\"inLanguage\":\"es\",\"@id\":\"https:\/\/www.inforesidencias.com\/blog\/#\/schema\/person\/image\/\",\"url\":\"https:\/\/secure.gravatar.com\/avatar\/de0302c4806c00c4cebff396a798c1ff?s=96&d=mm&r=g\",\"contentUrl\":\"https:\/\/secure.gravatar.com\/avatar\/de0302c4806c00c4cebff396a798c1ff?s=96&d=mm&r=g\",\"caption\":\"Josep de Mart\u00ed\"},\"sameAs\":[\"https:\/\/www.inforesidencias.com\",\"https:\/\/www.facebook.com\/josep.demarti\",\"https:\/\/twitter.com\/blog-ir\"],\"url\":\"https:\/\/www.inforesidencias.com\/blog\/index.php\/author\/josepdemarti\/\"}]}<\/script>\n<!-- \/ Yoast SEO plugin. -->","yoast_head_json":{"title":"Una residencia en Horta y el ejercicio f\u00edsico en residencias - Blog Inforesidencias.com","description":"La residencia Masdeu Hogar en Horta es realmente singular teniendo en cuenta su entorno. Desde Siel Bleu nos hablaron de la actividad f\u00edsica en los mayores","robots":{"index":"index","follow":"follow","max-snippet":"max-snippet:-1","max-image-preview":"max-image-preview:large","max-video-preview":"max-video-preview:-1"},"canonical":"https:\/\/www.inforesidencias.com\/blog\/index.php\/2019\/05\/22\/una-residencia-en-horta-y-el-ejercicio-fisico-en-residencias\/","og_locale":"es_ES","og_type":"article","og_title":"Una residencia en Horta y el ejercicio f\u00edsico en residencias - Blog Inforesidencias.com","og_description":"La residencia Masdeu Hogar en Horta es realmente singular teniendo en cuenta su entorno. Desde Siel Bleu nos hablaron de la actividad f\u00edsica en los mayores","og_url":"https:\/\/www.inforesidencias.com\/blog\/index.php\/2019\/05\/22\/una-residencia-en-horta-y-el-ejercicio-fisico-en-residencias\/","og_site_name":"Blog Inforesidencias.com","article_publisher":"https:\/\/www.facebook.com\/Inforesidencias\/","article_author":"https:\/\/www.facebook.com\/josep.demarti","article_published_time":"2019-05-22T13:13:56+00:00","og_image":[{"width":400,"height":300,"url":"https:\/\/www.inforesidencias.com\/blog\/wp-content\/uploads\/2019\/05\/residencia-Masfeu-Hogar-y-siel-bleu.jpg","type":"image\/jpeg"}],"author":"Josep de Mart\u00ed","twitter_card":"summary_large_image","twitter_creator":"@blog-ir","twitter_site":"@inforesidencias","twitter_misc":{"Escrito por":"Josep de Mart\u00ed","Tiempo de lectura":"3 minutos"},"schema":{"@context":"https:\/\/schema.org","@graph":[{"@type":"WebPage","@id":"https:\/\/www.inforesidencias.com\/blog\/index.php\/2019\/05\/22\/una-residencia-en-horta-y-el-ejercicio-fisico-en-residencias\/","url":"https:\/\/www.inforesidencias.com\/blog\/index.php\/2019\/05\/22\/una-residencia-en-horta-y-el-ejercicio-fisico-en-residencias\/","name":"Una residencia en Horta y el ejercicio f\u00edsico en residencias - Blog Inforesidencias.com","isPartOf":{"@id":"https:\/\/www.inforesidencias.com\/blog\/#website"},"datePublished":"2019-05-22T13:13:56+00:00","dateModified":"2019-05-22T13:13:56+00:00","author":{"@id":"https:\/\/www.inforesidencias.com\/blog\/#\/schema\/person\/9e146774d1eb3bc1c0316242a3898628"},"description":"La residencia Masdeu Hogar en Horta es realmente singular teniendo en cuenta su entorno. Desde Siel Bleu nos hablaron de la actividad f\u00edsica en los mayores","breadcrumb":{"@id":"https:\/\/www.inforesidencias.com\/blog\/index.php\/2019\/05\/22\/una-residencia-en-horta-y-el-ejercicio-fisico-en-residencias\/#breadcrumb"},"inLanguage":"es","potentialAction":[{"@type":"ReadAction","target":["https:\/\/www.inforesidencias.com\/blog\/index.php\/2019\/05\/22\/una-residencia-en-horta-y-el-ejercicio-fisico-en-residencias\/"]}]},{"@type":"BreadcrumbList","@id":"https:\/\/www.inforesidencias.com\/blog\/index.php\/2019\/05\/22\/una-residencia-en-horta-y-el-ejercicio-fisico-en-residencias\/#breadcrumb","itemListElement":[{"@type":"ListItem","position":1,"name":"Home","item":"https:\/\/www.inforesidencias.com\/blog\/"},{"@type":"ListItem","position":2,"name":"Una residencia en Horta y el ejercicio f\u00edsico en residencias"}]},{"@type":"WebSite","@id":"https:\/\/www.inforesidencias.com\/blog\/#website","url":"https:\/\/www.inforesidencias.com\/blog\/","name":"Blog Inforesidencias.com","description":"El buscador de residencias de la 3\u00aa edad","potentialAction":[{"@type":"SearchAction","target":{"@type":"EntryPoint","urlTemplate":"https:\/\/www.inforesidencias.com\/blog\/?s={search_term_string}"},"query-input":"required name=search_term_string"}],"inLanguage":"es"},{"@type":"Person","@id":"https:\/\/www.inforesidencias.com\/blog\/#\/schema\/person\/9e146774d1eb3bc1c0316242a3898628","name":"Josep de Mart\u00ed","image":{"@type":"ImageObject","inLanguage":"es","@id":"https:\/\/www.inforesidencias.com\/blog\/#\/schema\/person\/image\/","url":"https:\/\/secure.gravatar.com\/avatar\/de0302c4806c00c4cebff396a798c1ff?s=96&d=mm&r=g","contentUrl":"https:\/\/secure.gravatar.com\/avatar\/de0302c4806c00c4cebff396a798c1ff?s=96&d=mm&r=g","caption":"Josep de Mart\u00ed"},"sameAs":["https:\/\/www.inforesidencias.com","https:\/\/www.facebook.com\/josep.demarti","https:\/\/twitter.com\/blog-ir"],"url":"https:\/\/www.inforesidencias.com\/blog\/index.php\/author\/josepdemarti\/"}]}},"_links":{"self":[{"href":"https:\/\/www.inforesidencias.com\/blog\/index.php\/wp-json\/wp\/v2\/posts\/2177"}],"collection":[{"href":"https:\/\/www.inforesidencias.com\/blog\/index.php\/wp-json\/wp\/v2\/posts"}],"about":[{"href":"https:\/\/www.inforesidencias.com\/blog\/index.php\/wp-json\/wp\/v2\/types\/post"}],"author":[{"embeddable":true,"href":"https:\/\/www.inforesidencias.com\/blog\/index.php\/wp-json\/wp\/v2\/users\/2"}],"replies":[{"embeddable":true,"href":"https:\/\/www.inforesidencias.com\/blog\/index.php\/wp-json\/wp\/v2\/comments?post=2177"}],"version-history":[{"count":5,"href":"https:\/\/www.inforesidencias.com\/blog\/index.php\/wp-json\/wp\/v2\/posts\/2177\/revisions"}],"predecessor-version":[{"id":2184,"href":"https:\/\/www.inforesidencias.com\/blog\/index.php\/wp-json\/wp\/v2\/posts\/2177\/revisions\/2184"}],"wp:featuredmedia":[{"embeddable":true,"href":"https:\/\/www.inforesidencias.com\/blog\/index.php\/wp-json\/wp\/v2\/media\/2180"}],"wp:attachment":[{"href":"https:\/\/www.inforesidencias.com\/blog\/index.php\/wp-json\/wp\/v2\/media?parent=2177"}],"wp:term":[{"taxonomy":"category","embeddable":true,"href":"https:\/\/www.inforesidencias.com\/blog\/index.php\/wp-json\/wp\/v2\/categories?post=2177"},{"taxonomy":"post_tag","embeddable":true,"href":"https:\/\/www.inforesidencias.com\/blog\/index.php\/wp-json\/wp\/v2\/tags?post=2177"}],"curies":[{"name":"wp","href":"https:\/\/api.w.org\/{rel}","templated":true}]}}