{"id":2186,"date":"2019-06-01T10:40:46","date_gmt":"2019-06-01T10:40:46","guid":{"rendered":"https:\/\/www.inforesidencias.com\/blog\/?p=2186"},"modified":"2019-05-28T10:41:39","modified_gmt":"2019-05-28T10:41:39","slug":"deshidratacion-en-la-tercera-edad","status":"publish","type":"post","link":"https:\/\/www.inforesidencias.com\/blog\/index.php\/2019\/06\/01\/deshidratacion-en-la-tercera-edad\/","title":{"rendered":"Deshidrataci\u00f3n en la tercera edad"},"content":{"rendered":"<p style=\"text-align: justify\">El proceso de envejecimiento que pasa por la tercera edad se asocia con diversos cambios fisiol\u00f3gicos que pueden afectar la capacidad de mantener el balance h\u00eddrico, uno de esos cambios es la disminuci\u00f3n de la percepci\u00f3n de la sed, est\u00e1 situaci\u00f3n puede llevar al anciano a una deshidrataci\u00f3n si la familia y las personas que le cuidan no atienden est\u00e1 necesidad b\u00e1sica del consumo de agua el equilibrio h\u00eddrico se ve alterado y las consecuencias pueden ser muy graves. El agua la utiliza el organismos para el transporte de nutrientes, de desechos t\u00f3xicos, para mantener la temperatura corporal, la estructura de los tejidos<\/p>\n<p style=\"text-align: justify\">Las necesidades de agua son de aproximadamente dos litros, las p\u00e9rdidas son por orina, respiraci\u00f3n, sudor y heces fecales. Una deshidrataci\u00f3n se puede dar por: Sudar de forma excesiva por realizar ejercicio o por alguna enfermedad por ejemplo el v\u00f3mito, diarrea, hemorragias o un tratamiento con diur\u00e9ticos, laxantes y sedantes no vigilado de forma adecuada. Estas formas son las m\u00e1s comunes pero tambi\u00e9n se puede perder agua por quemaduras de la piel ya que \u00e9sta se evapora.<\/p>\n<p style=\"text-align: justify\">En las personas de la tercera edad la p\u00e9rdida de agua se presenta m\u00e1s por enfermedades org\u00e1nicas o por alguna demencia, aunque la raz\u00f3n m\u00e1s frecuente es por la disminuci\u00f3n de la sensaci\u00f3n de la sed, es decir, no se siente la necesidad de tomar l\u00edquidos y de all\u00ed la importancia de vigilar constantemente la cantidad de agua que se consume durante el d\u00eda.<\/p>\n<p style=\"text-align: justify\"><a href=\"https:\/\/www.inforesidencias.com\/blog\/wp-content\/uploads\/2019\/05\/deshidratacion-en-la-tercera-edad.jpg\"><img decoding=\"async\" loading=\"lazy\" class=\" wp-image-2189 alignleft\" src=\"https:\/\/www.inforesidencias.com\/blog\/wp-content\/uploads\/2019\/05\/deshidratacion-en-la-tercera-edad.jpg\" alt=\"deshidratacion en la tercera edad\" width=\"280\" height=\"199\" \/><\/a><\/p>\n<p style=\"text-align: justify\">La deshidrataci\u00f3n cr\u00f3nica qu\u00e9 es la m\u00e1s frecuente en la poblaci\u00f3n de edad avanzada y se presenta como sequedad en la piel y las mucosas, los latidos del coraz\u00f3n disminuyen y disminuye la cantidad de orina. En los casos graves se presenta mareo, confusi\u00f3n mental, irritabilidad, dolor de cabeza,, somnolencia, producci\u00f3n de sustancias t\u00f3xicas en sangre generando serios problemas de salud. Por ello lo importante es prevenir, en los ancianos se debe vigilar el n\u00famero de vasos de agua que se consumen al d\u00eda, pero si no le gusta el agua, <a href=\"https:\/\/www.inforesidencias.com\/contenidos\/noticias\/nacional\/la-sopa-clave-en-la-alimentacion-de-personas-mayores\">entonces se deben dar en otras presentaciones, gelatina, t\u00e9s, infusiones, leche, zumos, caldos, leches, sopas, refrescos, frutas y algunas verduras como el tomate.<\/a> Para los mayores que realizan alg\u00fan ejercicio el consumo de agua se debe incrementar. Si existe diarrea o v\u00f3mito o la persona est\u00e1 encamada o tiene problemas de movilidad entonces se deben dar peque\u00f1os sorbos de forma constante. Tener h\u00e1bitos de consumo de agua aunque no se tenga sed es fundamental para evitar la deshidrataci\u00f3n cr\u00f3nica,<a href=\"https:\/\/www.inforesidencias.com\/contenidos\/noticias\/nacional\/los-mayores-se-olvidan-de-beber-agua-en-verano\"> sobretodo en verano.<\/a><\/p>\n<p style=\"text-align: justify\">Con el consumo adecuado de agua el organismo realiza mejor todas funciones, el ri\u00f1\u00f3n y todos los sistemas en general no se esfuerza dem\u00e1s o de forma innecesaria, se mantiene la temperatura corporal, hay menos infecciones de v\u00edas urinarias y hay menos problemas de estre\u00f1imiento.<\/p>\n<p style=\"text-align: justify\">En las residencias geri\u00e1tricas afortunadamente existen horarios para el consumo del desayuno, comida y cena, as\u00ed como tambi\u00e9n horarios de los refrigerios, los profesionales como el m\u00e9dico geri\u00e1trica, las auxiliares, la dietista y la enfermera vigilan la cantidad de agua y de alimentos que consumen los residentes. Las personas de la tercera edad que viven solas con problemas de movilidad o con alguna demencia son los m\u00e1s propensos a padecer una deshidrataci\u00f3n, los m\u00e9dicos geri\u00e1tricas y los m\u00e9dicos de cabecera y la enfermera son quienes deben insistir en reeducar al adulto mayor para que consuma l\u00edquidos en las diferentes presentaciones.<\/p>\n","protected":false},"excerpt":{"rendered":"<p>El proceso de envejecimiento que pasa por la tercera edad se asocia con diversos cambios fisiol\u00f3gicos que pueden afectar la capacidad de mantener el balance h\u00eddrico, uno de esos cambios es la disminuci\u00f3n de la percepci\u00f3n de la sed, est\u00e1 situaci\u00f3n puede llevar al anciano a una deshidrataci\u00f3n si la familia y las personas que le cuidan no atienden est\u00e1 necesidad b\u00e1sica del consumo de agua el equilibrio h\u00eddrico se ve alterado y las consecuencias pueden ser muy graves. El agua la utiliza el organismos para el transporte de nutrientes, de desechos t\u00f3xicos, para mantener la temperatura corporal, la estructura de los tejidos Las necesidades de agua son de aproximadamente dos litros, las p\u00e9rdidas son por orina, respiraci\u00f3n, sudor y heces fecales. Una deshidrataci\u00f3n se puede dar por: Sudar de forma excesiva por realizar ejercicio o por alguna enfermedad por ejemplo el v\u00f3mito, diarrea, hemorragias o un tratamiento con diur\u00e9ticos, [&hellip;]<\/p>\n","protected":false},"author":2,"featured_media":2189,"comment_status":"open","ping_status":"open","sticky":false,"template":"","format":"standard","meta":{"footnotes":""},"categories":[1],"tags":[],"yoast_head":"<!-- This site is optimized with the Yoast SEO plugin v21.7 - https:\/\/yoast.com\/wordpress\/plugins\/seo\/ -->\n<title>Deshidrataci\u00f3n en la tercera edad - Blog Inforesidencias.com<\/title>\n<meta name=\"description\" content=\"Nuestro cuerpo est\u00e1 formado mayoritariamente por agua. En la tercera edad el consumo de agua es todav\u00eda m\u00e1s relevante para que nuestro cuerpo funcione bien.\" \/>\n<meta name=\"robots\" content=\"index, follow, max-snippet:-1, max-image-preview:large, max-video-preview:-1\" \/>\n<link rel=\"canonical\" href=\"https:\/\/www.inforesidencias.com\/blog\/index.php\/2019\/06\/01\/deshidratacion-en-la-tercera-edad\/\" \/>\n<meta property=\"og:locale\" content=\"es_ES\" \/>\n<meta property=\"og:type\" content=\"article\" \/>\n<meta property=\"og:title\" content=\"Deshidrataci\u00f3n en la tercera edad - Blog Inforesidencias.com\" \/>\n<meta property=\"og:description\" content=\"Nuestro cuerpo est\u00e1 formado mayoritariamente por agua. En la tercera edad el consumo de agua es todav\u00eda m\u00e1s relevante para que nuestro cuerpo funcione bien.\" \/>\n<meta property=\"og:url\" content=\"https:\/\/www.inforesidencias.com\/blog\/index.php\/2019\/06\/01\/deshidratacion-en-la-tercera-edad\/\" \/>\n<meta property=\"og:site_name\" content=\"Blog Inforesidencias.com\" \/>\n<meta property=\"article:publisher\" content=\"https:\/\/www.facebook.com\/Inforesidencias\/\" \/>\n<meta property=\"article:author\" content=\"https:\/\/www.facebook.com\/josep.demarti\" \/>\n<meta property=\"article:published_time\" content=\"2019-06-01T10:40:46+00:00\" \/>\n<meta property=\"article:modified_time\" content=\"2019-05-28T10:41:39+00:00\" \/>\n<meta property=\"og:image\" content=\"https:\/\/www.inforesidencias.com\/blog\/wp-content\/uploads\/2019\/05\/deshidratacion-en-la-tercera-edad.jpg\" \/>\n\t<meta property=\"og:image:width\" content=\"450\" \/>\n\t<meta property=\"og:image:height\" content=\"320\" \/>\n\t<meta property=\"og:image:type\" content=\"image\/jpeg\" \/>\n<meta name=\"author\" content=\"Josep de Mart\u00ed\" \/>\n<meta name=\"twitter:card\" content=\"summary_large_image\" \/>\n<meta name=\"twitter:creator\" content=\"@blog-ir\" \/>\n<meta name=\"twitter:site\" content=\"@inforesidencias\" \/>\n<meta name=\"twitter:label1\" content=\"Escrito por\" \/>\n\t<meta name=\"twitter:data1\" content=\"Josep de Mart\u00ed\" \/>\n\t<meta name=\"twitter:label2\" content=\"Tiempo de lectura\" \/>\n\t<meta name=\"twitter:data2\" content=\"3 minutos\" \/>\n<script type=\"application\/ld+json\" class=\"yoast-schema-graph\">{\"@context\":\"https:\/\/schema.org\",\"@graph\":[{\"@type\":\"WebPage\",\"@id\":\"https:\/\/www.inforesidencias.com\/blog\/index.php\/2019\/06\/01\/deshidratacion-en-la-tercera-edad\/\",\"url\":\"https:\/\/www.inforesidencias.com\/blog\/index.php\/2019\/06\/01\/deshidratacion-en-la-tercera-edad\/\",\"name\":\"Deshidrataci\u00f3n en la tercera edad - Blog Inforesidencias.com\",\"isPartOf\":{\"@id\":\"https:\/\/www.inforesidencias.com\/blog\/#website\"},\"datePublished\":\"2019-06-01T10:40:46+00:00\",\"dateModified\":\"2019-05-28T10:41:39+00:00\",\"author\":{\"@id\":\"https:\/\/www.inforesidencias.com\/blog\/#\/schema\/person\/9e146774d1eb3bc1c0316242a3898628\"},\"description\":\"Nuestro cuerpo est\u00e1 formado mayoritariamente por agua. En la tercera edad el consumo de agua es todav\u00eda m\u00e1s relevante para que nuestro cuerpo funcione bien.\",\"breadcrumb\":{\"@id\":\"https:\/\/www.inforesidencias.com\/blog\/index.php\/2019\/06\/01\/deshidratacion-en-la-tercera-edad\/#breadcrumb\"},\"inLanguage\":\"es\",\"potentialAction\":[{\"@type\":\"ReadAction\",\"target\":[\"https:\/\/www.inforesidencias.com\/blog\/index.php\/2019\/06\/01\/deshidratacion-en-la-tercera-edad\/\"]}]},{\"@type\":\"BreadcrumbList\",\"@id\":\"https:\/\/www.inforesidencias.com\/blog\/index.php\/2019\/06\/01\/deshidratacion-en-la-tercera-edad\/#breadcrumb\",\"itemListElement\":[{\"@type\":\"ListItem\",\"position\":1,\"name\":\"Home\",\"item\":\"https:\/\/www.inforesidencias.com\/blog\/\"},{\"@type\":\"ListItem\",\"position\":2,\"name\":\"Deshidrataci\u00f3n en la tercera edad\"}]},{\"@type\":\"WebSite\",\"@id\":\"https:\/\/www.inforesidencias.com\/blog\/#website\",\"url\":\"https:\/\/www.inforesidencias.com\/blog\/\",\"name\":\"Blog Inforesidencias.com\",\"description\":\"El buscador de residencias de la 3\u00aa edad\",\"potentialAction\":[{\"@type\":\"SearchAction\",\"target\":{\"@type\":\"EntryPoint\",\"urlTemplate\":\"https:\/\/www.inforesidencias.com\/blog\/?s={search_term_string}\"},\"query-input\":\"required name=search_term_string\"}],\"inLanguage\":\"es\"},{\"@type\":\"Person\",\"@id\":\"https:\/\/www.inforesidencias.com\/blog\/#\/schema\/person\/9e146774d1eb3bc1c0316242a3898628\",\"name\":\"Josep de Mart\u00ed\",\"image\":{\"@type\":\"ImageObject\",\"inLanguage\":\"es\",\"@id\":\"https:\/\/www.inforesidencias.com\/blog\/#\/schema\/person\/image\/\",\"url\":\"https:\/\/secure.gravatar.com\/avatar\/de0302c4806c00c4cebff396a798c1ff?s=96&d=mm&r=g\",\"contentUrl\":\"https:\/\/secure.gravatar.com\/avatar\/de0302c4806c00c4cebff396a798c1ff?s=96&d=mm&r=g\",\"caption\":\"Josep de Mart\u00ed\"},\"sameAs\":[\"https:\/\/www.inforesidencias.com\",\"https:\/\/www.facebook.com\/josep.demarti\",\"https:\/\/twitter.com\/blog-ir\"],\"url\":\"https:\/\/www.inforesidencias.com\/blog\/index.php\/author\/josepdemarti\/\"}]}<\/script>\n<!-- \/ Yoast SEO plugin. -->","yoast_head_json":{"title":"Deshidrataci\u00f3n en la tercera edad - Blog Inforesidencias.com","description":"Nuestro cuerpo est\u00e1 formado mayoritariamente por agua. En la tercera edad el consumo de agua es todav\u00eda m\u00e1s relevante para que nuestro cuerpo funcione bien.","robots":{"index":"index","follow":"follow","max-snippet":"max-snippet:-1","max-image-preview":"max-image-preview:large","max-video-preview":"max-video-preview:-1"},"canonical":"https:\/\/www.inforesidencias.com\/blog\/index.php\/2019\/06\/01\/deshidratacion-en-la-tercera-edad\/","og_locale":"es_ES","og_type":"article","og_title":"Deshidrataci\u00f3n en la tercera edad - Blog Inforesidencias.com","og_description":"Nuestro cuerpo est\u00e1 formado mayoritariamente por agua. En la tercera edad el consumo de agua es todav\u00eda m\u00e1s relevante para que nuestro cuerpo funcione bien.","og_url":"https:\/\/www.inforesidencias.com\/blog\/index.php\/2019\/06\/01\/deshidratacion-en-la-tercera-edad\/","og_site_name":"Blog Inforesidencias.com","article_publisher":"https:\/\/www.facebook.com\/Inforesidencias\/","article_author":"https:\/\/www.facebook.com\/josep.demarti","article_published_time":"2019-06-01T10:40:46+00:00","article_modified_time":"2019-05-28T10:41:39+00:00","og_image":[{"width":450,"height":320,"url":"https:\/\/www.inforesidencias.com\/blog\/wp-content\/uploads\/2019\/05\/deshidratacion-en-la-tercera-edad.jpg","type":"image\/jpeg"}],"author":"Josep de Mart\u00ed","twitter_card":"summary_large_image","twitter_creator":"@blog-ir","twitter_site":"@inforesidencias","twitter_misc":{"Escrito por":"Josep de Mart\u00ed","Tiempo de lectura":"3 minutos"},"schema":{"@context":"https:\/\/schema.org","@graph":[{"@type":"WebPage","@id":"https:\/\/www.inforesidencias.com\/blog\/index.php\/2019\/06\/01\/deshidratacion-en-la-tercera-edad\/","url":"https:\/\/www.inforesidencias.com\/blog\/index.php\/2019\/06\/01\/deshidratacion-en-la-tercera-edad\/","name":"Deshidrataci\u00f3n en la tercera edad - Blog Inforesidencias.com","isPartOf":{"@id":"https:\/\/www.inforesidencias.com\/blog\/#website"},"datePublished":"2019-06-01T10:40:46+00:00","dateModified":"2019-05-28T10:41:39+00:00","author":{"@id":"https:\/\/www.inforesidencias.com\/blog\/#\/schema\/person\/9e146774d1eb3bc1c0316242a3898628"},"description":"Nuestro cuerpo est\u00e1 formado mayoritariamente por agua. En la tercera edad el consumo de agua es todav\u00eda m\u00e1s relevante para que nuestro cuerpo funcione bien.","breadcrumb":{"@id":"https:\/\/www.inforesidencias.com\/blog\/index.php\/2019\/06\/01\/deshidratacion-en-la-tercera-edad\/#breadcrumb"},"inLanguage":"es","potentialAction":[{"@type":"ReadAction","target":["https:\/\/www.inforesidencias.com\/blog\/index.php\/2019\/06\/01\/deshidratacion-en-la-tercera-edad\/"]}]},{"@type":"BreadcrumbList","@id":"https:\/\/www.inforesidencias.com\/blog\/index.php\/2019\/06\/01\/deshidratacion-en-la-tercera-edad\/#breadcrumb","itemListElement":[{"@type":"ListItem","position":1,"name":"Home","item":"https:\/\/www.inforesidencias.com\/blog\/"},{"@type":"ListItem","position":2,"name":"Deshidrataci\u00f3n en la tercera edad"}]},{"@type":"WebSite","@id":"https:\/\/www.inforesidencias.com\/blog\/#website","url":"https:\/\/www.inforesidencias.com\/blog\/","name":"Blog Inforesidencias.com","description":"El buscador de residencias de la 3\u00aa edad","potentialAction":[{"@type":"SearchAction","target":{"@type":"EntryPoint","urlTemplate":"https:\/\/www.inforesidencias.com\/blog\/?s={search_term_string}"},"query-input":"required name=search_term_string"}],"inLanguage":"es"},{"@type":"Person","@id":"https:\/\/www.inforesidencias.com\/blog\/#\/schema\/person\/9e146774d1eb3bc1c0316242a3898628","name":"Josep de Mart\u00ed","image":{"@type":"ImageObject","inLanguage":"es","@id":"https:\/\/www.inforesidencias.com\/blog\/#\/schema\/person\/image\/","url":"https:\/\/secure.gravatar.com\/avatar\/de0302c4806c00c4cebff396a798c1ff?s=96&d=mm&r=g","contentUrl":"https:\/\/secure.gravatar.com\/avatar\/de0302c4806c00c4cebff396a798c1ff?s=96&d=mm&r=g","caption":"Josep de Mart\u00ed"},"sameAs":["https:\/\/www.inforesidencias.com","https:\/\/www.facebook.com\/josep.demarti","https:\/\/twitter.com\/blog-ir"],"url":"https:\/\/www.inforesidencias.com\/blog\/index.php\/author\/josepdemarti\/"}]}},"_links":{"self":[{"href":"https:\/\/www.inforesidencias.com\/blog\/index.php\/wp-json\/wp\/v2\/posts\/2186"}],"collection":[{"href":"https:\/\/www.inforesidencias.com\/blog\/index.php\/wp-json\/wp\/v2\/posts"}],"about":[{"href":"https:\/\/www.inforesidencias.com\/blog\/index.php\/wp-json\/wp\/v2\/types\/post"}],"author":[{"embeddable":true,"href":"https:\/\/www.inforesidencias.com\/blog\/index.php\/wp-json\/wp\/v2\/users\/2"}],"replies":[{"embeddable":true,"href":"https:\/\/www.inforesidencias.com\/blog\/index.php\/wp-json\/wp\/v2\/comments?post=2186"}],"version-history":[{"count":4,"href":"https:\/\/www.inforesidencias.com\/blog\/index.php\/wp-json\/wp\/v2\/posts\/2186\/revisions"}],"predecessor-version":[{"id":2191,"href":"https:\/\/www.inforesidencias.com\/blog\/index.php\/wp-json\/wp\/v2\/posts\/2186\/revisions\/2191"}],"wp:featuredmedia":[{"embeddable":true,"href":"https:\/\/www.inforesidencias.com\/blog\/index.php\/wp-json\/wp\/v2\/media\/2189"}],"wp:attachment":[{"href":"https:\/\/www.inforesidencias.com\/blog\/index.php\/wp-json\/wp\/v2\/media?parent=2186"}],"wp:term":[{"taxonomy":"category","embeddable":true,"href":"https:\/\/www.inforesidencias.com\/blog\/index.php\/wp-json\/wp\/v2\/categories?post=2186"},{"taxonomy":"post_tag","embeddable":true,"href":"https:\/\/www.inforesidencias.com\/blog\/index.php\/wp-json\/wp\/v2\/tags?post=2186"}],"curies":[{"name":"wp","href":"https:\/\/api.w.org\/{rel}","templated":true}]}}