{"id":2192,"date":"2019-05-30T10:01:29","date_gmt":"2019-05-30T10:01:29","guid":{"rendered":"https:\/\/www.inforesidencias.com\/blog\/?p=2192"},"modified":"2019-05-30T10:01:29","modified_gmt":"2019-05-30T10:01:29","slug":"jubilacion-adaptar-el-domicilio-y-una-residencia-en-lametlla-del-valles","status":"publish","type":"post","link":"https:\/\/www.inforesidencias.com\/blog\/index.php\/2019\/05\/30\/jubilacion-adaptar-el-domicilio-y-una-residencia-en-lametlla-del-valles\/","title":{"rendered":"Jubilaci\u00f3n, adaptar el domicilio y una residencia en l&#8217;Ametlla del Vall\u00e8s"},"content":{"rendered":"<p style=\"text-align: justify\">El \u00faltimo<a href=\"https:\/\/www.estelfitxers.com\/audio\/20190528-17_00ESGRANSERGRAN.MP3\"> programa de mayo de \u00c9s gran ser gran\u201d<\/a> empez\u00f3 hablando sobre la jubilaci\u00f3n y como prepararse para ella. \u00bfPero de verdad hace falta prepararse para eso? Pues muchas veces s\u00ed ya que los estudios demuestran que las personas que se preparan para la jubilaci\u00f3n se jubilan mejor. Por otro lado, hay muchas personas que les va muy bien preparase porque es un cambio muy grande en nuestra vida y a veces no lo asimilamos correctamente. Adem\u00e1s, hablamos de la<a href=\"https:\/\/www.inforesidencias.com\/contenidos\/noticias\/nacional\/un-pensamiento-positivo-habitos-de-vida-saludables-y-relaciones-sociales-claves-para-ayudar-a-cuidadores-y-familiares\"> importancia de h\u00e1bitos de vida saludables<\/a> en la tercera edad y de c\u00f3mo al envejecer cambian nuestras necesidades y eso hace que a veces para seguir viviendo en casa necesitamos algunas adaptaciones.<\/p>\n<p style=\"text-align: justify\">Para hablar de adaptaciones del hogar contamos con nuestro primer invitado, <a href=\"https:\/\/www.inforesidencias.com\/infoclasificados\/anuncio\/1141700017\">Borja Romero de BJ adaptaciones.<\/a> Borja nos explic\u00f3 que para hacer las reformas primero hay que saber de primera mano las necesidades de la persona. Algunas de las reformas m\u00e1s habituales que les solicitan a parte de cambiar la ba\u00f1era, es el acceso al domicilio debido por ejemplo a una puerta muy pesada, unos escalones molestos etc. Con Borja tambi\u00e9n tratamos otros aspectos relevantes como la anchura de las pasillos y puertas y de alg\u00fan aspecto no tan conocido como las gr\u00faas de techo.<\/p>\n<p style=\"text-align: justify\">Finalmente Josep le pregunt\u00f3 acerca de una cama que han ideado juntamente con <a href=\"https:\/\/www.inforesidencias.com\/infoclasificados\/anuncio\/1141700047\">Smart bed, <\/a>dise\u00f1ada especialmente para hacer micro movimientos y as\u00ed evitar las \u00falceras por presi\u00f3n de las personas que no se pueden mover. De este modo no se requiere la presencia de una tercera persona ni que te despierten. Con Smart bed hablaremos en unas semanas cuando vengan al programa.<\/p>\n<p style=\"text-align: justify\">Despu\u00e9s de la consulta del trabajador social y la bolsa de empleo, hablamos con nuestros segundos invitados. Ellos ven\u00edan de la <a href=\"https:\/\/www.inforesidencias.com\/centros\/residencia\/4237\/can-camp-residencial\">residencia Can Camp residencial de l\u2019Ametlla del Vall\u00e8s<\/a>. Eran por un lado Raquel Hueltes , psic\u00f3loga y responsable del \u00e1rea social de la residencia y las Sras. Francesca Comas y Isabel Gonz\u00e1lez.<\/p>\n<p style=\"text-align: justify\"><a href=\"https:\/\/www.inforesidencias.com\/blog\/wp-content\/uploads\/2019\/05\/residencia-can-camp-residencial.jpg\"><img decoding=\"async\" loading=\"lazy\" class=\"aligncenter size-full wp-image-2195\" src=\"https:\/\/www.inforesidencias.com\/blog\/wp-content\/uploads\/2019\/05\/residencia-can-camp-residencial.jpg\" alt=\"residencia can camp residencial\" width=\"400\" height=\"300\" \/><\/a><\/p>\n<p style=\"text-align: justify\">Con Raquel hablamos del origen de casa familiar que tenia la residencia. En 2011 hicieron las reformas para que ese hogar de una familia pasase a ser un hogar en forma de residencia para una familia ahora mucho m\u00e1s grande. Nos coment\u00f3 que bastantes habitaciones son dobles pero muchos residentes deciden pagar un peque\u00f1o suplemento para hacerla individual. Raquel nos explic\u00f3 que hay un gran ambiente en la residencia y todos de una forma u otra disfrutan de las actividades ofrecidas y del gran jard\u00edn del que disponen.<\/p>\n<p style=\"text-align: justify\">Para corroborar lo que Raquel nos contaba, hablamos con la Sra. Francesca, quien lleva 3 a\u00f1os viviendo all\u00ed. Francesca nos coment\u00f3 como fue el proceso de b\u00fasqueda de residencia y como al gustarle tanto Can Camp residencial no dud\u00f3 en elegirla como su nuevo hogar. En la residencia ha encontrado el equilibrio perfecto entre su tan querida independencia y el hecho que est\u00e9n por ella cuando lo necesite.<\/p>\n<p style=\"text-align: justify\">Con la otra residente que nos acompa\u00f1aba, la Sra. Isabel, hablamos de c\u00f3mo son los meses que pasa en la residencia. Decimos meses porque la Sra. Isabel va solo 6 meses al a\u00f1o a la residencia ya que resto del a\u00f1o vive con su hija. Comenta Isabel que siempre vuelve a<a href=\"https:\/\/www.residencialcancamp.es\/\"> Can Camp <\/a>porque que se encuentra como en casa. Isabel con la ayuda de Francesca nos dijeron algunas de las actividades que hacen, incluso Olimpiadas! Para acabar Raquel nos informo de como preparan las actividades a trav\u00e9s de las reuniones de equipo y del programa individual de valoraci\u00f3n de los residentes (PIAI)<\/p>\n<p style=\"text-align: justify\">En la recta final del programa Josep nos explic\u00f3 <a href=\"https:\/\/www.inforesidencias.com\/contenidos\/noticias\/nacional\/los-cinco-errores-mas-comunes-a-la-hora-de-elegir-residencia\">los 5 errores m\u00e1s comunes a la hora de elegir residencia<\/a> y nos ley\u00f3 una de las historias del libro de Marina Valls \u201cQue hacemos con la t\u00eda Rita\u201d.<\/p>\n<p style=\"text-align: justify\">Muchas gracias a Borja Romero de BJ adaptaciones y a Raquel , Isabel y Francesca de Can Camp residencial por acompa\u00f1arnos en este \u00faltimo programa de mayo.<\/p>\n","protected":false},"excerpt":{"rendered":"<p>El \u00faltimo programa de mayo de \u00c9s gran ser gran\u201d empez\u00f3 hablando sobre la jubilaci\u00f3n y como prepararse para ella. \u00bfPero de verdad hace falta prepararse para eso? Pues muchas veces s\u00ed ya que los estudios demuestran que las personas que se preparan para la jubilaci\u00f3n se jubilan mejor. Por otro lado, hay muchas personas que les va muy bien preparase porque es un cambio muy grande en nuestra vida y a veces no lo asimilamos correctamente. Adem\u00e1s, hablamos de la importancia de h\u00e1bitos de vida saludables en la tercera edad y de c\u00f3mo al envejecer cambian nuestras necesidades y eso hace que a veces para seguir viviendo en casa necesitamos algunas adaptaciones. Para hablar de adaptaciones del hogar contamos con nuestro primer invitado, Borja Romero de BJ adaptaciones. Borja nos explic\u00f3 que para hacer las reformas primero hay que saber de primera mano las necesidades de la persona. Algunas [&hellip;]<\/p>\n","protected":false},"author":2,"featured_media":2195,"comment_status":"open","ping_status":"open","sticky":false,"template":"","format":"standard","meta":{"footnotes":""},"categories":[1],"tags":[],"yoast_head":"<!-- This site is optimized with the Yoast SEO plugin v21.7 - https:\/\/yoast.com\/wordpress\/plugins\/seo\/ -->\n<title>Jubilaci\u00f3n, adaptar el domicilio y una residencia en l&#039;Ametlla del Vall\u00e8s - Blog Inforesidencias.com<\/title>\n<meta name=\"description\" content=\"Adaptar tu casa al envejecer puede ser muy necesario. Cuando ya buscas una residencia por la zona del Valles Oriental quiz\u00e1 te interese Can Camp residencial\" \/>\n<meta name=\"robots\" content=\"index, follow, max-snippet:-1, max-image-preview:large, max-video-preview:-1\" \/>\n<link rel=\"canonical\" href=\"https:\/\/www.inforesidencias.com\/blog\/index.php\/2019\/05\/30\/jubilacion-adaptar-el-domicilio-y-una-residencia-en-lametlla-del-valles\/\" \/>\n<meta property=\"og:locale\" content=\"es_ES\" \/>\n<meta property=\"og:type\" content=\"article\" \/>\n<meta property=\"og:title\" content=\"Jubilaci\u00f3n, adaptar el domicilio y una residencia en l&#039;Ametlla del Vall\u00e8s - Blog Inforesidencias.com\" \/>\n<meta property=\"og:description\" content=\"Adaptar tu casa al envejecer puede ser muy necesario. Cuando ya buscas una residencia por la zona del Valles Oriental quiz\u00e1 te interese Can Camp residencial\" \/>\n<meta property=\"og:url\" content=\"https:\/\/www.inforesidencias.com\/blog\/index.php\/2019\/05\/30\/jubilacion-adaptar-el-domicilio-y-una-residencia-en-lametlla-del-valles\/\" \/>\n<meta property=\"og:site_name\" content=\"Blog Inforesidencias.com\" \/>\n<meta property=\"article:publisher\" content=\"https:\/\/www.facebook.com\/Inforesidencias\/\" \/>\n<meta property=\"article:author\" content=\"https:\/\/www.facebook.com\/josep.demarti\" \/>\n<meta property=\"article:published_time\" content=\"2019-05-30T10:01:29+00:00\" \/>\n<meta property=\"og:image\" content=\"https:\/\/www.inforesidencias.com\/blog\/wp-content\/uploads\/2019\/05\/residencia-can-camp-residencial.jpg\" \/>\n\t<meta property=\"og:image:width\" content=\"400\" \/>\n\t<meta property=\"og:image:height\" content=\"300\" \/>\n\t<meta property=\"og:image:type\" content=\"image\/jpeg\" \/>\n<meta name=\"author\" content=\"Josep de Mart\u00ed\" \/>\n<meta name=\"twitter:card\" content=\"summary_large_image\" \/>\n<meta name=\"twitter:creator\" content=\"@blog-ir\" \/>\n<meta name=\"twitter:site\" content=\"@inforesidencias\" \/>\n<meta name=\"twitter:label1\" content=\"Escrito por\" \/>\n\t<meta name=\"twitter:data1\" content=\"Josep de Mart\u00ed\" \/>\n\t<meta name=\"twitter:label2\" content=\"Tiempo de lectura\" \/>\n\t<meta name=\"twitter:data2\" content=\"3 minutos\" \/>\n<script type=\"application\/ld+json\" class=\"yoast-schema-graph\">{\"@context\":\"https:\/\/schema.org\",\"@graph\":[{\"@type\":\"WebPage\",\"@id\":\"https:\/\/www.inforesidencias.com\/blog\/index.php\/2019\/05\/30\/jubilacion-adaptar-el-domicilio-y-una-residencia-en-lametlla-del-valles\/\",\"url\":\"https:\/\/www.inforesidencias.com\/blog\/index.php\/2019\/05\/30\/jubilacion-adaptar-el-domicilio-y-una-residencia-en-lametlla-del-valles\/\",\"name\":\"Jubilaci\u00f3n, adaptar el domicilio y una residencia en l'Ametlla del Vall\u00e8s - Blog Inforesidencias.com\",\"isPartOf\":{\"@id\":\"https:\/\/www.inforesidencias.com\/blog\/#website\"},\"datePublished\":\"2019-05-30T10:01:29+00:00\",\"dateModified\":\"2019-05-30T10:01:29+00:00\",\"author\":{\"@id\":\"https:\/\/www.inforesidencias.com\/blog\/#\/schema\/person\/9e146774d1eb3bc1c0316242a3898628\"},\"description\":\"Adaptar tu casa al envejecer puede ser muy necesario. Cuando ya buscas una residencia por la zona del Valles Oriental quiz\u00e1 te interese Can Camp residencial\",\"breadcrumb\":{\"@id\":\"https:\/\/www.inforesidencias.com\/blog\/index.php\/2019\/05\/30\/jubilacion-adaptar-el-domicilio-y-una-residencia-en-lametlla-del-valles\/#breadcrumb\"},\"inLanguage\":\"es\",\"potentialAction\":[{\"@type\":\"ReadAction\",\"target\":[\"https:\/\/www.inforesidencias.com\/blog\/index.php\/2019\/05\/30\/jubilacion-adaptar-el-domicilio-y-una-residencia-en-lametlla-del-valles\/\"]}]},{\"@type\":\"BreadcrumbList\",\"@id\":\"https:\/\/www.inforesidencias.com\/blog\/index.php\/2019\/05\/30\/jubilacion-adaptar-el-domicilio-y-una-residencia-en-lametlla-del-valles\/#breadcrumb\",\"itemListElement\":[{\"@type\":\"ListItem\",\"position\":1,\"name\":\"Home\",\"item\":\"https:\/\/www.inforesidencias.com\/blog\/\"},{\"@type\":\"ListItem\",\"position\":2,\"name\":\"Jubilaci\u00f3n, adaptar el domicilio y una residencia en l&#8217;Ametlla del Vall\u00e8s\"}]},{\"@type\":\"WebSite\",\"@id\":\"https:\/\/www.inforesidencias.com\/blog\/#website\",\"url\":\"https:\/\/www.inforesidencias.com\/blog\/\",\"name\":\"Blog Inforesidencias.com\",\"description\":\"El buscador de residencias de la 3\u00aa edad\",\"potentialAction\":[{\"@type\":\"SearchAction\",\"target\":{\"@type\":\"EntryPoint\",\"urlTemplate\":\"https:\/\/www.inforesidencias.com\/blog\/?s={search_term_string}\"},\"query-input\":\"required name=search_term_string\"}],\"inLanguage\":\"es\"},{\"@type\":\"Person\",\"@id\":\"https:\/\/www.inforesidencias.com\/blog\/#\/schema\/person\/9e146774d1eb3bc1c0316242a3898628\",\"name\":\"Josep de Mart\u00ed\",\"image\":{\"@type\":\"ImageObject\",\"inLanguage\":\"es\",\"@id\":\"https:\/\/www.inforesidencias.com\/blog\/#\/schema\/person\/image\/\",\"url\":\"https:\/\/secure.gravatar.com\/avatar\/de0302c4806c00c4cebff396a798c1ff?s=96&d=mm&r=g\",\"contentUrl\":\"https:\/\/secure.gravatar.com\/avatar\/de0302c4806c00c4cebff396a798c1ff?s=96&d=mm&r=g\",\"caption\":\"Josep de Mart\u00ed\"},\"sameAs\":[\"https:\/\/www.inforesidencias.com\",\"https:\/\/www.facebook.com\/josep.demarti\",\"https:\/\/twitter.com\/blog-ir\"],\"url\":\"https:\/\/www.inforesidencias.com\/blog\/index.php\/author\/josepdemarti\/\"}]}<\/script>\n<!-- \/ Yoast SEO plugin. -->","yoast_head_json":{"title":"Jubilaci\u00f3n, adaptar el domicilio y una residencia en l'Ametlla del Vall\u00e8s - Blog Inforesidencias.com","description":"Adaptar tu casa al envejecer puede ser muy necesario. Cuando ya buscas una residencia por la zona del Valles Oriental quiz\u00e1 te interese Can Camp residencial","robots":{"index":"index","follow":"follow","max-snippet":"max-snippet:-1","max-image-preview":"max-image-preview:large","max-video-preview":"max-video-preview:-1"},"canonical":"https:\/\/www.inforesidencias.com\/blog\/index.php\/2019\/05\/30\/jubilacion-adaptar-el-domicilio-y-una-residencia-en-lametlla-del-valles\/","og_locale":"es_ES","og_type":"article","og_title":"Jubilaci\u00f3n, adaptar el domicilio y una residencia en l'Ametlla del Vall\u00e8s - Blog Inforesidencias.com","og_description":"Adaptar tu casa al envejecer puede ser muy necesario. Cuando ya buscas una residencia por la zona del Valles Oriental quiz\u00e1 te interese Can Camp residencial","og_url":"https:\/\/www.inforesidencias.com\/blog\/index.php\/2019\/05\/30\/jubilacion-adaptar-el-domicilio-y-una-residencia-en-lametlla-del-valles\/","og_site_name":"Blog Inforesidencias.com","article_publisher":"https:\/\/www.facebook.com\/Inforesidencias\/","article_author":"https:\/\/www.facebook.com\/josep.demarti","article_published_time":"2019-05-30T10:01:29+00:00","og_image":[{"width":400,"height":300,"url":"https:\/\/www.inforesidencias.com\/blog\/wp-content\/uploads\/2019\/05\/residencia-can-camp-residencial.jpg","type":"image\/jpeg"}],"author":"Josep de Mart\u00ed","twitter_card":"summary_large_image","twitter_creator":"@blog-ir","twitter_site":"@inforesidencias","twitter_misc":{"Escrito por":"Josep de Mart\u00ed","Tiempo de lectura":"3 minutos"},"schema":{"@context":"https:\/\/schema.org","@graph":[{"@type":"WebPage","@id":"https:\/\/www.inforesidencias.com\/blog\/index.php\/2019\/05\/30\/jubilacion-adaptar-el-domicilio-y-una-residencia-en-lametlla-del-valles\/","url":"https:\/\/www.inforesidencias.com\/blog\/index.php\/2019\/05\/30\/jubilacion-adaptar-el-domicilio-y-una-residencia-en-lametlla-del-valles\/","name":"Jubilaci\u00f3n, adaptar el domicilio y una residencia en l'Ametlla del Vall\u00e8s - Blog Inforesidencias.com","isPartOf":{"@id":"https:\/\/www.inforesidencias.com\/blog\/#website"},"datePublished":"2019-05-30T10:01:29+00:00","dateModified":"2019-05-30T10:01:29+00:00","author":{"@id":"https:\/\/www.inforesidencias.com\/blog\/#\/schema\/person\/9e146774d1eb3bc1c0316242a3898628"},"description":"Adaptar tu casa al envejecer puede ser muy necesario. Cuando ya buscas una residencia por la zona del Valles Oriental quiz\u00e1 te interese Can Camp residencial","breadcrumb":{"@id":"https:\/\/www.inforesidencias.com\/blog\/index.php\/2019\/05\/30\/jubilacion-adaptar-el-domicilio-y-una-residencia-en-lametlla-del-valles\/#breadcrumb"},"inLanguage":"es","potentialAction":[{"@type":"ReadAction","target":["https:\/\/www.inforesidencias.com\/blog\/index.php\/2019\/05\/30\/jubilacion-adaptar-el-domicilio-y-una-residencia-en-lametlla-del-valles\/"]}]},{"@type":"BreadcrumbList","@id":"https:\/\/www.inforesidencias.com\/blog\/index.php\/2019\/05\/30\/jubilacion-adaptar-el-domicilio-y-una-residencia-en-lametlla-del-valles\/#breadcrumb","itemListElement":[{"@type":"ListItem","position":1,"name":"Home","item":"https:\/\/www.inforesidencias.com\/blog\/"},{"@type":"ListItem","position":2,"name":"Jubilaci\u00f3n, adaptar el domicilio y una residencia en l&#8217;Ametlla del Vall\u00e8s"}]},{"@type":"WebSite","@id":"https:\/\/www.inforesidencias.com\/blog\/#website","url":"https:\/\/www.inforesidencias.com\/blog\/","name":"Blog Inforesidencias.com","description":"El buscador de residencias de la 3\u00aa edad","potentialAction":[{"@type":"SearchAction","target":{"@type":"EntryPoint","urlTemplate":"https:\/\/www.inforesidencias.com\/blog\/?s={search_term_string}"},"query-input":"required name=search_term_string"}],"inLanguage":"es"},{"@type":"Person","@id":"https:\/\/www.inforesidencias.com\/blog\/#\/schema\/person\/9e146774d1eb3bc1c0316242a3898628","name":"Josep de Mart\u00ed","image":{"@type":"ImageObject","inLanguage":"es","@id":"https:\/\/www.inforesidencias.com\/blog\/#\/schema\/person\/image\/","url":"https:\/\/secure.gravatar.com\/avatar\/de0302c4806c00c4cebff396a798c1ff?s=96&d=mm&r=g","contentUrl":"https:\/\/secure.gravatar.com\/avatar\/de0302c4806c00c4cebff396a798c1ff?s=96&d=mm&r=g","caption":"Josep de Mart\u00ed"},"sameAs":["https:\/\/www.inforesidencias.com","https:\/\/www.facebook.com\/josep.demarti","https:\/\/twitter.com\/blog-ir"],"url":"https:\/\/www.inforesidencias.com\/blog\/index.php\/author\/josepdemarti\/"}]}},"_links":{"self":[{"href":"https:\/\/www.inforesidencias.com\/blog\/index.php\/wp-json\/wp\/v2\/posts\/2192"}],"collection":[{"href":"https:\/\/www.inforesidencias.com\/blog\/index.php\/wp-json\/wp\/v2\/posts"}],"about":[{"href":"https:\/\/www.inforesidencias.com\/blog\/index.php\/wp-json\/wp\/v2\/types\/post"}],"author":[{"embeddable":true,"href":"https:\/\/www.inforesidencias.com\/blog\/index.php\/wp-json\/wp\/v2\/users\/2"}],"replies":[{"embeddable":true,"href":"https:\/\/www.inforesidencias.com\/blog\/index.php\/wp-json\/wp\/v2\/comments?post=2192"}],"version-history":[{"count":3,"href":"https:\/\/www.inforesidencias.com\/blog\/index.php\/wp-json\/wp\/v2\/posts\/2192\/revisions"}],"predecessor-version":[{"id":2196,"href":"https:\/\/www.inforesidencias.com\/blog\/index.php\/wp-json\/wp\/v2\/posts\/2192\/revisions\/2196"}],"wp:featuredmedia":[{"embeddable":true,"href":"https:\/\/www.inforesidencias.com\/blog\/index.php\/wp-json\/wp\/v2\/media\/2195"}],"wp:attachment":[{"href":"https:\/\/www.inforesidencias.com\/blog\/index.php\/wp-json\/wp\/v2\/media?parent=2192"}],"wp:term":[{"taxonomy":"category","embeddable":true,"href":"https:\/\/www.inforesidencias.com\/blog\/index.php\/wp-json\/wp\/v2\/categories?post=2192"},{"taxonomy":"post_tag","embeddable":true,"href":"https:\/\/www.inforesidencias.com\/blog\/index.php\/wp-json\/wp\/v2\/tags?post=2192"}],"curies":[{"name":"wp","href":"https:\/\/api.w.org\/{rel}","templated":true}]}}