{"id":2197,"date":"2019-06-03T14:41:57","date_gmt":"2019-06-03T14:41:57","guid":{"rendered":"https:\/\/www.inforesidencias.com\/blog\/?p=2197"},"modified":"2019-06-03T14:41:57","modified_gmt":"2019-06-03T14:41:57","slug":"buscador-proactivo-de-inforesidencias","status":"publish","type":"post","link":"https:\/\/www.inforesidencias.com\/blog\/index.php\/2019\/06\/03\/buscador-proactivo-de-inforesidencias\/","title":{"rendered":"Buscador proactivo de inforesidencias"},"content":{"rendered":"<p style=\"text-align: justify\">En el <a href=\"https:\/\/www.youtube.com\/channel\/UCPxmPxH1KcMa4qPKTw2y3ow\">canal de youtube de inforesidencias.com<\/a> se pueden encontrar multitud de videos grabados por Josep de Marti en sus viajes, probando nuevos productos dise\u00f1ados para las personas mayores, dando su opini\u00f3n sobre alg\u00fan tema de actualidad del sector, entrevistando a profesionales, etc.<\/p>\n<p style=\"text-align: justify\">Esta vez lo que os traemos es un video muy \u00fatil en el que explica como funciona una de las secciones del portal, el buscador proactivo de inforesidencias, tambi\u00e9n conocido como \u00abbuscamos por ti. En este video se nos muestra como funciona esta modalidad de buscador en la que vamos definiendo unos par\u00e1metros que son los que luego servir\u00e1n de referencia par que el programa env\u00ede nuestra b\u00fasqueda a las residencias que m\u00e1s se ci\u00f1an a nuestras preferencias.<\/p>\n<p><iframe loading=\"lazy\" width=\"500\" height=\"281\" src=\"https:\/\/www.youtube.com\/embed\/JDtSjJ-_RnA?feature=oembed\" frameborder=\"0\" allow=\"accelerometer; autoplay; encrypted-media; gyroscope; picture-in-picture\" allowfullscreen><\/iframe><\/p>\n<p style=\"text-align: justify\">La informaci\u00f3n que pide <a href=\"https:\/\/www.inforesidencias.com\/particulares\/buscamos-por-ti\">el buscador proactivo de inforesidencias<\/a> es muy elemental tal y como se puede observar. Los datos solicitados son los indispensables para poder realizar un correcto filtraje. En cuanto al precio m\u00e1ximo que podemos pagar, el buscador proactivo de inforesidencias de\u00a0 permite poner el precio que se desee, no obstante siempre saldr\u00e1 una frase con el precio medio de la zona, la cual ya hemos prefijado previamente. Con este aviso, se nos da la opci\u00f3n de comparar el precio que hemos puesto con el de la zona.<\/p>\n<p style=\"text-align: justify\">Pero el buscador proactivo de inforesidencias, no solo permite buscar residencias, sino tambi\u00e9n <a href=\"https:\/\/www.inforesidencias.com\/centros\/directorio\">centros de d\u00eda o servicios de atenci\u00f3n a domicilio para mayores<\/a>. De este modo pretendemos dar una respuesta transversal de los diferentes servicios m\u00e1s habituales que suele necesitar una persona mayor. Y todo esto tal y como explica Josep de Marti, tratando de la mejor forma posible los datos personales de los usuarios,<\/p>\n<p>Alguna otra vez, ya hemos <a href=\"https:\/\/www.inforesidencias.com\/blog\/index.php\/2018\/12\/18\/trabajar-en-residencias-de-mayores\/\">difundido alg\u00fan video de utilidad del funcionamiento del portal como fue el que trataba sobre la bolsa de empleo<\/a> y como inscribirse en ella<\/p>\n<p>&nbsp;<\/p>\n","protected":false},"excerpt":{"rendered":"<p>En el canal de youtube de inforesidencias.com se pueden encontrar multitud de videos grabados por Josep de Marti en sus viajes, probando nuevos productos dise\u00f1ados para las personas mayores, dando su opini\u00f3n sobre alg\u00fan tema de actualidad del sector, entrevistando a profesionales, etc. Esta vez lo que os traemos es un video muy \u00fatil en el que explica como funciona una de las secciones del portal, el buscador proactivo de inforesidencias, tambi\u00e9n conocido como \u00abbuscamos por ti. En este video se nos muestra como funciona esta modalidad de buscador en la que vamos definiendo unos par\u00e1metros que son los que luego servir\u00e1n de referencia par que el programa env\u00ede nuestra b\u00fasqueda a las residencias que m\u00e1s se ci\u00f1an a nuestras preferencias. La informaci\u00f3n que pide el buscador proactivo de inforesidencias es muy elemental tal y como se puede observar. Los datos solicitados son los indispensables para poder realizar un correcto [&hellip;]<\/p>\n","protected":false},"author":2,"featured_media":2200,"comment_status":"open","ping_status":"open","sticky":false,"template":"","format":"standard","meta":{"footnotes":""},"categories":[1],"tags":[],"yoast_head":"<!-- This site is optimized with the Yoast SEO plugin v21.7 - https:\/\/yoast.com\/wordpress\/plugins\/seo\/ -->\n<title>Buscador proactivo de inforesidencias - Blog Inforesidencias.com<\/title>\n<meta name=\"description\" content=\"El buscador proactivo de inforesidencias es una herramienta muy \u00fatil para quien quiere que las residencias bajo sus criterios le contacten directamente\" \/>\n<meta name=\"robots\" content=\"index, follow, max-snippet:-1, max-image-preview:large, max-video-preview:-1\" \/>\n<link rel=\"canonical\" href=\"https:\/\/www.inforesidencias.com\/blog\/index.php\/2019\/06\/03\/buscador-proactivo-de-inforesidencias\/\" \/>\n<meta property=\"og:locale\" content=\"es_ES\" \/>\n<meta property=\"og:type\" content=\"article\" \/>\n<meta property=\"og:title\" content=\"Buscador proactivo de inforesidencias - Blog Inforesidencias.com\" \/>\n<meta property=\"og:description\" content=\"El buscador proactivo de inforesidencias es una herramienta muy \u00fatil para quien quiere que las residencias bajo sus criterios le contacten directamente\" \/>\n<meta property=\"og:url\" content=\"https:\/\/www.inforesidencias.com\/blog\/index.php\/2019\/06\/03\/buscador-proactivo-de-inforesidencias\/\" \/>\n<meta property=\"og:site_name\" content=\"Blog Inforesidencias.com\" \/>\n<meta property=\"article:publisher\" content=\"https:\/\/www.facebook.com\/Inforesidencias\/\" \/>\n<meta property=\"article:author\" content=\"https:\/\/www.facebook.com\/josep.demarti\" \/>\n<meta property=\"article:published_time\" content=\"2019-06-03T14:41:57+00:00\" \/>\n<meta property=\"og:image\" content=\"https:\/\/www.inforesidencias.com\/blog\/wp-content\/uploads\/2019\/06\/buscador-proactivo-de-inforesidencias.png\" \/>\n\t<meta property=\"og:image:width\" content=\"286\" \/>\n\t<meta property=\"og:image:height\" content=\"303\" \/>\n\t<meta property=\"og:image:type\" content=\"image\/png\" \/>\n<meta name=\"author\" content=\"Josep de Mart\u00ed\" \/>\n<meta name=\"twitter:card\" content=\"summary_large_image\" \/>\n<meta name=\"twitter:creator\" content=\"@blog-ir\" \/>\n<meta name=\"twitter:site\" content=\"@inforesidencias\" \/>\n<meta name=\"twitter:label1\" content=\"Escrito por\" \/>\n\t<meta name=\"twitter:data1\" content=\"Josep de Mart\u00ed\" \/>\n\t<meta name=\"twitter:label2\" content=\"Tiempo de lectura\" \/>\n\t<meta name=\"twitter:data2\" content=\"2 minutos\" \/>\n<script type=\"application\/ld+json\" class=\"yoast-schema-graph\">{\"@context\":\"https:\/\/schema.org\",\"@graph\":[{\"@type\":\"WebPage\",\"@id\":\"https:\/\/www.inforesidencias.com\/blog\/index.php\/2019\/06\/03\/buscador-proactivo-de-inforesidencias\/\",\"url\":\"https:\/\/www.inforesidencias.com\/blog\/index.php\/2019\/06\/03\/buscador-proactivo-de-inforesidencias\/\",\"name\":\"Buscador proactivo de inforesidencias - Blog Inforesidencias.com\",\"isPartOf\":{\"@id\":\"https:\/\/www.inforesidencias.com\/blog\/#website\"},\"datePublished\":\"2019-06-03T14:41:57+00:00\",\"dateModified\":\"2019-06-03T14:41:57+00:00\",\"author\":{\"@id\":\"https:\/\/www.inforesidencias.com\/blog\/#\/schema\/person\/9e146774d1eb3bc1c0316242a3898628\"},\"description\":\"El buscador proactivo de inforesidencias es una herramienta muy \u00fatil para quien quiere que las residencias bajo sus criterios le contacten directamente\",\"breadcrumb\":{\"@id\":\"https:\/\/www.inforesidencias.com\/blog\/index.php\/2019\/06\/03\/buscador-proactivo-de-inforesidencias\/#breadcrumb\"},\"inLanguage\":\"es\",\"potentialAction\":[{\"@type\":\"ReadAction\",\"target\":[\"https:\/\/www.inforesidencias.com\/blog\/index.php\/2019\/06\/03\/buscador-proactivo-de-inforesidencias\/\"]}]},{\"@type\":\"BreadcrumbList\",\"@id\":\"https:\/\/www.inforesidencias.com\/blog\/index.php\/2019\/06\/03\/buscador-proactivo-de-inforesidencias\/#breadcrumb\",\"itemListElement\":[{\"@type\":\"ListItem\",\"position\":1,\"name\":\"Home\",\"item\":\"https:\/\/www.inforesidencias.com\/blog\/\"},{\"@type\":\"ListItem\",\"position\":2,\"name\":\"Buscador proactivo de inforesidencias\"}]},{\"@type\":\"WebSite\",\"@id\":\"https:\/\/www.inforesidencias.com\/blog\/#website\",\"url\":\"https:\/\/www.inforesidencias.com\/blog\/\",\"name\":\"Blog Inforesidencias.com\",\"description\":\"El buscador de residencias de la 3\u00aa edad\",\"potentialAction\":[{\"@type\":\"SearchAction\",\"target\":{\"@type\":\"EntryPoint\",\"urlTemplate\":\"https:\/\/www.inforesidencias.com\/blog\/?s={search_term_string}\"},\"query-input\":\"required name=search_term_string\"}],\"inLanguage\":\"es\"},{\"@type\":\"Person\",\"@id\":\"https:\/\/www.inforesidencias.com\/blog\/#\/schema\/person\/9e146774d1eb3bc1c0316242a3898628\",\"name\":\"Josep de Mart\u00ed\",\"image\":{\"@type\":\"ImageObject\",\"inLanguage\":\"es\",\"@id\":\"https:\/\/www.inforesidencias.com\/blog\/#\/schema\/person\/image\/\",\"url\":\"https:\/\/secure.gravatar.com\/avatar\/de0302c4806c00c4cebff396a798c1ff?s=96&d=mm&r=g\",\"contentUrl\":\"https:\/\/secure.gravatar.com\/avatar\/de0302c4806c00c4cebff396a798c1ff?s=96&d=mm&r=g\",\"caption\":\"Josep de Mart\u00ed\"},\"sameAs\":[\"https:\/\/www.inforesidencias.com\",\"https:\/\/www.facebook.com\/josep.demarti\",\"https:\/\/twitter.com\/blog-ir\"],\"url\":\"https:\/\/www.inforesidencias.com\/blog\/index.php\/author\/josepdemarti\/\"}]}<\/script>\n<!-- \/ Yoast SEO plugin. -->","yoast_head_json":{"title":"Buscador proactivo de inforesidencias - Blog Inforesidencias.com","description":"El buscador proactivo de inforesidencias es una herramienta muy \u00fatil para quien quiere que las residencias bajo sus criterios le contacten directamente","robots":{"index":"index","follow":"follow","max-snippet":"max-snippet:-1","max-image-preview":"max-image-preview:large","max-video-preview":"max-video-preview:-1"},"canonical":"https:\/\/www.inforesidencias.com\/blog\/index.php\/2019\/06\/03\/buscador-proactivo-de-inforesidencias\/","og_locale":"es_ES","og_type":"article","og_title":"Buscador proactivo de inforesidencias - Blog Inforesidencias.com","og_description":"El buscador proactivo de inforesidencias es una herramienta muy \u00fatil para quien quiere que las residencias bajo sus criterios le contacten directamente","og_url":"https:\/\/www.inforesidencias.com\/blog\/index.php\/2019\/06\/03\/buscador-proactivo-de-inforesidencias\/","og_site_name":"Blog Inforesidencias.com","article_publisher":"https:\/\/www.facebook.com\/Inforesidencias\/","article_author":"https:\/\/www.facebook.com\/josep.demarti","article_published_time":"2019-06-03T14:41:57+00:00","og_image":[{"width":286,"height":303,"url":"https:\/\/www.inforesidencias.com\/blog\/wp-content\/uploads\/2019\/06\/buscador-proactivo-de-inforesidencias.png","type":"image\/png"}],"author":"Josep de Mart\u00ed","twitter_card":"summary_large_image","twitter_creator":"@blog-ir","twitter_site":"@inforesidencias","twitter_misc":{"Escrito por":"Josep de Mart\u00ed","Tiempo de lectura":"2 minutos"},"schema":{"@context":"https:\/\/schema.org","@graph":[{"@type":"WebPage","@id":"https:\/\/www.inforesidencias.com\/blog\/index.php\/2019\/06\/03\/buscador-proactivo-de-inforesidencias\/","url":"https:\/\/www.inforesidencias.com\/blog\/index.php\/2019\/06\/03\/buscador-proactivo-de-inforesidencias\/","name":"Buscador proactivo de inforesidencias - Blog Inforesidencias.com","isPartOf":{"@id":"https:\/\/www.inforesidencias.com\/blog\/#website"},"datePublished":"2019-06-03T14:41:57+00:00","dateModified":"2019-06-03T14:41:57+00:00","author":{"@id":"https:\/\/www.inforesidencias.com\/blog\/#\/schema\/person\/9e146774d1eb3bc1c0316242a3898628"},"description":"El buscador proactivo de inforesidencias es una herramienta muy \u00fatil para quien quiere que las residencias bajo sus criterios le contacten directamente","breadcrumb":{"@id":"https:\/\/www.inforesidencias.com\/blog\/index.php\/2019\/06\/03\/buscador-proactivo-de-inforesidencias\/#breadcrumb"},"inLanguage":"es","potentialAction":[{"@type":"ReadAction","target":["https:\/\/www.inforesidencias.com\/blog\/index.php\/2019\/06\/03\/buscador-proactivo-de-inforesidencias\/"]}]},{"@type":"BreadcrumbList","@id":"https:\/\/www.inforesidencias.com\/blog\/index.php\/2019\/06\/03\/buscador-proactivo-de-inforesidencias\/#breadcrumb","itemListElement":[{"@type":"ListItem","position":1,"name":"Home","item":"https:\/\/www.inforesidencias.com\/blog\/"},{"@type":"ListItem","position":2,"name":"Buscador proactivo de inforesidencias"}]},{"@type":"WebSite","@id":"https:\/\/www.inforesidencias.com\/blog\/#website","url":"https:\/\/www.inforesidencias.com\/blog\/","name":"Blog Inforesidencias.com","description":"El buscador de residencias de la 3\u00aa edad","potentialAction":[{"@type":"SearchAction","target":{"@type":"EntryPoint","urlTemplate":"https:\/\/www.inforesidencias.com\/blog\/?s={search_term_string}"},"query-input":"required name=search_term_string"}],"inLanguage":"es"},{"@type":"Person","@id":"https:\/\/www.inforesidencias.com\/blog\/#\/schema\/person\/9e146774d1eb3bc1c0316242a3898628","name":"Josep de Mart\u00ed","image":{"@type":"ImageObject","inLanguage":"es","@id":"https:\/\/www.inforesidencias.com\/blog\/#\/schema\/person\/image\/","url":"https:\/\/secure.gravatar.com\/avatar\/de0302c4806c00c4cebff396a798c1ff?s=96&d=mm&r=g","contentUrl":"https:\/\/secure.gravatar.com\/avatar\/de0302c4806c00c4cebff396a798c1ff?s=96&d=mm&r=g","caption":"Josep de Mart\u00ed"},"sameAs":["https:\/\/www.inforesidencias.com","https:\/\/www.facebook.com\/josep.demarti","https:\/\/twitter.com\/blog-ir"],"url":"https:\/\/www.inforesidencias.com\/blog\/index.php\/author\/josepdemarti\/"}]}},"_links":{"self":[{"href":"https:\/\/www.inforesidencias.com\/blog\/index.php\/wp-json\/wp\/v2\/posts\/2197"}],"collection":[{"href":"https:\/\/www.inforesidencias.com\/blog\/index.php\/wp-json\/wp\/v2\/posts"}],"about":[{"href":"https:\/\/www.inforesidencias.com\/blog\/index.php\/wp-json\/wp\/v2\/types\/post"}],"author":[{"embeddable":true,"href":"https:\/\/www.inforesidencias.com\/blog\/index.php\/wp-json\/wp\/v2\/users\/2"}],"replies":[{"embeddable":true,"href":"https:\/\/www.inforesidencias.com\/blog\/index.php\/wp-json\/wp\/v2\/comments?post=2197"}],"version-history":[{"count":3,"href":"https:\/\/www.inforesidencias.com\/blog\/index.php\/wp-json\/wp\/v2\/posts\/2197\/revisions"}],"predecessor-version":[{"id":2201,"href":"https:\/\/www.inforesidencias.com\/blog\/index.php\/wp-json\/wp\/v2\/posts\/2197\/revisions\/2201"}],"wp:featuredmedia":[{"embeddable":true,"href":"https:\/\/www.inforesidencias.com\/blog\/index.php\/wp-json\/wp\/v2\/media\/2200"}],"wp:attachment":[{"href":"https:\/\/www.inforesidencias.com\/blog\/index.php\/wp-json\/wp\/v2\/media?parent=2197"}],"wp:term":[{"taxonomy":"category","embeddable":true,"href":"https:\/\/www.inforesidencias.com\/blog\/index.php\/wp-json\/wp\/v2\/categories?post=2197"},{"taxonomy":"post_tag","embeddable":true,"href":"https:\/\/www.inforesidencias.com\/blog\/index.php\/wp-json\/wp\/v2\/tags?post=2197"}],"curies":[{"name":"wp","href":"https:\/\/api.w.org\/{rel}","templated":true}]}}