{"id":2229,"date":"2019-06-13T11:55:04","date_gmt":"2019-06-13T11:55:04","guid":{"rendered":"https:\/\/www.inforesidencias.com\/blog\/?p=2229"},"modified":"2019-06-13T11:55:04","modified_gmt":"2019-06-13T11:55:04","slug":"una-residencia-en-lanoia-y-una-cama-inteligente","status":"publish","type":"post","link":"https:\/\/www.inforesidencias.com\/blog\/index.php\/2019\/06\/13\/una-residencia-en-lanoia-y-una-cama-inteligente\/","title":{"rendered":"Una residencia en l&#8217;Anoia y una cama inteligente"},"content":{"rendered":"<p style=\"text-align: justify\">Esta semana en <a href=\"https:\/\/www.estelfitxers.com\/audio\/20190611-17_00ESGRANSERGRAN.MP3\">\u00ab\u00c9s gran ser gran\u00bb <\/a>empezamos hablando del <a href=\"https:\/\/www.inforesidencias.com\/contenidos\/viajes\">viaje geroasistencial<\/a> que ha hecho Josep de Marti a Helsinki con personal de residencias en Espa\u00f1a, para ver como se trabaja con las personas mayores en esa ciudad de Finlandia. Debatimos acerca de c\u00f3mo han cambiado los servicios que se ofrecen a las personas mayores en los \u00faltimos a\u00f1os en gran parte debido al cambio de vida de estas personas y sus preferencias y como a trav\u00e9s de estos servicios se busca la atenci\u00f3n integral y continuada.<\/p>\n<p style=\"text-align: justify\">Luego ya con las entrevistas empezamos con nuestros amigos de la <a href=\"http:\/\/www.residenciaanoia.com\/?lang=es\">residencia Anoia situada en Martorell<\/a>. Nos acompa\u00f1aron la directora, Isabel Alba, la enfermera, Nat\u00e0lia Fern\u00e1ndez y un residente, el se\u00f1or Manuel Centellas.<\/p>\n<p style=\"text-align: justify\">Isabel nos cont\u00f3 un poco la historia del edificio que ocupan, el cual transformaron en residencia en 2011. El hecho de que antes fuera una casa del pueblo de Martorell de toda la vida hace que aun mucha gente les conozca por el antiguo nombre de la casa familiar. Adem\u00e1s nos inform\u00f3 acerca de las plazas de que disponen de residencia y centro de d\u00eda y de c\u00f3mo orientan su forma de trabajar en base a la atenci\u00f3n centrada en la persona. Tambi\u00e9n explic\u00f3 algo que no vemos todos los d\u00edas y es el hecho de que ofrecen un servicio de ayuda a domicilio. De estas personas que reciben este servicio algunas de ellas tambi\u00e9n luego solicitan plaza en la residencia o el centro de d\u00eda.<\/p>\n<p style=\"text-align: justify\">Por otro lado tambi\u00e9n hablamos la enfermera Nat\u00e0lia Fern\u00e1ndez. Est\u00e1bamos contentos ya que no nos suelen acompa\u00f1ar enfermeras en el programa. Aprovechamos su presencia para que nos explicara como es un d\u00eda a d\u00eda en la residencia.<\/p>\n<p style=\"text-align: justify\">Finalmente de <a href=\"https:\/\/www.inforesidencias.com\/centros\/residencia\/2398\/residencia-anoia\">la residencia Anoia<\/a> charlamos con Manuel, un residente. Quien nos dej\u00f3 una grata opini\u00f3n de su residencia aunque bien dej\u00f3 claro que al principio tenia un poco de miedo. Todo ello debido a la imagen que aun tienen bastantes personas de los asilos de hace bastantes d\u00e9cadas atr\u00e1s y que aun perduran en nuestro imaginario. El se\u00f1or Manuel expuso tambi\u00e9n como es un d\u00eda en el centro y de donde ven\u00eda. Nos soprendi\u00f3 adem\u00e1s cuando explic\u00f3 que le han hecho una peque\u00f1a identificaci\u00f3n par que pueda salir de la residencia cuando quiera sin miedo a perderse<\/p>\n<p style=\"text-align: justify\">M\u00e1s tarde en la segunda mitad del programa, despu\u00e9s de la bolsa de empleo y la consulta del trabajador social tuvimos a otro invitado que venia de la empresa <a href=\"https:\/\/www.intelligentcaringbed.com\/\">Smart Bed (cama inteligente)<\/a>. \u00c9l era Ignasi Creus, director de la compa\u00f1\u00eda. Ignasi explic\u00f3 como funciona la cama inteligente que han creado y como a trav\u00e9s de sus movimientos mejora la calidad de vida de todas aquellas personas que lo usan.<\/p>\n<p style=\"text-align: justify\">Esta cama ayuda a evitarlas \u00falceras, los dolores musculares etc de las personas encamadas. Todo esto a trav\u00e9s de una gran variedad de movimientos que programa uno mismo seg\u00fan la franja del d\u00eda que est\u00e9, sus gustos o necesidades. Va dirigido sobretodo a personas que padezcan, esclerosis m\u00faltiples, distrofias, teraplejias, ELA\u2019S etc.<\/p>\n<p style=\"text-align: justify\"><a href=\"https:\/\/www.inforesidencias.com\/blog\/wp-content\/uploads\/2019\/06\/residencia-Anoia-y-una-cama-inteligente.png\"><img decoding=\"async\" loading=\"lazy\" class=\"aligncenter size-full wp-image-2230\" src=\"https:\/\/www.inforesidencias.com\/blog\/wp-content\/uploads\/2019\/06\/residencia-Anoia-y-una-cama-inteligente.png\" alt=\"residencia Anoia y una cama inteligente\" width=\"886\" height=\"484\" \/><\/a><\/p>\n<p style=\"text-align: justify\">Josep de Marti y Ignasi, comentaron la historia de Joaquin, un conocido com\u00fan que us\u00f3 la cama y como a trav\u00e9s de sus valoraciones consiguieron que con la cama pudiera dormir varias horas seguidas sin que necesitara de una tercera persona que le movilizara para evitar las ulceras por presi\u00f3n. En la recta final Ignasi nos cont\u00f3 <a href=\"https:\/\/www.inforesidencias.com\/infoclasificados\/anuncio\/1141700047\">como poder informarse acerca de Smart Bed<\/a> y como trabajan con asociaciones de personas con diferentes discapacidades para que las personas a las que ayudan puedan disfrutar de los beneficios de esta cama. Finalmente tambi\u00e9n nos explic\u00f3 como empiezan a trabajar con residencias de mayores y como su cama inteligente les aporta a estos centros un valor a\u00f1adido.<\/p>\n<p style=\"text-align: justify\">\u00bfQuieres ver como funciona? <a href=\"https:\/\/www.youtube.com\/watch?v=6KJtugHeE5s\">Pincha aqu\u00ed<\/a><\/p>\n<p style=\"text-align: justify\">Acabamos el programa leyendo el micro cuento \u201cFortunata y Jacinta\u201d del libro de Marina Valls.<\/p>\n","protected":false},"excerpt":{"rendered":"<p>Esta semana en \u00ab\u00c9s gran ser gran\u00bb empezamos hablando del viaje geroasistencial que ha hecho Josep de Marti a Helsinki con personal de residencias en Espa\u00f1a, para ver como se trabaja con las personas mayores en esa ciudad de Finlandia. Debatimos acerca de c\u00f3mo han cambiado los servicios que se ofrecen a las personas mayores en los \u00faltimos a\u00f1os en gran parte debido al cambio de vida de estas personas y sus preferencias y como a trav\u00e9s de estos servicios se busca la atenci\u00f3n integral y continuada. Luego ya con las entrevistas empezamos con nuestros amigos de la residencia Anoia situada en Martorell. Nos acompa\u00f1aron la directora, Isabel Alba, la enfermera, Nat\u00e0lia Fern\u00e1ndez y un residente, el se\u00f1or Manuel Centellas. Isabel nos cont\u00f3 un poco la historia del edificio que ocupan, el cual transformaron en residencia en 2011. El hecho de que antes fuera una casa del pueblo de Martorell [&hellip;]<\/p>\n","protected":false},"author":2,"featured_media":2230,"comment_status":"open","ping_status":"open","sticky":false,"template":"","format":"standard","meta":{"footnotes":""},"categories":[1],"tags":[],"yoast_head":"<!-- This site is optimized with the Yoast SEO plugin v21.7 - https:\/\/yoast.com\/wordpress\/plugins\/seo\/ -->\n<title>Una residencia en l&#039;Anoia y una cama inteligente - Blog Inforesidencias.com<\/title>\n<meta name=\"description\" content=\"Esta semana en &quot;\u00c9s gran ser gran&quot; nos han acompa\u00f1ado de la residencia Anoia de Martorell y de Smart Bed, una empresa que ha dise\u00f1ado una cama inteligente.\" \/>\n<meta name=\"robots\" content=\"index, follow, max-snippet:-1, max-image-preview:large, max-video-preview:-1\" \/>\n<link rel=\"canonical\" href=\"https:\/\/www.inforesidencias.com\/blog\/index.php\/2019\/06\/13\/una-residencia-en-lanoia-y-una-cama-inteligente\/\" \/>\n<meta property=\"og:locale\" content=\"es_ES\" \/>\n<meta property=\"og:type\" content=\"article\" \/>\n<meta property=\"og:title\" content=\"Una residencia en l&#039;Anoia y una cama inteligente - Blog Inforesidencias.com\" \/>\n<meta property=\"og:description\" content=\"Esta semana en &quot;\u00c9s gran ser gran&quot; nos han acompa\u00f1ado de la residencia Anoia de Martorell y de Smart Bed, una empresa que ha dise\u00f1ado una cama inteligente.\" \/>\n<meta property=\"og:url\" content=\"https:\/\/www.inforesidencias.com\/blog\/index.php\/2019\/06\/13\/una-residencia-en-lanoia-y-una-cama-inteligente\/\" \/>\n<meta property=\"og:site_name\" content=\"Blog Inforesidencias.com\" \/>\n<meta property=\"article:publisher\" content=\"https:\/\/www.facebook.com\/Inforesidencias\/\" \/>\n<meta property=\"article:author\" content=\"https:\/\/www.facebook.com\/josep.demarti\" \/>\n<meta property=\"article:published_time\" content=\"2019-06-13T11:55:04+00:00\" \/>\n<meta property=\"og:image\" content=\"https:\/\/www.inforesidencias.com\/blog\/wp-content\/uploads\/2019\/06\/residencia-Anoia-y-una-cama-inteligente.png\" \/>\n\t<meta property=\"og:image:width\" content=\"886\" \/>\n\t<meta property=\"og:image:height\" content=\"484\" \/>\n\t<meta property=\"og:image:type\" content=\"image\/png\" \/>\n<meta name=\"author\" content=\"Josep de Mart\u00ed\" \/>\n<meta name=\"twitter:card\" content=\"summary_large_image\" \/>\n<meta name=\"twitter:creator\" content=\"@blog-ir\" \/>\n<meta name=\"twitter:site\" content=\"@inforesidencias\" \/>\n<meta name=\"twitter:label1\" content=\"Escrito por\" \/>\n\t<meta name=\"twitter:data1\" content=\"Josep de Mart\u00ed\" \/>\n\t<meta name=\"twitter:label2\" content=\"Tiempo de lectura\" \/>\n\t<meta name=\"twitter:data2\" content=\"3 minutos\" \/>\n<script type=\"application\/ld+json\" class=\"yoast-schema-graph\">{\"@context\":\"https:\/\/schema.org\",\"@graph\":[{\"@type\":\"WebPage\",\"@id\":\"https:\/\/www.inforesidencias.com\/blog\/index.php\/2019\/06\/13\/una-residencia-en-lanoia-y-una-cama-inteligente\/\",\"url\":\"https:\/\/www.inforesidencias.com\/blog\/index.php\/2019\/06\/13\/una-residencia-en-lanoia-y-una-cama-inteligente\/\",\"name\":\"Una residencia en l'Anoia y una cama inteligente - Blog Inforesidencias.com\",\"isPartOf\":{\"@id\":\"https:\/\/www.inforesidencias.com\/blog\/#website\"},\"datePublished\":\"2019-06-13T11:55:04+00:00\",\"dateModified\":\"2019-06-13T11:55:04+00:00\",\"author\":{\"@id\":\"https:\/\/www.inforesidencias.com\/blog\/#\/schema\/person\/9e146774d1eb3bc1c0316242a3898628\"},\"description\":\"Esta semana en \\\"\u00c9s gran ser gran\\\" nos han acompa\u00f1ado de la residencia Anoia de Martorell y de Smart Bed, una empresa que ha dise\u00f1ado una cama inteligente.\",\"breadcrumb\":{\"@id\":\"https:\/\/www.inforesidencias.com\/blog\/index.php\/2019\/06\/13\/una-residencia-en-lanoia-y-una-cama-inteligente\/#breadcrumb\"},\"inLanguage\":\"es\",\"potentialAction\":[{\"@type\":\"ReadAction\",\"target\":[\"https:\/\/www.inforesidencias.com\/blog\/index.php\/2019\/06\/13\/una-residencia-en-lanoia-y-una-cama-inteligente\/\"]}]},{\"@type\":\"BreadcrumbList\",\"@id\":\"https:\/\/www.inforesidencias.com\/blog\/index.php\/2019\/06\/13\/una-residencia-en-lanoia-y-una-cama-inteligente\/#breadcrumb\",\"itemListElement\":[{\"@type\":\"ListItem\",\"position\":1,\"name\":\"Home\",\"item\":\"https:\/\/www.inforesidencias.com\/blog\/\"},{\"@type\":\"ListItem\",\"position\":2,\"name\":\"Una residencia en l&#8217;Anoia y una cama inteligente\"}]},{\"@type\":\"WebSite\",\"@id\":\"https:\/\/www.inforesidencias.com\/blog\/#website\",\"url\":\"https:\/\/www.inforesidencias.com\/blog\/\",\"name\":\"Blog Inforesidencias.com\",\"description\":\"El buscador de residencias de la 3\u00aa edad\",\"potentialAction\":[{\"@type\":\"SearchAction\",\"target\":{\"@type\":\"EntryPoint\",\"urlTemplate\":\"https:\/\/www.inforesidencias.com\/blog\/?s={search_term_string}\"},\"query-input\":\"required name=search_term_string\"}],\"inLanguage\":\"es\"},{\"@type\":\"Person\",\"@id\":\"https:\/\/www.inforesidencias.com\/blog\/#\/schema\/person\/9e146774d1eb3bc1c0316242a3898628\",\"name\":\"Josep de Mart\u00ed\",\"image\":{\"@type\":\"ImageObject\",\"inLanguage\":\"es\",\"@id\":\"https:\/\/www.inforesidencias.com\/blog\/#\/schema\/person\/image\/\",\"url\":\"https:\/\/secure.gravatar.com\/avatar\/de0302c4806c00c4cebff396a798c1ff?s=96&d=mm&r=g\",\"contentUrl\":\"https:\/\/secure.gravatar.com\/avatar\/de0302c4806c00c4cebff396a798c1ff?s=96&d=mm&r=g\",\"caption\":\"Josep de Mart\u00ed\"},\"sameAs\":[\"https:\/\/www.inforesidencias.com\",\"https:\/\/www.facebook.com\/josep.demarti\",\"https:\/\/twitter.com\/blog-ir\"],\"url\":\"https:\/\/www.inforesidencias.com\/blog\/index.php\/author\/josepdemarti\/\"}]}<\/script>\n<!-- \/ Yoast SEO plugin. -->","yoast_head_json":{"title":"Una residencia en l'Anoia y una cama inteligente - Blog Inforesidencias.com","description":"Esta semana en \"\u00c9s gran ser gran\" nos han acompa\u00f1ado de la residencia Anoia de Martorell y de Smart Bed, una empresa que ha dise\u00f1ado una cama inteligente.","robots":{"index":"index","follow":"follow","max-snippet":"max-snippet:-1","max-image-preview":"max-image-preview:large","max-video-preview":"max-video-preview:-1"},"canonical":"https:\/\/www.inforesidencias.com\/blog\/index.php\/2019\/06\/13\/una-residencia-en-lanoia-y-una-cama-inteligente\/","og_locale":"es_ES","og_type":"article","og_title":"Una residencia en l'Anoia y una cama inteligente - Blog Inforesidencias.com","og_description":"Esta semana en \"\u00c9s gran ser gran\" nos han acompa\u00f1ado de la residencia Anoia de Martorell y de Smart Bed, una empresa que ha dise\u00f1ado una cama inteligente.","og_url":"https:\/\/www.inforesidencias.com\/blog\/index.php\/2019\/06\/13\/una-residencia-en-lanoia-y-una-cama-inteligente\/","og_site_name":"Blog Inforesidencias.com","article_publisher":"https:\/\/www.facebook.com\/Inforesidencias\/","article_author":"https:\/\/www.facebook.com\/josep.demarti","article_published_time":"2019-06-13T11:55:04+00:00","og_image":[{"width":886,"height":484,"url":"https:\/\/www.inforesidencias.com\/blog\/wp-content\/uploads\/2019\/06\/residencia-Anoia-y-una-cama-inteligente.png","type":"image\/png"}],"author":"Josep de Mart\u00ed","twitter_card":"summary_large_image","twitter_creator":"@blog-ir","twitter_site":"@inforesidencias","twitter_misc":{"Escrito por":"Josep de Mart\u00ed","Tiempo de lectura":"3 minutos"},"schema":{"@context":"https:\/\/schema.org","@graph":[{"@type":"WebPage","@id":"https:\/\/www.inforesidencias.com\/blog\/index.php\/2019\/06\/13\/una-residencia-en-lanoia-y-una-cama-inteligente\/","url":"https:\/\/www.inforesidencias.com\/blog\/index.php\/2019\/06\/13\/una-residencia-en-lanoia-y-una-cama-inteligente\/","name":"Una residencia en l'Anoia y una cama inteligente - Blog Inforesidencias.com","isPartOf":{"@id":"https:\/\/www.inforesidencias.com\/blog\/#website"},"datePublished":"2019-06-13T11:55:04+00:00","dateModified":"2019-06-13T11:55:04+00:00","author":{"@id":"https:\/\/www.inforesidencias.com\/blog\/#\/schema\/person\/9e146774d1eb3bc1c0316242a3898628"},"description":"Esta semana en \"\u00c9s gran ser gran\" nos han acompa\u00f1ado de la residencia Anoia de Martorell y de Smart Bed, una empresa que ha dise\u00f1ado una cama inteligente.","breadcrumb":{"@id":"https:\/\/www.inforesidencias.com\/blog\/index.php\/2019\/06\/13\/una-residencia-en-lanoia-y-una-cama-inteligente\/#breadcrumb"},"inLanguage":"es","potentialAction":[{"@type":"ReadAction","target":["https:\/\/www.inforesidencias.com\/blog\/index.php\/2019\/06\/13\/una-residencia-en-lanoia-y-una-cama-inteligente\/"]}]},{"@type":"BreadcrumbList","@id":"https:\/\/www.inforesidencias.com\/blog\/index.php\/2019\/06\/13\/una-residencia-en-lanoia-y-una-cama-inteligente\/#breadcrumb","itemListElement":[{"@type":"ListItem","position":1,"name":"Home","item":"https:\/\/www.inforesidencias.com\/blog\/"},{"@type":"ListItem","position":2,"name":"Una residencia en l&#8217;Anoia y una cama inteligente"}]},{"@type":"WebSite","@id":"https:\/\/www.inforesidencias.com\/blog\/#website","url":"https:\/\/www.inforesidencias.com\/blog\/","name":"Blog Inforesidencias.com","description":"El buscador de residencias de la 3\u00aa edad","potentialAction":[{"@type":"SearchAction","target":{"@type":"EntryPoint","urlTemplate":"https:\/\/www.inforesidencias.com\/blog\/?s={search_term_string}"},"query-input":"required name=search_term_string"}],"inLanguage":"es"},{"@type":"Person","@id":"https:\/\/www.inforesidencias.com\/blog\/#\/schema\/person\/9e146774d1eb3bc1c0316242a3898628","name":"Josep de Mart\u00ed","image":{"@type":"ImageObject","inLanguage":"es","@id":"https:\/\/www.inforesidencias.com\/blog\/#\/schema\/person\/image\/","url":"https:\/\/secure.gravatar.com\/avatar\/de0302c4806c00c4cebff396a798c1ff?s=96&d=mm&r=g","contentUrl":"https:\/\/secure.gravatar.com\/avatar\/de0302c4806c00c4cebff396a798c1ff?s=96&d=mm&r=g","caption":"Josep de Mart\u00ed"},"sameAs":["https:\/\/www.inforesidencias.com","https:\/\/www.facebook.com\/josep.demarti","https:\/\/twitter.com\/blog-ir"],"url":"https:\/\/www.inforesidencias.com\/blog\/index.php\/author\/josepdemarti\/"}]}},"_links":{"self":[{"href":"https:\/\/www.inforesidencias.com\/blog\/index.php\/wp-json\/wp\/v2\/posts\/2229"}],"collection":[{"href":"https:\/\/www.inforesidencias.com\/blog\/index.php\/wp-json\/wp\/v2\/posts"}],"about":[{"href":"https:\/\/www.inforesidencias.com\/blog\/index.php\/wp-json\/wp\/v2\/types\/post"}],"author":[{"embeddable":true,"href":"https:\/\/www.inforesidencias.com\/blog\/index.php\/wp-json\/wp\/v2\/users\/2"}],"replies":[{"embeddable":true,"href":"https:\/\/www.inforesidencias.com\/blog\/index.php\/wp-json\/wp\/v2\/comments?post=2229"}],"version-history":[{"count":1,"href":"https:\/\/www.inforesidencias.com\/blog\/index.php\/wp-json\/wp\/v2\/posts\/2229\/revisions"}],"predecessor-version":[{"id":2231,"href":"https:\/\/www.inforesidencias.com\/blog\/index.php\/wp-json\/wp\/v2\/posts\/2229\/revisions\/2231"}],"wp:featuredmedia":[{"embeddable":true,"href":"https:\/\/www.inforesidencias.com\/blog\/index.php\/wp-json\/wp\/v2\/media\/2230"}],"wp:attachment":[{"href":"https:\/\/www.inforesidencias.com\/blog\/index.php\/wp-json\/wp\/v2\/media?parent=2229"}],"wp:term":[{"taxonomy":"category","embeddable":true,"href":"https:\/\/www.inforesidencias.com\/blog\/index.php\/wp-json\/wp\/v2\/categories?post=2229"},{"taxonomy":"post_tag","embeddable":true,"href":"https:\/\/www.inforesidencias.com\/blog\/index.php\/wp-json\/wp\/v2\/tags?post=2229"}],"curies":[{"name":"wp","href":"https:\/\/api.w.org\/{rel}","templated":true}]}}