{"id":2241,"date":"2019-06-18T12:22:05","date_gmt":"2019-06-18T12:22:05","guid":{"rendered":"https:\/\/www.inforesidencias.com\/blog\/?p=2241"},"modified":"2019-06-18T12:22:05","modified_gmt":"2019-06-18T12:22:05","slug":"seminario-acp-consejos-desde-estados-unidos","status":"publish","type":"post","link":"https:\/\/www.inforesidencias.com\/blog\/index.php\/2019\/06\/18\/seminario-acp-consejos-desde-estados-unidos\/","title":{"rendered":"Seminario ACP. Consejos desde Estados Unidos"},"content":{"rendered":"<p style=\"text-align: justify\">El pasado viernes 14 de junio se celebr\u00f3 la jornada organizada por Inforesidencias y Escura, con el t\u00edtulo <strong>\u201cAtenci\u00f3n Centrada en la Persona: soluciones para transformar una residencia\u201d<\/strong>, un seminario orientado a gerentes, directores y personal intermedio de servicios geroasistenciales que participan en la planificaci\u00f3n del modelo de atenci\u00f3n y en las actividades de las personas que viven en las mismas.<\/p>\n<p style=\"text-align: justify\"><span style=\"color: #ff0000\">Aun quedan<\/span> plazas\u00a0para el mismo seminario de Madrid del pr\u00f3ximo d\u00eda 21.\u00a0<a href=\"https:\/\/www.inforesidencias.com\/contenidos\/seminarios\/nacional\/atencion-centrada-en-la-persona-soluciones-para-transformar-una-residencia\">Ap\u00fantate aqu\u00ed:\u00a0https:\/\/www.inforesidencias.com\/contenidos\/seminarios\/nacional\/atencion-centrada-en-la-persona-soluciones-para-transformar-una-residencia<\/a><\/p>\n<p style=\"text-align: justify\">Su impartici\u00f3n fue a cargo de dos reputados profesionales. Tras su experiencia de m\u00e1s de 30 a\u00f1os en Estados Unidos y otros pa\u00edses, los ponentes, Walter O. Coffey y G. David Sprowl expusieron las <strong>claves<\/strong> que permiten ir transitando entre modelos para que <strong>la persona mayor sea verdaderamente<\/strong> el centro de la atenci\u00f3n y los cuidados, bas\u00e1ndose para la impartici\u00f3n en los <strong>diez principios de la Alternativa Ed\u00e9n<\/strong>, una forma de entender el cuidado que ha dado lugar a modelos como Greenhouse (\u201cEl Invernadero\u201d).<\/p>\n<p style=\"text-align: justify\"><img decoding=\"async\" loading=\"lazy\" class=\" wp-image-2243 alignleft\" src=\"https:\/\/www.inforesidencias.com\/blog\/wp-content\/uploads\/2019\/06\/seminario-ACP-EUA.png\" alt=\"seminario ACP EUA\" width=\"300\" height=\"225\" \/><\/p>\n<p style=\"text-align: justify\"><strong>Walter O. Coffey<\/strong>, MPA, MA, Eden Educator; Gerontologist &amp; Thought Leader. Socio gerente de WD International Consulting; ex presidente y director ejecutivo de LeadingAge Georgia. Acaba de completar 5 a\u00f1os como instructor a tiempo parcial en el Instituto de Gerontolog\u00eda de la Universidad Estatal de Georgia en Atlanta.<\/p>\n<p style=\"text-align: justify\"><strong>G. David Sprowl,<\/strong> MPA, Eden Educator; Bilingual Mediator &amp; Certified Leadership Coach; socio admistrativo de WD International, LCC; ex director ejecutivo de Lutheran Towers. Gu\u00eda\/instructor para la Academia de Liderazgo LeadingAge Georgia.<\/p>\n<p style=\"text-align: justify\"><strong>Inforesidencias.com<\/strong> es el portal online l\u00edder en la b\u00fasqueda de residencias y centros asistenciales dirigido a profesionales, as\u00ed como fuente de conocimiento para personas que quieran crear nuevas residencias, personas mayores, familiares y a todo el sector asistencial.<\/p>\n<p style=\"text-align: justify\"><strong>Escura<\/strong>, un despacho con m\u00e1s de 25 a\u00f1os de experiencia en el sector asistencial. Su misi\u00f3n se fundamenta en un servicio basado en la atenci\u00f3n al cliente unido a altos est\u00e1ndares \u00e9ticos y de calidad. Bufete Escura dispone de un equipo de fiscalistas, abogados, graduados sociales, especializados y dedicados exclusivamente al sector asistencial.<\/p>\n<p style=\"text-align: justify\"><span style=\"color: #ff0000\">Aun quedan plazas<\/span> para el mismo seminario de Madrid del pr\u00f3ximo d\u00eda 21. <a href=\"https:\/\/www.inforesidencias.com\/contenidos\/seminarios\/nacional\/atencion-centrada-en-la-persona-soluciones-para-transformar-una-residencia\">Ap\u00fantate aqu\u00ed:\u00a0https:\/\/www.inforesidencias.com\/contenidos\/seminarios\/nacional\/atencion-centrada-en-la-persona-soluciones-para-transformar-una-residencia<\/a><\/p>\n","protected":false},"excerpt":{"rendered":"<p>El pasado viernes 14 de junio se celebr\u00f3 la jornada organizada por Inforesidencias y Escura, con el t\u00edtulo \u201cAtenci\u00f3n Centrada en la Persona: soluciones para transformar una residencia\u201d, un seminario orientado a gerentes, directores y personal intermedio de servicios geroasistenciales que participan en la planificaci\u00f3n del modelo de atenci\u00f3n y en las actividades de las personas que viven en las mismas. Aun quedan plazas\u00a0para el mismo seminario de Madrid del pr\u00f3ximo d\u00eda 21.\u00a0Ap\u00fantate aqu\u00ed:\u00a0https:\/\/www.inforesidencias.com\/contenidos\/seminarios\/nacional\/atencion-centrada-en-la-persona-soluciones-para-transformar-una-residencia Su impartici\u00f3n fue a cargo de dos reputados profesionales. Tras su experiencia de m\u00e1s de 30 a\u00f1os en Estados Unidos y otros pa\u00edses, los ponentes, Walter O. Coffey y G. David Sprowl expusieron las claves que permiten ir transitando entre modelos para que la persona mayor sea verdaderamente el centro de la atenci\u00f3n y los cuidados, bas\u00e1ndose para la impartici\u00f3n en los diez principios de la Alternativa Ed\u00e9n, una forma de entender el cuidado que ha [&hellip;]<\/p>\n","protected":false},"author":2,"featured_media":2243,"comment_status":"open","ping_status":"open","sticky":false,"template":"","format":"standard","meta":{"footnotes":""},"categories":[1],"tags":[],"yoast_head":"<!-- This site is optimized with the Yoast SEO plugin v21.7 - https:\/\/yoast.com\/wordpress\/plugins\/seo\/ -->\n<title>Seminario ACP. Consejos desde Estados Unidos - Blog Inforesidencias.com<\/title>\n<meta name=\"description\" content=\"El 14 de junio, inforesidencias y Escura promovieron un seminario sobre ACP con profesionales americanos. Para el del de Madrid aun hay plazas, ap\u00fantate!\" \/>\n<meta name=\"robots\" content=\"index, follow, max-snippet:-1, max-image-preview:large, max-video-preview:-1\" \/>\n<link rel=\"canonical\" href=\"https:\/\/www.inforesidencias.com\/blog\/index.php\/2019\/06\/18\/seminario-acp-consejos-desde-estados-unidos\/\" \/>\n<meta property=\"og:locale\" content=\"es_ES\" \/>\n<meta property=\"og:type\" content=\"article\" \/>\n<meta property=\"og:title\" content=\"Seminario ACP. Consejos desde Estados Unidos - Blog Inforesidencias.com\" \/>\n<meta property=\"og:description\" content=\"El 14 de junio, inforesidencias y Escura promovieron un seminario sobre ACP con profesionales americanos. Para el del de Madrid aun hay plazas, ap\u00fantate!\" \/>\n<meta property=\"og:url\" content=\"https:\/\/www.inforesidencias.com\/blog\/index.php\/2019\/06\/18\/seminario-acp-consejos-desde-estados-unidos\/\" \/>\n<meta property=\"og:site_name\" content=\"Blog Inforesidencias.com\" \/>\n<meta property=\"article:publisher\" content=\"https:\/\/www.facebook.com\/Inforesidencias\/\" \/>\n<meta property=\"article:author\" content=\"https:\/\/www.facebook.com\/josep.demarti\" \/>\n<meta property=\"article:published_time\" content=\"2019-06-18T12:22:05+00:00\" \/>\n<meta property=\"og:image\" content=\"https:\/\/www.inforesidencias.com\/blog\/wp-content\/uploads\/2019\/06\/seminario-ACP-EUA.png\" \/>\n\t<meta property=\"og:image:width\" content=\"441\" \/>\n\t<meta property=\"og:image:height\" content=\"331\" \/>\n\t<meta property=\"og:image:type\" content=\"image\/png\" \/>\n<meta name=\"author\" content=\"Josep de Mart\u00ed\" \/>\n<meta name=\"twitter:card\" content=\"summary_large_image\" \/>\n<meta name=\"twitter:creator\" content=\"@blog-ir\" \/>\n<meta name=\"twitter:site\" content=\"@inforesidencias\" \/>\n<meta name=\"twitter:label1\" content=\"Escrito por\" \/>\n\t<meta name=\"twitter:data1\" content=\"Josep de Mart\u00ed\" \/>\n\t<meta name=\"twitter:label2\" content=\"Tiempo de lectura\" \/>\n\t<meta name=\"twitter:data2\" content=\"2 minutos\" \/>\n<script type=\"application\/ld+json\" class=\"yoast-schema-graph\">{\"@context\":\"https:\/\/schema.org\",\"@graph\":[{\"@type\":\"WebPage\",\"@id\":\"https:\/\/www.inforesidencias.com\/blog\/index.php\/2019\/06\/18\/seminario-acp-consejos-desde-estados-unidos\/\",\"url\":\"https:\/\/www.inforesidencias.com\/blog\/index.php\/2019\/06\/18\/seminario-acp-consejos-desde-estados-unidos\/\",\"name\":\"Seminario ACP. Consejos desde Estados Unidos - Blog Inforesidencias.com\",\"isPartOf\":{\"@id\":\"https:\/\/www.inforesidencias.com\/blog\/#website\"},\"datePublished\":\"2019-06-18T12:22:05+00:00\",\"dateModified\":\"2019-06-18T12:22:05+00:00\",\"author\":{\"@id\":\"https:\/\/www.inforesidencias.com\/blog\/#\/schema\/person\/9e146774d1eb3bc1c0316242a3898628\"},\"description\":\"El 14 de junio, inforesidencias y Escura promovieron un seminario sobre ACP con profesionales americanos. Para el del de Madrid aun hay plazas, ap\u00fantate!\",\"breadcrumb\":{\"@id\":\"https:\/\/www.inforesidencias.com\/blog\/index.php\/2019\/06\/18\/seminario-acp-consejos-desde-estados-unidos\/#breadcrumb\"},\"inLanguage\":\"es\",\"potentialAction\":[{\"@type\":\"ReadAction\",\"target\":[\"https:\/\/www.inforesidencias.com\/blog\/index.php\/2019\/06\/18\/seminario-acp-consejos-desde-estados-unidos\/\"]}]},{\"@type\":\"BreadcrumbList\",\"@id\":\"https:\/\/www.inforesidencias.com\/blog\/index.php\/2019\/06\/18\/seminario-acp-consejos-desde-estados-unidos\/#breadcrumb\",\"itemListElement\":[{\"@type\":\"ListItem\",\"position\":1,\"name\":\"Home\",\"item\":\"https:\/\/www.inforesidencias.com\/blog\/\"},{\"@type\":\"ListItem\",\"position\":2,\"name\":\"Seminario ACP. Consejos desde Estados Unidos\"}]},{\"@type\":\"WebSite\",\"@id\":\"https:\/\/www.inforesidencias.com\/blog\/#website\",\"url\":\"https:\/\/www.inforesidencias.com\/blog\/\",\"name\":\"Blog Inforesidencias.com\",\"description\":\"El buscador de residencias de la 3\u00aa edad\",\"potentialAction\":[{\"@type\":\"SearchAction\",\"target\":{\"@type\":\"EntryPoint\",\"urlTemplate\":\"https:\/\/www.inforesidencias.com\/blog\/?s={search_term_string}\"},\"query-input\":\"required name=search_term_string\"}],\"inLanguage\":\"es\"},{\"@type\":\"Person\",\"@id\":\"https:\/\/www.inforesidencias.com\/blog\/#\/schema\/person\/9e146774d1eb3bc1c0316242a3898628\",\"name\":\"Josep de Mart\u00ed\",\"image\":{\"@type\":\"ImageObject\",\"inLanguage\":\"es\",\"@id\":\"https:\/\/www.inforesidencias.com\/blog\/#\/schema\/person\/image\/\",\"url\":\"https:\/\/secure.gravatar.com\/avatar\/de0302c4806c00c4cebff396a798c1ff?s=96&d=mm&r=g\",\"contentUrl\":\"https:\/\/secure.gravatar.com\/avatar\/de0302c4806c00c4cebff396a798c1ff?s=96&d=mm&r=g\",\"caption\":\"Josep de Mart\u00ed\"},\"sameAs\":[\"https:\/\/www.inforesidencias.com\",\"https:\/\/www.facebook.com\/josep.demarti\",\"https:\/\/twitter.com\/blog-ir\"],\"url\":\"https:\/\/www.inforesidencias.com\/blog\/index.php\/author\/josepdemarti\/\"}]}<\/script>\n<!-- \/ Yoast SEO plugin. -->","yoast_head_json":{"title":"Seminario ACP. Consejos desde Estados Unidos - Blog Inforesidencias.com","description":"El 14 de junio, inforesidencias y Escura promovieron un seminario sobre ACP con profesionales americanos. Para el del de Madrid aun hay plazas, ap\u00fantate!","robots":{"index":"index","follow":"follow","max-snippet":"max-snippet:-1","max-image-preview":"max-image-preview:large","max-video-preview":"max-video-preview:-1"},"canonical":"https:\/\/www.inforesidencias.com\/blog\/index.php\/2019\/06\/18\/seminario-acp-consejos-desde-estados-unidos\/","og_locale":"es_ES","og_type":"article","og_title":"Seminario ACP. Consejos desde Estados Unidos - Blog Inforesidencias.com","og_description":"El 14 de junio, inforesidencias y Escura promovieron un seminario sobre ACP con profesionales americanos. Para el del de Madrid aun hay plazas, ap\u00fantate!","og_url":"https:\/\/www.inforesidencias.com\/blog\/index.php\/2019\/06\/18\/seminario-acp-consejos-desde-estados-unidos\/","og_site_name":"Blog Inforesidencias.com","article_publisher":"https:\/\/www.facebook.com\/Inforesidencias\/","article_author":"https:\/\/www.facebook.com\/josep.demarti","article_published_time":"2019-06-18T12:22:05+00:00","og_image":[{"width":441,"height":331,"url":"https:\/\/www.inforesidencias.com\/blog\/wp-content\/uploads\/2019\/06\/seminario-ACP-EUA.png","type":"image\/png"}],"author":"Josep de Mart\u00ed","twitter_card":"summary_large_image","twitter_creator":"@blog-ir","twitter_site":"@inforesidencias","twitter_misc":{"Escrito por":"Josep de Mart\u00ed","Tiempo de lectura":"2 minutos"},"schema":{"@context":"https:\/\/schema.org","@graph":[{"@type":"WebPage","@id":"https:\/\/www.inforesidencias.com\/blog\/index.php\/2019\/06\/18\/seminario-acp-consejos-desde-estados-unidos\/","url":"https:\/\/www.inforesidencias.com\/blog\/index.php\/2019\/06\/18\/seminario-acp-consejos-desde-estados-unidos\/","name":"Seminario ACP. Consejos desde Estados Unidos - Blog Inforesidencias.com","isPartOf":{"@id":"https:\/\/www.inforesidencias.com\/blog\/#website"},"datePublished":"2019-06-18T12:22:05+00:00","dateModified":"2019-06-18T12:22:05+00:00","author":{"@id":"https:\/\/www.inforesidencias.com\/blog\/#\/schema\/person\/9e146774d1eb3bc1c0316242a3898628"},"description":"El 14 de junio, inforesidencias y Escura promovieron un seminario sobre ACP con profesionales americanos. Para el del de Madrid aun hay plazas, ap\u00fantate!","breadcrumb":{"@id":"https:\/\/www.inforesidencias.com\/blog\/index.php\/2019\/06\/18\/seminario-acp-consejos-desde-estados-unidos\/#breadcrumb"},"inLanguage":"es","potentialAction":[{"@type":"ReadAction","target":["https:\/\/www.inforesidencias.com\/blog\/index.php\/2019\/06\/18\/seminario-acp-consejos-desde-estados-unidos\/"]}]},{"@type":"BreadcrumbList","@id":"https:\/\/www.inforesidencias.com\/blog\/index.php\/2019\/06\/18\/seminario-acp-consejos-desde-estados-unidos\/#breadcrumb","itemListElement":[{"@type":"ListItem","position":1,"name":"Home","item":"https:\/\/www.inforesidencias.com\/blog\/"},{"@type":"ListItem","position":2,"name":"Seminario ACP. Consejos desde Estados Unidos"}]},{"@type":"WebSite","@id":"https:\/\/www.inforesidencias.com\/blog\/#website","url":"https:\/\/www.inforesidencias.com\/blog\/","name":"Blog Inforesidencias.com","description":"El buscador de residencias de la 3\u00aa edad","potentialAction":[{"@type":"SearchAction","target":{"@type":"EntryPoint","urlTemplate":"https:\/\/www.inforesidencias.com\/blog\/?s={search_term_string}"},"query-input":"required name=search_term_string"}],"inLanguage":"es"},{"@type":"Person","@id":"https:\/\/www.inforesidencias.com\/blog\/#\/schema\/person\/9e146774d1eb3bc1c0316242a3898628","name":"Josep de Mart\u00ed","image":{"@type":"ImageObject","inLanguage":"es","@id":"https:\/\/www.inforesidencias.com\/blog\/#\/schema\/person\/image\/","url":"https:\/\/secure.gravatar.com\/avatar\/de0302c4806c00c4cebff396a798c1ff?s=96&d=mm&r=g","contentUrl":"https:\/\/secure.gravatar.com\/avatar\/de0302c4806c00c4cebff396a798c1ff?s=96&d=mm&r=g","caption":"Josep de Mart\u00ed"},"sameAs":["https:\/\/www.inforesidencias.com","https:\/\/www.facebook.com\/josep.demarti","https:\/\/twitter.com\/blog-ir"],"url":"https:\/\/www.inforesidencias.com\/blog\/index.php\/author\/josepdemarti\/"}]}},"_links":{"self":[{"href":"https:\/\/www.inforesidencias.com\/blog\/index.php\/wp-json\/wp\/v2\/posts\/2241"}],"collection":[{"href":"https:\/\/www.inforesidencias.com\/blog\/index.php\/wp-json\/wp\/v2\/posts"}],"about":[{"href":"https:\/\/www.inforesidencias.com\/blog\/index.php\/wp-json\/wp\/v2\/types\/post"}],"author":[{"embeddable":true,"href":"https:\/\/www.inforesidencias.com\/blog\/index.php\/wp-json\/wp\/v2\/users\/2"}],"replies":[{"embeddable":true,"href":"https:\/\/www.inforesidencias.com\/blog\/index.php\/wp-json\/wp\/v2\/comments?post=2241"}],"version-history":[{"count":4,"href":"https:\/\/www.inforesidencias.com\/blog\/index.php\/wp-json\/wp\/v2\/posts\/2241\/revisions"}],"predecessor-version":[{"id":2246,"href":"https:\/\/www.inforesidencias.com\/blog\/index.php\/wp-json\/wp\/v2\/posts\/2241\/revisions\/2246"}],"wp:featuredmedia":[{"embeddable":true,"href":"https:\/\/www.inforesidencias.com\/blog\/index.php\/wp-json\/wp\/v2\/media\/2243"}],"wp:attachment":[{"href":"https:\/\/www.inforesidencias.com\/blog\/index.php\/wp-json\/wp\/v2\/media?parent=2241"}],"wp:term":[{"taxonomy":"category","embeddable":true,"href":"https:\/\/www.inforesidencias.com\/blog\/index.php\/wp-json\/wp\/v2\/categories?post=2241"},{"taxonomy":"post_tag","embeddable":true,"href":"https:\/\/www.inforesidencias.com\/blog\/index.php\/wp-json\/wp\/v2\/tags?post=2241"}],"curies":[{"name":"wp","href":"https:\/\/api.w.org\/{rel}","templated":true}]}}