{"id":2319,"date":"2019-07-10T13:33:55","date_gmt":"2019-07-10T13:33:55","guid":{"rendered":"https:\/\/www.inforesidencias.com\/blog\/?p=2319"},"modified":"2019-07-10T13:43:43","modified_gmt":"2019-07-10T13:43:43","slug":"campoamor-una-residencia-en-barcelona-y-el-grupo-vl-innovando-en-la-atencion","status":"publish","type":"post","link":"https:\/\/www.inforesidencias.com\/blog\/index.php\/2019\/07\/10\/campoamor-una-residencia-en-barcelona-y-el-grupo-vl-innovando-en-la-atencion\/","title":{"rendered":"Campoamor, una residencia en Barcelona y el grupo VL innovando en la atenci\u00f3n"},"content":{"rendered":"<p style=\"text-align: justify\">En el programa de <a href=\"https:\/\/www.estelfitxers.com\/audio\/20190709-17_00ESGRANSERGRAN.MP3\">\u201c\u00c9s gran ser gran\u201d de esta semana<\/a> empezamos hablando de esperanza de vida y poniendo el ejemplo de animales y el porque algunos viven m\u00e1s que otros seg\u00fan los estudios. \u00bfPodr\u00edamos vivir 200 a\u00f1os? Sobre esto, tambi\u00e9n pusimos un toque de mitolog\u00eda griega al programa para hablar de los condicionantes ante la posibilidad de tener vidas tan largas.<\/p>\n<p style=\"text-align: justify\">Empezamos las entrevistas hablando Con Elena Jim\u00e9nez. Ella es la directora y trabajadora social de una residencia en Barcelona, la <a href=\"https:\/\/www.inforesidencias.com\/centros\/residencia\/4929\/residencia-campoamor\">residencia Campoamor<\/a>. Se trata de una peque\u00f1a residencia de 41 plazas acreditada que busca el ambiente familiar. Desgraciadamente para los oyentes pero afortunadamente para la residencia no tienen plazas libres y tienen lista de espera. S\u00ed que ten\u00edan disponibilidad de plazas de centro de d\u00eda las cuales tambi\u00e9n est\u00e1n acreditadas. Elena nos explic\u00f3 como ha ido cambiado la idea con la que se cre\u00f3 esta residencia as\u00ed como el perfil de los residentes que viven ah\u00ed. Fue genial que nos expusiera su punto de vista acerca de como es la realidad de hoy en las residencias de mayores, la cual a veces en la mente de mucha gente aun esta un poco desfasada con concepciones muy antiguas y como es el <a href=\"https:\/\/www.inforesidencias.com\/contenidos\/mayores-y-familia\/nacional\/primeros-dias-en-una-residencia-de-ancianos\">proceso de adaptaci\u00f3n en su residencia<\/a>.<\/p>\n<p style=\"text-align: justify\">Nuestro segundo invitado fue Francesc Ayala, un familiar que tiene a un ser querido en una residencia en Barcelona. Francesc nos explic\u00f3 como fue el proceso de aceptaci\u00f3n de la necesidad de una residencia para su madre. \u00c9l fue a ver unas 15 residencias para tener elementos para contrastar. Nos ofreci\u00f3 tambi\u00e9n la vivencia por parte de su madre sobre todo este proceso de cambio y como ha conservado algunas amistades del barrio que la visitan aun en esta residencia en Barcelona. Para acabar nos explic\u00f3 que su madre hab\u00eda sido pianista y que ahora ha cogido un amable responsabilidad en la residencia ya que ense\u00f1a a hacer punto a otros residentes.<\/p>\n<p style=\"text-align: justify\">Despu\u00e9s de la bolsa de empleo entrevistamos a nuestro \u00faltimo invitado del d\u00eda. \u00c9l era Sergio Osuna, director del <a href=\"https:\/\/www.grupvl.com\/\">Grupo VL<\/a> y Fundaci\u00f3 Vella Terra. Sergio nos explic\u00f3 la variedad de servicios que ofrecen, no solo los relacionados con las personas mayores. Despu\u00e9s de hacer un llamamiento a favor de los poderes preventivos y su utilidad. descubrimos un dato sorprendente: Resulta que la residencia Sant Marti de Arenys de Munt del grupo VL y <a href=\"https:\/\/www.fundaciovellaterra.org\/\">Fundaci\u00f3 Vella Terra<\/a>, fue la primera residencia privada de Catalunya. Tienen <a href=\"https:\/\/www.inforesidencias.com\/centros\/buscador\/directorio\/grupos\/grupo-vl\">otros centros repartidos por la geograf\u00eda catalana<\/a>, como alguna residencia en Barcelona.M\u00e1s adelante le pedimos a Sergio que nos hablara del documento sobre el nuevo modelo de atenci\u00f3n a personas mayores en el que trabajan.<\/p>\n<p style=\"text-align: justify\"><a href=\"https:\/\/www.inforesidencias.com\/blog\/wp-content\/uploads\/2019\/07\/residencia-en-Barcelona-y-grupo-VL.jpg\"><img decoding=\"async\" loading=\"lazy\" class=\"aligncenter size-full wp-image-2321\" src=\"https:\/\/www.inforesidencias.com\/blog\/wp-content\/uploads\/2019\/07\/residencia-en-Barcelona-y-grupo-VL.jpg\" alt=\"residencia en Barcelona y grupo VL\" width=\"400\" height=\"300\" \/><\/a><\/p>\n<p style=\"text-align: justify\">Todo esto part\u00eda que seg\u00fan datos del Imserso solo un 10% de las personas quiere ir a una residencia. Por eso han trabajado con diferentes, empresas, entidades etc para estudiar el camino hac\u00eda poder proporcionar un nuevo servicio alternativo para las personas mayores. Todo ello ha llevado a una prueba piloto de pisos con servicios con algunos ayuntamientos. Unos pisos con servicios y que adem\u00e1s reciben soporte de la comunidad.<\/p>\n<p style=\"text-align: justify\">Acabamos debatiendo con Sergio acerca de lo que \u00e9l considera que es atenci\u00f3n centrado en la persona y de lo que son derechos fundamentales de la persona y como la discriminaci\u00f3n por edad (edadismo) sigue siendo muy evidente en nuestra d\u00eda a d\u00eda.<\/p>\n","protected":false},"excerpt":{"rendered":"<p>En el programa de \u201c\u00c9s gran ser gran\u201d de esta semana empezamos hablando de esperanza de vida y poniendo el ejemplo de animales y el porque algunos viven m\u00e1s que otros seg\u00fan los estudios. \u00bfPodr\u00edamos vivir 200 a\u00f1os? Sobre esto, tambi\u00e9n pusimos un toque de mitolog\u00eda griega al programa para hablar de los condicionantes ante la posibilidad de tener vidas tan largas. Empezamos las entrevistas hablando Con Elena Jim\u00e9nez. Ella es la directora y trabajadora social de una residencia en Barcelona, la residencia Campoamor. Se trata de una peque\u00f1a residencia de 41 plazas acreditada que busca el ambiente familiar. Desgraciadamente para los oyentes pero afortunadamente para la residencia no tienen plazas libres y tienen lista de espera. S\u00ed que ten\u00edan disponibilidad de plazas de centro de d\u00eda las cuales tambi\u00e9n est\u00e1n acreditadas. Elena nos explic\u00f3 como ha ido cambiado la idea con la que se cre\u00f3 esta residencia as\u00ed como [&hellip;]<\/p>\n","protected":false},"author":2,"featured_media":2321,"comment_status":"open","ping_status":"open","sticky":false,"template":"","format":"standard","meta":{"footnotes":""},"categories":[1],"tags":[],"yoast_head":"<!-- This site is optimized with the Yoast SEO plugin v21.7 - https:\/\/yoast.com\/wordpress\/plugins\/seo\/ -->\n<title>Campoamor, una residencia en Barcelona y el grupo VL innovando en la atenci\u00f3n - Blog Inforesidencias.com<\/title>\n<meta name=\"description\" content=\"Esta semana nos han visitado de una residencia en Barcelona, la residencia Campoamor. Con el grupo VL hablamos del cambio en el modelo de servicios.\" \/>\n<meta name=\"robots\" content=\"index, follow, max-snippet:-1, max-image-preview:large, max-video-preview:-1\" \/>\n<link rel=\"canonical\" href=\"https:\/\/www.inforesidencias.com\/blog\/index.php\/2019\/07\/10\/campoamor-una-residencia-en-barcelona-y-el-grupo-vl-innovando-en-la-atencion\/\" \/>\n<meta property=\"og:locale\" content=\"es_ES\" \/>\n<meta property=\"og:type\" content=\"article\" \/>\n<meta property=\"og:title\" content=\"Campoamor, una residencia en Barcelona y el grupo VL innovando en la atenci\u00f3n - Blog Inforesidencias.com\" \/>\n<meta property=\"og:description\" content=\"Esta semana nos han visitado de una residencia en Barcelona, la residencia Campoamor. Con el grupo VL hablamos del cambio en el modelo de servicios.\" \/>\n<meta property=\"og:url\" content=\"https:\/\/www.inforesidencias.com\/blog\/index.php\/2019\/07\/10\/campoamor-una-residencia-en-barcelona-y-el-grupo-vl-innovando-en-la-atencion\/\" \/>\n<meta property=\"og:site_name\" content=\"Blog Inforesidencias.com\" \/>\n<meta property=\"article:publisher\" content=\"https:\/\/www.facebook.com\/Inforesidencias\/\" \/>\n<meta property=\"article:author\" content=\"https:\/\/www.facebook.com\/josep.demarti\" \/>\n<meta property=\"article:published_time\" content=\"2019-07-10T13:33:55+00:00\" \/>\n<meta property=\"article:modified_time\" content=\"2019-07-10T13:43:43+00:00\" \/>\n<meta property=\"og:image\" content=\"https:\/\/www.inforesidencias.com\/blog\/wp-content\/uploads\/2019\/07\/residencia-en-Barcelona-y-grupo-VL.jpg\" \/>\n\t<meta property=\"og:image:width\" content=\"400\" \/>\n\t<meta property=\"og:image:height\" content=\"300\" \/>\n\t<meta property=\"og:image:type\" content=\"image\/jpeg\" \/>\n<meta name=\"author\" content=\"Josep de Mart\u00ed\" \/>\n<meta name=\"twitter:card\" content=\"summary_large_image\" \/>\n<meta name=\"twitter:creator\" content=\"@blog-ir\" \/>\n<meta name=\"twitter:site\" content=\"@inforesidencias\" \/>\n<meta name=\"twitter:label1\" content=\"Escrito por\" \/>\n\t<meta name=\"twitter:data1\" content=\"Josep de Mart\u00ed\" \/>\n\t<meta name=\"twitter:label2\" content=\"Tiempo de lectura\" \/>\n\t<meta name=\"twitter:data2\" content=\"3 minutos\" \/>\n<script type=\"application\/ld+json\" class=\"yoast-schema-graph\">{\"@context\":\"https:\/\/schema.org\",\"@graph\":[{\"@type\":\"WebPage\",\"@id\":\"https:\/\/www.inforesidencias.com\/blog\/index.php\/2019\/07\/10\/campoamor-una-residencia-en-barcelona-y-el-grupo-vl-innovando-en-la-atencion\/\",\"url\":\"https:\/\/www.inforesidencias.com\/blog\/index.php\/2019\/07\/10\/campoamor-una-residencia-en-barcelona-y-el-grupo-vl-innovando-en-la-atencion\/\",\"name\":\"Campoamor, una residencia en Barcelona y el grupo VL innovando en la atenci\u00f3n - Blog Inforesidencias.com\",\"isPartOf\":{\"@id\":\"https:\/\/www.inforesidencias.com\/blog\/#website\"},\"datePublished\":\"2019-07-10T13:33:55+00:00\",\"dateModified\":\"2019-07-10T13:43:43+00:00\",\"author\":{\"@id\":\"https:\/\/www.inforesidencias.com\/blog\/#\/schema\/person\/9e146774d1eb3bc1c0316242a3898628\"},\"description\":\"Esta semana nos han visitado de una residencia en Barcelona, la residencia Campoamor. Con el grupo VL hablamos del cambio en el modelo de servicios.\",\"breadcrumb\":{\"@id\":\"https:\/\/www.inforesidencias.com\/blog\/index.php\/2019\/07\/10\/campoamor-una-residencia-en-barcelona-y-el-grupo-vl-innovando-en-la-atencion\/#breadcrumb\"},\"inLanguage\":\"es\",\"potentialAction\":[{\"@type\":\"ReadAction\",\"target\":[\"https:\/\/www.inforesidencias.com\/blog\/index.php\/2019\/07\/10\/campoamor-una-residencia-en-barcelona-y-el-grupo-vl-innovando-en-la-atencion\/\"]}]},{\"@type\":\"BreadcrumbList\",\"@id\":\"https:\/\/www.inforesidencias.com\/blog\/index.php\/2019\/07\/10\/campoamor-una-residencia-en-barcelona-y-el-grupo-vl-innovando-en-la-atencion\/#breadcrumb\",\"itemListElement\":[{\"@type\":\"ListItem\",\"position\":1,\"name\":\"Home\",\"item\":\"https:\/\/www.inforesidencias.com\/blog\/\"},{\"@type\":\"ListItem\",\"position\":2,\"name\":\"Campoamor, una residencia en Barcelona y el grupo VL innovando en la atenci\u00f3n\"}]},{\"@type\":\"WebSite\",\"@id\":\"https:\/\/www.inforesidencias.com\/blog\/#website\",\"url\":\"https:\/\/www.inforesidencias.com\/blog\/\",\"name\":\"Blog Inforesidencias.com\",\"description\":\"El buscador de residencias de la 3\u00aa edad\",\"potentialAction\":[{\"@type\":\"SearchAction\",\"target\":{\"@type\":\"EntryPoint\",\"urlTemplate\":\"https:\/\/www.inforesidencias.com\/blog\/?s={search_term_string}\"},\"query-input\":\"required name=search_term_string\"}],\"inLanguage\":\"es\"},{\"@type\":\"Person\",\"@id\":\"https:\/\/www.inforesidencias.com\/blog\/#\/schema\/person\/9e146774d1eb3bc1c0316242a3898628\",\"name\":\"Josep de Mart\u00ed\",\"image\":{\"@type\":\"ImageObject\",\"inLanguage\":\"es\",\"@id\":\"https:\/\/www.inforesidencias.com\/blog\/#\/schema\/person\/image\/\",\"url\":\"https:\/\/secure.gravatar.com\/avatar\/de0302c4806c00c4cebff396a798c1ff?s=96&d=mm&r=g\",\"contentUrl\":\"https:\/\/secure.gravatar.com\/avatar\/de0302c4806c00c4cebff396a798c1ff?s=96&d=mm&r=g\",\"caption\":\"Josep de Mart\u00ed\"},\"sameAs\":[\"https:\/\/www.inforesidencias.com\",\"https:\/\/www.facebook.com\/josep.demarti\",\"https:\/\/twitter.com\/blog-ir\"],\"url\":\"https:\/\/www.inforesidencias.com\/blog\/index.php\/author\/josepdemarti\/\"}]}<\/script>\n<!-- \/ Yoast SEO plugin. -->","yoast_head_json":{"title":"Campoamor, una residencia en Barcelona y el grupo VL innovando en la atenci\u00f3n - Blog Inforesidencias.com","description":"Esta semana nos han visitado de una residencia en Barcelona, la residencia Campoamor. Con el grupo VL hablamos del cambio en el modelo de servicios.","robots":{"index":"index","follow":"follow","max-snippet":"max-snippet:-1","max-image-preview":"max-image-preview:large","max-video-preview":"max-video-preview:-1"},"canonical":"https:\/\/www.inforesidencias.com\/blog\/index.php\/2019\/07\/10\/campoamor-una-residencia-en-barcelona-y-el-grupo-vl-innovando-en-la-atencion\/","og_locale":"es_ES","og_type":"article","og_title":"Campoamor, una residencia en Barcelona y el grupo VL innovando en la atenci\u00f3n - Blog Inforesidencias.com","og_description":"Esta semana nos han visitado de una residencia en Barcelona, la residencia Campoamor. Con el grupo VL hablamos del cambio en el modelo de servicios.","og_url":"https:\/\/www.inforesidencias.com\/blog\/index.php\/2019\/07\/10\/campoamor-una-residencia-en-barcelona-y-el-grupo-vl-innovando-en-la-atencion\/","og_site_name":"Blog Inforesidencias.com","article_publisher":"https:\/\/www.facebook.com\/Inforesidencias\/","article_author":"https:\/\/www.facebook.com\/josep.demarti","article_published_time":"2019-07-10T13:33:55+00:00","article_modified_time":"2019-07-10T13:43:43+00:00","og_image":[{"width":400,"height":300,"url":"https:\/\/www.inforesidencias.com\/blog\/wp-content\/uploads\/2019\/07\/residencia-en-Barcelona-y-grupo-VL.jpg","type":"image\/jpeg"}],"author":"Josep de Mart\u00ed","twitter_card":"summary_large_image","twitter_creator":"@blog-ir","twitter_site":"@inforesidencias","twitter_misc":{"Escrito por":"Josep de Mart\u00ed","Tiempo de lectura":"3 minutos"},"schema":{"@context":"https:\/\/schema.org","@graph":[{"@type":"WebPage","@id":"https:\/\/www.inforesidencias.com\/blog\/index.php\/2019\/07\/10\/campoamor-una-residencia-en-barcelona-y-el-grupo-vl-innovando-en-la-atencion\/","url":"https:\/\/www.inforesidencias.com\/blog\/index.php\/2019\/07\/10\/campoamor-una-residencia-en-barcelona-y-el-grupo-vl-innovando-en-la-atencion\/","name":"Campoamor, una residencia en Barcelona y el grupo VL innovando en la atenci\u00f3n - Blog Inforesidencias.com","isPartOf":{"@id":"https:\/\/www.inforesidencias.com\/blog\/#website"},"datePublished":"2019-07-10T13:33:55+00:00","dateModified":"2019-07-10T13:43:43+00:00","author":{"@id":"https:\/\/www.inforesidencias.com\/blog\/#\/schema\/person\/9e146774d1eb3bc1c0316242a3898628"},"description":"Esta semana nos han visitado de una residencia en Barcelona, la residencia Campoamor. Con el grupo VL hablamos del cambio en el modelo de servicios.","breadcrumb":{"@id":"https:\/\/www.inforesidencias.com\/blog\/index.php\/2019\/07\/10\/campoamor-una-residencia-en-barcelona-y-el-grupo-vl-innovando-en-la-atencion\/#breadcrumb"},"inLanguage":"es","potentialAction":[{"@type":"ReadAction","target":["https:\/\/www.inforesidencias.com\/blog\/index.php\/2019\/07\/10\/campoamor-una-residencia-en-barcelona-y-el-grupo-vl-innovando-en-la-atencion\/"]}]},{"@type":"BreadcrumbList","@id":"https:\/\/www.inforesidencias.com\/blog\/index.php\/2019\/07\/10\/campoamor-una-residencia-en-barcelona-y-el-grupo-vl-innovando-en-la-atencion\/#breadcrumb","itemListElement":[{"@type":"ListItem","position":1,"name":"Home","item":"https:\/\/www.inforesidencias.com\/blog\/"},{"@type":"ListItem","position":2,"name":"Campoamor, una residencia en Barcelona y el grupo VL innovando en la atenci\u00f3n"}]},{"@type":"WebSite","@id":"https:\/\/www.inforesidencias.com\/blog\/#website","url":"https:\/\/www.inforesidencias.com\/blog\/","name":"Blog Inforesidencias.com","description":"El buscador de residencias de la 3\u00aa edad","potentialAction":[{"@type":"SearchAction","target":{"@type":"EntryPoint","urlTemplate":"https:\/\/www.inforesidencias.com\/blog\/?s={search_term_string}"},"query-input":"required name=search_term_string"}],"inLanguage":"es"},{"@type":"Person","@id":"https:\/\/www.inforesidencias.com\/blog\/#\/schema\/person\/9e146774d1eb3bc1c0316242a3898628","name":"Josep de Mart\u00ed","image":{"@type":"ImageObject","inLanguage":"es","@id":"https:\/\/www.inforesidencias.com\/blog\/#\/schema\/person\/image\/","url":"https:\/\/secure.gravatar.com\/avatar\/de0302c4806c00c4cebff396a798c1ff?s=96&d=mm&r=g","contentUrl":"https:\/\/secure.gravatar.com\/avatar\/de0302c4806c00c4cebff396a798c1ff?s=96&d=mm&r=g","caption":"Josep de Mart\u00ed"},"sameAs":["https:\/\/www.inforesidencias.com","https:\/\/www.facebook.com\/josep.demarti","https:\/\/twitter.com\/blog-ir"],"url":"https:\/\/www.inforesidencias.com\/blog\/index.php\/author\/josepdemarti\/"}]}},"_links":{"self":[{"href":"https:\/\/www.inforesidencias.com\/blog\/index.php\/wp-json\/wp\/v2\/posts\/2319"}],"collection":[{"href":"https:\/\/www.inforesidencias.com\/blog\/index.php\/wp-json\/wp\/v2\/posts"}],"about":[{"href":"https:\/\/www.inforesidencias.com\/blog\/index.php\/wp-json\/wp\/v2\/types\/post"}],"author":[{"embeddable":true,"href":"https:\/\/www.inforesidencias.com\/blog\/index.php\/wp-json\/wp\/v2\/users\/2"}],"replies":[{"embeddable":true,"href":"https:\/\/www.inforesidencias.com\/blog\/index.php\/wp-json\/wp\/v2\/comments?post=2319"}],"version-history":[{"count":7,"href":"https:\/\/www.inforesidencias.com\/blog\/index.php\/wp-json\/wp\/v2\/posts\/2319\/revisions"}],"predecessor-version":[{"id":2327,"href":"https:\/\/www.inforesidencias.com\/blog\/index.php\/wp-json\/wp\/v2\/posts\/2319\/revisions\/2327"}],"wp:featuredmedia":[{"embeddable":true,"href":"https:\/\/www.inforesidencias.com\/blog\/index.php\/wp-json\/wp\/v2\/media\/2321"}],"wp:attachment":[{"href":"https:\/\/www.inforesidencias.com\/blog\/index.php\/wp-json\/wp\/v2\/media?parent=2319"}],"wp:term":[{"taxonomy":"category","embeddable":true,"href":"https:\/\/www.inforesidencias.com\/blog\/index.php\/wp-json\/wp\/v2\/categories?post=2319"},{"taxonomy":"post_tag","embeddable":true,"href":"https:\/\/www.inforesidencias.com\/blog\/index.php\/wp-json\/wp\/v2\/tags?post=2319"}],"curies":[{"name":"wp","href":"https:\/\/api.w.org\/{rel}","templated":true}]}}