{"id":2334,"date":"2019-07-14T07:13:27","date_gmt":"2019-07-14T07:13:27","guid":{"rendered":"https:\/\/www.inforesidencias.com\/blog\/?p=2334"},"modified":"2019-07-11T13:46:55","modified_gmt":"2019-07-11T13:46:55","slug":"las-caidas-en-la-tercera-edad","status":"publish","type":"post","link":"https:\/\/www.inforesidencias.com\/blog\/index.php\/2019\/07\/14\/las-caidas-en-la-tercera-edad\/","title":{"rendered":"Las ca\u00eddas en la tercera edad"},"content":{"rendered":"<p style=\"text-align: justify\">Las ca\u00eddas en la tercera edad, as\u00ed como tropezones o perder el equilibrio son frecuentes. Las ca\u00eddas y las fracturas son causa de hospitalizaciones y en un momento dado la muerte tambi\u00e9n. A mayor edad es m\u00e1s probable de caerse, seg\u00fan estudios el 75% de las ca\u00eddas se producen en mayores de 65 y m\u00e1s a\u00f1os. Las secuelas que deja una ca\u00edda son muchas por ejemplo en algunos mayores la primera vez que sufren una ca\u00edda comienzan a vislumbrar el ocaso de su vida y entristecen, a otros les genera tal miedo que dejan de salir de su casa o limitan sus actividades por miedo a volver a caerse.<\/p>\n<p style=\"text-align: justify\">Las causas por las que puede ocurrir las ca\u00eddas en la tercera edad son m\u00faltiples, la perdida de equilibrio, la edad, problemas visuales, auditivos, las enfermedades, los efectos de algunos medicamentos, enfermedades como Parkinson, accidentes cerebrovasculares, entornos agresivos o no adecuados para desplazarse, barreras arquitect\u00f3nicas dentro y fuera del domicilio, hipertensi\u00f3n, desnutrici\u00f3n, deshidrataci\u00f3n, diabetes mellitus, artrosis.<\/p>\n<p style=\"text-align: justify\">Existen <a href=\"https:\/\/www.inforesidencias.com\/contenidos\/noticias\/nacional\/5-claves-que-pueden-evitar-las-caidas-en-personas-mayores\">algunos consejos que pueden ayudar a prevenir una ca\u00edda<\/a>:<\/p>\n<ol class=\"ol1\">\n<li class=\"li1\" style=\"text-align: justify\"><span class=\"s1\">Alimentaci\u00f3n: Alim\u00e9ntese sanamente, refuerce con calcio y vitamina D, para fortalecer los huesos, cuando el medico se lo sugiera.<\/span><\/li>\n<li class=\"li1\" style=\"text-align: justify\"><span class=\"s1\">Ejercicio: Realice un ejercicio adecuado y moderado para su edad. Esto le ayudar\u00e1 en su movilidad, reacci\u00f3n y flexibilidad.<\/span><\/li>\n<li class=\"li1\" style=\"text-align: justify\"><span class=\"s1\">Fisioterapia: La fisioterapia puede ayudar a mejorar el equilibrio, la marcha, mantener el balance articular y muscular y reducir el impacto en las ca\u00eddas.<\/span><\/li>\n<li class=\"li1\" style=\"text-align: justify\"><span class=\"s1\">Visi\u00f3n: Si tiene problemas de vista, no intente hacerse el de la \u00abvista gorda\u201d y real\u00edcese un examen de ojos a tiempo.<\/span><\/li>\n<li class=\"li1\" style=\"text-align: justify\"><span class=\"s1\">Compa\u00f1\u00eda: Vivir acompa\u00f1ado, si bien no garantiza no caerse, al contar con supervisi\u00f3n disminuye el riesgo y aumenta la probabilidad de recibir ayuda oportuna.<\/span><\/li>\n<\/ol>\n<p>No obstante si vemos a alguien que ya esta en el suelo Lo recomendable es:<\/p>\n<p style=\"text-align: justify\"><img decoding=\"async\" loading=\"lazy\" class=\" wp-image-2338 alignleft\" src=\"https:\/\/www.inforesidencias.com\/blog\/wp-content\/uploads\/2019\/07\/caidas-en-la-tercera-edad.jpg\" alt=\"caidas en la tercera edad\" width=\"300\" height=\"200\" \/>\u00a0&#8211; Primero preguntar a la persona c\u00f3mo se siente.<br \/>\n&#8211; Dejar que se mueva sola, poco a poco.<br \/>\n&#8211; Esperar un poco hasta que se tranquilice y pueda sentir que est\u00e1 bien y no sienta dolor.<br \/>\n&#8211; Ayudarle para que se ponga en cuatro patas apoyando las rodillas y los codos en el suelo.<br \/>\n&#8211; Ponerse de rodillas las cuales deben estar separadas.<br \/>\n&#8211; Acercarle una silla o un objeto fuerte donde se pueda apoyar y de all\u00ed pueda agarrarse hasta levantarse.<br \/>\n&#8211; Si es necesario llevarlo al hospital para revisar golpes o moretones.<br \/>\n&#8211; Si el anciano no puede levantarse por manifestar dolor, entonces lo recomendable es ponerle una almohada y una manta para evitar que sienta fr\u00edo mientras se solicita ayuda.<\/p>\n<p style=\"text-align: justify\">Tambi\u00e9n existen algunos elementos o artilugios para ayudar a levantar a quien est\u00e1 en el suelo y no puede sin ayuda. Os <a href=\"https:\/\/www.inforesidencias.com\/blog\/index.php\/2019\/04\/08\/ideal-para-personas-mayores-una-silla-que-te-levanta-del-suelo\/\">dejamos un articulo que escribimos sobre ello.<\/a><\/p>\n<p style=\"text-align: justify\">\n","protected":false},"excerpt":{"rendered":"<p>Las ca\u00eddas en la tercera edad, as\u00ed como tropezones o perder el equilibrio son frecuentes. Las ca\u00eddas y las fracturas son causa de hospitalizaciones y en un momento dado la muerte tambi\u00e9n. A mayor edad es m\u00e1s probable de caerse, seg\u00fan estudios el 75% de las ca\u00eddas se producen en mayores de 65 y m\u00e1s a\u00f1os. Las secuelas que deja una ca\u00edda son muchas por ejemplo en algunos mayores la primera vez que sufren una ca\u00edda comienzan a vislumbrar el ocaso de su vida y entristecen, a otros les genera tal miedo que dejan de salir de su casa o limitan sus actividades por miedo a volver a caerse. Las causas por las que puede ocurrir las ca\u00eddas en la tercera edad son m\u00faltiples, la perdida de equilibrio, la edad, problemas visuales, auditivos, las enfermedades, los efectos de algunos medicamentos, enfermedades como Parkinson, accidentes cerebrovasculares, entornos agresivos o no adecuados [&hellip;]<\/p>\n","protected":false},"author":2,"featured_media":2338,"comment_status":"open","ping_status":"open","sticky":false,"template":"","format":"standard","meta":{"footnotes":""},"categories":[1],"tags":[],"yoast_head":"<!-- This site is optimized with the Yoast SEO plugin v21.7 - https:\/\/yoast.com\/wordpress\/plugins\/seo\/ -->\n<title>Las ca\u00eddas en la tercera edad - Blog Inforesidencias.com<\/title>\n<meta name=\"description\" content=\"Algunos riesgos aumentan cuando nos hacemos mayores. Las ca\u00eddas en la tercera edad son frecuentes. \u00bfQu\u00e9 hacer cuando esto ocurre?\" \/>\n<meta name=\"robots\" content=\"index, follow, max-snippet:-1, max-image-preview:large, max-video-preview:-1\" \/>\n<link rel=\"canonical\" href=\"https:\/\/www.inforesidencias.com\/blog\/index.php\/2019\/07\/14\/las-caidas-en-la-tercera-edad\/\" \/>\n<meta property=\"og:locale\" content=\"es_ES\" \/>\n<meta property=\"og:type\" content=\"article\" \/>\n<meta property=\"og:title\" content=\"Las ca\u00eddas en la tercera edad - Blog Inforesidencias.com\" \/>\n<meta property=\"og:description\" content=\"Algunos riesgos aumentan cuando nos hacemos mayores. Las ca\u00eddas en la tercera edad son frecuentes. \u00bfQu\u00e9 hacer cuando esto ocurre?\" \/>\n<meta property=\"og:url\" content=\"https:\/\/www.inforesidencias.com\/blog\/index.php\/2019\/07\/14\/las-caidas-en-la-tercera-edad\/\" \/>\n<meta property=\"og:site_name\" content=\"Blog Inforesidencias.com\" \/>\n<meta property=\"article:publisher\" content=\"https:\/\/www.facebook.com\/Inforesidencias\/\" \/>\n<meta property=\"article:author\" content=\"https:\/\/www.facebook.com\/josep.demarti\" \/>\n<meta property=\"article:published_time\" content=\"2019-07-14T07:13:27+00:00\" \/>\n<meta property=\"article:modified_time\" content=\"2019-07-11T13:46:55+00:00\" \/>\n<meta property=\"og:image\" content=\"https:\/\/www.inforesidencias.com\/blog\/wp-content\/uploads\/2019\/07\/caidas-en-la-tercera-edad.jpg\" \/>\n\t<meta property=\"og:image:width\" content=\"450\" \/>\n\t<meta property=\"og:image:height\" content=\"300\" \/>\n\t<meta property=\"og:image:type\" content=\"image\/jpeg\" \/>\n<meta name=\"author\" content=\"Josep de Mart\u00ed\" \/>\n<meta name=\"twitter:card\" content=\"summary_large_image\" \/>\n<meta name=\"twitter:creator\" content=\"@blog-ir\" \/>\n<meta name=\"twitter:site\" content=\"@inforesidencias\" \/>\n<meta name=\"twitter:label1\" content=\"Escrito por\" \/>\n\t<meta name=\"twitter:data1\" content=\"Josep de Mart\u00ed\" \/>\n\t<meta name=\"twitter:label2\" content=\"Tiempo de lectura\" \/>\n\t<meta name=\"twitter:data2\" content=\"2 minutos\" \/>\n<script type=\"application\/ld+json\" class=\"yoast-schema-graph\">{\"@context\":\"https:\/\/schema.org\",\"@graph\":[{\"@type\":\"WebPage\",\"@id\":\"https:\/\/www.inforesidencias.com\/blog\/index.php\/2019\/07\/14\/las-caidas-en-la-tercera-edad\/\",\"url\":\"https:\/\/www.inforesidencias.com\/blog\/index.php\/2019\/07\/14\/las-caidas-en-la-tercera-edad\/\",\"name\":\"Las ca\u00eddas en la tercera edad - Blog Inforesidencias.com\",\"isPartOf\":{\"@id\":\"https:\/\/www.inforesidencias.com\/blog\/#website\"},\"datePublished\":\"2019-07-14T07:13:27+00:00\",\"dateModified\":\"2019-07-11T13:46:55+00:00\",\"author\":{\"@id\":\"https:\/\/www.inforesidencias.com\/blog\/#\/schema\/person\/9e146774d1eb3bc1c0316242a3898628\"},\"description\":\"Algunos riesgos aumentan cuando nos hacemos mayores. Las ca\u00eddas en la tercera edad son frecuentes. \u00bfQu\u00e9 hacer cuando esto ocurre?\",\"breadcrumb\":{\"@id\":\"https:\/\/www.inforesidencias.com\/blog\/index.php\/2019\/07\/14\/las-caidas-en-la-tercera-edad\/#breadcrumb\"},\"inLanguage\":\"es\",\"potentialAction\":[{\"@type\":\"ReadAction\",\"target\":[\"https:\/\/www.inforesidencias.com\/blog\/index.php\/2019\/07\/14\/las-caidas-en-la-tercera-edad\/\"]}]},{\"@type\":\"BreadcrumbList\",\"@id\":\"https:\/\/www.inforesidencias.com\/blog\/index.php\/2019\/07\/14\/las-caidas-en-la-tercera-edad\/#breadcrumb\",\"itemListElement\":[{\"@type\":\"ListItem\",\"position\":1,\"name\":\"Home\",\"item\":\"https:\/\/www.inforesidencias.com\/blog\/\"},{\"@type\":\"ListItem\",\"position\":2,\"name\":\"Las ca\u00eddas en la tercera edad\"}]},{\"@type\":\"WebSite\",\"@id\":\"https:\/\/www.inforesidencias.com\/blog\/#website\",\"url\":\"https:\/\/www.inforesidencias.com\/blog\/\",\"name\":\"Blog Inforesidencias.com\",\"description\":\"El buscador de residencias de la 3\u00aa edad\",\"potentialAction\":[{\"@type\":\"SearchAction\",\"target\":{\"@type\":\"EntryPoint\",\"urlTemplate\":\"https:\/\/www.inforesidencias.com\/blog\/?s={search_term_string}\"},\"query-input\":\"required name=search_term_string\"}],\"inLanguage\":\"es\"},{\"@type\":\"Person\",\"@id\":\"https:\/\/www.inforesidencias.com\/blog\/#\/schema\/person\/9e146774d1eb3bc1c0316242a3898628\",\"name\":\"Josep de Mart\u00ed\",\"image\":{\"@type\":\"ImageObject\",\"inLanguage\":\"es\",\"@id\":\"https:\/\/www.inforesidencias.com\/blog\/#\/schema\/person\/image\/\",\"url\":\"https:\/\/secure.gravatar.com\/avatar\/de0302c4806c00c4cebff396a798c1ff?s=96&d=mm&r=g\",\"contentUrl\":\"https:\/\/secure.gravatar.com\/avatar\/de0302c4806c00c4cebff396a798c1ff?s=96&d=mm&r=g\",\"caption\":\"Josep de Mart\u00ed\"},\"sameAs\":[\"https:\/\/www.inforesidencias.com\",\"https:\/\/www.facebook.com\/josep.demarti\",\"https:\/\/twitter.com\/blog-ir\"],\"url\":\"https:\/\/www.inforesidencias.com\/blog\/index.php\/author\/josepdemarti\/\"}]}<\/script>\n<!-- \/ Yoast SEO plugin. -->","yoast_head_json":{"title":"Las ca\u00eddas en la tercera edad - Blog Inforesidencias.com","description":"Algunos riesgos aumentan cuando nos hacemos mayores. Las ca\u00eddas en la tercera edad son frecuentes. \u00bfQu\u00e9 hacer cuando esto ocurre?","robots":{"index":"index","follow":"follow","max-snippet":"max-snippet:-1","max-image-preview":"max-image-preview:large","max-video-preview":"max-video-preview:-1"},"canonical":"https:\/\/www.inforesidencias.com\/blog\/index.php\/2019\/07\/14\/las-caidas-en-la-tercera-edad\/","og_locale":"es_ES","og_type":"article","og_title":"Las ca\u00eddas en la tercera edad - Blog Inforesidencias.com","og_description":"Algunos riesgos aumentan cuando nos hacemos mayores. Las ca\u00eddas en la tercera edad son frecuentes. \u00bfQu\u00e9 hacer cuando esto ocurre?","og_url":"https:\/\/www.inforesidencias.com\/blog\/index.php\/2019\/07\/14\/las-caidas-en-la-tercera-edad\/","og_site_name":"Blog Inforesidencias.com","article_publisher":"https:\/\/www.facebook.com\/Inforesidencias\/","article_author":"https:\/\/www.facebook.com\/josep.demarti","article_published_time":"2019-07-14T07:13:27+00:00","article_modified_time":"2019-07-11T13:46:55+00:00","og_image":[{"width":450,"height":300,"url":"https:\/\/www.inforesidencias.com\/blog\/wp-content\/uploads\/2019\/07\/caidas-en-la-tercera-edad.jpg","type":"image\/jpeg"}],"author":"Josep de Mart\u00ed","twitter_card":"summary_large_image","twitter_creator":"@blog-ir","twitter_site":"@inforesidencias","twitter_misc":{"Escrito por":"Josep de Mart\u00ed","Tiempo de lectura":"2 minutos"},"schema":{"@context":"https:\/\/schema.org","@graph":[{"@type":"WebPage","@id":"https:\/\/www.inforesidencias.com\/blog\/index.php\/2019\/07\/14\/las-caidas-en-la-tercera-edad\/","url":"https:\/\/www.inforesidencias.com\/blog\/index.php\/2019\/07\/14\/las-caidas-en-la-tercera-edad\/","name":"Las ca\u00eddas en la tercera edad - Blog Inforesidencias.com","isPartOf":{"@id":"https:\/\/www.inforesidencias.com\/blog\/#website"},"datePublished":"2019-07-14T07:13:27+00:00","dateModified":"2019-07-11T13:46:55+00:00","author":{"@id":"https:\/\/www.inforesidencias.com\/blog\/#\/schema\/person\/9e146774d1eb3bc1c0316242a3898628"},"description":"Algunos riesgos aumentan cuando nos hacemos mayores. Las ca\u00eddas en la tercera edad son frecuentes. \u00bfQu\u00e9 hacer cuando esto ocurre?","breadcrumb":{"@id":"https:\/\/www.inforesidencias.com\/blog\/index.php\/2019\/07\/14\/las-caidas-en-la-tercera-edad\/#breadcrumb"},"inLanguage":"es","potentialAction":[{"@type":"ReadAction","target":["https:\/\/www.inforesidencias.com\/blog\/index.php\/2019\/07\/14\/las-caidas-en-la-tercera-edad\/"]}]},{"@type":"BreadcrumbList","@id":"https:\/\/www.inforesidencias.com\/blog\/index.php\/2019\/07\/14\/las-caidas-en-la-tercera-edad\/#breadcrumb","itemListElement":[{"@type":"ListItem","position":1,"name":"Home","item":"https:\/\/www.inforesidencias.com\/blog\/"},{"@type":"ListItem","position":2,"name":"Las ca\u00eddas en la tercera edad"}]},{"@type":"WebSite","@id":"https:\/\/www.inforesidencias.com\/blog\/#website","url":"https:\/\/www.inforesidencias.com\/blog\/","name":"Blog Inforesidencias.com","description":"El buscador de residencias de la 3\u00aa edad","potentialAction":[{"@type":"SearchAction","target":{"@type":"EntryPoint","urlTemplate":"https:\/\/www.inforesidencias.com\/blog\/?s={search_term_string}"},"query-input":"required name=search_term_string"}],"inLanguage":"es"},{"@type":"Person","@id":"https:\/\/www.inforesidencias.com\/blog\/#\/schema\/person\/9e146774d1eb3bc1c0316242a3898628","name":"Josep de Mart\u00ed","image":{"@type":"ImageObject","inLanguage":"es","@id":"https:\/\/www.inforesidencias.com\/blog\/#\/schema\/person\/image\/","url":"https:\/\/secure.gravatar.com\/avatar\/de0302c4806c00c4cebff396a798c1ff?s=96&d=mm&r=g","contentUrl":"https:\/\/secure.gravatar.com\/avatar\/de0302c4806c00c4cebff396a798c1ff?s=96&d=mm&r=g","caption":"Josep de Mart\u00ed"},"sameAs":["https:\/\/www.inforesidencias.com","https:\/\/www.facebook.com\/josep.demarti","https:\/\/twitter.com\/blog-ir"],"url":"https:\/\/www.inforesidencias.com\/blog\/index.php\/author\/josepdemarti\/"}]}},"_links":{"self":[{"href":"https:\/\/www.inforesidencias.com\/blog\/index.php\/wp-json\/wp\/v2\/posts\/2334"}],"collection":[{"href":"https:\/\/www.inforesidencias.com\/blog\/index.php\/wp-json\/wp\/v2\/posts"}],"about":[{"href":"https:\/\/www.inforesidencias.com\/blog\/index.php\/wp-json\/wp\/v2\/types\/post"}],"author":[{"embeddable":true,"href":"https:\/\/www.inforesidencias.com\/blog\/index.php\/wp-json\/wp\/v2\/users\/2"}],"replies":[{"embeddable":true,"href":"https:\/\/www.inforesidencias.com\/blog\/index.php\/wp-json\/wp\/v2\/comments?post=2334"}],"version-history":[{"count":6,"href":"https:\/\/www.inforesidencias.com\/blog\/index.php\/wp-json\/wp\/v2\/posts\/2334\/revisions"}],"predecessor-version":[{"id":2341,"href":"https:\/\/www.inforesidencias.com\/blog\/index.php\/wp-json\/wp\/v2\/posts\/2334\/revisions\/2341"}],"wp:featuredmedia":[{"embeddable":true,"href":"https:\/\/www.inforesidencias.com\/blog\/index.php\/wp-json\/wp\/v2\/media\/2338"}],"wp:attachment":[{"href":"https:\/\/www.inforesidencias.com\/blog\/index.php\/wp-json\/wp\/v2\/media?parent=2334"}],"wp:term":[{"taxonomy":"category","embeddable":true,"href":"https:\/\/www.inforesidencias.com\/blog\/index.php\/wp-json\/wp\/v2\/categories?post=2334"},{"taxonomy":"post_tag","embeddable":true,"href":"https:\/\/www.inforesidencias.com\/blog\/index.php\/wp-json\/wp\/v2\/tags?post=2334"}],"curies":[{"name":"wp","href":"https:\/\/api.w.org\/{rel}","templated":true}]}}