{"id":2347,"date":"2019-07-17T07:12:07","date_gmt":"2019-07-17T07:12:07","guid":{"rendered":"https:\/\/www.inforesidencias.com\/blog\/?p=2347"},"modified":"2019-07-17T07:14:10","modified_gmt":"2019-07-17T07:14:10","slug":"pide-la-comunidad-de-madrid-un-acto-de-fe-sobre-las-inspecciones","status":"publish","type":"post","link":"https:\/\/www.inforesidencias.com\/blog\/index.php\/2019\/07\/17\/pide-la-comunidad-de-madrid-un-acto-de-fe-sobre-las-inspecciones\/","title":{"rendered":"\u00bfPide la Comunidad de Madrid un acto de fe sobre las inspecciones?"},"content":{"rendered":"<p>Uno de los sistemas que aplicamos en Inforesidencias para valorar la transparencia de una residencia es saber si est\u00e1 dispuesta a compartir su acta de inspecci\u00f3n (habiendo quitado cualquier dato de car\u00e1cter personal de la misma) en internet.<\/p>\n<p>Unas <a href=\"https:\/\/www.inforesidencias.com\/centros\/buscador\/busquedas-predefinidas\/residencias-tercera-edad-con-actas-de-inspeccion\">cuantas residencias lo hacen<\/a>, por desgracia, cuando alguna residencia de la Comunidad de Madrid intenta difundir su acta tenemos que imped\u00edrselo porque desde la propia Comunidad nos han hecho saber que ellos, aunque ninguna Ley as\u00ed lo diga, consideran que el contenido de las mismas es reservado e incluso en el propio contenido de las actas que emiten dicen claramente que est\u00e1 prohibido (de nuevo sin que ninguna Ley as\u00ed lo sustente) difundir el acta o hacer cualquier uso de la misma fuera del procedimiento de inspecci\u00f3n.<\/p>\n<p>En pa\u00edses como Estados Unidos o Reino Unido es la propia administraci\u00f3n la que difunde los informes de inspecci\u00f3n.\u00a0 En Alemania, las residencias est\u00e1n obligadas a poner un resumen gr\u00e1fico del resultado de la inspecci\u00f3n en la puerta de la residencia. Aqu\u00ed, ninguna otra comunidad ha puesto pegas a que las residencias que quieran difundan sus actas anonimizadas.\u00a0 S\u00f3lo Madrid.<\/p>\n<p>No es algo secreto.\u00a0 En <a href=\"https:\/\/elpais.com\/ccaa\/2019\/04\/16\/madrid\/1555429703_375236.html\">Abril de 2019 el peri\u00f3dico \u00abEl Pa\u00eds\u00bb <\/a>se hizo eco de la situaci\u00f3n \u00ab<em>Cuando el portal\u00a0<a href=\"https:\/\/www.inforesidencias.com\/particulares\" target=\"_blank\">Inforesidencias.com<\/a>\u00a0empez\u00f3 a publicar las actas de inspecci\u00f3n de las residencias de mayores madrile\u00f1as, como hacen voluntariamente clientes de Catalunya, Valencia y otras comunidades, la Comunidad de Madrid intervino para que las retiraran. El director del portal, Josep de Mart\u00ed, dice que alegaron que iba contra la Ley de Protecci\u00f3n de Datos, pero en el sector muchos entendieron ese secretismo como un error porque necesitan ganarse la confianza de los clientes\u00bb<\/em><\/p>\n<p>Ahora, el mismo gobierno que defiende la opacidad dice que est\u00e1n <a href=\"https:\/\/www.lavanguardia.com\/local\/madrid\/20190716\/463517008396\/la-comunidad-asegura-que-se-estan-incrementando-notablemente-las-inspecciones-en-las-residencias-de-mayores.html\">aumentando el n\u00famero de inspecciones<\/a> y que se visitan casi todas las <a href=\"https:\/\/www.inforesidencias.com\/centros\/buscador\/residencias\/madrid\">residencias de mayores de Madrid<\/a> dos veces al a\u00f1o.\u00a0 Yo creo que en vez de hacer esas declaraciones y pedir que les creamos deber\u00edan permitir que todos supi\u00e9semos lo que dicen esas inspecciones, empezando por facilitar a las residencias que quieran hacerlas publicas la posibilidad de difundirlas.<\/p>\n<p>A ver si lo hacen.<\/p>\n<p>Josep de Mart\u00ed<\/p>\n<p>Director de Inforesidencias.com<\/p>\n<div id=\"elpais_gpt-INTEXT\"><\/div>\n","protected":false},"excerpt":{"rendered":"<p>Uno de los sistemas que aplicamos en Inforesidencias para valorar la transparencia de una residencia es saber si est\u00e1 dispuesta a compartir su acta de inspecci\u00f3n (habiendo quitado cualquier dato de car\u00e1cter personal de la misma) en internet. Unas cuantas residencias lo hacen, por desgracia, cuando alguna residencia de la Comunidad de Madrid intenta difundir su acta tenemos que imped\u00edrselo porque desde la propia Comunidad nos han hecho saber que ellos, aunque ninguna Ley as\u00ed lo diga, consideran que el contenido de las mismas es reservado e incluso en el propio contenido de las actas que emiten dicen claramente que est\u00e1 prohibido (de nuevo sin que ninguna Ley as\u00ed lo sustente) difundir el acta o hacer cualquier uso de la misma fuera del procedimiento de inspecci\u00f3n. En pa\u00edses como Estados Unidos o Reino Unido es la propia administraci\u00f3n la que difunde los informes de inspecci\u00f3n.\u00a0 En Alemania, las residencias est\u00e1n [&hellip;]<\/p>\n","protected":false},"author":2,"featured_media":1342,"comment_status":"open","ping_status":"open","sticky":false,"template":"","format":"standard","meta":{"footnotes":""},"categories":[1],"tags":[],"yoast_head":"<!-- This site is optimized with the Yoast SEO plugin v21.7 - https:\/\/yoast.com\/wordpress\/plugins\/seo\/ -->\n<title>\u00bfPide la Comunidad de Madrid un acto de fe sobre las inspecciones? - Blog Inforesidencias.com<\/title>\n<meta name=\"description\" content=\"La comunidad de Madrid no quiere que se conozca el contenido de las inspecciones en residencias de ancianos.\" \/>\n<meta name=\"robots\" content=\"index, follow, max-snippet:-1, max-image-preview:large, max-video-preview:-1\" \/>\n<link rel=\"canonical\" href=\"https:\/\/www.inforesidencias.com\/blog\/index.php\/2019\/07\/17\/pide-la-comunidad-de-madrid-un-acto-de-fe-sobre-las-inspecciones\/\" \/>\n<meta property=\"og:locale\" content=\"es_ES\" \/>\n<meta property=\"og:type\" content=\"article\" \/>\n<meta property=\"og:title\" content=\"\u00bfPide la Comunidad de Madrid un acto de fe sobre las inspecciones? - Blog Inforesidencias.com\" \/>\n<meta property=\"og:description\" content=\"La comunidad de Madrid no quiere que se conozca el contenido de las inspecciones en residencias de ancianos.\" \/>\n<meta property=\"og:url\" content=\"https:\/\/www.inforesidencias.com\/blog\/index.php\/2019\/07\/17\/pide-la-comunidad-de-madrid-un-acto-de-fe-sobre-las-inspecciones\/\" \/>\n<meta property=\"og:site_name\" content=\"Blog Inforesidencias.com\" \/>\n<meta property=\"article:publisher\" content=\"https:\/\/www.facebook.com\/Inforesidencias\/\" \/>\n<meta property=\"article:author\" content=\"https:\/\/www.facebook.com\/josep.demarti\" \/>\n<meta property=\"article:published_time\" content=\"2019-07-17T07:12:07+00:00\" \/>\n<meta property=\"article:modified_time\" content=\"2019-07-17T07:14:10+00:00\" \/>\n<meta property=\"og:image\" content=\"https:\/\/www.inforesidencias.com\/blog\/wp-content\/uploads\/2018\/01\/Sin-ti\u0301tulo.png\" \/>\n\t<meta property=\"og:image:width\" content=\"340\" \/>\n\t<meta property=\"og:image:height\" content=\"255\" \/>\n\t<meta property=\"og:image:type\" content=\"image\/png\" \/>\n<meta name=\"author\" content=\"Josep de Mart\u00ed\" \/>\n<meta name=\"twitter:card\" content=\"summary_large_image\" \/>\n<meta name=\"twitter:creator\" content=\"@blog-ir\" \/>\n<meta name=\"twitter:site\" content=\"@inforesidencias\" \/>\n<meta name=\"twitter:label1\" content=\"Escrito por\" \/>\n\t<meta name=\"twitter:data1\" content=\"Josep de Mart\u00ed\" \/>\n\t<meta name=\"twitter:label2\" content=\"Tiempo de lectura\" \/>\n\t<meta name=\"twitter:data2\" content=\"2 minutos\" \/>\n<script type=\"application\/ld+json\" class=\"yoast-schema-graph\">{\"@context\":\"https:\/\/schema.org\",\"@graph\":[{\"@type\":\"WebPage\",\"@id\":\"https:\/\/www.inforesidencias.com\/blog\/index.php\/2019\/07\/17\/pide-la-comunidad-de-madrid-un-acto-de-fe-sobre-las-inspecciones\/\",\"url\":\"https:\/\/www.inforesidencias.com\/blog\/index.php\/2019\/07\/17\/pide-la-comunidad-de-madrid-un-acto-de-fe-sobre-las-inspecciones\/\",\"name\":\"\u00bfPide la Comunidad de Madrid un acto de fe sobre las inspecciones? - Blog Inforesidencias.com\",\"isPartOf\":{\"@id\":\"https:\/\/www.inforesidencias.com\/blog\/#website\"},\"datePublished\":\"2019-07-17T07:12:07+00:00\",\"dateModified\":\"2019-07-17T07:14:10+00:00\",\"author\":{\"@id\":\"https:\/\/www.inforesidencias.com\/blog\/#\/schema\/person\/9e146774d1eb3bc1c0316242a3898628\"},\"description\":\"La comunidad de Madrid no quiere que se conozca el contenido de las inspecciones en residencias de ancianos.\",\"breadcrumb\":{\"@id\":\"https:\/\/www.inforesidencias.com\/blog\/index.php\/2019\/07\/17\/pide-la-comunidad-de-madrid-un-acto-de-fe-sobre-las-inspecciones\/#breadcrumb\"},\"inLanguage\":\"es\",\"potentialAction\":[{\"@type\":\"ReadAction\",\"target\":[\"https:\/\/www.inforesidencias.com\/blog\/index.php\/2019\/07\/17\/pide-la-comunidad-de-madrid-un-acto-de-fe-sobre-las-inspecciones\/\"]}]},{\"@type\":\"BreadcrumbList\",\"@id\":\"https:\/\/www.inforesidencias.com\/blog\/index.php\/2019\/07\/17\/pide-la-comunidad-de-madrid-un-acto-de-fe-sobre-las-inspecciones\/#breadcrumb\",\"itemListElement\":[{\"@type\":\"ListItem\",\"position\":1,\"name\":\"Home\",\"item\":\"https:\/\/www.inforesidencias.com\/blog\/\"},{\"@type\":\"ListItem\",\"position\":2,\"name\":\"\u00bfPide la Comunidad de Madrid un acto de fe sobre las inspecciones?\"}]},{\"@type\":\"WebSite\",\"@id\":\"https:\/\/www.inforesidencias.com\/blog\/#website\",\"url\":\"https:\/\/www.inforesidencias.com\/blog\/\",\"name\":\"Blog Inforesidencias.com\",\"description\":\"El buscador de residencias de la 3\u00aa edad\",\"potentialAction\":[{\"@type\":\"SearchAction\",\"target\":{\"@type\":\"EntryPoint\",\"urlTemplate\":\"https:\/\/www.inforesidencias.com\/blog\/?s={search_term_string}\"},\"query-input\":\"required name=search_term_string\"}],\"inLanguage\":\"es\"},{\"@type\":\"Person\",\"@id\":\"https:\/\/www.inforesidencias.com\/blog\/#\/schema\/person\/9e146774d1eb3bc1c0316242a3898628\",\"name\":\"Josep de Mart\u00ed\",\"image\":{\"@type\":\"ImageObject\",\"inLanguage\":\"es\",\"@id\":\"https:\/\/www.inforesidencias.com\/blog\/#\/schema\/person\/image\/\",\"url\":\"https:\/\/secure.gravatar.com\/avatar\/de0302c4806c00c4cebff396a798c1ff?s=96&d=mm&r=g\",\"contentUrl\":\"https:\/\/secure.gravatar.com\/avatar\/de0302c4806c00c4cebff396a798c1ff?s=96&d=mm&r=g\",\"caption\":\"Josep de Mart\u00ed\"},\"sameAs\":[\"https:\/\/www.inforesidencias.com\",\"https:\/\/www.facebook.com\/josep.demarti\",\"https:\/\/twitter.com\/blog-ir\"],\"url\":\"https:\/\/www.inforesidencias.com\/blog\/index.php\/author\/josepdemarti\/\"}]}<\/script>\n<!-- \/ Yoast SEO plugin. -->","yoast_head_json":{"title":"\u00bfPide la Comunidad de Madrid un acto de fe sobre las inspecciones? - Blog Inforesidencias.com","description":"La comunidad de Madrid no quiere que se conozca el contenido de las inspecciones en residencias de ancianos.","robots":{"index":"index","follow":"follow","max-snippet":"max-snippet:-1","max-image-preview":"max-image-preview:large","max-video-preview":"max-video-preview:-1"},"canonical":"https:\/\/www.inforesidencias.com\/blog\/index.php\/2019\/07\/17\/pide-la-comunidad-de-madrid-un-acto-de-fe-sobre-las-inspecciones\/","og_locale":"es_ES","og_type":"article","og_title":"\u00bfPide la Comunidad de Madrid un acto de fe sobre las inspecciones? - Blog Inforesidencias.com","og_description":"La comunidad de Madrid no quiere que se conozca el contenido de las inspecciones en residencias de ancianos.","og_url":"https:\/\/www.inforesidencias.com\/blog\/index.php\/2019\/07\/17\/pide-la-comunidad-de-madrid-un-acto-de-fe-sobre-las-inspecciones\/","og_site_name":"Blog Inforesidencias.com","article_publisher":"https:\/\/www.facebook.com\/Inforesidencias\/","article_author":"https:\/\/www.facebook.com\/josep.demarti","article_published_time":"2019-07-17T07:12:07+00:00","article_modified_time":"2019-07-17T07:14:10+00:00","og_image":[{"width":340,"height":255,"url":"https:\/\/www.inforesidencias.com\/blog\/wp-content\/uploads\/2018\/01\/Sin-ti\u0301tulo.png","type":"image\/png"}],"author":"Josep de Mart\u00ed","twitter_card":"summary_large_image","twitter_creator":"@blog-ir","twitter_site":"@inforesidencias","twitter_misc":{"Escrito por":"Josep de Mart\u00ed","Tiempo de lectura":"2 minutos"},"schema":{"@context":"https:\/\/schema.org","@graph":[{"@type":"WebPage","@id":"https:\/\/www.inforesidencias.com\/blog\/index.php\/2019\/07\/17\/pide-la-comunidad-de-madrid-un-acto-de-fe-sobre-las-inspecciones\/","url":"https:\/\/www.inforesidencias.com\/blog\/index.php\/2019\/07\/17\/pide-la-comunidad-de-madrid-un-acto-de-fe-sobre-las-inspecciones\/","name":"\u00bfPide la Comunidad de Madrid un acto de fe sobre las inspecciones? - Blog Inforesidencias.com","isPartOf":{"@id":"https:\/\/www.inforesidencias.com\/blog\/#website"},"datePublished":"2019-07-17T07:12:07+00:00","dateModified":"2019-07-17T07:14:10+00:00","author":{"@id":"https:\/\/www.inforesidencias.com\/blog\/#\/schema\/person\/9e146774d1eb3bc1c0316242a3898628"},"description":"La comunidad de Madrid no quiere que se conozca el contenido de las inspecciones en residencias de ancianos.","breadcrumb":{"@id":"https:\/\/www.inforesidencias.com\/blog\/index.php\/2019\/07\/17\/pide-la-comunidad-de-madrid-un-acto-de-fe-sobre-las-inspecciones\/#breadcrumb"},"inLanguage":"es","potentialAction":[{"@type":"ReadAction","target":["https:\/\/www.inforesidencias.com\/blog\/index.php\/2019\/07\/17\/pide-la-comunidad-de-madrid-un-acto-de-fe-sobre-las-inspecciones\/"]}]},{"@type":"BreadcrumbList","@id":"https:\/\/www.inforesidencias.com\/blog\/index.php\/2019\/07\/17\/pide-la-comunidad-de-madrid-un-acto-de-fe-sobre-las-inspecciones\/#breadcrumb","itemListElement":[{"@type":"ListItem","position":1,"name":"Home","item":"https:\/\/www.inforesidencias.com\/blog\/"},{"@type":"ListItem","position":2,"name":"\u00bfPide la Comunidad de Madrid un acto de fe sobre las inspecciones?"}]},{"@type":"WebSite","@id":"https:\/\/www.inforesidencias.com\/blog\/#website","url":"https:\/\/www.inforesidencias.com\/blog\/","name":"Blog Inforesidencias.com","description":"El buscador de residencias de la 3\u00aa edad","potentialAction":[{"@type":"SearchAction","target":{"@type":"EntryPoint","urlTemplate":"https:\/\/www.inforesidencias.com\/blog\/?s={search_term_string}"},"query-input":"required name=search_term_string"}],"inLanguage":"es"},{"@type":"Person","@id":"https:\/\/www.inforesidencias.com\/blog\/#\/schema\/person\/9e146774d1eb3bc1c0316242a3898628","name":"Josep de Mart\u00ed","image":{"@type":"ImageObject","inLanguage":"es","@id":"https:\/\/www.inforesidencias.com\/blog\/#\/schema\/person\/image\/","url":"https:\/\/secure.gravatar.com\/avatar\/de0302c4806c00c4cebff396a798c1ff?s=96&d=mm&r=g","contentUrl":"https:\/\/secure.gravatar.com\/avatar\/de0302c4806c00c4cebff396a798c1ff?s=96&d=mm&r=g","caption":"Josep de Mart\u00ed"},"sameAs":["https:\/\/www.inforesidencias.com","https:\/\/www.facebook.com\/josep.demarti","https:\/\/twitter.com\/blog-ir"],"url":"https:\/\/www.inforesidencias.com\/blog\/index.php\/author\/josepdemarti\/"}]}},"_links":{"self":[{"href":"https:\/\/www.inforesidencias.com\/blog\/index.php\/wp-json\/wp\/v2\/posts\/2347"}],"collection":[{"href":"https:\/\/www.inforesidencias.com\/blog\/index.php\/wp-json\/wp\/v2\/posts"}],"about":[{"href":"https:\/\/www.inforesidencias.com\/blog\/index.php\/wp-json\/wp\/v2\/types\/post"}],"author":[{"embeddable":true,"href":"https:\/\/www.inforesidencias.com\/blog\/index.php\/wp-json\/wp\/v2\/users\/2"}],"replies":[{"embeddable":true,"href":"https:\/\/www.inforesidencias.com\/blog\/index.php\/wp-json\/wp\/v2\/comments?post=2347"}],"version-history":[{"count":3,"href":"https:\/\/www.inforesidencias.com\/blog\/index.php\/wp-json\/wp\/v2\/posts\/2347\/revisions"}],"predecessor-version":[{"id":2350,"href":"https:\/\/www.inforesidencias.com\/blog\/index.php\/wp-json\/wp\/v2\/posts\/2347\/revisions\/2350"}],"wp:featuredmedia":[{"embeddable":true,"href":"https:\/\/www.inforesidencias.com\/blog\/index.php\/wp-json\/wp\/v2\/media\/1342"}],"wp:attachment":[{"href":"https:\/\/www.inforesidencias.com\/blog\/index.php\/wp-json\/wp\/v2\/media?parent=2347"}],"wp:term":[{"taxonomy":"category","embeddable":true,"href":"https:\/\/www.inforesidencias.com\/blog\/index.php\/wp-json\/wp\/v2\/categories?post=2347"},{"taxonomy":"post_tag","embeddable":true,"href":"https:\/\/www.inforesidencias.com\/blog\/index.php\/wp-json\/wp\/v2\/tags?post=2347"}],"curies":[{"name":"wp","href":"https:\/\/api.w.org\/{rel}","templated":true}]}}