{"id":24,"date":"2006-03-24T21:05:00","date_gmt":"2006-03-24T21:05:00","guid":{"rendered":"http:\/\/inforesidencias.wordpress.com\/2006\/03\/24\/movimiento-en-las-cupulas"},"modified":"2006-03-24T21:05:00","modified_gmt":"2006-03-24T21:05:00","slug":"movimiento-en-las-cupulas","status":"publish","type":"post","link":"https:\/\/www.inforesidencias.com\/blog\/index.php\/2006\/03\/24\/movimiento-en-las-cupulas\/","title":{"rendered":">MOVIMIENTO EN LAS C\u00daPULAS"},"content":{"rendered":"<p>&gt;Cuando Amma y Gerogesti\u00f3n anunciaron en junio de 2005 que integraban sus negocios para crear el tercer operador nacional del sector de la promoci\u00f3n y gesti\u00f3n de servicios gerontol\u00f3gics a casi todos nos cogi\u00f3 por sorpresa ya que, a priori, parec\u00eda que eran empresas con perfiles muy distintos.  La operaci\u00f3n, desde un principio tuvo matices poco comunes ya que, casi siempre, detr\u00e1s de una fusi\u00f3n se esconde una adquisici\u00f3n y, casi siempre el m\u00e1s grande acaba asimilando al peque\u00f1o, transform\u00e1ndose a la vez en el proceso.  Por eso resultaba sorprendente que la nueva empresa tuviese su sede en Valladolid y no en Pamplona o que siguiese como director general Benigno Ma\u00fajo y no alguien de la \u00f3rbita de Amma.  Al fin y al cabo la empresa navarra  ten\u00eda al principio una participaci\u00f3n del 66% en la resultante.<\/p>\n<p>En los \u00faltimos d\u00edas algo ha pasado que ha vuelto las cosas a la ortodoxia de lo esperable, aunque con alguna sorpresa.  Primero la salida de Benigno Ma\u00fajo (director general de Gerogesti\u00f3n antes de la fusi\u00f3n) hizo que apareciesen las inevitables quinielas en las que muchos coincid\u00edamos.  Unos d\u00edas despu\u00e9s hemos sabido que las quinielas iban erradas al conocer el nombramiento de Rafael Iglesias, hasta hace poco director general de Sanyres, y el regreso de la sede central de la nueva Amma\/Gerogesti\u00f3n a Pamplona.<\/p>\n<p>Y es que muy pocos pod\u00edan imaginar que la salida de Iglesias de la empresa cordobesa y su sustituci\u00f3n por Javier Romero, pudiera tener algo que ver con los movimientos en la c\u00fapula de la nueva Amma\/Gerogesti\u00f3n.  <\/p>\n<p>Parece que la opci\u00f3n elegida por los accionistas ha sido la de aumentar el protagonismo de Caja Navarra en la gesti\u00f3n del grupo aunque prefiriendo que el proceso lo lidere alguien que no pueda ser vinculado a ninguna de las empresas fusionadas.  Un proceso en el que el mayor reto ser\u00e1 sin duda, armonizar dos formas de hacer manteniendo un ritmo de aperturas que, en los pr\u00f3ximos a\u00f1os har\u00e1 multiplicar el n\u00famero de camas del grupo.<\/p>\n<p>Una inc\u00f3gnita es ahora qu\u00e9 har\u00e1 Benigno Ma\u00fajo, un verdadero activo para el sector que ha ejercido en su carrera responsabilidades en el sector p\u00fablico y privado.  Tendremos que estar atentos ya que parece que las consecuencias de la fusi\u00f3n pueden seguir produciendo \u201cefectos rebote\u201d en las c\u00fapulas.  <\/p>\n<p>Lo que est\u00e1 claro es que en este sector pasa lo mismo que en cualquier otro y que movimientos as\u00ed, pasada la sorpresa inicial, no son m\u00e1s que s\u00edntomas de un proceso de maduraci\u00f3n y cambio que nos deparar\u00e1, seguro, novedades m\u00e1s grandes.  <\/p>\n<p>\u00bfHablaremos el mes que viene de otra sorpresa?<\/p>\n","protected":false},"excerpt":{"rendered":"<p>&gt;Cuando Amma y Gerogesti\u00f3n anunciaron en junio de 2005 que integraban sus negocios para crear el tercer operador nacional del sector de la promoci\u00f3n y gesti\u00f3n de servicios gerontol\u00f3gics a casi todos nos cogi\u00f3 por sorpresa ya que, a priori, parec\u00eda que eran empresas con perfiles muy distintos. La operaci\u00f3n, desde un principio tuvo matices poco comunes ya que, casi siempre, detr\u00e1s de una fusi\u00f3n se esconde una adquisici\u00f3n y, casi siempre el m\u00e1s grande acaba asimilando al peque\u00f1o, transform\u00e1ndose a la vez en el proceso. Por eso resultaba sorprendente que la nueva empresa tuviese su sede en Valladolid y no en Pamplona o que siguiese como director general Benigno Ma\u00fajo y no alguien de la \u00f3rbita de Amma. Al fin y al cabo la empresa navarra ten\u00eda al principio una participaci\u00f3n del 66% en la resultante. En los \u00faltimos d\u00edas algo ha pasado que ha vuelto las cosas a [&hellip;]<\/p>\n","protected":false},"author":2,"featured_media":0,"comment_status":"open","ping_status":"open","sticky":false,"template":"","format":"standard","meta":{"footnotes":""},"categories":[1],"tags":[],"yoast_head":"<!-- This site is optimized with the Yoast SEO plugin v21.7 - https:\/\/yoast.com\/wordpress\/plugins\/seo\/ -->\n<title>&gt;MOVIMIENTO EN LAS C\u00daPULAS - Blog Inforesidencias.com<\/title>\n<meta name=\"robots\" content=\"index, follow, max-snippet:-1, max-image-preview:large, max-video-preview:-1\" \/>\n<link rel=\"canonical\" href=\"https:\/\/www.inforesidencias.com\/blog\/index.php\/2006\/03\/24\/movimiento-en-las-cupulas\/\" \/>\n<meta property=\"og:locale\" content=\"es_ES\" \/>\n<meta property=\"og:type\" content=\"article\" \/>\n<meta property=\"og:title\" content=\"&gt;MOVIMIENTO EN LAS C\u00daPULAS - Blog Inforesidencias.com\" \/>\n<meta property=\"og:description\" content=\"&gt;Cuando Amma y Gerogesti\u00f3n anunciaron en junio de 2005 que integraban sus negocios para crear el tercer operador nacional del sector de la promoci\u00f3n y gesti\u00f3n de servicios gerontol\u00f3gics a casi todos nos cogi\u00f3 por sorpresa ya que, a priori, parec\u00eda que eran empresas con perfiles muy distintos. La operaci\u00f3n, desde un principio tuvo matices poco comunes ya que, casi siempre, detr\u00e1s de una fusi\u00f3n se esconde una adquisici\u00f3n y, casi siempre el m\u00e1s grande acaba asimilando al peque\u00f1o, transform\u00e1ndose a la vez en el proceso. Por eso resultaba sorprendente que la nueva empresa tuviese su sede en Valladolid y no en Pamplona o que siguiese como director general Benigno Ma\u00fajo y no alguien de la \u00f3rbita de Amma. Al fin y al cabo la empresa navarra ten\u00eda al principio una participaci\u00f3n del 66% en la resultante. En los \u00faltimos d\u00edas algo ha pasado que ha vuelto las cosas a [&hellip;]\" \/>\n<meta property=\"og:url\" content=\"https:\/\/www.inforesidencias.com\/blog\/index.php\/2006\/03\/24\/movimiento-en-las-cupulas\/\" \/>\n<meta property=\"og:site_name\" content=\"Blog Inforesidencias.com\" \/>\n<meta property=\"article:publisher\" content=\"https:\/\/www.facebook.com\/Inforesidencias\/\" \/>\n<meta property=\"article:author\" content=\"https:\/\/www.facebook.com\/josep.demarti\" \/>\n<meta property=\"article:published_time\" content=\"2006-03-24T21:05:00+00:00\" \/>\n<meta name=\"author\" content=\"Josep de Mart\u00ed\" \/>\n<meta name=\"twitter:card\" content=\"summary_large_image\" \/>\n<meta name=\"twitter:creator\" content=\"@blog-ir\" \/>\n<meta name=\"twitter:site\" content=\"@inforesidencias\" \/>\n<meta name=\"twitter:label1\" content=\"Escrito por\" \/>\n\t<meta name=\"twitter:data1\" content=\"Josep de Mart\u00ed\" \/>\n\t<meta name=\"twitter:label2\" content=\"Tiempo de lectura\" \/>\n\t<meta name=\"twitter:data2\" content=\"2 minutos\" \/>\n<script type=\"application\/ld+json\" class=\"yoast-schema-graph\">{\"@context\":\"https:\/\/schema.org\",\"@graph\":[{\"@type\":\"WebPage\",\"@id\":\"https:\/\/www.inforesidencias.com\/blog\/index.php\/2006\/03\/24\/movimiento-en-las-cupulas\/\",\"url\":\"https:\/\/www.inforesidencias.com\/blog\/index.php\/2006\/03\/24\/movimiento-en-las-cupulas\/\",\"name\":\">MOVIMIENTO EN LAS C\u00daPULAS - Blog Inforesidencias.com\",\"isPartOf\":{\"@id\":\"https:\/\/www.inforesidencias.com\/blog\/#website\"},\"datePublished\":\"2006-03-24T21:05:00+00:00\",\"dateModified\":\"2006-03-24T21:05:00+00:00\",\"author\":{\"@id\":\"https:\/\/www.inforesidencias.com\/blog\/#\/schema\/person\/9e146774d1eb3bc1c0316242a3898628\"},\"breadcrumb\":{\"@id\":\"https:\/\/www.inforesidencias.com\/blog\/index.php\/2006\/03\/24\/movimiento-en-las-cupulas\/#breadcrumb\"},\"inLanguage\":\"es\",\"potentialAction\":[{\"@type\":\"ReadAction\",\"target\":[\"https:\/\/www.inforesidencias.com\/blog\/index.php\/2006\/03\/24\/movimiento-en-las-cupulas\/\"]}]},{\"@type\":\"BreadcrumbList\",\"@id\":\"https:\/\/www.inforesidencias.com\/blog\/index.php\/2006\/03\/24\/movimiento-en-las-cupulas\/#breadcrumb\",\"itemListElement\":[{\"@type\":\"ListItem\",\"position\":1,\"name\":\"Home\",\"item\":\"https:\/\/www.inforesidencias.com\/blog\/\"},{\"@type\":\"ListItem\",\"position\":2,\"name\":\">MOVIMIENTO EN LAS C\u00daPULAS\"}]},{\"@type\":\"WebSite\",\"@id\":\"https:\/\/www.inforesidencias.com\/blog\/#website\",\"url\":\"https:\/\/www.inforesidencias.com\/blog\/\",\"name\":\"Blog Inforesidencias.com\",\"description\":\"El buscador de residencias de la 3\u00aa edad\",\"potentialAction\":[{\"@type\":\"SearchAction\",\"target\":{\"@type\":\"EntryPoint\",\"urlTemplate\":\"https:\/\/www.inforesidencias.com\/blog\/?s={search_term_string}\"},\"query-input\":\"required name=search_term_string\"}],\"inLanguage\":\"es\"},{\"@type\":\"Person\",\"@id\":\"https:\/\/www.inforesidencias.com\/blog\/#\/schema\/person\/9e146774d1eb3bc1c0316242a3898628\",\"name\":\"Josep de Mart\u00ed\",\"image\":{\"@type\":\"ImageObject\",\"inLanguage\":\"es\",\"@id\":\"https:\/\/www.inforesidencias.com\/blog\/#\/schema\/person\/image\/\",\"url\":\"https:\/\/secure.gravatar.com\/avatar\/de0302c4806c00c4cebff396a798c1ff?s=96&d=mm&r=g\",\"contentUrl\":\"https:\/\/secure.gravatar.com\/avatar\/de0302c4806c00c4cebff396a798c1ff?s=96&d=mm&r=g\",\"caption\":\"Josep de Mart\u00ed\"},\"sameAs\":[\"https:\/\/www.inforesidencias.com\",\"https:\/\/www.facebook.com\/josep.demarti\",\"https:\/\/twitter.com\/blog-ir\"],\"url\":\"https:\/\/www.inforesidencias.com\/blog\/index.php\/author\/josepdemarti\/\"}]}<\/script>\n<!-- \/ Yoast SEO plugin. -->","yoast_head_json":{"title":">MOVIMIENTO EN LAS C\u00daPULAS - Blog Inforesidencias.com","robots":{"index":"index","follow":"follow","max-snippet":"max-snippet:-1","max-image-preview":"max-image-preview:large","max-video-preview":"max-video-preview:-1"},"canonical":"https:\/\/www.inforesidencias.com\/blog\/index.php\/2006\/03\/24\/movimiento-en-las-cupulas\/","og_locale":"es_ES","og_type":"article","og_title":">MOVIMIENTO EN LAS C\u00daPULAS - Blog Inforesidencias.com","og_description":"&gt;Cuando Amma y Gerogesti\u00f3n anunciaron en junio de 2005 que integraban sus negocios para crear el tercer operador nacional del sector de la promoci\u00f3n y gesti\u00f3n de servicios gerontol\u00f3gics a casi todos nos cogi\u00f3 por sorpresa ya que, a priori, parec\u00eda que eran empresas con perfiles muy distintos. La operaci\u00f3n, desde un principio tuvo matices poco comunes ya que, casi siempre, detr\u00e1s de una fusi\u00f3n se esconde una adquisici\u00f3n y, casi siempre el m\u00e1s grande acaba asimilando al peque\u00f1o, transform\u00e1ndose a la vez en el proceso. Por eso resultaba sorprendente que la nueva empresa tuviese su sede en Valladolid y no en Pamplona o que siguiese como director general Benigno Ma\u00fajo y no alguien de la \u00f3rbita de Amma. Al fin y al cabo la empresa navarra ten\u00eda al principio una participaci\u00f3n del 66% en la resultante. En los \u00faltimos d\u00edas algo ha pasado que ha vuelto las cosas a [&hellip;]","og_url":"https:\/\/www.inforesidencias.com\/blog\/index.php\/2006\/03\/24\/movimiento-en-las-cupulas\/","og_site_name":"Blog Inforesidencias.com","article_publisher":"https:\/\/www.facebook.com\/Inforesidencias\/","article_author":"https:\/\/www.facebook.com\/josep.demarti","article_published_time":"2006-03-24T21:05:00+00:00","author":"Josep de Mart\u00ed","twitter_card":"summary_large_image","twitter_creator":"@blog-ir","twitter_site":"@inforesidencias","twitter_misc":{"Escrito por":"Josep de Mart\u00ed","Tiempo de lectura":"2 minutos"},"schema":{"@context":"https:\/\/schema.org","@graph":[{"@type":"WebPage","@id":"https:\/\/www.inforesidencias.com\/blog\/index.php\/2006\/03\/24\/movimiento-en-las-cupulas\/","url":"https:\/\/www.inforesidencias.com\/blog\/index.php\/2006\/03\/24\/movimiento-en-las-cupulas\/","name":">MOVIMIENTO EN LAS C\u00daPULAS - Blog Inforesidencias.com","isPartOf":{"@id":"https:\/\/www.inforesidencias.com\/blog\/#website"},"datePublished":"2006-03-24T21:05:00+00:00","dateModified":"2006-03-24T21:05:00+00:00","author":{"@id":"https:\/\/www.inforesidencias.com\/blog\/#\/schema\/person\/9e146774d1eb3bc1c0316242a3898628"},"breadcrumb":{"@id":"https:\/\/www.inforesidencias.com\/blog\/index.php\/2006\/03\/24\/movimiento-en-las-cupulas\/#breadcrumb"},"inLanguage":"es","potentialAction":[{"@type":"ReadAction","target":["https:\/\/www.inforesidencias.com\/blog\/index.php\/2006\/03\/24\/movimiento-en-las-cupulas\/"]}]},{"@type":"BreadcrumbList","@id":"https:\/\/www.inforesidencias.com\/blog\/index.php\/2006\/03\/24\/movimiento-en-las-cupulas\/#breadcrumb","itemListElement":[{"@type":"ListItem","position":1,"name":"Home","item":"https:\/\/www.inforesidencias.com\/blog\/"},{"@type":"ListItem","position":2,"name":">MOVIMIENTO EN LAS C\u00daPULAS"}]},{"@type":"WebSite","@id":"https:\/\/www.inforesidencias.com\/blog\/#website","url":"https:\/\/www.inforesidencias.com\/blog\/","name":"Blog Inforesidencias.com","description":"El buscador de residencias de la 3\u00aa edad","potentialAction":[{"@type":"SearchAction","target":{"@type":"EntryPoint","urlTemplate":"https:\/\/www.inforesidencias.com\/blog\/?s={search_term_string}"},"query-input":"required name=search_term_string"}],"inLanguage":"es"},{"@type":"Person","@id":"https:\/\/www.inforesidencias.com\/blog\/#\/schema\/person\/9e146774d1eb3bc1c0316242a3898628","name":"Josep de Mart\u00ed","image":{"@type":"ImageObject","inLanguage":"es","@id":"https:\/\/www.inforesidencias.com\/blog\/#\/schema\/person\/image\/","url":"https:\/\/secure.gravatar.com\/avatar\/de0302c4806c00c4cebff396a798c1ff?s=96&d=mm&r=g","contentUrl":"https:\/\/secure.gravatar.com\/avatar\/de0302c4806c00c4cebff396a798c1ff?s=96&d=mm&r=g","caption":"Josep de Mart\u00ed"},"sameAs":["https:\/\/www.inforesidencias.com","https:\/\/www.facebook.com\/josep.demarti","https:\/\/twitter.com\/blog-ir"],"url":"https:\/\/www.inforesidencias.com\/blog\/index.php\/author\/josepdemarti\/"}]}},"_links":{"self":[{"href":"https:\/\/www.inforesidencias.com\/blog\/index.php\/wp-json\/wp\/v2\/posts\/24"}],"collection":[{"href":"https:\/\/www.inforesidencias.com\/blog\/index.php\/wp-json\/wp\/v2\/posts"}],"about":[{"href":"https:\/\/www.inforesidencias.com\/blog\/index.php\/wp-json\/wp\/v2\/types\/post"}],"author":[{"embeddable":true,"href":"https:\/\/www.inforesidencias.com\/blog\/index.php\/wp-json\/wp\/v2\/users\/2"}],"replies":[{"embeddable":true,"href":"https:\/\/www.inforesidencias.com\/blog\/index.php\/wp-json\/wp\/v2\/comments?post=24"}],"version-history":[{"count":0,"href":"https:\/\/www.inforesidencias.com\/blog\/index.php\/wp-json\/wp\/v2\/posts\/24\/revisions"}],"wp:attachment":[{"href":"https:\/\/www.inforesidencias.com\/blog\/index.php\/wp-json\/wp\/v2\/media?parent=24"}],"wp:term":[{"taxonomy":"category","embeddable":true,"href":"https:\/\/www.inforesidencias.com\/blog\/index.php\/wp-json\/wp\/v2\/categories?post=24"},{"taxonomy":"post_tag","embeddable":true,"href":"https:\/\/www.inforesidencias.com\/blog\/index.php\/wp-json\/wp\/v2\/tags?post=24"}],"curies":[{"name":"wp","href":"https:\/\/api.w.org\/{rel}","templated":true}]}}