{"id":2485,"date":"2019-10-25T12:26:12","date_gmt":"2019-10-25T12:26:12","guid":{"rendered":"https:\/\/www.inforesidencias.com\/blog\/?p=2485"},"modified":"2019-10-25T12:26:12","modified_gmt":"2019-10-25T12:26:12","slug":"fundacion-mon-rural-y-residencias-para-personas-mayores","status":"publish","type":"post","link":"https:\/\/www.inforesidencias.com\/blog\/index.php\/2019\/10\/25\/fundacion-mon-rural-y-residencias-para-personas-mayores\/","title":{"rendered":"Fundaci\u00f3n M\u00f3n Rural y residencias para personas mayores"},"content":{"rendered":"<p style=\"text-align: justify\"><a href=\"https:\/\/www.estelfitxers.com\/audio\/20191023-17_00TEMPSDEBENESTAR-ESGRANSERGRAN.MP3\">El programa del mi\u00e9rcoles<\/a> de esta semana de \u201c\u00c9s gran ser gran\u201d empezamos hablando de una persona conocida por Josep de Mart\u00ed, director del programa, que buscaba una plaza en residencias para personas mayores, pero claro, aun habiendo encontrado residencias a trav\u00e9s de inforesidencias.com no sab\u00eda en que deb\u00eda fijarse cuando fuera a visitarlas. Josep explic\u00f3 los consejos que le dio a su amigo. Estos consejos iban desde ponerse en la piel de la persona mayor a nivel f\u00edsico hasta fijarse en el mobiliario o bien hablar con profesionales del centro para ver su reacci\u00f3n y respuestas.<\/p>\n<p style=\"text-align: justify\">\u00a0A continuaci\u00f3n hablamos con el entrevistado de esta semana. \u00c9l era Marc Costa, de la <a href=\"http:\/\/www.fmr.cat\/inici\">Fundaci\u00f3n M\u00f3n Rural<\/a>. Marc nos explic\u00f3 telef\u00f3nicamente a que se dedica la fundaci\u00f3n. Josep le pregunt\u00f3 a Marc si la concepci\u00f3n que hay en las ciudades de que los \u00e1mbitos rurales se preservan mucho las tradiciones, los n\u00facleos familiares etc, es cierta. Sobre esto Marc le contest\u00f3 que generalmente en las poblaciones rurales, aunque haya este imaginario de \u201cun poco a la antigua por parte de las ciudades\u00bb, el mundo rural tambi\u00e9n evoluciona y se moderniza.<\/p>\n<p style=\"text-align: justify\">Por otro lado Marc tambi\u00e9n nos habl\u00f3 del envejecimiento de la poblaci\u00f3n en el mundo rural, sobretodo referido al sobreenvejecimiento (personas de m\u00e1s de 85 a\u00f1os).En la recta final tambi\u00e9n hablamos de falta de servicios en los entornes rurales por ejemplo en lo que se refiere a las residencias para personas mayores en donde a veces hay que desplazarme bastantes quil\u00f3metros para encontrar una plaza libre. Acabamos la entrevista hablando sobre la\u00a0 buena calidad de vida de las personas que viven en pueblos peque\u00f1os de Catalunya pero al mismo tiempo la necesidad no cubierta que tienen de diferentes servicios.<\/p>\n<p style=\"text-align: justify\">Antes de acabar el programa, despu\u00e9s de la bolsa de empleo de inforesidencias.com, tuvimos la consulta del trabajador social. En esta ocasi\u00f3n, resolvimos una duda acerca de una persona que quer\u00eda ir a vivir a vivir en alguna de las residencias para personas mayores de la zona de Barcelona pero que no sab\u00eda como se organizan los centros cuando una persona quiere ir a votar, tal y como lo tendremos que hacer el pr\u00f3ximo diez de noviembre.<\/p>\n<p style=\"text-align: justify\"><a href=\"https:\/\/www.estelfitxers.com\/audio\/20191024-17_00TEMPSDEBENESTAR-ESGRANSERGRAN.MP3\">En el programa del jueves <\/a>empezamos hablando sobre una experiencia que tuvo Josep en los Estados unidos de pueblos creados expresamente para personas mayores y los servicios que all\u00ed se encuentran. <a href=\"https:\/\/www.youtube.com\/watch?v=GSH5u09iD94\">C\u00f3mo deben ser las residencias para personas mayores all\u00ed<\/a>?<\/p>\n<p style=\"text-align: justify\">Mas tarde entrevistamos por segundo d\u00eda a Marc Costa, de Fundaci\u00f3 M\u00f3n rural. Empezamos hablando sobre una encuesta que hicieron desde la fundaci\u00f3n para saber la percepci\u00f3n de la calidad de vida en el mundo rural. Esta encuesta valoraba los servicios b\u00e1sicos de estas poblaciones. Muchos servicios b\u00e1sicos aprobaron pero en cambio suspendieron otros aspectos como los transportes p\u00fablicos.<\/p>\n<p style=\"text-align: justify\">Marc tambi\u00e9n enfatizo que aunque las problem\u00e1ticas o preocupaciones de las poblaciones rurales\u00a0 son comunes, son en general bastante variadas ya que caza zona tiene sus singularidades.<\/p>\n<p style=\"text-align: justify\">Seguimos hablando sobre el fen\u00f3meno de la Catalunya vac\u00eda, debido sobretodo a la despoblaci\u00f3n de los municipios pero al mismo tiempo tambi\u00e9n del envejecimiento de la poblaci\u00f3n que vive en ellos. Conversamos acerca de la demograf\u00eda del mundo rural y la necesidad que tiene de recibir\u00a0 inmigraci\u00f3n hacia esas zonas para que no desaparezcan. Acabamos la entrevista hablando de la casu\u00edstica que se lleva dando desde hace tiempo en donde personas mayores de pueblos muy peque\u00f1os se trasladan a los principales pueblos de las zonas rurales para tener cubierta la necesidad de servicios. Descubre algunas<a href=\"https:\/\/www.inforesidencias.com\/centros\/buscador\/residencias\/catalunya\/lleida\"> residencias para personas mayores en zonas rurales.<\/a><\/p>\n<p style=\"text-align: justify\">Finalizamos el \u00faltimo programa de la semana con la consulta del trabajador social en donde resolvimos una consulta que nos hicieron acerca de un cambio de horario del servicio de ayuda a domicilio y las posibilidades de volver al horario inicial.<\/p>\n","protected":false},"excerpt":{"rendered":"<p>El programa del mi\u00e9rcoles de esta semana de \u201c\u00c9s gran ser gran\u201d empezamos hablando de una persona conocida por Josep de Mart\u00ed, director del programa, que buscaba una plaza en residencias para personas mayores, pero claro, aun habiendo encontrado residencias a trav\u00e9s de inforesidencias.com no sab\u00eda en que deb\u00eda fijarse cuando fuera a visitarlas. Josep explic\u00f3 los consejos que le dio a su amigo. Estos consejos iban desde ponerse en la piel de la persona mayor a nivel f\u00edsico hasta fijarse en el mobiliario o bien hablar con profesionales del centro para ver su reacci\u00f3n y respuestas. \u00a0A continuaci\u00f3n hablamos con el entrevistado de esta semana. \u00c9l era Marc Costa, de la Fundaci\u00f3n M\u00f3n Rural. Marc nos explic\u00f3 telef\u00f3nicamente a que se dedica la fundaci\u00f3n. Josep le pregunt\u00f3 a Marc si la concepci\u00f3n que hay en las ciudades de que los \u00e1mbitos rurales se preservan mucho las tradiciones, los n\u00facleos [&hellip;]<\/p>\n","protected":false},"author":2,"featured_media":2487,"comment_status":"open","ping_status":"open","sticky":false,"template":"","format":"standard","meta":{"footnotes":""},"categories":[1],"tags":[],"yoast_head":"<!-- This site is optimized with the Yoast SEO plugin v21.7 - https:\/\/yoast.com\/wordpress\/plugins\/seo\/ -->\n<title>Fundaci\u00f3n M\u00f3n Rural y residencias para personas mayores - Blog Inforesidencias.com<\/title>\n<meta name=\"description\" content=\"En &quot;\u00c9s gran ser gran&quot; hablamos de residencias para personas mayores en entornos rurales y otros temas de estas poblaciones con Fundaci\u00f3n M\u00f3n rural\" \/>\n<meta name=\"robots\" content=\"index, follow, max-snippet:-1, max-image-preview:large, max-video-preview:-1\" \/>\n<link rel=\"canonical\" href=\"https:\/\/www.inforesidencias.com\/blog\/index.php\/2019\/10\/25\/fundacion-mon-rural-y-residencias-para-personas-mayores\/\" \/>\n<meta property=\"og:locale\" content=\"es_ES\" \/>\n<meta property=\"og:type\" content=\"article\" \/>\n<meta property=\"og:title\" content=\"Fundaci\u00f3n M\u00f3n Rural y residencias para personas mayores - Blog Inforesidencias.com\" \/>\n<meta property=\"og:description\" content=\"En &quot;\u00c9s gran ser gran&quot; hablamos de residencias para personas mayores en entornos rurales y otros temas de estas poblaciones con Fundaci\u00f3n M\u00f3n rural\" \/>\n<meta property=\"og:url\" content=\"https:\/\/www.inforesidencias.com\/blog\/index.php\/2019\/10\/25\/fundacion-mon-rural-y-residencias-para-personas-mayores\/\" \/>\n<meta property=\"og:site_name\" content=\"Blog Inforesidencias.com\" \/>\n<meta property=\"article:publisher\" content=\"https:\/\/www.facebook.com\/Inforesidencias\/\" \/>\n<meta property=\"article:author\" content=\"https:\/\/www.facebook.com\/josep.demarti\" \/>\n<meta property=\"article:published_time\" content=\"2019-10-25T12:26:12+00:00\" \/>\n<meta property=\"og:image\" content=\"https:\/\/www.inforesidencias.com\/blog\/wp-content\/uploads\/2019\/10\/residencias-para-personas-mayores-en-el-mundo-rural.jpg\" \/>\n\t<meta property=\"og:image:width\" content=\"450\" \/>\n\t<meta property=\"og:image:height\" content=\"300\" \/>\n\t<meta property=\"og:image:type\" content=\"image\/jpeg\" \/>\n<meta name=\"author\" content=\"Josep de Mart\u00ed\" \/>\n<meta name=\"twitter:card\" content=\"summary_large_image\" \/>\n<meta name=\"twitter:creator\" content=\"@blog-ir\" \/>\n<meta name=\"twitter:site\" content=\"@inforesidencias\" \/>\n<meta name=\"twitter:label1\" content=\"Escrito por\" \/>\n\t<meta name=\"twitter:data1\" content=\"Josep de Mart\u00ed\" \/>\n\t<meta name=\"twitter:label2\" content=\"Tiempo de lectura\" \/>\n\t<meta name=\"twitter:data2\" content=\"3 minutos\" \/>\n<script type=\"application\/ld+json\" class=\"yoast-schema-graph\">{\"@context\":\"https:\/\/schema.org\",\"@graph\":[{\"@type\":\"WebPage\",\"@id\":\"https:\/\/www.inforesidencias.com\/blog\/index.php\/2019\/10\/25\/fundacion-mon-rural-y-residencias-para-personas-mayores\/\",\"url\":\"https:\/\/www.inforesidencias.com\/blog\/index.php\/2019\/10\/25\/fundacion-mon-rural-y-residencias-para-personas-mayores\/\",\"name\":\"Fundaci\u00f3n M\u00f3n Rural y residencias para personas mayores - Blog Inforesidencias.com\",\"isPartOf\":{\"@id\":\"https:\/\/www.inforesidencias.com\/blog\/#website\"},\"datePublished\":\"2019-10-25T12:26:12+00:00\",\"dateModified\":\"2019-10-25T12:26:12+00:00\",\"author\":{\"@id\":\"https:\/\/www.inforesidencias.com\/blog\/#\/schema\/person\/9e146774d1eb3bc1c0316242a3898628\"},\"description\":\"En \\\"\u00c9s gran ser gran\\\" hablamos de residencias para personas mayores en entornos rurales y otros temas de estas poblaciones con Fundaci\u00f3n M\u00f3n rural\",\"breadcrumb\":{\"@id\":\"https:\/\/www.inforesidencias.com\/blog\/index.php\/2019\/10\/25\/fundacion-mon-rural-y-residencias-para-personas-mayores\/#breadcrumb\"},\"inLanguage\":\"es\",\"potentialAction\":[{\"@type\":\"ReadAction\",\"target\":[\"https:\/\/www.inforesidencias.com\/blog\/index.php\/2019\/10\/25\/fundacion-mon-rural-y-residencias-para-personas-mayores\/\"]}]},{\"@type\":\"BreadcrumbList\",\"@id\":\"https:\/\/www.inforesidencias.com\/blog\/index.php\/2019\/10\/25\/fundacion-mon-rural-y-residencias-para-personas-mayores\/#breadcrumb\",\"itemListElement\":[{\"@type\":\"ListItem\",\"position\":1,\"name\":\"Home\",\"item\":\"https:\/\/www.inforesidencias.com\/blog\/\"},{\"@type\":\"ListItem\",\"position\":2,\"name\":\"Fundaci\u00f3n M\u00f3n Rural y residencias para personas mayores\"}]},{\"@type\":\"WebSite\",\"@id\":\"https:\/\/www.inforesidencias.com\/blog\/#website\",\"url\":\"https:\/\/www.inforesidencias.com\/blog\/\",\"name\":\"Blog Inforesidencias.com\",\"description\":\"El buscador de residencias de la 3\u00aa edad\",\"potentialAction\":[{\"@type\":\"SearchAction\",\"target\":{\"@type\":\"EntryPoint\",\"urlTemplate\":\"https:\/\/www.inforesidencias.com\/blog\/?s={search_term_string}\"},\"query-input\":\"required name=search_term_string\"}],\"inLanguage\":\"es\"},{\"@type\":\"Person\",\"@id\":\"https:\/\/www.inforesidencias.com\/blog\/#\/schema\/person\/9e146774d1eb3bc1c0316242a3898628\",\"name\":\"Josep de Mart\u00ed\",\"image\":{\"@type\":\"ImageObject\",\"inLanguage\":\"es\",\"@id\":\"https:\/\/www.inforesidencias.com\/blog\/#\/schema\/person\/image\/\",\"url\":\"https:\/\/secure.gravatar.com\/avatar\/de0302c4806c00c4cebff396a798c1ff?s=96&d=mm&r=g\",\"contentUrl\":\"https:\/\/secure.gravatar.com\/avatar\/de0302c4806c00c4cebff396a798c1ff?s=96&d=mm&r=g\",\"caption\":\"Josep de Mart\u00ed\"},\"sameAs\":[\"https:\/\/www.inforesidencias.com\",\"https:\/\/www.facebook.com\/josep.demarti\",\"https:\/\/twitter.com\/blog-ir\"],\"url\":\"https:\/\/www.inforesidencias.com\/blog\/index.php\/author\/josepdemarti\/\"}]}<\/script>\n<!-- \/ Yoast SEO plugin. -->","yoast_head_json":{"title":"Fundaci\u00f3n M\u00f3n Rural y residencias para personas mayores - Blog Inforesidencias.com","description":"En \"\u00c9s gran ser gran\" hablamos de residencias para personas mayores en entornos rurales y otros temas de estas poblaciones con Fundaci\u00f3n M\u00f3n rural","robots":{"index":"index","follow":"follow","max-snippet":"max-snippet:-1","max-image-preview":"max-image-preview:large","max-video-preview":"max-video-preview:-1"},"canonical":"https:\/\/www.inforesidencias.com\/blog\/index.php\/2019\/10\/25\/fundacion-mon-rural-y-residencias-para-personas-mayores\/","og_locale":"es_ES","og_type":"article","og_title":"Fundaci\u00f3n M\u00f3n Rural y residencias para personas mayores - Blog Inforesidencias.com","og_description":"En \"\u00c9s gran ser gran\" hablamos de residencias para personas mayores en entornos rurales y otros temas de estas poblaciones con Fundaci\u00f3n M\u00f3n rural","og_url":"https:\/\/www.inforesidencias.com\/blog\/index.php\/2019\/10\/25\/fundacion-mon-rural-y-residencias-para-personas-mayores\/","og_site_name":"Blog Inforesidencias.com","article_publisher":"https:\/\/www.facebook.com\/Inforesidencias\/","article_author":"https:\/\/www.facebook.com\/josep.demarti","article_published_time":"2019-10-25T12:26:12+00:00","og_image":[{"width":450,"height":300,"url":"https:\/\/www.inforesidencias.com\/blog\/wp-content\/uploads\/2019\/10\/residencias-para-personas-mayores-en-el-mundo-rural.jpg","type":"image\/jpeg"}],"author":"Josep de Mart\u00ed","twitter_card":"summary_large_image","twitter_creator":"@blog-ir","twitter_site":"@inforesidencias","twitter_misc":{"Escrito por":"Josep de Mart\u00ed","Tiempo de lectura":"3 minutos"},"schema":{"@context":"https:\/\/schema.org","@graph":[{"@type":"WebPage","@id":"https:\/\/www.inforesidencias.com\/blog\/index.php\/2019\/10\/25\/fundacion-mon-rural-y-residencias-para-personas-mayores\/","url":"https:\/\/www.inforesidencias.com\/blog\/index.php\/2019\/10\/25\/fundacion-mon-rural-y-residencias-para-personas-mayores\/","name":"Fundaci\u00f3n M\u00f3n Rural y residencias para personas mayores - Blog Inforesidencias.com","isPartOf":{"@id":"https:\/\/www.inforesidencias.com\/blog\/#website"},"datePublished":"2019-10-25T12:26:12+00:00","dateModified":"2019-10-25T12:26:12+00:00","author":{"@id":"https:\/\/www.inforesidencias.com\/blog\/#\/schema\/person\/9e146774d1eb3bc1c0316242a3898628"},"description":"En \"\u00c9s gran ser gran\" hablamos de residencias para personas mayores en entornos rurales y otros temas de estas poblaciones con Fundaci\u00f3n M\u00f3n rural","breadcrumb":{"@id":"https:\/\/www.inforesidencias.com\/blog\/index.php\/2019\/10\/25\/fundacion-mon-rural-y-residencias-para-personas-mayores\/#breadcrumb"},"inLanguage":"es","potentialAction":[{"@type":"ReadAction","target":["https:\/\/www.inforesidencias.com\/blog\/index.php\/2019\/10\/25\/fundacion-mon-rural-y-residencias-para-personas-mayores\/"]}]},{"@type":"BreadcrumbList","@id":"https:\/\/www.inforesidencias.com\/blog\/index.php\/2019\/10\/25\/fundacion-mon-rural-y-residencias-para-personas-mayores\/#breadcrumb","itemListElement":[{"@type":"ListItem","position":1,"name":"Home","item":"https:\/\/www.inforesidencias.com\/blog\/"},{"@type":"ListItem","position":2,"name":"Fundaci\u00f3n M\u00f3n Rural y residencias para personas mayores"}]},{"@type":"WebSite","@id":"https:\/\/www.inforesidencias.com\/blog\/#website","url":"https:\/\/www.inforesidencias.com\/blog\/","name":"Blog Inforesidencias.com","description":"El buscador de residencias de la 3\u00aa edad","potentialAction":[{"@type":"SearchAction","target":{"@type":"EntryPoint","urlTemplate":"https:\/\/www.inforesidencias.com\/blog\/?s={search_term_string}"},"query-input":"required name=search_term_string"}],"inLanguage":"es"},{"@type":"Person","@id":"https:\/\/www.inforesidencias.com\/blog\/#\/schema\/person\/9e146774d1eb3bc1c0316242a3898628","name":"Josep de Mart\u00ed","image":{"@type":"ImageObject","inLanguage":"es","@id":"https:\/\/www.inforesidencias.com\/blog\/#\/schema\/person\/image\/","url":"https:\/\/secure.gravatar.com\/avatar\/de0302c4806c00c4cebff396a798c1ff?s=96&d=mm&r=g","contentUrl":"https:\/\/secure.gravatar.com\/avatar\/de0302c4806c00c4cebff396a798c1ff?s=96&d=mm&r=g","caption":"Josep de Mart\u00ed"},"sameAs":["https:\/\/www.inforesidencias.com","https:\/\/www.facebook.com\/josep.demarti","https:\/\/twitter.com\/blog-ir"],"url":"https:\/\/www.inforesidencias.com\/blog\/index.php\/author\/josepdemarti\/"}]}},"_links":{"self":[{"href":"https:\/\/www.inforesidencias.com\/blog\/index.php\/wp-json\/wp\/v2\/posts\/2485"}],"collection":[{"href":"https:\/\/www.inforesidencias.com\/blog\/index.php\/wp-json\/wp\/v2\/posts"}],"about":[{"href":"https:\/\/www.inforesidencias.com\/blog\/index.php\/wp-json\/wp\/v2\/types\/post"}],"author":[{"embeddable":true,"href":"https:\/\/www.inforesidencias.com\/blog\/index.php\/wp-json\/wp\/v2\/users\/2"}],"replies":[{"embeddable":true,"href":"https:\/\/www.inforesidencias.com\/blog\/index.php\/wp-json\/wp\/v2\/comments?post=2485"}],"version-history":[{"count":1,"href":"https:\/\/www.inforesidencias.com\/blog\/index.php\/wp-json\/wp\/v2\/posts\/2485\/revisions"}],"predecessor-version":[{"id":2486,"href":"https:\/\/www.inforesidencias.com\/blog\/index.php\/wp-json\/wp\/v2\/posts\/2485\/revisions\/2486"}],"wp:featuredmedia":[{"embeddable":true,"href":"https:\/\/www.inforesidencias.com\/blog\/index.php\/wp-json\/wp\/v2\/media\/2487"}],"wp:attachment":[{"href":"https:\/\/www.inforesidencias.com\/blog\/index.php\/wp-json\/wp\/v2\/media?parent=2485"}],"wp:term":[{"taxonomy":"category","embeddable":true,"href":"https:\/\/www.inforesidencias.com\/blog\/index.php\/wp-json\/wp\/v2\/categories?post=2485"},{"taxonomy":"post_tag","embeddable":true,"href":"https:\/\/www.inforesidencias.com\/blog\/index.php\/wp-json\/wp\/v2\/tags?post=2485"}],"curies":[{"name":"wp","href":"https:\/\/api.w.org\/{rel}","templated":true}]}}