{"id":2506,"date":"2019-11-11T08:59:42","date_gmt":"2019-11-11T08:59:42","guid":{"rendered":"https:\/\/www.inforesidencias.com\/blog\/?p=2506"},"modified":"2019-11-05T15:42:17","modified_gmt":"2019-11-05T15:42:17","slug":"la-salud-bucodental-de-las-personas-mayores-en-residencias","status":"publish","type":"post","link":"https:\/\/www.inforesidencias.com\/blog\/index.php\/2019\/11\/11\/la-salud-bucodental-de-las-personas-mayores-en-residencias\/","title":{"rendered":"La salud bucodental de las personas mayores en residencias"},"content":{"rendered":"<p style=\"text-align: justify\">Hoy nos escriben nuestros amigos de Sermade, concretamente Cristina de Luis, socia y fundadora. Sermade se dedica a trabajar para conseguir una buena\u00a0salud bucodental de las personas mayores en residencias a trav\u00e9s de sus cl\u00ednicas m\u00f3viles.<\/p>\n<p style=\"text-align: justify\">Dice as\u00ed:<\/p>\n<p style=\"text-align: justify\">A medida que las personas envejecen, la boca tambi\u00e9n experimenta cambios que hay que atender. M\u00e1s a\u00fan cuando hablamos de la salud bucodental de las personas mayores en residencias y \u00e9stas\u00a0 adem\u00e1s tienen tienen problemas de movilidad. En este caso, los profesionales de atenci\u00f3n directa tienen una enorme responsabilidad, porque deben ayudar a las personas mayores dependientes a mantener una buena salud bucodental.<\/p>\n<p style=\"text-align: justify\">Entre los principales problemas bucodentales a los que se enfrentan las personas mayores destacan la mayor probabilidad de perder piezas dentales, el riesgo de padecer caries y el aumento de la sensibilidad al fr\u00edo y\/o al calor, debido a que las enc\u00edas se retraen dejando expuesta parte de los dientes que no est\u00e1 protegida por el esmalte. Asimismo, la ingesta de determinados medicamentos reduce la secreci\u00f3n de saliva, lo que provoca sequedad de la boca y, como consecuencia, incrementa tambi\u00e9n el peligro de sufrir infecciones o caries. Adem\u00e1s, enfermedades como el alzh\u00e9imer u otras demencias, que disminuyen la autonom\u00eda para la realizaci\u00f3n de las Actividades B\u00e1sicas de la Vida Diaria (ABVD), hacen que las personas mayores comiencen a descuidar los h\u00e1bitos de higiene en dientes y enc\u00edas.<\/p>\n<p style=\"text-align: justify\">Todo ello, en mayor o menos medida, favorece la aparici\u00f3n de la periodontitis, que es una infecci\u00f3n grave de las enc\u00edas que da\u00f1a el tejido blando y destruye el hueso que sostiene los dientes, lo que puede desencadenar en la p\u00e9rdida de piezas dentales.<\/p>\n<p style=\"text-align: justify\">Por otra parte, existen varias investigaciones sobre la conexi\u00f3n entre el alzh\u00e9imer y la gingivitis. Estos estudios dicen que la conocida como la enfermedad de las enc\u00edas, juega un papel decisivo en el desarrollo del alzh\u00e9imer. Los expertos podr\u00edan haber descubierto que las bacterias que causan la gingivitis pueden pasar de la boca al cerebro, donde las enzimas da\u00f1inas que excretan pueden destruir las neuronas. Estas investigaciones est\u00e1n todav\u00eda en fases muy primarias y a\u00fan no existen conclusiones formales al respecto, pero debemos estar atentos a su desarrollo por las implicaciones que podr\u00edan tener para la salud de las personas mayores.<\/p>\n<h1>La importancia de la prevenci\u00f3n<\/h1>\n<p style=\"text-align: justify\">Por todo lo expuesto, la prevenci\u00f3n es determinante para evitar problemas serios en un futuro. Una adecuada higiene y revisiones odontol\u00f3gicas peri\u00f3dicas, que deben realizarse dos veces al a\u00f1o, repercuten directamente en la calidad de vida de las personas mayores. No hay que esperar a que aparezca la molestia o el dolor, porque entonces el problema podr\u00eda estar muy avanzado y resolverlo ser\u00eda m\u00e1s complejo y costoso.<\/p>\n<p style=\"text-align: justify\">Cuando aparece una enfermedad neurodegenerativa, una de las \u00faltimas preocupaciones es la salud bucodental. Una reacci\u00f3n l\u00f3gica y comprensible, pero es imprescindible concienciar a familiares, cuidadores y al propio enfermo de la importancia de mantener la higiene bucodental, acudir a las revisiones odontol\u00f3gicas, realizar los tratamientos pautados, etc., para evitar posibles problemas de salud, que empeoran el bienestar y calidad de vida del paciente.<\/p>\n<h2>&#8230;Y ahora \u00bfqu\u00e9?<\/h2>\n<p style=\"text-align: justify\">Tanto para prevenir como para tratar problemas bucodentales, <a href=\"https:\/\/www.inforesidencias.com\/infoclasificados\/anuncio\/1141700041\">SERMADE <\/a>presta atenci\u00f3n odontol\u00f3gica a personas mayores o con necesidades espec\u00edficas, que tienen dificultades de acceso a los servicios convencionales. Para ello, contamos con unidades m\u00f3viles que se desplazan a las residencias para ofrecer un servicio odontol\u00f3gico integral. Con ello conseguimos trabajar in situ, en la puerta de la residencia en la mejora de la salud bucodental de las personas mayores en residencias.<\/p>\n<p style=\"text-align: justify\"><a href=\"https:\/\/www.inforesidencias.com\/blog\/wp-content\/uploads\/2018\/10\/Cli\u0301nica-Mo\u0301vil-1.jpg\"><img decoding=\"async\" loading=\"lazy\" class=\" wp-image-1671 alignleft\" src=\"https:\/\/www.inforesidencias.com\/blog\/wp-content\/uploads\/2018\/10\/Cli\u0301nica-Mo\u0301vil-1.jpg\" alt=\"Cli\u0301nica Mo\u0301vil para residencias\" width=\"250\" height=\"141\" \/><\/a><\/p>\n<p style=\"text-align: justify\">Como ya he comentado, la p\u00e9rdida de piezas dentales es habitual en las personas mayores, pero no por ello deben resignarse a sufrir dificultades para masticar correctamente, lo que puede derivar en una alimentaci\u00f3n deficiente. Tambi\u00e9n afecta a la capacidad de expresarse y envejece el rostro, lo que reduce la autoestima. Por eso, siempre que haya p\u00e9rdida de piezas dentales es recomendable reponerlas para recuperar la funcionalidad de la cavidad oral.<\/p>\n<p style=\"text-align: justify\">En este sentido, hay que desterrar la falsa creencia de que colocar implantes en las personas mayores est\u00e1 contraindicado. Adem\u00e1s de ser posible, es muy recomendable. La edad en s\u00ed misma no es un impedimento, sino la salud de la persona y sus h\u00e1bitos de higiene. De hecho, los factores de riesgo de colocar implantes dentales en pacientes mayores de 65 a\u00f1os son los mismos que para el resto de pacientes m\u00e1s j\u00f3venes: medicaci\u00f3n habitual, alergias, enfermedades cr\u00f3nicas, h\u00e1bitos poco saludables, etc.<\/p>\n<p style=\"text-align: justify\">Adem\u00e1s de las intervenciones habituales (revisiones, empastes, implantes, etc.), prestamos atenci\u00f3n especializa a pacientes que presentan enfermedades degenerativas. Nuestros profesionales realizan estos tratamientos de manera muy respetuosa: nunca se fuerza ni se obliga. Para ello, el odont\u00f3logo siempre conoce al paciente antes de llevar a cabo el tratamiento y, durante el mismo, se adapta a su estado y necesidades.<\/p>\n<p style=\"text-align: justify\">Ahora bien, cuando el paciente no colabora porque su enfermedad est\u00e1 muy avanzada, nuestros profesionales proponen realizar el tratamiento odontol\u00f3gico bajo sedaci\u00f3n consciente. As\u00ed, en una sola sesi\u00f3n, se puede hacer el tratamiento pautado y una limpieza de la cavidad oral para evitar enfermedades futuras. En estos casos, valoramos la posibilidad de trasladar a los pacientes a nuestras cl\u00ednicas convencionales.<\/p>\n<p style=\"text-align: justify\">Sermade, adem\u00e1s de prestar <a href=\"http:\/\/sermade.es\/WEB\/\">servicios odontol\u00f3gicos integrales<\/a>, forma a los profesionales responsables de la atenci\u00f3n directa a las personas mayores en las residencias, con el fin de ofrecerles las herramientas necesarias para mantener la higiene bucodental de los residentes. Nuestro objetivo es contribuir a mejorar la calidad de vida de las personas mayores que se encuentran en un centro residencial, mediante una adecuada salud bucodental que les permita disfrutar de cada comida, recuperar su autoestima y mejorar las relaciones sociales. Volver a sonre\u00edr repercute en la salud f\u00edsica y emocional de las personas.<\/p>\n<p style=\"text-align: justify\">No es la primera vez que desde Sermade nos mandan un art\u00edculo con contenido interesante para publicar. Ahora hace poco m\u00e1s de un a\u00f1o nos enviaron un art\u00edculo en donde <a href=\"https:\/\/www.inforesidencias.com\/blog\/index.php\/2018\/10\/29\/sermade-un-nuevo-servicio-odontologico-para-residencias\/\">hablaban del envejecimiento y aumento de dependencia de\u00a0 la poblaci\u00f3n espa\u00f1ola y del porqu\u00e9 surgi\u00f3 Sermade<\/a> y que objetivos ten\u00eda.<\/p>\n<p style=\"text-align: justify\"><a href=\"https:\/\/www.inforesidencias.com\/blog\/wp-content\/uploads\/2019\/11\/salud-bucodental-de-las-personas-mayores-en-residencias-Cristina-de-Luis-SERMADE.jpg\"><img decoding=\"async\" loading=\"lazy\" class=\" wp-image-2535 alignleft\" src=\"https:\/\/www.inforesidencias.com\/blog\/wp-content\/uploads\/2019\/11\/salud-bucodental-de-las-personas-mayores-en-residencias-Cristina-de-Luis-SERMADE.jpg\" alt=\"salud bucodental de las personas mayores en residencias, Cristina de Luis SERMADE\" width=\"220\" height=\"145\" \/><\/a><\/p>\n<p style=\"text-align: justify\"><strong>Cristina de Luis, socia fundadora de SERMADE<\/strong><\/p>\n","protected":false},"excerpt":{"rendered":"<p>Hoy nos escriben nuestros amigos de Sermade, concretamente Cristina de Luis, socia y fundadora. Sermade se dedica a trabajar para conseguir una buena\u00a0salud bucodental de las personas mayores en residencias a trav\u00e9s de sus cl\u00ednicas m\u00f3viles. Dice as\u00ed: A medida que las personas envejecen, la boca tambi\u00e9n experimenta cambios que hay que atender. M\u00e1s a\u00fan cuando hablamos de la salud bucodental de las personas mayores en residencias y \u00e9stas\u00a0 adem\u00e1s tienen tienen problemas de movilidad. En este caso, los profesionales de atenci\u00f3n directa tienen una enorme responsabilidad, porque deben ayudar a las personas mayores dependientes a mantener una buena salud bucodental. Entre los principales problemas bucodentales a los que se enfrentan las personas mayores destacan la mayor probabilidad de perder piezas dentales, el riesgo de padecer caries y el aumento de la sensibilidad al fr\u00edo y\/o al calor, debido a que las enc\u00edas se retraen dejando expuesta parte de los [&hellip;]<\/p>\n","protected":false},"author":2,"featured_media":2532,"comment_status":"open","ping_status":"open","sticky":false,"template":"","format":"standard","meta":{"footnotes":""},"categories":[1],"tags":[],"yoast_head":"<!-- This site is optimized with the Yoast SEO plugin v21.7 - https:\/\/yoast.com\/wordpress\/plugins\/seo\/ -->\n<title>La salud bucodental de las personas mayores en residencias - Blog Inforesidencias.com<\/title>\n<meta name=\"description\" content=\"Una buena salud bucodental de las personas mayores en residencias es un indicador de calidad de vida de los ancianos que viven en residencias\" \/>\n<meta name=\"robots\" content=\"index, follow, max-snippet:-1, max-image-preview:large, max-video-preview:-1\" \/>\n<link rel=\"canonical\" href=\"https:\/\/www.inforesidencias.com\/blog\/index.php\/2019\/11\/11\/la-salud-bucodental-de-las-personas-mayores-en-residencias\/\" \/>\n<meta property=\"og:locale\" content=\"es_ES\" \/>\n<meta property=\"og:type\" content=\"article\" \/>\n<meta property=\"og:title\" content=\"La salud bucodental de las personas mayores en residencias - Blog Inforesidencias.com\" \/>\n<meta property=\"og:description\" content=\"Una buena salud bucodental de las personas mayores en residencias es un indicador de calidad de vida de los ancianos que viven en residencias\" \/>\n<meta property=\"og:url\" content=\"https:\/\/www.inforesidencias.com\/blog\/index.php\/2019\/11\/11\/la-salud-bucodental-de-las-personas-mayores-en-residencias\/\" \/>\n<meta property=\"og:site_name\" content=\"Blog Inforesidencias.com\" \/>\n<meta property=\"article:publisher\" content=\"https:\/\/www.facebook.com\/Inforesidencias\/\" \/>\n<meta property=\"article:author\" content=\"https:\/\/www.facebook.com\/josep.demarti\" \/>\n<meta property=\"article:published_time\" content=\"2019-11-11T08:59:42+00:00\" \/>\n<meta property=\"article:modified_time\" content=\"2019-11-05T15:42:17+00:00\" \/>\n<meta property=\"og:image\" content=\"https:\/\/www.inforesidencias.com\/blog\/wp-content\/uploads\/2019\/11\/salud-bucodental-de-las-personas-mayores-en-residencias-sermade.gif\" \/>\n\t<meta property=\"og:image:width\" content=\"600\" \/>\n\t<meta property=\"og:image:height\" content=\"277\" \/>\n\t<meta property=\"og:image:type\" content=\"image\/gif\" \/>\n<meta name=\"author\" content=\"Josep de Mart\u00ed\" \/>\n<meta name=\"twitter:card\" content=\"summary_large_image\" \/>\n<meta name=\"twitter:creator\" content=\"@blog-ir\" \/>\n<meta name=\"twitter:site\" content=\"@inforesidencias\" \/>\n<meta name=\"twitter:label1\" content=\"Escrito por\" \/>\n\t<meta name=\"twitter:data1\" content=\"Josep de Mart\u00ed\" \/>\n\t<meta name=\"twitter:label2\" content=\"Tiempo de lectura\" \/>\n\t<meta name=\"twitter:data2\" content=\"5 minutos\" \/>\n<script type=\"application\/ld+json\" class=\"yoast-schema-graph\">{\"@context\":\"https:\/\/schema.org\",\"@graph\":[{\"@type\":\"WebPage\",\"@id\":\"https:\/\/www.inforesidencias.com\/blog\/index.php\/2019\/11\/11\/la-salud-bucodental-de-las-personas-mayores-en-residencias\/\",\"url\":\"https:\/\/www.inforesidencias.com\/blog\/index.php\/2019\/11\/11\/la-salud-bucodental-de-las-personas-mayores-en-residencias\/\",\"name\":\"La salud bucodental de las personas mayores en residencias - Blog Inforesidencias.com\",\"isPartOf\":{\"@id\":\"https:\/\/www.inforesidencias.com\/blog\/#website\"},\"datePublished\":\"2019-11-11T08:59:42+00:00\",\"dateModified\":\"2019-11-05T15:42:17+00:00\",\"author\":{\"@id\":\"https:\/\/www.inforesidencias.com\/blog\/#\/schema\/person\/9e146774d1eb3bc1c0316242a3898628\"},\"description\":\"Una buena salud bucodental de las personas mayores en residencias es un indicador de calidad de vida de los ancianos que viven en residencias\",\"breadcrumb\":{\"@id\":\"https:\/\/www.inforesidencias.com\/blog\/index.php\/2019\/11\/11\/la-salud-bucodental-de-las-personas-mayores-en-residencias\/#breadcrumb\"},\"inLanguage\":\"es\",\"potentialAction\":[{\"@type\":\"ReadAction\",\"target\":[\"https:\/\/www.inforesidencias.com\/blog\/index.php\/2019\/11\/11\/la-salud-bucodental-de-las-personas-mayores-en-residencias\/\"]}]},{\"@type\":\"BreadcrumbList\",\"@id\":\"https:\/\/www.inforesidencias.com\/blog\/index.php\/2019\/11\/11\/la-salud-bucodental-de-las-personas-mayores-en-residencias\/#breadcrumb\",\"itemListElement\":[{\"@type\":\"ListItem\",\"position\":1,\"name\":\"Home\",\"item\":\"https:\/\/www.inforesidencias.com\/blog\/\"},{\"@type\":\"ListItem\",\"position\":2,\"name\":\"La salud bucodental de las personas mayores en residencias\"}]},{\"@type\":\"WebSite\",\"@id\":\"https:\/\/www.inforesidencias.com\/blog\/#website\",\"url\":\"https:\/\/www.inforesidencias.com\/blog\/\",\"name\":\"Blog Inforesidencias.com\",\"description\":\"El buscador de residencias de la 3\u00aa edad\",\"potentialAction\":[{\"@type\":\"SearchAction\",\"target\":{\"@type\":\"EntryPoint\",\"urlTemplate\":\"https:\/\/www.inforesidencias.com\/blog\/?s={search_term_string}\"},\"query-input\":\"required name=search_term_string\"}],\"inLanguage\":\"es\"},{\"@type\":\"Person\",\"@id\":\"https:\/\/www.inforesidencias.com\/blog\/#\/schema\/person\/9e146774d1eb3bc1c0316242a3898628\",\"name\":\"Josep de Mart\u00ed\",\"image\":{\"@type\":\"ImageObject\",\"inLanguage\":\"es\",\"@id\":\"https:\/\/www.inforesidencias.com\/blog\/#\/schema\/person\/image\/\",\"url\":\"https:\/\/secure.gravatar.com\/avatar\/de0302c4806c00c4cebff396a798c1ff?s=96&d=mm&r=g\",\"contentUrl\":\"https:\/\/secure.gravatar.com\/avatar\/de0302c4806c00c4cebff396a798c1ff?s=96&d=mm&r=g\",\"caption\":\"Josep de Mart\u00ed\"},\"sameAs\":[\"https:\/\/www.inforesidencias.com\",\"https:\/\/www.facebook.com\/josep.demarti\",\"https:\/\/twitter.com\/blog-ir\"],\"url\":\"https:\/\/www.inforesidencias.com\/blog\/index.php\/author\/josepdemarti\/\"}]}<\/script>\n<!-- \/ Yoast SEO plugin. -->","yoast_head_json":{"title":"La salud bucodental de las personas mayores en residencias - Blog Inforesidencias.com","description":"Una buena salud bucodental de las personas mayores en residencias es un indicador de calidad de vida de los ancianos que viven en residencias","robots":{"index":"index","follow":"follow","max-snippet":"max-snippet:-1","max-image-preview":"max-image-preview:large","max-video-preview":"max-video-preview:-1"},"canonical":"https:\/\/www.inforesidencias.com\/blog\/index.php\/2019\/11\/11\/la-salud-bucodental-de-las-personas-mayores-en-residencias\/","og_locale":"es_ES","og_type":"article","og_title":"La salud bucodental de las personas mayores en residencias - Blog Inforesidencias.com","og_description":"Una buena salud bucodental de las personas mayores en residencias es un indicador de calidad de vida de los ancianos que viven en residencias","og_url":"https:\/\/www.inforesidencias.com\/blog\/index.php\/2019\/11\/11\/la-salud-bucodental-de-las-personas-mayores-en-residencias\/","og_site_name":"Blog Inforesidencias.com","article_publisher":"https:\/\/www.facebook.com\/Inforesidencias\/","article_author":"https:\/\/www.facebook.com\/josep.demarti","article_published_time":"2019-11-11T08:59:42+00:00","article_modified_time":"2019-11-05T15:42:17+00:00","og_image":[{"width":600,"height":277,"url":"https:\/\/www.inforesidencias.com\/blog\/wp-content\/uploads\/2019\/11\/salud-bucodental-de-las-personas-mayores-en-residencias-sermade.gif","type":"image\/gif"}],"author":"Josep de Mart\u00ed","twitter_card":"summary_large_image","twitter_creator":"@blog-ir","twitter_site":"@inforesidencias","twitter_misc":{"Escrito por":"Josep de Mart\u00ed","Tiempo de lectura":"5 minutos"},"schema":{"@context":"https:\/\/schema.org","@graph":[{"@type":"WebPage","@id":"https:\/\/www.inforesidencias.com\/blog\/index.php\/2019\/11\/11\/la-salud-bucodental-de-las-personas-mayores-en-residencias\/","url":"https:\/\/www.inforesidencias.com\/blog\/index.php\/2019\/11\/11\/la-salud-bucodental-de-las-personas-mayores-en-residencias\/","name":"La salud bucodental de las personas mayores en residencias - Blog Inforesidencias.com","isPartOf":{"@id":"https:\/\/www.inforesidencias.com\/blog\/#website"},"datePublished":"2019-11-11T08:59:42+00:00","dateModified":"2019-11-05T15:42:17+00:00","author":{"@id":"https:\/\/www.inforesidencias.com\/blog\/#\/schema\/person\/9e146774d1eb3bc1c0316242a3898628"},"description":"Una buena salud bucodental de las personas mayores en residencias es un indicador de calidad de vida de los ancianos que viven en residencias","breadcrumb":{"@id":"https:\/\/www.inforesidencias.com\/blog\/index.php\/2019\/11\/11\/la-salud-bucodental-de-las-personas-mayores-en-residencias\/#breadcrumb"},"inLanguage":"es","potentialAction":[{"@type":"ReadAction","target":["https:\/\/www.inforesidencias.com\/blog\/index.php\/2019\/11\/11\/la-salud-bucodental-de-las-personas-mayores-en-residencias\/"]}]},{"@type":"BreadcrumbList","@id":"https:\/\/www.inforesidencias.com\/blog\/index.php\/2019\/11\/11\/la-salud-bucodental-de-las-personas-mayores-en-residencias\/#breadcrumb","itemListElement":[{"@type":"ListItem","position":1,"name":"Home","item":"https:\/\/www.inforesidencias.com\/blog\/"},{"@type":"ListItem","position":2,"name":"La salud bucodental de las personas mayores en residencias"}]},{"@type":"WebSite","@id":"https:\/\/www.inforesidencias.com\/blog\/#website","url":"https:\/\/www.inforesidencias.com\/blog\/","name":"Blog Inforesidencias.com","description":"El buscador de residencias de la 3\u00aa edad","potentialAction":[{"@type":"SearchAction","target":{"@type":"EntryPoint","urlTemplate":"https:\/\/www.inforesidencias.com\/blog\/?s={search_term_string}"},"query-input":"required name=search_term_string"}],"inLanguage":"es"},{"@type":"Person","@id":"https:\/\/www.inforesidencias.com\/blog\/#\/schema\/person\/9e146774d1eb3bc1c0316242a3898628","name":"Josep de Mart\u00ed","image":{"@type":"ImageObject","inLanguage":"es","@id":"https:\/\/www.inforesidencias.com\/blog\/#\/schema\/person\/image\/","url":"https:\/\/secure.gravatar.com\/avatar\/de0302c4806c00c4cebff396a798c1ff?s=96&d=mm&r=g","contentUrl":"https:\/\/secure.gravatar.com\/avatar\/de0302c4806c00c4cebff396a798c1ff?s=96&d=mm&r=g","caption":"Josep de Mart\u00ed"},"sameAs":["https:\/\/www.inforesidencias.com","https:\/\/www.facebook.com\/josep.demarti","https:\/\/twitter.com\/blog-ir"],"url":"https:\/\/www.inforesidencias.com\/blog\/index.php\/author\/josepdemarti\/"}]}},"_links":{"self":[{"href":"https:\/\/www.inforesidencias.com\/blog\/index.php\/wp-json\/wp\/v2\/posts\/2506"}],"collection":[{"href":"https:\/\/www.inforesidencias.com\/blog\/index.php\/wp-json\/wp\/v2\/posts"}],"about":[{"href":"https:\/\/www.inforesidencias.com\/blog\/index.php\/wp-json\/wp\/v2\/types\/post"}],"author":[{"embeddable":true,"href":"https:\/\/www.inforesidencias.com\/blog\/index.php\/wp-json\/wp\/v2\/users\/2"}],"replies":[{"embeddable":true,"href":"https:\/\/www.inforesidencias.com\/blog\/index.php\/wp-json\/wp\/v2\/comments?post=2506"}],"version-history":[{"count":11,"href":"https:\/\/www.inforesidencias.com\/blog\/index.php\/wp-json\/wp\/v2\/posts\/2506\/revisions"}],"predecessor-version":[{"id":2541,"href":"https:\/\/www.inforesidencias.com\/blog\/index.php\/wp-json\/wp\/v2\/posts\/2506\/revisions\/2541"}],"wp:featuredmedia":[{"embeddable":true,"href":"https:\/\/www.inforesidencias.com\/blog\/index.php\/wp-json\/wp\/v2\/media\/2532"}],"wp:attachment":[{"href":"https:\/\/www.inforesidencias.com\/blog\/index.php\/wp-json\/wp\/v2\/media?parent=2506"}],"wp:term":[{"taxonomy":"category","embeddable":true,"href":"https:\/\/www.inforesidencias.com\/blog\/index.php\/wp-json\/wp\/v2\/categories?post=2506"},{"taxonomy":"post_tag","embeddable":true,"href":"https:\/\/www.inforesidencias.com\/blog\/index.php\/wp-json\/wp\/v2\/tags?post=2506"}],"curies":[{"name":"wp","href":"https:\/\/api.w.org\/{rel}","templated":true}]}}