{"id":2574,"date":"2019-11-25T09:30:08","date_gmt":"2019-11-25T09:30:08","guid":{"rendered":"https:\/\/www.inforesidencias.com\/blog\/?p=2574"},"modified":"2019-11-21T09:30:40","modified_gmt":"2019-11-21T09:30:40","slug":"el-envejecimiento-y-los-retos-de-las-soluciones-residenciales","status":"publish","type":"post","link":"https:\/\/www.inforesidencias.com\/blog\/index.php\/2019\/11\/25\/el-envejecimiento-y-los-retos-de-las-soluciones-residenciales\/","title":{"rendered":"El envejecimiento y los retos de las soluciones residenciales"},"content":{"rendered":"<p style=\"text-align: justify\">Nuestro entorno en la Europa occidental es cada vez m\u00e1s una sociedad de personas mayores. La pir\u00e1mide de poblaci\u00f3n se ensancha en las franjas de edad a partir de los 65 a\u00f1os, y no hay un aumento de la natalidad ni la inmigraci\u00f3n cubre el necesario relevo generacional. Sin embargo, se sigue con pol\u00edticas que no han solucionado los problemas de una sociedad envejecida y no se abordan soluciones que requieren reformas y cambios no solo estructurales, sino tambi\u00e9n de mentalidad.<\/p>\n<p>Y sobre todo, se sigue pensando que el dinero que se emplea en el bienestar de las personas mayores es un gasto, en vez de verlo como una inversi\u00f3n en calidad de vida, en oportunidades y en nichos de trabajo que demandan cada vez m\u00e1s personas y con mayor calificaci\u00f3n. Esto se manifiesta de manera clara cuando se abordan las soluciones residenciales para personas mayores que o bien desean vivir en una residencia o vivienda comunitaria por el motivo que sea, o bien se ven obligadas a ello por razones de dependencia.<\/p>\n<p style=\"text-align: justify\">La realidad es que estamos abocados a vivir m\u00e1s a\u00f1os y, en consecuencia, a que aumente el n\u00famero de personas con necesidades espec\u00edficas de atenci\u00f3n y\u00a0los retos de las soluciones residenciales no son ajenos a ello. Vivir m\u00e1s a\u00f1os con una calidad de vida aceptable y suficiente para realizar las actividades diarias y\u00a0 tomar decisiones es un reto para todos, sobre todo deber\u00eda serlo para las administraciones que deben repartir gestionar los recursos que se presumen escasos en la medida en que aumentan m\u00e1s el n\u00famero de personas mayores y sus necesidades que el dinero que se recauda y destina para ellas.<\/p>\n<p style=\"text-align: justify\">Aunque el tema del que m\u00e1s se habla sea el de las pensiones, tambi\u00e9n es un partida muy cuantiosa los recursos sociosanitarios que se deben invertir para garantizar una atenci\u00f3n de calidad y personalizada a esta franja de la poblaci\u00f3n en aumento, mientras que disminuye la poblaci\u00f3n infantil y la de j\u00f3venes en edad de cotizar. Por eso, deben pensarse soluciones que en otros pa\u00edses con problemas de envejecimiento an\u00e1logos al nuestro ya se est\u00e1n aplicando.<\/p>\n<p style=\"text-align: justify\"><a href=\"https:\/\/www.inforesidencias.com\/blog\/wp-content\/uploads\/2016\/05\/accesibilidad_2.jpg\"><img decoding=\"async\" loading=\"lazy\" class=\"alignleft wp-image-727\" src=\"https:\/\/www.inforesidencias.com\/blog\/wp-content\/uploads\/2016\/05\/accesibilidad_2.jpg\" alt=\"los retos de las soluciones residenciales\" width=\"300\" height=\"250\" \/><\/a>En Espa\u00f1a los mayores de 65 a\u00f1os son 9 millones y el Instituto Nacional de Estad\u00edstica (INE) estima que para el a\u00f1o 2050, las personas mayores de 65 a\u00f1os estar\u00e1n por encima del 30% de la poblaci\u00f3n (casi 13millones), de ellos, los octogenarios llegar\u00e1n a ser m\u00e1s de 4millones. Eso implica un panorama en el que muchas personas mayores dependientes precisar\u00e1n de cuidado especializados que solo puede ser proporcionados en residencias geri\u00e1tricas.Seg\u00fan el Consejo Superior de Investigaciones Cient\u00edficas (CSIC), las plazas que se ofertan son 400000. Para consultar datos sobre la evoluci\u00f3n de los centros geri\u00e1tricos es Espa\u00f1a, es muy interesante el estudio publicado en Envejecimiento en Red, plataforma web colaborativa entorno al envejecimiento y las personas mayores que surge a partir de la colaboraci\u00f3n entre laFundaci\u00f3n General CSICy elInstituto de Econom\u00eda, Geograf\u00eda yDemograf\u00eda(IEGD).<\/p>\n<p style=\"text-align: justify\">Analizando como dec\u00edamos la explicaci\u00f3n acerca de los retos de las soluciones residenciales vemos algunos factores a tener en cuenta. Las personas que ingresan en una residencia presentan un perfil medio de 80 a\u00f1os o m\u00e1s, en su mayor\u00eda (m\u00e1s de un 60%) mujeres y con dependencia o pluri patolog\u00edas que les imposibilitan vivir solos o con ayuda a domicilio. La media de estancia en la residencia es de dos a\u00f1os. El coste medio de la estancia es de unos 2000 euros mensuales. Si la plaza es p\u00fablica o concertada, la persona abona una parte dependiendo de su situaci\u00f3n econ\u00f3mica y su pensi\u00f3n de jubilaci\u00f3n, y el resto lo aporta la administraci\u00f3n a trav\u00e9s de la Ley de Dependencia. El coste, como es natural, tambi\u00e9n var\u00eda en funci\u00f3n del grado de dependencia de la persona, cuanto m\u00e1s dependiente, m\u00e1s atenci\u00f3n requerir\u00e1 y, por tanto, m\u00e1s costosa resulta la plaza.<\/p>\n<p style=\"text-align: justify\">Estamos viviendo grandes cambios demogr\u00e1ficos y tambi\u00e9n de mentalidad. No solo se vive m\u00e1s, tambi\u00e9n se incorporan a la tercera edad generaciones que no se identifican con la visi\u00f3n del anciano de hace tan solo unas d\u00e9cadas, que han vivido ya con las nuevas tecnolog\u00edas y que tienen aspiraciones vitales muy distintas a las de sus padres. Esto obliga a replantearse el modelo de atenci\u00f3n y es una de las bases para afrontar estos\u00a0retos de las soluciones residenciales del futuro y adaptarse a las demandas.<\/p>\n<p><img decoding=\"async\" loading=\"lazy\" class=\"wp-image-2578 alignleft\" src=\"https:\/\/www.inforesidencias.com\/blog\/wp-content\/uploads\/2019\/11\/retos-de-las-soluciones-residenciales.jpg\" alt=\"retos de las soluciones residenciales\" width=\"280\" height=\"183\" \/>En general, se tiende a estar en el domicilio el mayor tiempo posible con servicios de atenci\u00f3n domiciliaria, por eso, en muchos casos, cuando la persona ingresa en una residencia ya llega con la salud muy deteriorada y porque no hay alternativa. Entre muchas personas mayores que pueden valerse por s\u00ed mismas pero que por diversas circunstancias, no es posible que residan en su propia casa o que permanezcan con alg\u00fan pariente o amigo o, por cuestiones de decisi\u00f3n personal, se est\u00e1n extendiendo de manera paulatina modelos de viviendas compartidas que sustituyen el concepto cl\u00e1sico de residencia por un complejo de apartamentos con servicios comunitarios en los que se tienen algunas de las prestaciones de una residencia como atenci\u00f3n m\u00e9dica o lavander\u00eda y, a la vez, la intimidad de vivir en un domicilio individual.<\/p>\n<p style=\"text-align: justify\">Las residencias de mayores tambi\u00e9n se alejan cada vez m\u00e1s del modelo asistencial sin m\u00e1s y ofrecen actividades y programas de envejecimiento activo, servicios como fisioterapia, podolog\u00eda o peluquer\u00eda y se intentan acercar a modelos en los que la persona pueda tomar decisiones sobre su vida cotidiana.<\/p>\n<p style=\"text-align: justify\">Como vemos, en la decisi\u00f3n en algunos casos y en la obligaci\u00f3n en otros de vivir en una residencia o en otra soluci\u00f3n alternativa intervienen muchos factores, y no solo el econ\u00f3mico, que siendo fundamental, tambi\u00e9n se ve condicionado por las aspiraciones, deseos y la salud de cada persona. Si nos abocamos sin remedio a una sociedad envejecida, debemos poner por delante el bienestar y la calidad de vida y procura que las personas puedan vivir una tercera edad con los apoyos necesarios y, en la medida de lo posible, seg\u00fan sus aspiraciones. Esto va a exigir un esfuerzo de planificaci\u00f3n y, por supuesto un esfuerzo presupuestario, pero debe ser una aspiraci\u00f3n irrenunciable para cualquier sociedad avanzada proporcionar a sus mayores la calidad de vida a la que tienen derecho.<\/p>\n","protected":false},"excerpt":{"rendered":"<p>Nuestro entorno en la Europa occidental es cada vez m\u00e1s una sociedad de personas mayores. La pir\u00e1mide de poblaci\u00f3n se ensancha en las franjas de edad a partir de los 65 a\u00f1os, y no hay un aumento de la natalidad ni la inmigraci\u00f3n cubre el necesario relevo generacional. Sin embargo, se sigue con pol\u00edticas que no han solucionado los problemas de una sociedad envejecida y no se abordan soluciones que requieren reformas y cambios no solo estructurales, sino tambi\u00e9n de mentalidad. Y sobre todo, se sigue pensando que el dinero que se emplea en el bienestar de las personas mayores es un gasto, en vez de verlo como una inversi\u00f3n en calidad de vida, en oportunidades y en nichos de trabajo que demandan cada vez m\u00e1s personas y con mayor calificaci\u00f3n. Esto se manifiesta de manera clara cuando se abordan las soluciones residenciales para personas mayores que o bien desean [&hellip;]<\/p>\n","protected":false},"author":2,"featured_media":2577,"comment_status":"open","ping_status":"open","sticky":false,"template":"","format":"standard","meta":{"footnotes":""},"categories":[1],"tags":[],"yoast_head":"<!-- This site is optimized with the Yoast SEO plugin v21.7 - https:\/\/yoast.com\/wordpress\/plugins\/seo\/ -->\n<title>El envejecimiento y los retos de las soluciones residenciales - Blog Inforesidencias.com<\/title>\n<meta name=\"description\" content=\"Ante el envejecimiento progresivo de la poblaci\u00f3n y el aumento de la esperanza de vida, los retos de las soluciones residenciales del futuro nos llaman\" \/>\n<meta name=\"robots\" content=\"index, follow, max-snippet:-1, max-image-preview:large, max-video-preview:-1\" \/>\n<link rel=\"canonical\" href=\"https:\/\/www.inforesidencias.com\/blog\/index.php\/2019\/11\/25\/el-envejecimiento-y-los-retos-de-las-soluciones-residenciales\/\" \/>\n<meta property=\"og:locale\" content=\"es_ES\" \/>\n<meta property=\"og:type\" content=\"article\" \/>\n<meta property=\"og:title\" content=\"El envejecimiento y los retos de las soluciones residenciales - Blog Inforesidencias.com\" \/>\n<meta property=\"og:description\" content=\"Ante el envejecimiento progresivo de la poblaci\u00f3n y el aumento de la esperanza de vida, los retos de las soluciones residenciales del futuro nos llaman\" \/>\n<meta property=\"og:url\" content=\"https:\/\/www.inforesidencias.com\/blog\/index.php\/2019\/11\/25\/el-envejecimiento-y-los-retos-de-las-soluciones-residenciales\/\" \/>\n<meta property=\"og:site_name\" content=\"Blog Inforesidencias.com\" \/>\n<meta property=\"article:publisher\" content=\"https:\/\/www.facebook.com\/Inforesidencias\/\" \/>\n<meta property=\"article:author\" content=\"https:\/\/www.facebook.com\/josep.demarti\" \/>\n<meta property=\"article:published_time\" content=\"2019-11-25T09:30:08+00:00\" \/>\n<meta property=\"article:modified_time\" content=\"2019-11-21T09:30:40+00:00\" \/>\n<meta property=\"og:image\" content=\"https:\/\/www.inforesidencias.com\/blog\/wp-content\/uploads\/2019\/11\/envejecimiento-y-los-retos-de-las-soluciones-residenciales.jpg\" \/>\n\t<meta property=\"og:image:width\" content=\"450\" \/>\n\t<meta property=\"og:image:height\" content=\"300\" \/>\n\t<meta property=\"og:image:type\" content=\"image\/jpeg\" \/>\n<meta name=\"author\" content=\"Josep de Mart\u00ed\" \/>\n<meta name=\"twitter:card\" content=\"summary_large_image\" \/>\n<meta name=\"twitter:creator\" content=\"@blog-ir\" \/>\n<meta name=\"twitter:site\" content=\"@inforesidencias\" \/>\n<meta name=\"twitter:label1\" content=\"Escrito por\" \/>\n\t<meta name=\"twitter:data1\" content=\"Josep de Mart\u00ed\" \/>\n\t<meta name=\"twitter:label2\" content=\"Tiempo de lectura\" \/>\n\t<meta name=\"twitter:data2\" content=\"6 minutos\" \/>\n<script type=\"application\/ld+json\" class=\"yoast-schema-graph\">{\"@context\":\"https:\/\/schema.org\",\"@graph\":[{\"@type\":\"WebPage\",\"@id\":\"https:\/\/www.inforesidencias.com\/blog\/index.php\/2019\/11\/25\/el-envejecimiento-y-los-retos-de-las-soluciones-residenciales\/\",\"url\":\"https:\/\/www.inforesidencias.com\/blog\/index.php\/2019\/11\/25\/el-envejecimiento-y-los-retos-de-las-soluciones-residenciales\/\",\"name\":\"El envejecimiento y los retos de las soluciones residenciales - Blog Inforesidencias.com\",\"isPartOf\":{\"@id\":\"https:\/\/www.inforesidencias.com\/blog\/#website\"},\"datePublished\":\"2019-11-25T09:30:08+00:00\",\"dateModified\":\"2019-11-21T09:30:40+00:00\",\"author\":{\"@id\":\"https:\/\/www.inforesidencias.com\/blog\/#\/schema\/person\/9e146774d1eb3bc1c0316242a3898628\"},\"description\":\"Ante el envejecimiento progresivo de la poblaci\u00f3n y el aumento de la esperanza de vida, los retos de las soluciones residenciales del futuro nos llaman\",\"breadcrumb\":{\"@id\":\"https:\/\/www.inforesidencias.com\/blog\/index.php\/2019\/11\/25\/el-envejecimiento-y-los-retos-de-las-soluciones-residenciales\/#breadcrumb\"},\"inLanguage\":\"es\",\"potentialAction\":[{\"@type\":\"ReadAction\",\"target\":[\"https:\/\/www.inforesidencias.com\/blog\/index.php\/2019\/11\/25\/el-envejecimiento-y-los-retos-de-las-soluciones-residenciales\/\"]}]},{\"@type\":\"BreadcrumbList\",\"@id\":\"https:\/\/www.inforesidencias.com\/blog\/index.php\/2019\/11\/25\/el-envejecimiento-y-los-retos-de-las-soluciones-residenciales\/#breadcrumb\",\"itemListElement\":[{\"@type\":\"ListItem\",\"position\":1,\"name\":\"Home\",\"item\":\"https:\/\/www.inforesidencias.com\/blog\/\"},{\"@type\":\"ListItem\",\"position\":2,\"name\":\"El envejecimiento y los retos de las soluciones residenciales\"}]},{\"@type\":\"WebSite\",\"@id\":\"https:\/\/www.inforesidencias.com\/blog\/#website\",\"url\":\"https:\/\/www.inforesidencias.com\/blog\/\",\"name\":\"Blog Inforesidencias.com\",\"description\":\"El buscador de residencias de la 3\u00aa edad\",\"potentialAction\":[{\"@type\":\"SearchAction\",\"target\":{\"@type\":\"EntryPoint\",\"urlTemplate\":\"https:\/\/www.inforesidencias.com\/blog\/?s={search_term_string}\"},\"query-input\":\"required name=search_term_string\"}],\"inLanguage\":\"es\"},{\"@type\":\"Person\",\"@id\":\"https:\/\/www.inforesidencias.com\/blog\/#\/schema\/person\/9e146774d1eb3bc1c0316242a3898628\",\"name\":\"Josep de Mart\u00ed\",\"image\":{\"@type\":\"ImageObject\",\"inLanguage\":\"es\",\"@id\":\"https:\/\/www.inforesidencias.com\/blog\/#\/schema\/person\/image\/\",\"url\":\"https:\/\/secure.gravatar.com\/avatar\/de0302c4806c00c4cebff396a798c1ff?s=96&d=mm&r=g\",\"contentUrl\":\"https:\/\/secure.gravatar.com\/avatar\/de0302c4806c00c4cebff396a798c1ff?s=96&d=mm&r=g\",\"caption\":\"Josep de Mart\u00ed\"},\"sameAs\":[\"https:\/\/www.inforesidencias.com\",\"https:\/\/www.facebook.com\/josep.demarti\",\"https:\/\/twitter.com\/blog-ir\"],\"url\":\"https:\/\/www.inforesidencias.com\/blog\/index.php\/author\/josepdemarti\/\"}]}<\/script>\n<!-- \/ Yoast SEO plugin. -->","yoast_head_json":{"title":"El envejecimiento y los retos de las soluciones residenciales - Blog Inforesidencias.com","description":"Ante el envejecimiento progresivo de la poblaci\u00f3n y el aumento de la esperanza de vida, los retos de las soluciones residenciales del futuro nos llaman","robots":{"index":"index","follow":"follow","max-snippet":"max-snippet:-1","max-image-preview":"max-image-preview:large","max-video-preview":"max-video-preview:-1"},"canonical":"https:\/\/www.inforesidencias.com\/blog\/index.php\/2019\/11\/25\/el-envejecimiento-y-los-retos-de-las-soluciones-residenciales\/","og_locale":"es_ES","og_type":"article","og_title":"El envejecimiento y los retos de las soluciones residenciales - Blog Inforesidencias.com","og_description":"Ante el envejecimiento progresivo de la poblaci\u00f3n y el aumento de la esperanza de vida, los retos de las soluciones residenciales del futuro nos llaman","og_url":"https:\/\/www.inforesidencias.com\/blog\/index.php\/2019\/11\/25\/el-envejecimiento-y-los-retos-de-las-soluciones-residenciales\/","og_site_name":"Blog Inforesidencias.com","article_publisher":"https:\/\/www.facebook.com\/Inforesidencias\/","article_author":"https:\/\/www.facebook.com\/josep.demarti","article_published_time":"2019-11-25T09:30:08+00:00","article_modified_time":"2019-11-21T09:30:40+00:00","og_image":[{"width":450,"height":300,"url":"https:\/\/www.inforesidencias.com\/blog\/wp-content\/uploads\/2019\/11\/envejecimiento-y-los-retos-de-las-soluciones-residenciales.jpg","type":"image\/jpeg"}],"author":"Josep de Mart\u00ed","twitter_card":"summary_large_image","twitter_creator":"@blog-ir","twitter_site":"@inforesidencias","twitter_misc":{"Escrito por":"Josep de Mart\u00ed","Tiempo de lectura":"6 minutos"},"schema":{"@context":"https:\/\/schema.org","@graph":[{"@type":"WebPage","@id":"https:\/\/www.inforesidencias.com\/blog\/index.php\/2019\/11\/25\/el-envejecimiento-y-los-retos-de-las-soluciones-residenciales\/","url":"https:\/\/www.inforesidencias.com\/blog\/index.php\/2019\/11\/25\/el-envejecimiento-y-los-retos-de-las-soluciones-residenciales\/","name":"El envejecimiento y los retos de las soluciones residenciales - Blog Inforesidencias.com","isPartOf":{"@id":"https:\/\/www.inforesidencias.com\/blog\/#website"},"datePublished":"2019-11-25T09:30:08+00:00","dateModified":"2019-11-21T09:30:40+00:00","author":{"@id":"https:\/\/www.inforesidencias.com\/blog\/#\/schema\/person\/9e146774d1eb3bc1c0316242a3898628"},"description":"Ante el envejecimiento progresivo de la poblaci\u00f3n y el aumento de la esperanza de vida, los retos de las soluciones residenciales del futuro nos llaman","breadcrumb":{"@id":"https:\/\/www.inforesidencias.com\/blog\/index.php\/2019\/11\/25\/el-envejecimiento-y-los-retos-de-las-soluciones-residenciales\/#breadcrumb"},"inLanguage":"es","potentialAction":[{"@type":"ReadAction","target":["https:\/\/www.inforesidencias.com\/blog\/index.php\/2019\/11\/25\/el-envejecimiento-y-los-retos-de-las-soluciones-residenciales\/"]}]},{"@type":"BreadcrumbList","@id":"https:\/\/www.inforesidencias.com\/blog\/index.php\/2019\/11\/25\/el-envejecimiento-y-los-retos-de-las-soluciones-residenciales\/#breadcrumb","itemListElement":[{"@type":"ListItem","position":1,"name":"Home","item":"https:\/\/www.inforesidencias.com\/blog\/"},{"@type":"ListItem","position":2,"name":"El envejecimiento y los retos de las soluciones residenciales"}]},{"@type":"WebSite","@id":"https:\/\/www.inforesidencias.com\/blog\/#website","url":"https:\/\/www.inforesidencias.com\/blog\/","name":"Blog Inforesidencias.com","description":"El buscador de residencias de la 3\u00aa edad","potentialAction":[{"@type":"SearchAction","target":{"@type":"EntryPoint","urlTemplate":"https:\/\/www.inforesidencias.com\/blog\/?s={search_term_string}"},"query-input":"required name=search_term_string"}],"inLanguage":"es"},{"@type":"Person","@id":"https:\/\/www.inforesidencias.com\/blog\/#\/schema\/person\/9e146774d1eb3bc1c0316242a3898628","name":"Josep de Mart\u00ed","image":{"@type":"ImageObject","inLanguage":"es","@id":"https:\/\/www.inforesidencias.com\/blog\/#\/schema\/person\/image\/","url":"https:\/\/secure.gravatar.com\/avatar\/de0302c4806c00c4cebff396a798c1ff?s=96&d=mm&r=g","contentUrl":"https:\/\/secure.gravatar.com\/avatar\/de0302c4806c00c4cebff396a798c1ff?s=96&d=mm&r=g","caption":"Josep de Mart\u00ed"},"sameAs":["https:\/\/www.inforesidencias.com","https:\/\/www.facebook.com\/josep.demarti","https:\/\/twitter.com\/blog-ir"],"url":"https:\/\/www.inforesidencias.com\/blog\/index.php\/author\/josepdemarti\/"}]}},"_links":{"self":[{"href":"https:\/\/www.inforesidencias.com\/blog\/index.php\/wp-json\/wp\/v2\/posts\/2574"}],"collection":[{"href":"https:\/\/www.inforesidencias.com\/blog\/index.php\/wp-json\/wp\/v2\/posts"}],"about":[{"href":"https:\/\/www.inforesidencias.com\/blog\/index.php\/wp-json\/wp\/v2\/types\/post"}],"author":[{"embeddable":true,"href":"https:\/\/www.inforesidencias.com\/blog\/index.php\/wp-json\/wp\/v2\/users\/2"}],"replies":[{"embeddable":true,"href":"https:\/\/www.inforesidencias.com\/blog\/index.php\/wp-json\/wp\/v2\/comments?post=2574"}],"version-history":[{"count":5,"href":"https:\/\/www.inforesidencias.com\/blog\/index.php\/wp-json\/wp\/v2\/posts\/2574\/revisions"}],"predecessor-version":[{"id":2581,"href":"https:\/\/www.inforesidencias.com\/blog\/index.php\/wp-json\/wp\/v2\/posts\/2574\/revisions\/2581"}],"wp:featuredmedia":[{"embeddable":true,"href":"https:\/\/www.inforesidencias.com\/blog\/index.php\/wp-json\/wp\/v2\/media\/2577"}],"wp:attachment":[{"href":"https:\/\/www.inforesidencias.com\/blog\/index.php\/wp-json\/wp\/v2\/media?parent=2574"}],"wp:term":[{"taxonomy":"category","embeddable":true,"href":"https:\/\/www.inforesidencias.com\/blog\/index.php\/wp-json\/wp\/v2\/categories?post=2574"},{"taxonomy":"post_tag","embeddable":true,"href":"https:\/\/www.inforesidencias.com\/blog\/index.php\/wp-json\/wp\/v2\/tags?post=2574"}],"curies":[{"name":"wp","href":"https:\/\/api.w.org\/{rel}","templated":true}]}}