{"id":2593,"date":"2019-11-29T15:15:00","date_gmt":"2019-11-29T15:15:00","guid":{"rendered":"https:\/\/www.inforesidencias.com\/blog\/?p=2593"},"modified":"2019-11-29T15:15:10","modified_gmt":"2019-11-29T15:15:10","slug":"lo-que-puedo-esperar-o-encontrar-en-una-residencia-geriatrica","status":"publish","type":"post","link":"https:\/\/www.inforesidencias.com\/blog\/index.php\/2019\/11\/29\/lo-que-puedo-esperar-o-encontrar-en-una-residencia-geriatrica\/","title":{"rendered":"Lo que puedo esperar o encontrar en una residencia geri\u00e1trica"},"content":{"rendered":"<p style=\"text-align: justify\">El programa de <a href=\"https:\/\/www.estelfitxers.com\/audio\/20191127-17_00TEMPSDEBENESTAR-ESGRANSERGRAN.MP3\">\u201c\u00c9s gran ser gran\u201d del mi\u00e9rcoles<\/a> empez\u00f3 hablando de yogures, flora intestinal y historia. La parte de la historia la puso Josep hablando del inventor de la marca Danone y de c\u00f3mo surgi\u00f3 la idea de crear estos yogures conocidos a d\u00eda de hoy por todos los espa\u00f1oles. Una historia cargada de an\u00e9cdotas.<\/p>\n<p style=\"text-align: justify\">En la entrevista del d\u00eda, contamos de nuevo con un invitado que por cuestiones de agenda hac\u00eda un tiempo que no venia al programa. \u00c9l era Jose Luis Monserrat, director de <a href=\"https:\/\/www.inforesidencias.com\/centros\/residencia\/8394\/residencial-palau\">Residencial Palau en Palau Solit\u00e0 i Plegamans<\/a>. En esta ocasi\u00f3n Jose Luis vino a hablarnos de una iniciativa que han llevado a cabo y que ya es toda una realidad. Han editado un peque\u00f1o libro titulado \u201cGu\u00eda informativa de residencias geri\u00e1tricas\u201d (disponible en catal\u00e1n y castellano).<\/p>\n<p><img decoding=\"async\" loading=\"lazy\" class=\" wp-image-2598 alignleft\" src=\"https:\/\/www.inforesidencias.com\/blog\/wp-content\/uploads\/2019\/11\/jose-luis-residencial-palau.jpg\" alt=\"director de una residencia geri\u00e1trica\" width=\"300\" height=\"225\" \/><\/p>\n<p style=\"text-align: justify\">Este peque\u00f1o libro, el cual ofrecen a todos los nuevos residentes o sus familiares quiere ayudar a las personas que vienen a pedir informaci\u00f3n para entrar a vivir a Residencial Palau a entender un poco mejor como ir\u00e1 esta nueva etapa de su vida en una residencia geri\u00e1trica y aclarar algunas dudas comunes de este proceso de cambio. En el programa hablamos de algunas partes de este libro que son especialmente \u00fatiles.<\/p>\n<p style=\"text-align: justify\">A parte, Jose Luis tambi\u00e9n nos habl\u00f3 de unos apartamentos adaptados con servicios para personas mayores que est\u00e1n acabando de construir al lado de la residencia par aquellas personas que aun conservan un grado de autonom\u00eda suficiente para seguir viviendo solos o en pareja con apoyo de algunos servicios que se ofrecen. Y quiz\u00e1s cuando pasen los a\u00f1os y aumente su dependencia quiz\u00e1 estas personas quieran entrar a vivir en su residencia geri\u00e1trica.<\/p>\n<p style=\"text-align: justify\">Antes de acabar el programa, en la consulta del trabajador social despu\u00e9s de la bolsa de empleo y los minutos musicales, ayudamos a una oyente con unos consejos sobre el alzheimer ya que su t\u00edo, el cual sufre esta enfermedad cada vez esta m\u00e1s encerrado en si mismo y hace menos actividades.<\/p>\n<p style=\"text-align: justify\">En el <a href=\"https:\/\/www.estelfitxers.com\/audio\/20191128-17_00TEMPSDEBENESTAR-ESGRANSERGRAN.MP3\">programa del jueves d\u00eda 28 de noviembre<\/a>\u00a0lo empezamos haciendo un breve recordatorio dirigido a un se\u00f1or que a partir de los 70 a\u00f1os empez\u00f3 a participar en carreras populares de much\u00edsimos quil\u00f3metros hasta los 80 a\u00f1os. Este se\u00f1or era m\u00e1s conocido como \u00abSuper Paco\u00bb. Tambi\u00e9n hablamos de una gran gimnasta.<\/p>\n<p style=\"text-align: justify\">En la entrevista del jueves tuvimos dos entrevistados, Por un lado nos acompa\u00f1aba Lidia Ramirez, fisioterapeuta en <a href=\"https:\/\/www.inforesidencias.com\/centros\/residencia\/4014\/residencia-matacas\">la residencia Matac\u00e0s de Sant Adri\u00e0 de Bes\u00f2s <\/a>y por otro lado el Sr. Emili Bast\u00fas, uno de los residentes<a href=\"https:\/\/www.inforesidencias.com\/centros\/residencia\/4014\/residencia-matacas\">.<\/a><\/p>\n<p style=\"text-align: justify\">Con Lidia, una fisioterapeuta con experiencia ya que lleva 11 a\u00f1os trabajando en la residencia empezamos hablando un poco del centro, nos lo situ\u00f3 nos dio datos sobre las plazas. Luego hablamos sobre de las <a href=\"http:\/\/des.inforesidencias.com:8080\/contenidos\/profesionales\/nacional\/los-profesionales-del-sector-segun-el-convenio-colectivo#fisio\">funciones de un fisioterapeuta en una residencia geri\u00e1trica<\/a>.<\/p>\n<p style=\"text-align: justify\"><a href=\"https:\/\/www.inforesidencias.com\/blog\/wp-content\/uploads\/2019\/11\/residencia-geria\u0301trica-Mataca\u0300s.jpg\"><img decoding=\"async\" loading=\"lazy\" class=\"aligncenter size-full wp-image-2597\" src=\"https:\/\/www.inforesidencias.com\/blog\/wp-content\/uploads\/2019\/11\/residencia-geria\u0301trica-Mataca\u0300s.jpg\" alt=\"residencia geria\u0301trica Mataca\u0300s\" width=\"400\" height=\"300\" \/><\/a><\/p>\n<p style=\"text-align: justify\">Con el Sr. Emili, charlamos acerca del motivo por el que hab\u00eda ido a vivir a la residencia Matac\u00e0s y de c\u00f3mo la hab\u00eda conocido. Sobre el motivo por el que se plante\u00f3 ir a una residencia fue bastante impactante cuando uno se imagina lo que nos cont\u00f3. El Sr. Emili tambi\u00e9n nos cont\u00f3 una entra\u00f1able an\u00e9cdota acerca del d\u00eda que lleg\u00f3 a la residencia y adem\u00e1s nos explic\u00f3 como es un d\u00eda en la residencia Matac\u00e0s. Se entretuvo sobretodo en sus sesiones de fisioterapia de la residencia Una entrevista, la del Sr. Emili, divertida de escuchar.<\/p>\n<p style=\"text-align: justify\">En la recta final del programa, en la consulta del trabajador social recibimos una pregunta acerca de la necesidad de una residencia para una persona mayor que recientemente hab\u00eda sufrido una ca\u00edda con consecuencias visibles y la negaci\u00f3n de esta persona mayor a ir a una residencia geri\u00e1trica. Aconsejamos a nuestro oyente el hecho de pacta probar un tiempo para ver si su padre se adapta o bien probar otro tipo de servicios como el servicio de ayuda en el domicilio.<\/p>\n","protected":false},"excerpt":{"rendered":"<p>El programa de \u201c\u00c9s gran ser gran\u201d del mi\u00e9rcoles empez\u00f3 hablando de yogures, flora intestinal y historia. La parte de la historia la puso Josep hablando del inventor de la marca Danone y de c\u00f3mo surgi\u00f3 la idea de crear estos yogures conocidos a d\u00eda de hoy por todos los espa\u00f1oles. Una historia cargada de an\u00e9cdotas. En la entrevista del d\u00eda, contamos de nuevo con un invitado que por cuestiones de agenda hac\u00eda un tiempo que no venia al programa. \u00c9l era Jose Luis Monserrat, director de Residencial Palau en Palau Solit\u00e0 i Plegamans. En esta ocasi\u00f3n Jose Luis vino a hablarnos de una iniciativa que han llevado a cabo y que ya es toda una realidad. Han editado un peque\u00f1o libro titulado \u201cGu\u00eda informativa de residencias geri\u00e1tricas\u201d (disponible en catal\u00e1n y castellano). Este peque\u00f1o libro, el cual ofrecen a todos los nuevos residentes o sus familiares quiere ayudar a [&hellip;]<\/p>\n","protected":false},"author":2,"featured_media":2597,"comment_status":"open","ping_status":"open","sticky":false,"template":"","format":"standard","meta":{"footnotes":""},"categories":[1],"tags":[],"yoast_head":"<!-- This site is optimized with the Yoast SEO plugin v21.7 - https:\/\/yoast.com\/wordpress\/plugins\/seo\/ -->\n<title>Lo que puedo esperar o encontrar en una residencia geri\u00e1trica - Blog Inforesidencias.com<\/title>\n<meta name=\"description\" content=\"En los programas de esta semana hemos conversado acerca de que podemos encontrar en una residencia geri\u00e1trica, sus profesionales y situaciones habituales\" \/>\n<meta name=\"robots\" content=\"index, follow, max-snippet:-1, max-image-preview:large, max-video-preview:-1\" \/>\n<link rel=\"canonical\" href=\"https:\/\/www.inforesidencias.com\/blog\/index.php\/2019\/11\/29\/lo-que-puedo-esperar-o-encontrar-en-una-residencia-geriatrica\/\" \/>\n<meta property=\"og:locale\" content=\"es_ES\" \/>\n<meta property=\"og:type\" content=\"article\" \/>\n<meta property=\"og:title\" content=\"Lo que puedo esperar o encontrar en una residencia geri\u00e1trica - Blog Inforesidencias.com\" \/>\n<meta property=\"og:description\" content=\"En los programas de esta semana hemos conversado acerca de que podemos encontrar en una residencia geri\u00e1trica, sus profesionales y situaciones habituales\" \/>\n<meta property=\"og:url\" content=\"https:\/\/www.inforesidencias.com\/blog\/index.php\/2019\/11\/29\/lo-que-puedo-esperar-o-encontrar-en-una-residencia-geriatrica\/\" \/>\n<meta property=\"og:site_name\" content=\"Blog Inforesidencias.com\" \/>\n<meta property=\"article:publisher\" content=\"https:\/\/www.facebook.com\/Inforesidencias\/\" \/>\n<meta property=\"article:author\" content=\"https:\/\/www.facebook.com\/josep.demarti\" \/>\n<meta property=\"article:published_time\" content=\"2019-11-29T15:15:00+00:00\" \/>\n<meta property=\"article:modified_time\" content=\"2019-11-29T15:15:10+00:00\" \/>\n<meta property=\"og:image\" content=\"https:\/\/www.inforesidencias.com\/blog\/wp-content\/uploads\/2019\/11\/residencia-geria\u0301trica-Mataca\u0300s.jpg\" \/>\n\t<meta property=\"og:image:width\" content=\"400\" \/>\n\t<meta property=\"og:image:height\" content=\"300\" \/>\n\t<meta property=\"og:image:type\" content=\"image\/jpeg\" \/>\n<meta name=\"author\" content=\"Josep de Mart\u00ed\" \/>\n<meta name=\"twitter:card\" content=\"summary_large_image\" \/>\n<meta name=\"twitter:creator\" content=\"@blog-ir\" \/>\n<meta name=\"twitter:site\" content=\"@inforesidencias\" \/>\n<meta name=\"twitter:label1\" content=\"Escrito por\" \/>\n\t<meta name=\"twitter:data1\" content=\"Josep de Mart\u00ed\" \/>\n\t<meta name=\"twitter:label2\" content=\"Tiempo de lectura\" \/>\n\t<meta name=\"twitter:data2\" content=\"3 minutos\" \/>\n<script type=\"application\/ld+json\" class=\"yoast-schema-graph\">{\"@context\":\"https:\/\/schema.org\",\"@graph\":[{\"@type\":\"WebPage\",\"@id\":\"https:\/\/www.inforesidencias.com\/blog\/index.php\/2019\/11\/29\/lo-que-puedo-esperar-o-encontrar-en-una-residencia-geriatrica\/\",\"url\":\"https:\/\/www.inforesidencias.com\/blog\/index.php\/2019\/11\/29\/lo-que-puedo-esperar-o-encontrar-en-una-residencia-geriatrica\/\",\"name\":\"Lo que puedo esperar o encontrar en una residencia geri\u00e1trica - Blog Inforesidencias.com\",\"isPartOf\":{\"@id\":\"https:\/\/www.inforesidencias.com\/blog\/#website\"},\"datePublished\":\"2019-11-29T15:15:00+00:00\",\"dateModified\":\"2019-11-29T15:15:10+00:00\",\"author\":{\"@id\":\"https:\/\/www.inforesidencias.com\/blog\/#\/schema\/person\/9e146774d1eb3bc1c0316242a3898628\"},\"description\":\"En los programas de esta semana hemos conversado acerca de que podemos encontrar en una residencia geri\u00e1trica, sus profesionales y situaciones habituales\",\"breadcrumb\":{\"@id\":\"https:\/\/www.inforesidencias.com\/blog\/index.php\/2019\/11\/29\/lo-que-puedo-esperar-o-encontrar-en-una-residencia-geriatrica\/#breadcrumb\"},\"inLanguage\":\"es\",\"potentialAction\":[{\"@type\":\"ReadAction\",\"target\":[\"https:\/\/www.inforesidencias.com\/blog\/index.php\/2019\/11\/29\/lo-que-puedo-esperar-o-encontrar-en-una-residencia-geriatrica\/\"]}]},{\"@type\":\"BreadcrumbList\",\"@id\":\"https:\/\/www.inforesidencias.com\/blog\/index.php\/2019\/11\/29\/lo-que-puedo-esperar-o-encontrar-en-una-residencia-geriatrica\/#breadcrumb\",\"itemListElement\":[{\"@type\":\"ListItem\",\"position\":1,\"name\":\"Home\",\"item\":\"https:\/\/www.inforesidencias.com\/blog\/\"},{\"@type\":\"ListItem\",\"position\":2,\"name\":\"Lo que puedo esperar o encontrar en una residencia geri\u00e1trica\"}]},{\"@type\":\"WebSite\",\"@id\":\"https:\/\/www.inforesidencias.com\/blog\/#website\",\"url\":\"https:\/\/www.inforesidencias.com\/blog\/\",\"name\":\"Blog Inforesidencias.com\",\"description\":\"El buscador de residencias de la 3\u00aa edad\",\"potentialAction\":[{\"@type\":\"SearchAction\",\"target\":{\"@type\":\"EntryPoint\",\"urlTemplate\":\"https:\/\/www.inforesidencias.com\/blog\/?s={search_term_string}\"},\"query-input\":\"required name=search_term_string\"}],\"inLanguage\":\"es\"},{\"@type\":\"Person\",\"@id\":\"https:\/\/www.inforesidencias.com\/blog\/#\/schema\/person\/9e146774d1eb3bc1c0316242a3898628\",\"name\":\"Josep de Mart\u00ed\",\"image\":{\"@type\":\"ImageObject\",\"inLanguage\":\"es\",\"@id\":\"https:\/\/www.inforesidencias.com\/blog\/#\/schema\/person\/image\/\",\"url\":\"https:\/\/secure.gravatar.com\/avatar\/de0302c4806c00c4cebff396a798c1ff?s=96&d=mm&r=g\",\"contentUrl\":\"https:\/\/secure.gravatar.com\/avatar\/de0302c4806c00c4cebff396a798c1ff?s=96&d=mm&r=g\",\"caption\":\"Josep de Mart\u00ed\"},\"sameAs\":[\"https:\/\/www.inforesidencias.com\",\"https:\/\/www.facebook.com\/josep.demarti\",\"https:\/\/twitter.com\/blog-ir\"],\"url\":\"https:\/\/www.inforesidencias.com\/blog\/index.php\/author\/josepdemarti\/\"}]}<\/script>\n<!-- \/ Yoast SEO plugin. -->","yoast_head_json":{"title":"Lo que puedo esperar o encontrar en una residencia geri\u00e1trica - Blog Inforesidencias.com","description":"En los programas de esta semana hemos conversado acerca de que podemos encontrar en una residencia geri\u00e1trica, sus profesionales y situaciones habituales","robots":{"index":"index","follow":"follow","max-snippet":"max-snippet:-1","max-image-preview":"max-image-preview:large","max-video-preview":"max-video-preview:-1"},"canonical":"https:\/\/www.inforesidencias.com\/blog\/index.php\/2019\/11\/29\/lo-que-puedo-esperar-o-encontrar-en-una-residencia-geriatrica\/","og_locale":"es_ES","og_type":"article","og_title":"Lo que puedo esperar o encontrar en una residencia geri\u00e1trica - Blog Inforesidencias.com","og_description":"En los programas de esta semana hemos conversado acerca de que podemos encontrar en una residencia geri\u00e1trica, sus profesionales y situaciones habituales","og_url":"https:\/\/www.inforesidencias.com\/blog\/index.php\/2019\/11\/29\/lo-que-puedo-esperar-o-encontrar-en-una-residencia-geriatrica\/","og_site_name":"Blog Inforesidencias.com","article_publisher":"https:\/\/www.facebook.com\/Inforesidencias\/","article_author":"https:\/\/www.facebook.com\/josep.demarti","article_published_time":"2019-11-29T15:15:00+00:00","article_modified_time":"2019-11-29T15:15:10+00:00","og_image":[{"width":400,"height":300,"url":"https:\/\/www.inforesidencias.com\/blog\/wp-content\/uploads\/2019\/11\/residencia-geria\u0301trica-Mataca\u0300s.jpg","type":"image\/jpeg"}],"author":"Josep de Mart\u00ed","twitter_card":"summary_large_image","twitter_creator":"@blog-ir","twitter_site":"@inforesidencias","twitter_misc":{"Escrito por":"Josep de Mart\u00ed","Tiempo de lectura":"3 minutos"},"schema":{"@context":"https:\/\/schema.org","@graph":[{"@type":"WebPage","@id":"https:\/\/www.inforesidencias.com\/blog\/index.php\/2019\/11\/29\/lo-que-puedo-esperar-o-encontrar-en-una-residencia-geriatrica\/","url":"https:\/\/www.inforesidencias.com\/blog\/index.php\/2019\/11\/29\/lo-que-puedo-esperar-o-encontrar-en-una-residencia-geriatrica\/","name":"Lo que puedo esperar o encontrar en una residencia geri\u00e1trica - Blog Inforesidencias.com","isPartOf":{"@id":"https:\/\/www.inforesidencias.com\/blog\/#website"},"datePublished":"2019-11-29T15:15:00+00:00","dateModified":"2019-11-29T15:15:10+00:00","author":{"@id":"https:\/\/www.inforesidencias.com\/blog\/#\/schema\/person\/9e146774d1eb3bc1c0316242a3898628"},"description":"En los programas de esta semana hemos conversado acerca de que podemos encontrar en una residencia geri\u00e1trica, sus profesionales y situaciones habituales","breadcrumb":{"@id":"https:\/\/www.inforesidencias.com\/blog\/index.php\/2019\/11\/29\/lo-que-puedo-esperar-o-encontrar-en-una-residencia-geriatrica\/#breadcrumb"},"inLanguage":"es","potentialAction":[{"@type":"ReadAction","target":["https:\/\/www.inforesidencias.com\/blog\/index.php\/2019\/11\/29\/lo-que-puedo-esperar-o-encontrar-en-una-residencia-geriatrica\/"]}]},{"@type":"BreadcrumbList","@id":"https:\/\/www.inforesidencias.com\/blog\/index.php\/2019\/11\/29\/lo-que-puedo-esperar-o-encontrar-en-una-residencia-geriatrica\/#breadcrumb","itemListElement":[{"@type":"ListItem","position":1,"name":"Home","item":"https:\/\/www.inforesidencias.com\/blog\/"},{"@type":"ListItem","position":2,"name":"Lo que puedo esperar o encontrar en una residencia geri\u00e1trica"}]},{"@type":"WebSite","@id":"https:\/\/www.inforesidencias.com\/blog\/#website","url":"https:\/\/www.inforesidencias.com\/blog\/","name":"Blog Inforesidencias.com","description":"El buscador de residencias de la 3\u00aa edad","potentialAction":[{"@type":"SearchAction","target":{"@type":"EntryPoint","urlTemplate":"https:\/\/www.inforesidencias.com\/blog\/?s={search_term_string}"},"query-input":"required name=search_term_string"}],"inLanguage":"es"},{"@type":"Person","@id":"https:\/\/www.inforesidencias.com\/blog\/#\/schema\/person\/9e146774d1eb3bc1c0316242a3898628","name":"Josep de Mart\u00ed","image":{"@type":"ImageObject","inLanguage":"es","@id":"https:\/\/www.inforesidencias.com\/blog\/#\/schema\/person\/image\/","url":"https:\/\/secure.gravatar.com\/avatar\/de0302c4806c00c4cebff396a798c1ff?s=96&d=mm&r=g","contentUrl":"https:\/\/secure.gravatar.com\/avatar\/de0302c4806c00c4cebff396a798c1ff?s=96&d=mm&r=g","caption":"Josep de Mart\u00ed"},"sameAs":["https:\/\/www.inforesidencias.com","https:\/\/www.facebook.com\/josep.demarti","https:\/\/twitter.com\/blog-ir"],"url":"https:\/\/www.inforesidencias.com\/blog\/index.php\/author\/josepdemarti\/"}]}},"_links":{"self":[{"href":"https:\/\/www.inforesidencias.com\/blog\/index.php\/wp-json\/wp\/v2\/posts\/2593"}],"collection":[{"href":"https:\/\/www.inforesidencias.com\/blog\/index.php\/wp-json\/wp\/v2\/posts"}],"about":[{"href":"https:\/\/www.inforesidencias.com\/blog\/index.php\/wp-json\/wp\/v2\/types\/post"}],"author":[{"embeddable":true,"href":"https:\/\/www.inforesidencias.com\/blog\/index.php\/wp-json\/wp\/v2\/users\/2"}],"replies":[{"embeddable":true,"href":"https:\/\/www.inforesidencias.com\/blog\/index.php\/wp-json\/wp\/v2\/comments?post=2593"}],"version-history":[{"count":12,"href":"https:\/\/www.inforesidencias.com\/blog\/index.php\/wp-json\/wp\/v2\/posts\/2593\/revisions"}],"predecessor-version":[{"id":2607,"href":"https:\/\/www.inforesidencias.com\/blog\/index.php\/wp-json\/wp\/v2\/posts\/2593\/revisions\/2607"}],"wp:featuredmedia":[{"embeddable":true,"href":"https:\/\/www.inforesidencias.com\/blog\/index.php\/wp-json\/wp\/v2\/media\/2597"}],"wp:attachment":[{"href":"https:\/\/www.inforesidencias.com\/blog\/index.php\/wp-json\/wp\/v2\/media?parent=2593"}],"wp:term":[{"taxonomy":"category","embeddable":true,"href":"https:\/\/www.inforesidencias.com\/blog\/index.php\/wp-json\/wp\/v2\/categories?post=2593"},{"taxonomy":"post_tag","embeddable":true,"href":"https:\/\/www.inforesidencias.com\/blog\/index.php\/wp-json\/wp\/v2\/tags?post=2593"}],"curies":[{"name":"wp","href":"https:\/\/api.w.org\/{rel}","templated":true}]}}