{"id":2616,"date":"2019-12-10T15:10:51","date_gmt":"2019-12-10T15:10:51","guid":{"rendered":"https:\/\/www.inforesidencias.com\/blog\/?p=2616"},"modified":"2019-12-10T15:10:51","modified_gmt":"2019-12-10T15:10:51","slug":"una-residencia-en-sant-cugat-y-el-liderazgo-y-la-sexualidad","status":"publish","type":"post","link":"https:\/\/www.inforesidencias.com\/blog\/index.php\/2019\/12\/10\/una-residencia-en-sant-cugat-y-el-liderazgo-y-la-sexualidad\/","title":{"rendered":"Una residencia en Sant Cugat y el liderazgo y la sexualidad"},"content":{"rendered":"<p style=\"text-align: justify\">Esta vez traemos el art\u00edculo del programa con un poco de retraso. La semana pasada en \u201c\u00c9s gran ser gran\u201d iniciamos el programa de <a href=\"https:\/\/www.estelfitxers.com\/audio\/20191204-17_00TEMPSDEBENESTAR-ESGRANSERGRAN.MP3\">ese lluvioso mi\u00e9rcoles<\/a> con unos invitados nada comunes si comparamos con la tipolog\u00eda de invitados usuales.<\/p>\n<p style=\"text-align: justify\"><a href=\"https:\/\/www.inforesidencias.com\/blog\/wp-content\/uploads\/2019\/12\/liderazgo-y-sexualidad.jpg\"><img decoding=\"async\" loading=\"lazy\" class=\" size-full wp-image-2618 alignleft\" src=\"https:\/\/www.inforesidencias.com\/blog\/wp-content\/uploads\/2019\/12\/liderazgo-y-sexualidad.jpg\" alt=\"liderazgo y sexualidad\" width=\"320\" height=\"240\" \/><\/a><\/p>\n<p style=\"text-align: justify\">Nuestros invitados eran Jordi Vilajosana, profesor universitario y emprendedor social y Daniela Flores, profesora de Tantra y sexualidad sagrada. Ambos vinieron a hablarnos de liderazgo y sexualidad. Jordi empez\u00f3 a explicarnos los continuos y fren\u00e9ticos cambios que vive la sociedad actual tanto en preferencias personales como profesionales. Tambi\u00e9n hablamos de los diferentes roles que puede tener una misma persona. Por otro lado, con Daniela hablamos de c\u00f3mo afecta la sexualidad en el liderazgo en las organizaciones.<\/p>\n<p style=\"text-align: justify\">Por su parte tambi\u00e9n Josep tambi\u00e9n puso encima de la mesa el tema de la atenci\u00f3n centrada en la persona que se lleva a cabo en las residencias y como las vivencias y la cultura en donde muchos de los residentes actuales han vivido, era que la mujer cuidaba de la casa y los ni\u00f1os mientras el hombre trabajaba.<\/p>\n<p style=\"text-align: justify\">Despu\u00e9s de la bolsa de trabajo, en la consulta del trabajador social, recibimos una consulta acerca de c\u00f3mo plantear a la directora de una residencia una queja sobre los paseos semanales que realizan unos voluntarios con los residentes que les acompa\u00f1an, que seg\u00fan comentaba el oyente, casi siempre eran los mismos.<\/p>\n<p style=\"text-align: justify\">En el <a href=\"https:\/\/www.estelfitxers.com\/audio\/20191205-17_00TEMPSDEBENESTAR-ESGRANSERGRAN.MP3\">programa del jueves<\/a> empezamos hablando de la falta de plazas en residencia. Explicamos que cada vez hay m\u00e1s plazas de residencia, pero a su vez cada a\u00f1o hay m\u00e1s personas mayores que solicitan una residencia, lo que significa que la demanda crece m\u00e1s que la oferta. A prop\u00f3sito de esta falta de plazas, Josep explic\u00f3 algunas alternativas de <a href=\"https:\/\/www.inforesidencias.com\/blog\/index.php\/2015\/10\/29\/el-cohousing-una-opcion-mas-para-los-mayores-de-hoy-y-manana\/\">servicios como el cohousing<\/a>.<\/p>\n<p style=\"text-align: justify\">En la entrevista del jueves contamos con unos invitados de la <a href=\"https:\/\/www.inforesidencias.com\/centros\/residencia\/8592\/residencia-i-centre-de-dia-cugat-natura\">residencia Cugat Natura<\/a>, situada en Sant Cugat del Vall\u00e8s. Contamos con Sara Santos, la educadora social, quien primero nos encuadr\u00f3 un poco el centro explic\u00e1ndonos donde estaban situados y como llegar a \u00e9l, por ejemplo con el ferrocarril de Sant Cugat. Sara tambi\u00e9n nos explic\u00f3 cuales son sus tareas como educadora social en la residencia y quien, seg\u00fan su punto de vista, le puede ir bien vivir en una residencia.<\/p>\n<p style=\"text-align: justify\"><a href=\"https:\/\/www.inforesidencias.com\/blog\/wp-content\/uploads\/2019\/12\/residencia-cugat-natura.jpg\"><img decoding=\"async\" loading=\"lazy\" class=\" size-full wp-image-2617 alignright\" src=\"https:\/\/www.inforesidencias.com\/blog\/wp-content\/uploads\/2019\/12\/residencia-cugat-natura.jpg\" alt=\"residencia cugat natura\" width=\"320\" height=\"240\" \/><\/a><\/p>\n<p style=\"text-align: justify\">Seguidamente nos habl\u00f3 de una actividad concreta llamada <a href=\"https:\/\/www.fiatcresidencias.com\/programa-de-dinamizacion-sociocultural-2\/\">\u201cGrans padrins\u201d que gan\u00f3 un premio<\/a> de la Patronal Acra hace pocos a\u00f1os. Sobre esta actividad galardonada tambi\u00e9n pudimos charlar con la Sra. Dolores Miranda, una residente del centro. Ella nos explic\u00f3 con detalle como transcurr\u00eda esta actividad y luego nos habl\u00f3 de c\u00f3mo fue entrar a vivir en Cugat Natura y como es un d\u00eda a d\u00eda de su vida all\u00ed.<\/p>\n<p style=\"text-align: justify\">Ya en la recta final del programa, en la consulta del trabajador social, respondimos a una duda acerca del porque no se ofrecen diferentes opciones de men\u00fa a las personas mayores que viven en una residencia. Explicamos que si que hay algunos centros que lo hacen pero tambi\u00e9n explicamos las situaciones m\u00e1s comunes que se repiten cuando en cualquier residencia se intenta aplicar esta iniciativa.<\/p>\n","protected":false},"excerpt":{"rendered":"<p>Esta vez traemos el art\u00edculo del programa con un poco de retraso. La semana pasada en \u201c\u00c9s gran ser gran\u201d iniciamos el programa de ese lluvioso mi\u00e9rcoles con unos invitados nada comunes si comparamos con la tipolog\u00eda de invitados usuales. Nuestros invitados eran Jordi Vilajosana, profesor universitario y emprendedor social y Daniela Flores, profesora de Tantra y sexualidad sagrada. Ambos vinieron a hablarnos de liderazgo y sexualidad. Jordi empez\u00f3 a explicarnos los continuos y fren\u00e9ticos cambios que vive la sociedad actual tanto en preferencias personales como profesionales. Tambi\u00e9n hablamos de los diferentes roles que puede tener una misma persona. Por otro lado, con Daniela hablamos de c\u00f3mo afecta la sexualidad en el liderazgo en las organizaciones. Por su parte tambi\u00e9n Josep tambi\u00e9n puso encima de la mesa el tema de la atenci\u00f3n centrada en la persona que se lleva a cabo en las residencias y como las vivencias y la [&hellip;]<\/p>\n","protected":false},"author":2,"featured_media":2617,"comment_status":"open","ping_status":"open","sticky":false,"template":"","format":"standard","meta":{"footnotes":""},"categories":[1],"tags":[],"yoast_head":"<!-- This site is optimized with the Yoast SEO plugin v21.7 - https:\/\/yoast.com\/wordpress\/plugins\/seo\/ -->\n<title>Una residencia en Sant Cugat y el liderazgo y la sexualidad - Blog Inforesidencias.com<\/title>\n<meta name=\"description\" content=\"Entrevista a Jordi Vilajosana y Patricia Flores sobre liderazgo y sexualidad y a Sara Santos y la Sra. Dolores de la residencia Cugat Natura.\" \/>\n<meta name=\"robots\" content=\"index, follow, max-snippet:-1, max-image-preview:large, max-video-preview:-1\" \/>\n<link rel=\"canonical\" href=\"https:\/\/www.inforesidencias.com\/blog\/index.php\/2019\/12\/10\/una-residencia-en-sant-cugat-y-el-liderazgo-y-la-sexualidad\/\" \/>\n<meta property=\"og:locale\" content=\"es_ES\" \/>\n<meta property=\"og:type\" content=\"article\" \/>\n<meta property=\"og:title\" content=\"Una residencia en Sant Cugat y el liderazgo y la sexualidad - Blog Inforesidencias.com\" \/>\n<meta property=\"og:description\" content=\"Entrevista a Jordi Vilajosana y Patricia Flores sobre liderazgo y sexualidad y a Sara Santos y la Sra. Dolores de la residencia Cugat Natura.\" \/>\n<meta property=\"og:url\" content=\"https:\/\/www.inforesidencias.com\/blog\/index.php\/2019\/12\/10\/una-residencia-en-sant-cugat-y-el-liderazgo-y-la-sexualidad\/\" \/>\n<meta property=\"og:site_name\" content=\"Blog Inforesidencias.com\" \/>\n<meta property=\"article:publisher\" content=\"https:\/\/www.facebook.com\/Inforesidencias\/\" \/>\n<meta property=\"article:author\" content=\"https:\/\/www.facebook.com\/josep.demarti\" \/>\n<meta property=\"article:published_time\" content=\"2019-12-10T15:10:51+00:00\" \/>\n<meta property=\"og:image\" content=\"https:\/\/www.inforesidencias.com\/blog\/wp-content\/uploads\/2019\/12\/residencia-cugat-natura.jpg\" \/>\n\t<meta property=\"og:image:width\" content=\"320\" \/>\n\t<meta property=\"og:image:height\" content=\"240\" \/>\n\t<meta property=\"og:image:type\" content=\"image\/jpeg\" \/>\n<meta name=\"author\" content=\"Josep de Mart\u00ed\" \/>\n<meta name=\"twitter:card\" content=\"summary_large_image\" \/>\n<meta name=\"twitter:creator\" content=\"@blog-ir\" \/>\n<meta name=\"twitter:site\" content=\"@inforesidencias\" \/>\n<meta name=\"twitter:label1\" content=\"Escrito por\" \/>\n\t<meta name=\"twitter:data1\" content=\"Josep de Mart\u00ed\" \/>\n\t<meta name=\"twitter:label2\" content=\"Tiempo de lectura\" \/>\n\t<meta name=\"twitter:data2\" content=\"3 minutos\" \/>\n<script type=\"application\/ld+json\" class=\"yoast-schema-graph\">{\"@context\":\"https:\/\/schema.org\",\"@graph\":[{\"@type\":\"WebPage\",\"@id\":\"https:\/\/www.inforesidencias.com\/blog\/index.php\/2019\/12\/10\/una-residencia-en-sant-cugat-y-el-liderazgo-y-la-sexualidad\/\",\"url\":\"https:\/\/www.inforesidencias.com\/blog\/index.php\/2019\/12\/10\/una-residencia-en-sant-cugat-y-el-liderazgo-y-la-sexualidad\/\",\"name\":\"Una residencia en Sant Cugat y el liderazgo y la sexualidad - Blog Inforesidencias.com\",\"isPartOf\":{\"@id\":\"https:\/\/www.inforesidencias.com\/blog\/#website\"},\"datePublished\":\"2019-12-10T15:10:51+00:00\",\"dateModified\":\"2019-12-10T15:10:51+00:00\",\"author\":{\"@id\":\"https:\/\/www.inforesidencias.com\/blog\/#\/schema\/person\/9e146774d1eb3bc1c0316242a3898628\"},\"description\":\"Entrevista a Jordi Vilajosana y Patricia Flores sobre liderazgo y sexualidad y a Sara Santos y la Sra. Dolores de la residencia Cugat Natura.\",\"breadcrumb\":{\"@id\":\"https:\/\/www.inforesidencias.com\/blog\/index.php\/2019\/12\/10\/una-residencia-en-sant-cugat-y-el-liderazgo-y-la-sexualidad\/#breadcrumb\"},\"inLanguage\":\"es\",\"potentialAction\":[{\"@type\":\"ReadAction\",\"target\":[\"https:\/\/www.inforesidencias.com\/blog\/index.php\/2019\/12\/10\/una-residencia-en-sant-cugat-y-el-liderazgo-y-la-sexualidad\/\"]}]},{\"@type\":\"BreadcrumbList\",\"@id\":\"https:\/\/www.inforesidencias.com\/blog\/index.php\/2019\/12\/10\/una-residencia-en-sant-cugat-y-el-liderazgo-y-la-sexualidad\/#breadcrumb\",\"itemListElement\":[{\"@type\":\"ListItem\",\"position\":1,\"name\":\"Home\",\"item\":\"https:\/\/www.inforesidencias.com\/blog\/\"},{\"@type\":\"ListItem\",\"position\":2,\"name\":\"Una residencia en Sant Cugat y el liderazgo y la sexualidad\"}]},{\"@type\":\"WebSite\",\"@id\":\"https:\/\/www.inforesidencias.com\/blog\/#website\",\"url\":\"https:\/\/www.inforesidencias.com\/blog\/\",\"name\":\"Blog Inforesidencias.com\",\"description\":\"El buscador de residencias de la 3\u00aa edad\",\"potentialAction\":[{\"@type\":\"SearchAction\",\"target\":{\"@type\":\"EntryPoint\",\"urlTemplate\":\"https:\/\/www.inforesidencias.com\/blog\/?s={search_term_string}\"},\"query-input\":\"required name=search_term_string\"}],\"inLanguage\":\"es\"},{\"@type\":\"Person\",\"@id\":\"https:\/\/www.inforesidencias.com\/blog\/#\/schema\/person\/9e146774d1eb3bc1c0316242a3898628\",\"name\":\"Josep de Mart\u00ed\",\"image\":{\"@type\":\"ImageObject\",\"inLanguage\":\"es\",\"@id\":\"https:\/\/www.inforesidencias.com\/blog\/#\/schema\/person\/image\/\",\"url\":\"https:\/\/secure.gravatar.com\/avatar\/de0302c4806c00c4cebff396a798c1ff?s=96&d=mm&r=g\",\"contentUrl\":\"https:\/\/secure.gravatar.com\/avatar\/de0302c4806c00c4cebff396a798c1ff?s=96&d=mm&r=g\",\"caption\":\"Josep de Mart\u00ed\"},\"sameAs\":[\"https:\/\/www.inforesidencias.com\",\"https:\/\/www.facebook.com\/josep.demarti\",\"https:\/\/twitter.com\/blog-ir\"],\"url\":\"https:\/\/www.inforesidencias.com\/blog\/index.php\/author\/josepdemarti\/\"}]}<\/script>\n<!-- \/ Yoast SEO plugin. -->","yoast_head_json":{"title":"Una residencia en Sant Cugat y el liderazgo y la sexualidad - Blog Inforesidencias.com","description":"Entrevista a Jordi Vilajosana y Patricia Flores sobre liderazgo y sexualidad y a Sara Santos y la Sra. Dolores de la residencia Cugat Natura.","robots":{"index":"index","follow":"follow","max-snippet":"max-snippet:-1","max-image-preview":"max-image-preview:large","max-video-preview":"max-video-preview:-1"},"canonical":"https:\/\/www.inforesidencias.com\/blog\/index.php\/2019\/12\/10\/una-residencia-en-sant-cugat-y-el-liderazgo-y-la-sexualidad\/","og_locale":"es_ES","og_type":"article","og_title":"Una residencia en Sant Cugat y el liderazgo y la sexualidad - Blog Inforesidencias.com","og_description":"Entrevista a Jordi Vilajosana y Patricia Flores sobre liderazgo y sexualidad y a Sara Santos y la Sra. Dolores de la residencia Cugat Natura.","og_url":"https:\/\/www.inforesidencias.com\/blog\/index.php\/2019\/12\/10\/una-residencia-en-sant-cugat-y-el-liderazgo-y-la-sexualidad\/","og_site_name":"Blog Inforesidencias.com","article_publisher":"https:\/\/www.facebook.com\/Inforesidencias\/","article_author":"https:\/\/www.facebook.com\/josep.demarti","article_published_time":"2019-12-10T15:10:51+00:00","og_image":[{"width":320,"height":240,"url":"https:\/\/www.inforesidencias.com\/blog\/wp-content\/uploads\/2019\/12\/residencia-cugat-natura.jpg","type":"image\/jpeg"}],"author":"Josep de Mart\u00ed","twitter_card":"summary_large_image","twitter_creator":"@blog-ir","twitter_site":"@inforesidencias","twitter_misc":{"Escrito por":"Josep de Mart\u00ed","Tiempo de lectura":"3 minutos"},"schema":{"@context":"https:\/\/schema.org","@graph":[{"@type":"WebPage","@id":"https:\/\/www.inforesidencias.com\/blog\/index.php\/2019\/12\/10\/una-residencia-en-sant-cugat-y-el-liderazgo-y-la-sexualidad\/","url":"https:\/\/www.inforesidencias.com\/blog\/index.php\/2019\/12\/10\/una-residencia-en-sant-cugat-y-el-liderazgo-y-la-sexualidad\/","name":"Una residencia en Sant Cugat y el liderazgo y la sexualidad - Blog Inforesidencias.com","isPartOf":{"@id":"https:\/\/www.inforesidencias.com\/blog\/#website"},"datePublished":"2019-12-10T15:10:51+00:00","dateModified":"2019-12-10T15:10:51+00:00","author":{"@id":"https:\/\/www.inforesidencias.com\/blog\/#\/schema\/person\/9e146774d1eb3bc1c0316242a3898628"},"description":"Entrevista a Jordi Vilajosana y Patricia Flores sobre liderazgo y sexualidad y a Sara Santos y la Sra. Dolores de la residencia Cugat Natura.","breadcrumb":{"@id":"https:\/\/www.inforesidencias.com\/blog\/index.php\/2019\/12\/10\/una-residencia-en-sant-cugat-y-el-liderazgo-y-la-sexualidad\/#breadcrumb"},"inLanguage":"es","potentialAction":[{"@type":"ReadAction","target":["https:\/\/www.inforesidencias.com\/blog\/index.php\/2019\/12\/10\/una-residencia-en-sant-cugat-y-el-liderazgo-y-la-sexualidad\/"]}]},{"@type":"BreadcrumbList","@id":"https:\/\/www.inforesidencias.com\/blog\/index.php\/2019\/12\/10\/una-residencia-en-sant-cugat-y-el-liderazgo-y-la-sexualidad\/#breadcrumb","itemListElement":[{"@type":"ListItem","position":1,"name":"Home","item":"https:\/\/www.inforesidencias.com\/blog\/"},{"@type":"ListItem","position":2,"name":"Una residencia en Sant Cugat y el liderazgo y la sexualidad"}]},{"@type":"WebSite","@id":"https:\/\/www.inforesidencias.com\/blog\/#website","url":"https:\/\/www.inforesidencias.com\/blog\/","name":"Blog Inforesidencias.com","description":"El buscador de residencias de la 3\u00aa edad","potentialAction":[{"@type":"SearchAction","target":{"@type":"EntryPoint","urlTemplate":"https:\/\/www.inforesidencias.com\/blog\/?s={search_term_string}"},"query-input":"required name=search_term_string"}],"inLanguage":"es"},{"@type":"Person","@id":"https:\/\/www.inforesidencias.com\/blog\/#\/schema\/person\/9e146774d1eb3bc1c0316242a3898628","name":"Josep de Mart\u00ed","image":{"@type":"ImageObject","inLanguage":"es","@id":"https:\/\/www.inforesidencias.com\/blog\/#\/schema\/person\/image\/","url":"https:\/\/secure.gravatar.com\/avatar\/de0302c4806c00c4cebff396a798c1ff?s=96&d=mm&r=g","contentUrl":"https:\/\/secure.gravatar.com\/avatar\/de0302c4806c00c4cebff396a798c1ff?s=96&d=mm&r=g","caption":"Josep de Mart\u00ed"},"sameAs":["https:\/\/www.inforesidencias.com","https:\/\/www.facebook.com\/josep.demarti","https:\/\/twitter.com\/blog-ir"],"url":"https:\/\/www.inforesidencias.com\/blog\/index.php\/author\/josepdemarti\/"}]}},"_links":{"self":[{"href":"https:\/\/www.inforesidencias.com\/blog\/index.php\/wp-json\/wp\/v2\/posts\/2616"}],"collection":[{"href":"https:\/\/www.inforesidencias.com\/blog\/index.php\/wp-json\/wp\/v2\/posts"}],"about":[{"href":"https:\/\/www.inforesidencias.com\/blog\/index.php\/wp-json\/wp\/v2\/types\/post"}],"author":[{"embeddable":true,"href":"https:\/\/www.inforesidencias.com\/blog\/index.php\/wp-json\/wp\/v2\/users\/2"}],"replies":[{"embeddable":true,"href":"https:\/\/www.inforesidencias.com\/blog\/index.php\/wp-json\/wp\/v2\/comments?post=2616"}],"version-history":[{"count":3,"href":"https:\/\/www.inforesidencias.com\/blog\/index.php\/wp-json\/wp\/v2\/posts\/2616\/revisions"}],"predecessor-version":[{"id":2621,"href":"https:\/\/www.inforesidencias.com\/blog\/index.php\/wp-json\/wp\/v2\/posts\/2616\/revisions\/2621"}],"wp:featuredmedia":[{"embeddable":true,"href":"https:\/\/www.inforesidencias.com\/blog\/index.php\/wp-json\/wp\/v2\/media\/2617"}],"wp:attachment":[{"href":"https:\/\/www.inforesidencias.com\/blog\/index.php\/wp-json\/wp\/v2\/media?parent=2616"}],"wp:term":[{"taxonomy":"category","embeddable":true,"href":"https:\/\/www.inforesidencias.com\/blog\/index.php\/wp-json\/wp\/v2\/categories?post=2616"},{"taxonomy":"post_tag","embeddable":true,"href":"https:\/\/www.inforesidencias.com\/blog\/index.php\/wp-json\/wp\/v2\/tags?post=2616"}],"curies":[{"name":"wp","href":"https:\/\/api.w.org\/{rel}","templated":true}]}}