{"id":2666,"date":"2020-01-17T13:27:32","date_gmt":"2020-01-17T13:27:32","guid":{"rendered":"https:\/\/www.inforesidencias.com\/blog\/?p=2666"},"modified":"2020-01-17T13:27:32","modified_gmt":"2020-01-17T13:27:32","slug":"un-medico-de-cuatro-residencias-y-el-porque-de-un-centro-de-dia","status":"publish","type":"post","link":"https:\/\/www.inforesidencias.com\/blog\/index.php\/2020\/01\/17\/un-medico-de-cuatro-residencias-y-el-porque-de-un-centro-de-dia\/","title":{"rendered":"Un m\u00e9dico de cuatro residencias y el porqu\u00e9 de un centro de d\u00eda"},"content":{"rendered":"<p style=\"text-align: justify\">Esta semana en \u201c\u00c9s gran ser gran\u201d empezamos <a href=\"https:\/\/www.estelfitxers.com\/audio\/20200115-17_00TEMPSDEBENESTAR-ESGRANSERGRAN.MP3\">el programa del mi\u00e9rcoles<\/a> hablando un poco de inforesidencias.com y de las visitas que tuvimos durante el 2019. Adem\u00e1s explicamos la importancia del cuidado del cuidador de una persona que tiene dependencia igual que se cuida al dependiente.<\/p>\n<p style=\"text-align: justify\">En la entrevista, el invitado de esta semana fue el Dr. Francisco P\u00e9rez Rota. Este m\u00e9dico de 4 residencias, ha trabajado 25 a\u00f1os en el hospital de Granollers pero antes trabaj\u00f3 muchos a\u00f1os como ingeniero electr\u00f3nico desarrollando aparatos electr\u00f3nicos de medicina, y con 34 a\u00f1os decidi\u00f3 empezar a estudiar medicina.<\/p>\n<p style=\"text-align: justify\"><a href=\"https:\/\/www.inforesidencias.com\/blog\/wp-content\/uploads\/2020\/01\/doctor-francisco-perez.jpg\"><img decoding=\"async\" loading=\"lazy\" class=\"alignleft wp-image-2672\" src=\"https:\/\/www.inforesidencias.com\/blog\/wp-content\/uploads\/2020\/01\/doctor-francisco-perez.jpg\" alt=\"doctor francisco perez\" width=\"230\" height=\"173\" \/><\/a>Con el doctor Francisco hablamos de como es un d\u00eda a d\u00eda de un m\u00e9dico en una residencia de ancianos. En todo lo que explicaba el doctor se notaba el cari\u00f1o que procesa hacia sus pacientes \u201cseniors\u201d. Como \u00e9l mismo dec\u00eda, la empat\u00eda es un factor clave para conectar con ellos. M\u00e1s tarde hablamos sobre la importancia de llevar a cabo un estilo de vida activo para tener un envejecimiento saludable y no olvidamos tampoco la importancia de las relaciones sociales en una buena salud.<\/p>\n<p style=\"text-align: justify\">Fue muy interesante la colaboraci\u00f3n del doctor y seguro que contaremos con \u00e9l en futuros programas para hablara de otros temas m\u00e9dicos.<\/p>\n<p style=\"text-align: justify\">Despu\u00e9s de la bolsa de empleo, en la consulta del trabajador social, dedicamos el programa a hacer un recordatorio de que es la ley de dependencia, como funciona y los servicios que ofrece. Creemos que dar este tipo de informaci\u00f3n una o dos veces al a\u00f1o ayuda y orienta a la gente que tiene dudas al respecto de este pilar del estado de bienestar.<\/p>\n<p style=\"text-align: justify\">Iniciamos <a href=\"https:\/\/www.estelfitxers.com\/audio\/20200116-17_00TEMPSDEBENESTAR-ESGRANSERGRAN.MP3\">el programa del jueves<\/a> hablando de la transparencia en las residencias y como trabajamos en ello desde inforesidencias.com. Ofrecemos a todas las residencias asociadas la posibilidad de poner diferentes datos y documentos p\u00fablicos y privados para que los usuarios del portal puedan consultarlos cuando deseen.<\/p>\n<p style=\"text-align: justify\">En la entrevista del d\u00eda contamos con Javier Andr\u00e9s, educador social del <a href=\"https:\/\/www.inforesidencias.com\/centros\/residencia\/12157\/centre-de-dia-vincles\">centro de d\u00eda Vincles<\/a> de Barcelona y a su gerente, Carlos del Rio. Nos agrada recordar que <a href=\"https:\/\/www.inforesidencias.com\/blog\/index.php\/2019\/11\/04\/residencias-y-centros-de-dia-en-barcelona-y-el-halloween\/\">no es la primera vez que profesionales del centro de d\u00eda Vincles vienen al programa<\/a>. Con Javier conversamos acerca de como ve\u00eda \u00e9l las diferencias principales entre una residencia de mayores y de un centro de d\u00eda como el de Vincles y que tipo de actividades lleva a cabo Javier desde su \u00e1rea.<\/p>\n<p style=\"text-align: justify\"><a href=\"https:\/\/www.inforesidencias.com\/blog\/wp-content\/uploads\/2020\/01\/centro-de-di\u0301a-Vinlces.jpg\"><img decoding=\"async\" loading=\"lazy\" class=\"aligncenter size-full wp-image-2671\" src=\"https:\/\/www.inforesidencias.com\/blog\/wp-content\/uploads\/2020\/01\/centro-de-di\u0301a-Vinlces.jpg\" alt=\"centro de di\u0301a Vincles\" width=\"350\" height=\"263\" \/><\/a><\/p>\n<p style=\"text-align: justify\">Con Carlos del Rio repasamos brevemente la localizaci\u00f3n del centro y hablamos sobre el tipo de usuarios (eminentemente mujeres) que acuden diariamente al centro de d\u00eda vincles.<\/p>\n<p style=\"text-align: justify\">Finalizando la entrevista Acabamos hablando con Carlos y con Javier del perfil de personas a las que les ir\u00eda muy bien los servicios que ofrecen los centros de d\u00eda.<\/p>\n<p style=\"text-align: justify\">En la recta final del programa, en la consulta del trabajador social, seguimos con la l\u00ednea del d\u00eda anterior y continuamos dando informaci\u00f3n acerca de la ley de dependencia y explicamos en esa ocasi\u00f3n los pasos para tramitarla y como funciona el proceso desde el inicio hasta el fin. Adem\u00e1s dimos algunos consejos para agilizar un poco la obtenci\u00f3n de un recurso.<\/p>\n<p style=\"text-align: justify\">Acabamos comentando que hace pocos meses los gerentes del centro de d\u00eda Vincles, Sonia Shah y Carlos del Rio nos escribieron un interesante articulo sobre <a href=\"https:\/\/www.inforesidencias.com\/blog\/index.php\/2019\/11\/18\/sentirse-util-el-empoderamiento-en-la-tercera-edad-es-la-mejor-receta\/\">la importancia del empoderamiento de las personas mayores<\/a>.<\/p>\n","protected":false},"excerpt":{"rendered":"<p>Esta semana en \u201c\u00c9s gran ser gran\u201d empezamos el programa del mi\u00e9rcoles hablando un poco de inforesidencias.com y de las visitas que tuvimos durante el 2019. Adem\u00e1s explicamos la importancia del cuidado del cuidador de una persona que tiene dependencia igual que se cuida al dependiente. En la entrevista, el invitado de esta semana fue el Dr. Francisco P\u00e9rez Rota. Este m\u00e9dico de 4 residencias, ha trabajado 25 a\u00f1os en el hospital de Granollers pero antes trabaj\u00f3 muchos a\u00f1os como ingeniero electr\u00f3nico desarrollando aparatos electr\u00f3nicos de medicina, y con 34 a\u00f1os decidi\u00f3 empezar a estudiar medicina. Con el doctor Francisco hablamos de como es un d\u00eda a d\u00eda de un m\u00e9dico en una residencia de ancianos. En todo lo que explicaba el doctor se notaba el cari\u00f1o que procesa hacia sus pacientes \u201cseniors\u201d. Como \u00e9l mismo dec\u00eda, la empat\u00eda es un factor clave para conectar con ellos. M\u00e1s tarde hablamos [&hellip;]<\/p>\n","protected":false},"author":2,"featured_media":2671,"comment_status":"open","ping_status":"open","sticky":false,"template":"","format":"standard","meta":{"footnotes":""},"categories":[1],"tags":[],"yoast_head":"<!-- This site is optimized with the Yoast SEO plugin v21.7 - https:\/\/yoast.com\/wordpress\/plugins\/seo\/ -->\n<title>Un m\u00e9dico de cuatro residencias y el porqu\u00e9 de un centro de d\u00eda - Blog Inforesidencias.com<\/title>\n<meta name=\"description\" content=\"Entrevistamos al Dr. Francisco P\u00e9rez, m\u00e9dico geriatra en cuatro residencias de mayores y a profesionales del centro de d\u00eda Vincles de Barcelona.\" \/>\n<meta name=\"robots\" content=\"index, follow, max-snippet:-1, max-image-preview:large, max-video-preview:-1\" \/>\n<link rel=\"canonical\" href=\"https:\/\/www.inforesidencias.com\/blog\/index.php\/2020\/01\/17\/un-medico-de-cuatro-residencias-y-el-porque-de-un-centro-de-dia\/\" \/>\n<meta property=\"og:locale\" content=\"es_ES\" \/>\n<meta property=\"og:type\" content=\"article\" \/>\n<meta property=\"og:title\" content=\"Un m\u00e9dico de cuatro residencias y el porqu\u00e9 de un centro de d\u00eda - Blog Inforesidencias.com\" \/>\n<meta property=\"og:description\" content=\"Entrevistamos al Dr. Francisco P\u00e9rez, m\u00e9dico geriatra en cuatro residencias de mayores y a profesionales del centro de d\u00eda Vincles de Barcelona.\" \/>\n<meta property=\"og:url\" content=\"https:\/\/www.inforesidencias.com\/blog\/index.php\/2020\/01\/17\/un-medico-de-cuatro-residencias-y-el-porque-de-un-centro-de-dia\/\" \/>\n<meta property=\"og:site_name\" content=\"Blog Inforesidencias.com\" \/>\n<meta property=\"article:publisher\" content=\"https:\/\/www.facebook.com\/Inforesidencias\/\" \/>\n<meta property=\"article:author\" content=\"https:\/\/www.facebook.com\/josep.demarti\" \/>\n<meta property=\"article:published_time\" content=\"2020-01-17T13:27:32+00:00\" \/>\n<meta property=\"og:image\" content=\"https:\/\/www.inforesidencias.com\/blog\/wp-content\/uploads\/2020\/01\/centro-de-di\u0301a-Vinlces.jpg\" \/>\n\t<meta property=\"og:image:width\" content=\"350\" \/>\n\t<meta property=\"og:image:height\" content=\"263\" \/>\n\t<meta property=\"og:image:type\" content=\"image\/jpeg\" \/>\n<meta name=\"author\" content=\"Josep de Mart\u00ed\" \/>\n<meta name=\"twitter:card\" content=\"summary_large_image\" \/>\n<meta name=\"twitter:creator\" content=\"@blog-ir\" \/>\n<meta name=\"twitter:site\" content=\"@inforesidencias\" \/>\n<meta name=\"twitter:label1\" content=\"Escrito por\" \/>\n\t<meta name=\"twitter:data1\" content=\"Josep de Mart\u00ed\" \/>\n\t<meta name=\"twitter:label2\" content=\"Tiempo de lectura\" \/>\n\t<meta name=\"twitter:data2\" content=\"3 minutos\" \/>\n<script type=\"application\/ld+json\" class=\"yoast-schema-graph\">{\"@context\":\"https:\/\/schema.org\",\"@graph\":[{\"@type\":\"WebPage\",\"@id\":\"https:\/\/www.inforesidencias.com\/blog\/index.php\/2020\/01\/17\/un-medico-de-cuatro-residencias-y-el-porque-de-un-centro-de-dia\/\",\"url\":\"https:\/\/www.inforesidencias.com\/blog\/index.php\/2020\/01\/17\/un-medico-de-cuatro-residencias-y-el-porque-de-un-centro-de-dia\/\",\"name\":\"Un m\u00e9dico de cuatro residencias y el porqu\u00e9 de un centro de d\u00eda - Blog Inforesidencias.com\",\"isPartOf\":{\"@id\":\"https:\/\/www.inforesidencias.com\/blog\/#website\"},\"datePublished\":\"2020-01-17T13:27:32+00:00\",\"dateModified\":\"2020-01-17T13:27:32+00:00\",\"author\":{\"@id\":\"https:\/\/www.inforesidencias.com\/blog\/#\/schema\/person\/9e146774d1eb3bc1c0316242a3898628\"},\"description\":\"Entrevistamos al Dr. Francisco P\u00e9rez, m\u00e9dico geriatra en cuatro residencias de mayores y a profesionales del centro de d\u00eda Vincles de Barcelona.\",\"breadcrumb\":{\"@id\":\"https:\/\/www.inforesidencias.com\/blog\/index.php\/2020\/01\/17\/un-medico-de-cuatro-residencias-y-el-porque-de-un-centro-de-dia\/#breadcrumb\"},\"inLanguage\":\"es\",\"potentialAction\":[{\"@type\":\"ReadAction\",\"target\":[\"https:\/\/www.inforesidencias.com\/blog\/index.php\/2020\/01\/17\/un-medico-de-cuatro-residencias-y-el-porque-de-un-centro-de-dia\/\"]}]},{\"@type\":\"BreadcrumbList\",\"@id\":\"https:\/\/www.inforesidencias.com\/blog\/index.php\/2020\/01\/17\/un-medico-de-cuatro-residencias-y-el-porque-de-un-centro-de-dia\/#breadcrumb\",\"itemListElement\":[{\"@type\":\"ListItem\",\"position\":1,\"name\":\"Home\",\"item\":\"https:\/\/www.inforesidencias.com\/blog\/\"},{\"@type\":\"ListItem\",\"position\":2,\"name\":\"Un m\u00e9dico de cuatro residencias y el porqu\u00e9 de un centro de d\u00eda\"}]},{\"@type\":\"WebSite\",\"@id\":\"https:\/\/www.inforesidencias.com\/blog\/#website\",\"url\":\"https:\/\/www.inforesidencias.com\/blog\/\",\"name\":\"Blog Inforesidencias.com\",\"description\":\"El buscador de residencias de la 3\u00aa edad\",\"potentialAction\":[{\"@type\":\"SearchAction\",\"target\":{\"@type\":\"EntryPoint\",\"urlTemplate\":\"https:\/\/www.inforesidencias.com\/blog\/?s={search_term_string}\"},\"query-input\":\"required name=search_term_string\"}],\"inLanguage\":\"es\"},{\"@type\":\"Person\",\"@id\":\"https:\/\/www.inforesidencias.com\/blog\/#\/schema\/person\/9e146774d1eb3bc1c0316242a3898628\",\"name\":\"Josep de Mart\u00ed\",\"image\":{\"@type\":\"ImageObject\",\"inLanguage\":\"es\",\"@id\":\"https:\/\/www.inforesidencias.com\/blog\/#\/schema\/person\/image\/\",\"url\":\"https:\/\/secure.gravatar.com\/avatar\/de0302c4806c00c4cebff396a798c1ff?s=96&d=mm&r=g\",\"contentUrl\":\"https:\/\/secure.gravatar.com\/avatar\/de0302c4806c00c4cebff396a798c1ff?s=96&d=mm&r=g\",\"caption\":\"Josep de Mart\u00ed\"},\"sameAs\":[\"https:\/\/www.inforesidencias.com\",\"https:\/\/www.facebook.com\/josep.demarti\",\"https:\/\/twitter.com\/blog-ir\"],\"url\":\"https:\/\/www.inforesidencias.com\/blog\/index.php\/author\/josepdemarti\/\"}]}<\/script>\n<!-- \/ Yoast SEO plugin. -->","yoast_head_json":{"title":"Un m\u00e9dico de cuatro residencias y el porqu\u00e9 de un centro de d\u00eda - Blog Inforesidencias.com","description":"Entrevistamos al Dr. Francisco P\u00e9rez, m\u00e9dico geriatra en cuatro residencias de mayores y a profesionales del centro de d\u00eda Vincles de Barcelona.","robots":{"index":"index","follow":"follow","max-snippet":"max-snippet:-1","max-image-preview":"max-image-preview:large","max-video-preview":"max-video-preview:-1"},"canonical":"https:\/\/www.inforesidencias.com\/blog\/index.php\/2020\/01\/17\/un-medico-de-cuatro-residencias-y-el-porque-de-un-centro-de-dia\/","og_locale":"es_ES","og_type":"article","og_title":"Un m\u00e9dico de cuatro residencias y el porqu\u00e9 de un centro de d\u00eda - Blog Inforesidencias.com","og_description":"Entrevistamos al Dr. Francisco P\u00e9rez, m\u00e9dico geriatra en cuatro residencias de mayores y a profesionales del centro de d\u00eda Vincles de Barcelona.","og_url":"https:\/\/www.inforesidencias.com\/blog\/index.php\/2020\/01\/17\/un-medico-de-cuatro-residencias-y-el-porque-de-un-centro-de-dia\/","og_site_name":"Blog Inforesidencias.com","article_publisher":"https:\/\/www.facebook.com\/Inforesidencias\/","article_author":"https:\/\/www.facebook.com\/josep.demarti","article_published_time":"2020-01-17T13:27:32+00:00","og_image":[{"width":350,"height":263,"url":"https:\/\/www.inforesidencias.com\/blog\/wp-content\/uploads\/2020\/01\/centro-de-di\u0301a-Vinlces.jpg","type":"image\/jpeg"}],"author":"Josep de Mart\u00ed","twitter_card":"summary_large_image","twitter_creator":"@blog-ir","twitter_site":"@inforesidencias","twitter_misc":{"Escrito por":"Josep de Mart\u00ed","Tiempo de lectura":"3 minutos"},"schema":{"@context":"https:\/\/schema.org","@graph":[{"@type":"WebPage","@id":"https:\/\/www.inforesidencias.com\/blog\/index.php\/2020\/01\/17\/un-medico-de-cuatro-residencias-y-el-porque-de-un-centro-de-dia\/","url":"https:\/\/www.inforesidencias.com\/blog\/index.php\/2020\/01\/17\/un-medico-de-cuatro-residencias-y-el-porque-de-un-centro-de-dia\/","name":"Un m\u00e9dico de cuatro residencias y el porqu\u00e9 de un centro de d\u00eda - Blog Inforesidencias.com","isPartOf":{"@id":"https:\/\/www.inforesidencias.com\/blog\/#website"},"datePublished":"2020-01-17T13:27:32+00:00","dateModified":"2020-01-17T13:27:32+00:00","author":{"@id":"https:\/\/www.inforesidencias.com\/blog\/#\/schema\/person\/9e146774d1eb3bc1c0316242a3898628"},"description":"Entrevistamos al Dr. Francisco P\u00e9rez, m\u00e9dico geriatra en cuatro residencias de mayores y a profesionales del centro de d\u00eda Vincles de Barcelona.","breadcrumb":{"@id":"https:\/\/www.inforesidencias.com\/blog\/index.php\/2020\/01\/17\/un-medico-de-cuatro-residencias-y-el-porque-de-un-centro-de-dia\/#breadcrumb"},"inLanguage":"es","potentialAction":[{"@type":"ReadAction","target":["https:\/\/www.inforesidencias.com\/blog\/index.php\/2020\/01\/17\/un-medico-de-cuatro-residencias-y-el-porque-de-un-centro-de-dia\/"]}]},{"@type":"BreadcrumbList","@id":"https:\/\/www.inforesidencias.com\/blog\/index.php\/2020\/01\/17\/un-medico-de-cuatro-residencias-y-el-porque-de-un-centro-de-dia\/#breadcrumb","itemListElement":[{"@type":"ListItem","position":1,"name":"Home","item":"https:\/\/www.inforesidencias.com\/blog\/"},{"@type":"ListItem","position":2,"name":"Un m\u00e9dico de cuatro residencias y el porqu\u00e9 de un centro de d\u00eda"}]},{"@type":"WebSite","@id":"https:\/\/www.inforesidencias.com\/blog\/#website","url":"https:\/\/www.inforesidencias.com\/blog\/","name":"Blog Inforesidencias.com","description":"El buscador de residencias de la 3\u00aa edad","potentialAction":[{"@type":"SearchAction","target":{"@type":"EntryPoint","urlTemplate":"https:\/\/www.inforesidencias.com\/blog\/?s={search_term_string}"},"query-input":"required name=search_term_string"}],"inLanguage":"es"},{"@type":"Person","@id":"https:\/\/www.inforesidencias.com\/blog\/#\/schema\/person\/9e146774d1eb3bc1c0316242a3898628","name":"Josep de Mart\u00ed","image":{"@type":"ImageObject","inLanguage":"es","@id":"https:\/\/www.inforesidencias.com\/blog\/#\/schema\/person\/image\/","url":"https:\/\/secure.gravatar.com\/avatar\/de0302c4806c00c4cebff396a798c1ff?s=96&d=mm&r=g","contentUrl":"https:\/\/secure.gravatar.com\/avatar\/de0302c4806c00c4cebff396a798c1ff?s=96&d=mm&r=g","caption":"Josep de Mart\u00ed"},"sameAs":["https:\/\/www.inforesidencias.com","https:\/\/www.facebook.com\/josep.demarti","https:\/\/twitter.com\/blog-ir"],"url":"https:\/\/www.inforesidencias.com\/blog\/index.php\/author\/josepdemarti\/"}]}},"_links":{"self":[{"href":"https:\/\/www.inforesidencias.com\/blog\/index.php\/wp-json\/wp\/v2\/posts\/2666"}],"collection":[{"href":"https:\/\/www.inforesidencias.com\/blog\/index.php\/wp-json\/wp\/v2\/posts"}],"about":[{"href":"https:\/\/www.inforesidencias.com\/blog\/index.php\/wp-json\/wp\/v2\/types\/post"}],"author":[{"embeddable":true,"href":"https:\/\/www.inforesidencias.com\/blog\/index.php\/wp-json\/wp\/v2\/users\/2"}],"replies":[{"embeddable":true,"href":"https:\/\/www.inforesidencias.com\/blog\/index.php\/wp-json\/wp\/v2\/comments?post=2666"}],"version-history":[{"count":5,"href":"https:\/\/www.inforesidencias.com\/blog\/index.php\/wp-json\/wp\/v2\/posts\/2666\/revisions"}],"predecessor-version":[{"id":2673,"href":"https:\/\/www.inforesidencias.com\/blog\/index.php\/wp-json\/wp\/v2\/posts\/2666\/revisions\/2673"}],"wp:featuredmedia":[{"embeddable":true,"href":"https:\/\/www.inforesidencias.com\/blog\/index.php\/wp-json\/wp\/v2\/media\/2671"}],"wp:attachment":[{"href":"https:\/\/www.inforesidencias.com\/blog\/index.php\/wp-json\/wp\/v2\/media?parent=2666"}],"wp:term":[{"taxonomy":"category","embeddable":true,"href":"https:\/\/www.inforesidencias.com\/blog\/index.php\/wp-json\/wp\/v2\/categories?post=2666"},{"taxonomy":"post_tag","embeddable":true,"href":"https:\/\/www.inforesidencias.com\/blog\/index.php\/wp-json\/wp\/v2\/tags?post=2666"}],"curies":[{"name":"wp","href":"https:\/\/api.w.org\/{rel}","templated":true}]}}