{"id":2678,"date":"2020-01-24T10:06:24","date_gmt":"2020-01-24T10:06:24","guid":{"rendered":"https:\/\/www.inforesidencias.com\/blog\/?p=2678"},"modified":"2020-01-24T10:18:46","modified_gmt":"2020-01-24T10:18:46","slug":"una-gran-residencia-en-calella-y-musicoterapia-en-demencias","status":"publish","type":"post","link":"https:\/\/www.inforesidencias.com\/blog\/index.php\/2020\/01\/24\/una-gran-residencia-en-calella-y-musicoterapia-en-demencias\/","title":{"rendered":"Una gran residencia en Calella y musicoterapia en demencias"},"content":{"rendered":"<p style=\"text-align: justify\">En estos d\u00edas de fr\u00edo, lluvia y viento, Josep aprovech\u00f3 para empezar <a href=\"https:\/\/www.estelfitxers.com\/audio\/20200122-17_00TEMPSDEBENESTAR-ESGRANSERGRAN.MP3\">el programa de \u201c\u00c9s gran ser gran\u201d de este mi\u00e9rcoles<\/a> hablando de experiencias de climatolog\u00eda adversa que ha visto en residencias de otros pa\u00edses con la gente mayor que vive en ellas. Fueron an\u00e9cdotas curiosas de zonas donde la lluvia y el fr\u00edo es habitual y que hace por ejemplo que en toda residencia tengan muy a mano botas de agua y chubasqueros para salir a dar una vuelta.<\/p>\n<p style=\"text-align: justify\">En la entrevista de este lluvioso mi\u00e9rcoles hablamos con Marta Casellas, gerente de <a href=\"http:\/\/musicoterapia-epm.es\/persones-grans.php\">estudio proyectos musicales<\/a> y directora de la<a href=\"https:\/\/www.associaciomusicadifusio.com\/activitats\"> asociaci\u00f3n m\u00fasica difusi\u00f3n.<\/a> Marta explic\u00f3 un poco primero su trayectoria profesional y como lleg\u00f3 al mundo de la musicoterapia. Tambi\u00e9n nos aclar\u00f3 un poco que es lo que es la musicoterapia y que objetivos tiene.<\/p>\n<p style=\"text-align: justify\">Adentr\u00e1ndonos m\u00e1s aun en la tem\u00e1tica, Marta coment\u00f3 como se trabaja con personas mayores con demencia moderada y avanzada en residencias. Pero la cosa no se qued\u00f3 aqu\u00ed ya que adem\u00e1s detall\u00f3 como puede ser una sesi\u00f3n de <a href=\"https:\/\/www.inforesidencias.com\/blog\/index.php\/2016\/03\/12\/musica-y-musicoterapia-en-residencias-algo-original\/\">musicoterapia en una residencia <\/a>y algunas de las diferentes actividades que se pueden realizar.<\/p>\n<p style=\"text-align: justify\"><a href=\"https:\/\/www.inforesidencias.com\/blog\/wp-content\/uploads\/2020\/01\/musicoterapia-en-demencias.jpg\"><img decoding=\"async\" loading=\"lazy\" class=\"aligncenter wp-image-2680\" src=\"https:\/\/www.inforesidencias.com\/blog\/wp-content\/uploads\/2020\/01\/musicoterapia-en-demencias.jpg\" alt=\"musicoterapia en demencias\" width=\"450\" height=\"338\" \/><\/a><\/p>\n<p style=\"text-align: justify\">Qued\u00f3 claro adem\u00e1s que tanto la musicoterapia en si como el proyecto de investigaci\u00f3n de musicoterapia con personas con alzheimer moderado-grave y grave que llevan a cabo desde la asociaci\u00f3n m\u00fasica difusi\u00f3n y estudio proyectos musicales tiene unos conocimientos detr\u00e1s y unas l\u00edneas te\u00f3ricas que dan unos fundamentos y una base a este tipo de terapia.<\/p>\n<p style=\"text-align: justify\">En esta ocasi\u00f3n en los minutos musicales, pusimos a prueba a la audiencia con la canci\u00f3n que cantaron Freddy Mercury y Montserrat Caball\u00e9 para los juegos Ol\u00edmpicos de Barcelona 92. Josep prepar\u00f3 una peque\u00f1a treta para la audiencia una vez finaliz\u00f3 la m\u00fasica.<\/p>\n<p style=\"text-align: justify\">En la recta final del programa respondimos una pregunta sobre el cambio de prestaci\u00f3n por cuidador no profesional a la prestaci\u00f3n econ\u00f3mica vinculada residencia de una persona mayor con dependencia que adem\u00e1s se hab\u00eda cambiado de domicilio y requer\u00eda un traslado de expediente<\/p>\n<p style=\"text-align: justify\"><a href=\"https:\/\/www.estelfitxers.com\/audio\/20200123-17_00TEMPSDEBENESTAR-ESGRANSERGRAN.MP3\">El programa de este jueves<\/a> lo arrancamos (como no pod\u00eda ser de otra forma) hablando del fin del temporal de esta semana. Debido a estas circunstancias climatol\u00f3gicas ca\u00edmos en la tentaci\u00f3n de hablar de nuevo de experiencias de fr\u00edo y el mal tiempo que Josep ha visto en otros pa\u00edses donde ha visitado residencias y donde la climatolog\u00eda adversa es habitual. Una de ellas fue el hecho de implicar a los ni\u00f1os peque\u00f1os en vigilar si ven por calle gente mayor que en d\u00edas que haga mucho fr\u00edo no lleven bufanda, guantes etc y que de ser as\u00ed avisen a un adulto ya que puede ser que la persona detectada tenga alg\u00fan deterioro cognitivo.<\/p>\n<p style=\"text-align: justify\">La entrevista del jueves fue un poco \u201cmultitudinaria\u201d. Vinieron al programe la Tate Colilles, subdirectora del centro <a href=\"https:\/\/www.inforesidencias.com\/centros\/residencia\/1315\/centre-residencial-calella-mar-i-sol\">\u201cMar y sol\u201d de Calella<\/a>, Gerard Vila trabajador social de la residencia y una residente, la Sra. Conxita Angl\u00e8s.<\/p>\n<p style=\"text-align: justify\"><a href=\"https:\/\/www.inforesidencias.com\/blog\/wp-content\/uploads\/2020\/01\/residencia-mar-i-sol-de-calella.jpg\"><img decoding=\"async\" loading=\"lazy\" class=\" wp-image-2682 alignright\" src=\"https:\/\/www.inforesidencias.com\/blog\/wp-content\/uploads\/2020\/01\/residencia-mar-i-sol-de-calella.jpg\" alt=\"residencia mar i sol de calella\" width=\"350\" height=\"263\" \/><\/a>Tate nos habl\u00f3 un poco de la creaci\u00f3n de la residencia hace m\u00e1s de 20 a\u00f1os y de c\u00f3mo se transform\u00f3 el hotel que era antiguamente en la residencia \u201cMar y sol\u201d que es ahora. Tambi\u00e9n explic\u00f3 que diferencia su residencia del resto que hay por la zona. Entre los aspectos a destacar habl\u00f3 de la ubicaci\u00f3n dentro de la poblaci\u00f3n de Calella y el personal. M\u00e1s tarde explic\u00f3 del gran tama\u00f1o del centro (162 plazas) y de c\u00f3mo trabajan con el paradigma de atenci\u00f3n centrada en la persona haciendo grupo reducidos en todas aquellas actividades en las que sea posible.<\/p>\n<p style=\"text-align: justify\">Con Gerard Vila hablamos de cual es la funci\u00f3n de un trabajador social en una residencia de ancianos y en particular de c\u00f3mo se intenta que alguien que viene a vivir a una residencia procedente de un domicilio se sienta como en casa.<\/p>\n<p style=\"text-align: justify\">Con la Sra. Conxita Angl\u00e8s, que lleva 7 a\u00f1os viviendo en la residencia, charlamos acerca de c\u00f3mo lleg\u00f3 a decidir el hecho de ir a \u201cMar y sol\u201d y del cambio que supone el pasar de vivir en casa a una residencia. Seguidamente, en los minutos finales de la entrevista nos habl\u00f3 de lo entretenida que est\u00e1 participando la gran variedad de actividades que se hacen en su residencia.<\/p>\n<p style=\"text-align: justify\">En la consulta del trabajador social, despu\u00e9s de la bolsa de trabajo y unos minutos musicales tuvimos una consulta acerca de los requisitos par ser asignado cuidador no profesional de una persona con dependencia. Dimos algunas indicaciones acerca sobretodo de la parentesco y convivencia con la persona dependiente a tener en cuenta previamente si se pod\u00eda o no ser cuidador<\/p>\n","protected":false},"excerpt":{"rendered":"<p>En estos d\u00edas de fr\u00edo, lluvia y viento, Josep aprovech\u00f3 para empezar el programa de \u201c\u00c9s gran ser gran\u201d de este mi\u00e9rcoles hablando de experiencias de climatolog\u00eda adversa que ha visto en residencias de otros pa\u00edses con la gente mayor que vive en ellas. Fueron an\u00e9cdotas curiosas de zonas donde la lluvia y el fr\u00edo es habitual y que hace por ejemplo que en toda residencia tengan muy a mano botas de agua y chubasqueros para salir a dar una vuelta. En la entrevista de este lluvioso mi\u00e9rcoles hablamos con Marta Casellas, gerente de estudio proyectos musicales y directora de la asociaci\u00f3n m\u00fasica difusi\u00f3n. Marta explic\u00f3 un poco primero su trayectoria profesional y como lleg\u00f3 al mundo de la musicoterapia. Tambi\u00e9n nos aclar\u00f3 un poco que es lo que es la musicoterapia y que objetivos tiene. Adentr\u00e1ndonos m\u00e1s aun en la tem\u00e1tica, Marta coment\u00f3 como se trabaja con personas mayores [&hellip;]<\/p>\n","protected":false},"author":2,"featured_media":2684,"comment_status":"open","ping_status":"open","sticky":false,"template":"","format":"standard","meta":{"footnotes":""},"categories":[1],"tags":[],"yoast_head":"<!-- This site is optimized with the Yoast SEO plugin v21.7 - https:\/\/yoast.com\/wordpress\/plugins\/seo\/ -->\n<title>Una gran residencia en Calella y musicoterapia en demencias - Blog Inforesidencias.com<\/title>\n<meta name=\"description\" content=\"Esta semana Hablamos de musicoterapia en personas con demencias con Marta Casellas y con invitados de la residencia Mar y sol de Calella\" \/>\n<meta name=\"robots\" content=\"index, follow, max-snippet:-1, max-image-preview:large, max-video-preview:-1\" \/>\n<link rel=\"canonical\" href=\"https:\/\/www.inforesidencias.com\/blog\/index.php\/2020\/01\/24\/una-gran-residencia-en-calella-y-musicoterapia-en-demencias\/\" \/>\n<meta property=\"og:locale\" content=\"es_ES\" \/>\n<meta property=\"og:type\" content=\"article\" \/>\n<meta property=\"og:title\" content=\"Una gran residencia en Calella y musicoterapia en demencias - Blog Inforesidencias.com\" \/>\n<meta property=\"og:description\" content=\"Esta semana Hablamos de musicoterapia en personas con demencias con Marta Casellas y con invitados de la residencia Mar y sol de Calella\" \/>\n<meta property=\"og:url\" content=\"https:\/\/www.inforesidencias.com\/blog\/index.php\/2020\/01\/24\/una-gran-residencia-en-calella-y-musicoterapia-en-demencias\/\" \/>\n<meta property=\"og:site_name\" content=\"Blog Inforesidencias.com\" \/>\n<meta property=\"article:publisher\" content=\"https:\/\/www.facebook.com\/Inforesidencias\/\" \/>\n<meta property=\"article:author\" content=\"https:\/\/www.facebook.com\/josep.demarti\" \/>\n<meta property=\"article:published_time\" content=\"2020-01-24T10:06:24+00:00\" \/>\n<meta property=\"article:modified_time\" content=\"2020-01-24T10:18:46+00:00\" \/>\n<meta property=\"og:image\" content=\"https:\/\/www.inforesidencias.com\/blog\/wp-content\/uploads\/2020\/01\/residencia-mar-y-sol-de-callela.jpg\" \/>\n\t<meta property=\"og:image:width\" content=\"350\" \/>\n\t<meta property=\"og:image:height\" content=\"263\" \/>\n\t<meta property=\"og:image:type\" content=\"image\/jpeg\" \/>\n<meta name=\"author\" content=\"Josep de Mart\u00ed\" \/>\n<meta name=\"twitter:card\" content=\"summary_large_image\" \/>\n<meta name=\"twitter:creator\" content=\"@blog-ir\" \/>\n<meta name=\"twitter:site\" content=\"@inforesidencias\" \/>\n<meta name=\"twitter:label1\" content=\"Escrito por\" \/>\n\t<meta name=\"twitter:data1\" content=\"Josep de Mart\u00ed\" \/>\n\t<meta name=\"twitter:label2\" content=\"Tiempo de lectura\" \/>\n\t<meta name=\"twitter:data2\" content=\"4 minutos\" \/>\n<script type=\"application\/ld+json\" class=\"yoast-schema-graph\">{\"@context\":\"https:\/\/schema.org\",\"@graph\":[{\"@type\":\"WebPage\",\"@id\":\"https:\/\/www.inforesidencias.com\/blog\/index.php\/2020\/01\/24\/una-gran-residencia-en-calella-y-musicoterapia-en-demencias\/\",\"url\":\"https:\/\/www.inforesidencias.com\/blog\/index.php\/2020\/01\/24\/una-gran-residencia-en-calella-y-musicoterapia-en-demencias\/\",\"name\":\"Una gran residencia en Calella y musicoterapia en demencias - Blog Inforesidencias.com\",\"isPartOf\":{\"@id\":\"https:\/\/www.inforesidencias.com\/blog\/#website\"},\"datePublished\":\"2020-01-24T10:06:24+00:00\",\"dateModified\":\"2020-01-24T10:18:46+00:00\",\"author\":{\"@id\":\"https:\/\/www.inforesidencias.com\/blog\/#\/schema\/person\/9e146774d1eb3bc1c0316242a3898628\"},\"description\":\"Esta semana Hablamos de musicoterapia en personas con demencias con Marta Casellas y con invitados de la residencia Mar y sol de Calella\",\"breadcrumb\":{\"@id\":\"https:\/\/www.inforesidencias.com\/blog\/index.php\/2020\/01\/24\/una-gran-residencia-en-calella-y-musicoterapia-en-demencias\/#breadcrumb\"},\"inLanguage\":\"es\",\"potentialAction\":[{\"@type\":\"ReadAction\",\"target\":[\"https:\/\/www.inforesidencias.com\/blog\/index.php\/2020\/01\/24\/una-gran-residencia-en-calella-y-musicoterapia-en-demencias\/\"]}]},{\"@type\":\"BreadcrumbList\",\"@id\":\"https:\/\/www.inforesidencias.com\/blog\/index.php\/2020\/01\/24\/una-gran-residencia-en-calella-y-musicoterapia-en-demencias\/#breadcrumb\",\"itemListElement\":[{\"@type\":\"ListItem\",\"position\":1,\"name\":\"Home\",\"item\":\"https:\/\/www.inforesidencias.com\/blog\/\"},{\"@type\":\"ListItem\",\"position\":2,\"name\":\"Una gran residencia en Calella y musicoterapia en demencias\"}]},{\"@type\":\"WebSite\",\"@id\":\"https:\/\/www.inforesidencias.com\/blog\/#website\",\"url\":\"https:\/\/www.inforesidencias.com\/blog\/\",\"name\":\"Blog Inforesidencias.com\",\"description\":\"El buscador de residencias de la 3\u00aa edad\",\"potentialAction\":[{\"@type\":\"SearchAction\",\"target\":{\"@type\":\"EntryPoint\",\"urlTemplate\":\"https:\/\/www.inforesidencias.com\/blog\/?s={search_term_string}\"},\"query-input\":\"required name=search_term_string\"}],\"inLanguage\":\"es\"},{\"@type\":\"Person\",\"@id\":\"https:\/\/www.inforesidencias.com\/blog\/#\/schema\/person\/9e146774d1eb3bc1c0316242a3898628\",\"name\":\"Josep de Mart\u00ed\",\"image\":{\"@type\":\"ImageObject\",\"inLanguage\":\"es\",\"@id\":\"https:\/\/www.inforesidencias.com\/blog\/#\/schema\/person\/image\/\",\"url\":\"https:\/\/secure.gravatar.com\/avatar\/de0302c4806c00c4cebff396a798c1ff?s=96&d=mm&r=g\",\"contentUrl\":\"https:\/\/secure.gravatar.com\/avatar\/de0302c4806c00c4cebff396a798c1ff?s=96&d=mm&r=g\",\"caption\":\"Josep de Mart\u00ed\"},\"sameAs\":[\"https:\/\/www.inforesidencias.com\",\"https:\/\/www.facebook.com\/josep.demarti\",\"https:\/\/twitter.com\/blog-ir\"],\"url\":\"https:\/\/www.inforesidencias.com\/blog\/index.php\/author\/josepdemarti\/\"}]}<\/script>\n<!-- \/ Yoast SEO plugin. -->","yoast_head_json":{"title":"Una gran residencia en Calella y musicoterapia en demencias - Blog Inforesidencias.com","description":"Esta semana Hablamos de musicoterapia en personas con demencias con Marta Casellas y con invitados de la residencia Mar y sol de Calella","robots":{"index":"index","follow":"follow","max-snippet":"max-snippet:-1","max-image-preview":"max-image-preview:large","max-video-preview":"max-video-preview:-1"},"canonical":"https:\/\/www.inforesidencias.com\/blog\/index.php\/2020\/01\/24\/una-gran-residencia-en-calella-y-musicoterapia-en-demencias\/","og_locale":"es_ES","og_type":"article","og_title":"Una gran residencia en Calella y musicoterapia en demencias - Blog Inforesidencias.com","og_description":"Esta semana Hablamos de musicoterapia en personas con demencias con Marta Casellas y con invitados de la residencia Mar y sol de Calella","og_url":"https:\/\/www.inforesidencias.com\/blog\/index.php\/2020\/01\/24\/una-gran-residencia-en-calella-y-musicoterapia-en-demencias\/","og_site_name":"Blog Inforesidencias.com","article_publisher":"https:\/\/www.facebook.com\/Inforesidencias\/","article_author":"https:\/\/www.facebook.com\/josep.demarti","article_published_time":"2020-01-24T10:06:24+00:00","article_modified_time":"2020-01-24T10:18:46+00:00","og_image":[{"width":350,"height":263,"url":"https:\/\/www.inforesidencias.com\/blog\/wp-content\/uploads\/2020\/01\/residencia-mar-y-sol-de-callela.jpg","type":"image\/jpeg"}],"author":"Josep de Mart\u00ed","twitter_card":"summary_large_image","twitter_creator":"@blog-ir","twitter_site":"@inforesidencias","twitter_misc":{"Escrito por":"Josep de Mart\u00ed","Tiempo de lectura":"4 minutos"},"schema":{"@context":"https:\/\/schema.org","@graph":[{"@type":"WebPage","@id":"https:\/\/www.inforesidencias.com\/blog\/index.php\/2020\/01\/24\/una-gran-residencia-en-calella-y-musicoterapia-en-demencias\/","url":"https:\/\/www.inforesidencias.com\/blog\/index.php\/2020\/01\/24\/una-gran-residencia-en-calella-y-musicoterapia-en-demencias\/","name":"Una gran residencia en Calella y musicoterapia en demencias - Blog Inforesidencias.com","isPartOf":{"@id":"https:\/\/www.inforesidencias.com\/blog\/#website"},"datePublished":"2020-01-24T10:06:24+00:00","dateModified":"2020-01-24T10:18:46+00:00","author":{"@id":"https:\/\/www.inforesidencias.com\/blog\/#\/schema\/person\/9e146774d1eb3bc1c0316242a3898628"},"description":"Esta semana Hablamos de musicoterapia en personas con demencias con Marta Casellas y con invitados de la residencia Mar y sol de Calella","breadcrumb":{"@id":"https:\/\/www.inforesidencias.com\/blog\/index.php\/2020\/01\/24\/una-gran-residencia-en-calella-y-musicoterapia-en-demencias\/#breadcrumb"},"inLanguage":"es","potentialAction":[{"@type":"ReadAction","target":["https:\/\/www.inforesidencias.com\/blog\/index.php\/2020\/01\/24\/una-gran-residencia-en-calella-y-musicoterapia-en-demencias\/"]}]},{"@type":"BreadcrumbList","@id":"https:\/\/www.inforesidencias.com\/blog\/index.php\/2020\/01\/24\/una-gran-residencia-en-calella-y-musicoterapia-en-demencias\/#breadcrumb","itemListElement":[{"@type":"ListItem","position":1,"name":"Home","item":"https:\/\/www.inforesidencias.com\/blog\/"},{"@type":"ListItem","position":2,"name":"Una gran residencia en Calella y musicoterapia en demencias"}]},{"@type":"WebSite","@id":"https:\/\/www.inforesidencias.com\/blog\/#website","url":"https:\/\/www.inforesidencias.com\/blog\/","name":"Blog Inforesidencias.com","description":"El buscador de residencias de la 3\u00aa edad","potentialAction":[{"@type":"SearchAction","target":{"@type":"EntryPoint","urlTemplate":"https:\/\/www.inforesidencias.com\/blog\/?s={search_term_string}"},"query-input":"required name=search_term_string"}],"inLanguage":"es"},{"@type":"Person","@id":"https:\/\/www.inforesidencias.com\/blog\/#\/schema\/person\/9e146774d1eb3bc1c0316242a3898628","name":"Josep de Mart\u00ed","image":{"@type":"ImageObject","inLanguage":"es","@id":"https:\/\/www.inforesidencias.com\/blog\/#\/schema\/person\/image\/","url":"https:\/\/secure.gravatar.com\/avatar\/de0302c4806c00c4cebff396a798c1ff?s=96&d=mm&r=g","contentUrl":"https:\/\/secure.gravatar.com\/avatar\/de0302c4806c00c4cebff396a798c1ff?s=96&d=mm&r=g","caption":"Josep de Mart\u00ed"},"sameAs":["https:\/\/www.inforesidencias.com","https:\/\/www.facebook.com\/josep.demarti","https:\/\/twitter.com\/blog-ir"],"url":"https:\/\/www.inforesidencias.com\/blog\/index.php\/author\/josepdemarti\/"}]}},"_links":{"self":[{"href":"https:\/\/www.inforesidencias.com\/blog\/index.php\/wp-json\/wp\/v2\/posts\/2678"}],"collection":[{"href":"https:\/\/www.inforesidencias.com\/blog\/index.php\/wp-json\/wp\/v2\/posts"}],"about":[{"href":"https:\/\/www.inforesidencias.com\/blog\/index.php\/wp-json\/wp\/v2\/types\/post"}],"author":[{"embeddable":true,"href":"https:\/\/www.inforesidencias.com\/blog\/index.php\/wp-json\/wp\/v2\/users\/2"}],"replies":[{"embeddable":true,"href":"https:\/\/www.inforesidencias.com\/blog\/index.php\/wp-json\/wp\/v2\/comments?post=2678"}],"version-history":[{"count":3,"href":"https:\/\/www.inforesidencias.com\/blog\/index.php\/wp-json\/wp\/v2\/posts\/2678\/revisions"}],"predecessor-version":[{"id":2683,"href":"https:\/\/www.inforesidencias.com\/blog\/index.php\/wp-json\/wp\/v2\/posts\/2678\/revisions\/2683"}],"wp:featuredmedia":[{"embeddable":true,"href":"https:\/\/www.inforesidencias.com\/blog\/index.php\/wp-json\/wp\/v2\/media\/2684"}],"wp:attachment":[{"href":"https:\/\/www.inforesidencias.com\/blog\/index.php\/wp-json\/wp\/v2\/media?parent=2678"}],"wp:term":[{"taxonomy":"category","embeddable":true,"href":"https:\/\/www.inforesidencias.com\/blog\/index.php\/wp-json\/wp\/v2\/categories?post=2678"},{"taxonomy":"post_tag","embeddable":true,"href":"https:\/\/www.inforesidencias.com\/blog\/index.php\/wp-json\/wp\/v2\/tags?post=2678"}],"curies":[{"name":"wp","href":"https:\/\/api.w.org\/{rel}","templated":true}]}}