{"id":2691,"date":"2020-02-07T11:22:34","date_gmt":"2020-02-07T11:22:34","guid":{"rendered":"https:\/\/www.inforesidencias.com\/blog\/?p=2691"},"modified":"2020-02-07T11:22:34","modified_gmt":"2020-02-07T11:22:34","slug":"residencias-de-mayores-llenas-y-el-cambio-en-la-tercera-edad","status":"publish","type":"post","link":"https:\/\/www.inforesidencias.com\/blog\/index.php\/2020\/02\/07\/residencias-de-mayores-llenas-y-el-cambio-en-la-tercera-edad\/","title":{"rendered":"Residencias de mayores llenas y el cambio en la tercera edad"},"content":{"rendered":"<p style=\"text-align: justify\">Esta semana en el <a href=\"https:\/\/www.estelfitxers.com\/audio\/20200205-17_00TEMPSDEBENESTAR-ESGRANSERGRAN.MP3\">programa del mi\u00e9rcoles de \u201c\u00c9s gran ser gran \u201c<\/a> empezamos dando unos consejos para a tener en cuenta a la hora de elegir residencia. Si tuviera que quedarme con alguno en particular de los que dimos, quiz\u00e1 me decantar\u00eda con el hecho de coger papel y bol\u00edgrafo y apuntar todo aquello que queremos que tenga la que seria nuestra nueva casa. Siempre siendo realistas claro est\u00e1 y teniendo en cuenta que se trata de un lugar en donde muchos espacios son compartidos con otros residentes.<\/p>\n<p style=\"text-align: justify\">Esta semana adem\u00e1s nos encontramos otra vez con residencias de mayores llenas sin plazas vac\u00edas casi.<\/p>\n<p style=\"text-align: justify\"><a href=\"https:\/\/www.inforesidencias.com\/blog\/wp-content\/uploads\/2020\/02\/residencias-de-mayores-llenas-primitiva-barba.jpg\"><img decoding=\"async\" loading=\"lazy\" class=\" size-full wp-image-2695 alignleft\" src=\"https:\/\/www.inforesidencias.com\/blog\/wp-content\/uploads\/2020\/02\/residencias-de-mayores-llenas-primitiva-barba.jpg\" alt=\"residencias de mayores llenas primitiva barba\" width=\"350\" height=\"263\" \/><\/a>La entrevista del mi\u00e9rcoles la empezamos un poquito m\u00e1s tarde de lo habitual. Nos visitaron Cristina Sanchez, directora de la <a href=\"https:\/\/www.inforesidencias.com\/centros\/residencia\/3347\/residencia-primitiva-barba\">residencia Primitiva Barba de Sant Vicen\u00e7 dels Hort<\/a>s y una de las residentes, la Sra. Dolores Jes\u00fas La Sra. Dolores Jes\u00fas nos explic\u00f3 como lleg\u00f3 a vivir en la residencia hace unos cinco a\u00f1os debido a un tema de salud y la ajetreada vida laboral de sus hijos. Dolores estaba encantada con la residencia y con todas las actividades que se hacen durante un d\u00eda. Nos comentaba que se encontraba muy a gusto. Finalmente Dolores nos dio su opini\u00f3n de c\u00f3mo se come en la residencia y del porqu\u00e9 por bien que lo hagan la comida nunca ser\u00e1 como en casa.<\/p>\n<p style=\"text-align: justify\">Seguidamente hablamos con Cristina S\u00e1nchez la directora, que nos explic\u00f3 que ten\u00edan una plaza libre, cosa muy rara. Tambi\u00e9n nos explic\u00f3 un poco cuantas plazas ten\u00edan y que ten\u00edan tambi\u00e9n plazas p\u00fablicas.<\/p>\n<p style=\"text-align: justify\">En la consulta del trabajador social, despu\u00e9s de la bolsa de empleo tuvimos una consulta acerca de que pasar\u00eda si una persona que ocupaba plaza privada con prestaci\u00f3n econ\u00f3mica vinculada le llamaban de otra residencia para ocupar plaza p\u00fablica. Les explicamos que se pod\u00eda renunciar a ella o pedir que nos pusieran de nuevo en el \u00faltimo lugar de la lista y seguir optando a plaza p\u00fablica en el centro donde ya estaba ocupando plaza privada.<\/p>\n<p style=\"text-align: justify\"><a href=\"https:\/\/www.estelfitxers.com\/audio\/20200206-17_00TEMPSDEBENESTAR-ESGRANSERGRAN.MP3\">El programa del jueves l<\/a>o iniciamos hablando de c\u00f3mo ha cambiado la forma de ser mayor\u201d con el paso de las d\u00e9cadas. Josep explic\u00f3 como se puede ver el cambio a trav\u00e9s por ejemplo de la vestimenta. Tambi\u00e9n hablamos brevemente de la \u201cSilver economy\u201d y como cada vez hay m\u00e1s negocios dirigidos a las personas mayores pero que a su vez si quieren tener \u00e9xito es importante que no sea catalogado como \u201cnegocio para viejos\u201d por parte de las propias personas mayores.<\/p>\n<p style=\"text-align: justify\">En la entrevista del d\u00eda contamos con Loreto Gallego directora de la r<a href=\"https:\/\/www.inforesidencias.com\/centros\/residencia\/1434\/residencia-3a-edad-santa-rita\">esidencia Santa Rita de Castelldefels <\/a>y con la Sra. Mar\u00eda Garc\u00eda, una residente.<\/p>\n<p style=\"text-align: justify\">Con Loreto hablamos primero de donde esta la residencia de Castelldefels y de cuantas residencias tiene el grupo Santa Rita. Tambi\u00e9n hablamos de las actividades que hacen en la residencia, algunas como salidas a la playa aprovechando la cercan\u00eda de la residencia al mar. Tambi\u00e9n le preguntamos si ten\u00edan plazas libres y como estaba la lista de espera de plaza p\u00fabica.<\/p>\n<p style=\"text-align: justify\"><a href=\"https:\/\/www.inforesidencias.com\/blog\/wp-content\/uploads\/2020\/02\/residencias-de-mayores-llenas-santa-rita.jpg\"><img decoding=\"async\" loading=\"lazy\" class=\"aligncenter size-full wp-image-2694\" src=\"https:\/\/www.inforesidencias.com\/blog\/wp-content\/uploads\/2020\/02\/residencias-de-mayores-llenas-santa-rita.jpg\" alt=\"residencias de mayores llenas santa rita\" width=\"350\" height=\"263\" \/><\/a><\/p>\n<p style=\"text-align: justify\">Con Maria Garcia, la residente, hablamos un poco de las anterior residencia en la que hab\u00eda estado, antes de estar en la de Castelldefels la cual es tambi\u00e9n del grupo Sant Rita,. Maria tambi\u00e9n nos explic\u00f3 las actividades que hacen e la residencia y cuales son las que m\u00e1s le gustan, justamente las que tienen a ver con la gimnasia. Finalmente acabamos la entrevista hablando de c\u00f3mo se come en la residencia Santa Rita de Castelldefels<\/p>\n<p style=\"text-align: justify\">Ya en la recta final del programa y despu\u00e9s de unos minutos musicales , en la consulta del trabajador social respondimos una pregunta que nos hicieron llegar a cerca de la prestaci\u00f3n econ\u00f3mica vinculada y de quien lo cobrar\u00eda si el residente o la residencia una vez empezaran a pagar la prestaci\u00f3n des de la Generalitat.<\/p>\n<p style=\"text-align: justify\">No sabemos i en el siguiente programa nos volveremos a encontrar con residencias de mayores llenas, pero viendo la tendencia lo m\u00e1s seguro es que s\u00ed.<\/p>\n","protected":false},"excerpt":{"rendered":"<p>Esta semana en el programa del mi\u00e9rcoles de \u201c\u00c9s gran ser gran \u201c empezamos dando unos consejos para a tener en cuenta a la hora de elegir residencia. Si tuviera que quedarme con alguno en particular de los que dimos, quiz\u00e1 me decantar\u00eda con el hecho de coger papel y bol\u00edgrafo y apuntar todo aquello que queremos que tenga la que seria nuestra nueva casa. Siempre siendo realistas claro est\u00e1 y teniendo en cuenta que se trata de un lugar en donde muchos espacios son compartidos con otros residentes. Esta semana adem\u00e1s nos encontramos otra vez con residencias de mayores llenas sin plazas vac\u00edas casi. La entrevista del mi\u00e9rcoles la empezamos un poquito m\u00e1s tarde de lo habitual. Nos visitaron Cristina Sanchez, directora de la residencia Primitiva Barba de Sant Vicen\u00e7 dels Horts y una de las residentes, la Sra. Dolores Jes\u00fas La Sra. Dolores Jes\u00fas nos explic\u00f3 como lleg\u00f3 [&hellip;]<\/p>\n","protected":false},"author":2,"featured_media":2694,"comment_status":"open","ping_status":"open","sticky":false,"template":"","format":"standard","meta":{"footnotes":""},"categories":[1],"tags":[],"yoast_head":"<!-- This site is optimized with the Yoast SEO plugin v21.7 - https:\/\/yoast.com\/wordpress\/plugins\/seo\/ -->\n<title>Residencias de mayores llenas y el cambio en la tercera edad - Blog Inforesidencias.com<\/title>\n<meta name=\"description\" content=\"Residencias de mayores llenas. Esto ya viene siendo habitual y lo comprobamos con la residencia Primitiva Barba y Santa Rita Castelldefels en el programa.\" \/>\n<meta name=\"robots\" content=\"index, follow, max-snippet:-1, max-image-preview:large, max-video-preview:-1\" \/>\n<link rel=\"canonical\" href=\"https:\/\/www.inforesidencias.com\/blog\/index.php\/2020\/02\/07\/residencias-de-mayores-llenas-y-el-cambio-en-la-tercera-edad\/\" \/>\n<meta property=\"og:locale\" content=\"es_ES\" \/>\n<meta property=\"og:type\" content=\"article\" \/>\n<meta property=\"og:title\" content=\"Residencias de mayores llenas y el cambio en la tercera edad - Blog Inforesidencias.com\" \/>\n<meta property=\"og:description\" content=\"Residencias de mayores llenas. Esto ya viene siendo habitual y lo comprobamos con la residencia Primitiva Barba y Santa Rita Castelldefels en el programa.\" \/>\n<meta property=\"og:url\" content=\"https:\/\/www.inforesidencias.com\/blog\/index.php\/2020\/02\/07\/residencias-de-mayores-llenas-y-el-cambio-en-la-tercera-edad\/\" \/>\n<meta property=\"og:site_name\" content=\"Blog Inforesidencias.com\" \/>\n<meta property=\"article:publisher\" content=\"https:\/\/www.facebook.com\/Inforesidencias\/\" \/>\n<meta property=\"article:author\" content=\"https:\/\/www.facebook.com\/josep.demarti\" \/>\n<meta property=\"article:published_time\" content=\"2020-02-07T11:22:34+00:00\" \/>\n<meta property=\"og:image\" content=\"https:\/\/www.inforesidencias.com\/blog\/wp-content\/uploads\/2020\/02\/residencias-de-mayores-llenas-santa-rita.jpg\" \/>\n\t<meta property=\"og:image:width\" content=\"350\" \/>\n\t<meta property=\"og:image:height\" content=\"263\" \/>\n\t<meta property=\"og:image:type\" content=\"image\/jpeg\" \/>\n<meta name=\"author\" content=\"Josep de Mart\u00ed\" \/>\n<meta name=\"twitter:card\" content=\"summary_large_image\" \/>\n<meta name=\"twitter:creator\" content=\"@blog-ir\" \/>\n<meta name=\"twitter:site\" content=\"@inforesidencias\" \/>\n<meta name=\"twitter:label1\" content=\"Escrito por\" \/>\n\t<meta name=\"twitter:data1\" content=\"Josep de Mart\u00ed\" \/>\n\t<meta name=\"twitter:label2\" content=\"Tiempo de lectura\" \/>\n\t<meta name=\"twitter:data2\" content=\"4 minutos\" \/>\n<script type=\"application\/ld+json\" class=\"yoast-schema-graph\">{\"@context\":\"https:\/\/schema.org\",\"@graph\":[{\"@type\":\"WebPage\",\"@id\":\"https:\/\/www.inforesidencias.com\/blog\/index.php\/2020\/02\/07\/residencias-de-mayores-llenas-y-el-cambio-en-la-tercera-edad\/\",\"url\":\"https:\/\/www.inforesidencias.com\/blog\/index.php\/2020\/02\/07\/residencias-de-mayores-llenas-y-el-cambio-en-la-tercera-edad\/\",\"name\":\"Residencias de mayores llenas y el cambio en la tercera edad - Blog Inforesidencias.com\",\"isPartOf\":{\"@id\":\"https:\/\/www.inforesidencias.com\/blog\/#website\"},\"datePublished\":\"2020-02-07T11:22:34+00:00\",\"dateModified\":\"2020-02-07T11:22:34+00:00\",\"author\":{\"@id\":\"https:\/\/www.inforesidencias.com\/blog\/#\/schema\/person\/9e146774d1eb3bc1c0316242a3898628\"},\"description\":\"Residencias de mayores llenas. Esto ya viene siendo habitual y lo comprobamos con la residencia Primitiva Barba y Santa Rita Castelldefels en el programa.\",\"breadcrumb\":{\"@id\":\"https:\/\/www.inforesidencias.com\/blog\/index.php\/2020\/02\/07\/residencias-de-mayores-llenas-y-el-cambio-en-la-tercera-edad\/#breadcrumb\"},\"inLanguage\":\"es\",\"potentialAction\":[{\"@type\":\"ReadAction\",\"target\":[\"https:\/\/www.inforesidencias.com\/blog\/index.php\/2020\/02\/07\/residencias-de-mayores-llenas-y-el-cambio-en-la-tercera-edad\/\"]}]},{\"@type\":\"BreadcrumbList\",\"@id\":\"https:\/\/www.inforesidencias.com\/blog\/index.php\/2020\/02\/07\/residencias-de-mayores-llenas-y-el-cambio-en-la-tercera-edad\/#breadcrumb\",\"itemListElement\":[{\"@type\":\"ListItem\",\"position\":1,\"name\":\"Home\",\"item\":\"https:\/\/www.inforesidencias.com\/blog\/\"},{\"@type\":\"ListItem\",\"position\":2,\"name\":\"Residencias de mayores llenas y el cambio en la tercera edad\"}]},{\"@type\":\"WebSite\",\"@id\":\"https:\/\/www.inforesidencias.com\/blog\/#website\",\"url\":\"https:\/\/www.inforesidencias.com\/blog\/\",\"name\":\"Blog Inforesidencias.com\",\"description\":\"El buscador de residencias de la 3\u00aa edad\",\"potentialAction\":[{\"@type\":\"SearchAction\",\"target\":{\"@type\":\"EntryPoint\",\"urlTemplate\":\"https:\/\/www.inforesidencias.com\/blog\/?s={search_term_string}\"},\"query-input\":\"required name=search_term_string\"}],\"inLanguage\":\"es\"},{\"@type\":\"Person\",\"@id\":\"https:\/\/www.inforesidencias.com\/blog\/#\/schema\/person\/9e146774d1eb3bc1c0316242a3898628\",\"name\":\"Josep de Mart\u00ed\",\"image\":{\"@type\":\"ImageObject\",\"inLanguage\":\"es\",\"@id\":\"https:\/\/www.inforesidencias.com\/blog\/#\/schema\/person\/image\/\",\"url\":\"https:\/\/secure.gravatar.com\/avatar\/de0302c4806c00c4cebff396a798c1ff?s=96&d=mm&r=g\",\"contentUrl\":\"https:\/\/secure.gravatar.com\/avatar\/de0302c4806c00c4cebff396a798c1ff?s=96&d=mm&r=g\",\"caption\":\"Josep de Mart\u00ed\"},\"sameAs\":[\"https:\/\/www.inforesidencias.com\",\"https:\/\/www.facebook.com\/josep.demarti\",\"https:\/\/twitter.com\/blog-ir\"],\"url\":\"https:\/\/www.inforesidencias.com\/blog\/index.php\/author\/josepdemarti\/\"}]}<\/script>\n<!-- \/ Yoast SEO plugin. -->","yoast_head_json":{"title":"Residencias de mayores llenas y el cambio en la tercera edad - Blog Inforesidencias.com","description":"Residencias de mayores llenas. Esto ya viene siendo habitual y lo comprobamos con la residencia Primitiva Barba y Santa Rita Castelldefels en el programa.","robots":{"index":"index","follow":"follow","max-snippet":"max-snippet:-1","max-image-preview":"max-image-preview:large","max-video-preview":"max-video-preview:-1"},"canonical":"https:\/\/www.inforesidencias.com\/blog\/index.php\/2020\/02\/07\/residencias-de-mayores-llenas-y-el-cambio-en-la-tercera-edad\/","og_locale":"es_ES","og_type":"article","og_title":"Residencias de mayores llenas y el cambio en la tercera edad - Blog Inforesidencias.com","og_description":"Residencias de mayores llenas. Esto ya viene siendo habitual y lo comprobamos con la residencia Primitiva Barba y Santa Rita Castelldefels en el programa.","og_url":"https:\/\/www.inforesidencias.com\/blog\/index.php\/2020\/02\/07\/residencias-de-mayores-llenas-y-el-cambio-en-la-tercera-edad\/","og_site_name":"Blog Inforesidencias.com","article_publisher":"https:\/\/www.facebook.com\/Inforesidencias\/","article_author":"https:\/\/www.facebook.com\/josep.demarti","article_published_time":"2020-02-07T11:22:34+00:00","og_image":[{"width":350,"height":263,"url":"https:\/\/www.inforesidencias.com\/blog\/wp-content\/uploads\/2020\/02\/residencias-de-mayores-llenas-santa-rita.jpg","type":"image\/jpeg"}],"author":"Josep de Mart\u00ed","twitter_card":"summary_large_image","twitter_creator":"@blog-ir","twitter_site":"@inforesidencias","twitter_misc":{"Escrito por":"Josep de Mart\u00ed","Tiempo de lectura":"4 minutos"},"schema":{"@context":"https:\/\/schema.org","@graph":[{"@type":"WebPage","@id":"https:\/\/www.inforesidencias.com\/blog\/index.php\/2020\/02\/07\/residencias-de-mayores-llenas-y-el-cambio-en-la-tercera-edad\/","url":"https:\/\/www.inforesidencias.com\/blog\/index.php\/2020\/02\/07\/residencias-de-mayores-llenas-y-el-cambio-en-la-tercera-edad\/","name":"Residencias de mayores llenas y el cambio en la tercera edad - Blog Inforesidencias.com","isPartOf":{"@id":"https:\/\/www.inforesidencias.com\/blog\/#website"},"datePublished":"2020-02-07T11:22:34+00:00","dateModified":"2020-02-07T11:22:34+00:00","author":{"@id":"https:\/\/www.inforesidencias.com\/blog\/#\/schema\/person\/9e146774d1eb3bc1c0316242a3898628"},"description":"Residencias de mayores llenas. Esto ya viene siendo habitual y lo comprobamos con la residencia Primitiva Barba y Santa Rita Castelldefels en el programa.","breadcrumb":{"@id":"https:\/\/www.inforesidencias.com\/blog\/index.php\/2020\/02\/07\/residencias-de-mayores-llenas-y-el-cambio-en-la-tercera-edad\/#breadcrumb"},"inLanguage":"es","potentialAction":[{"@type":"ReadAction","target":["https:\/\/www.inforesidencias.com\/blog\/index.php\/2020\/02\/07\/residencias-de-mayores-llenas-y-el-cambio-en-la-tercera-edad\/"]}]},{"@type":"BreadcrumbList","@id":"https:\/\/www.inforesidencias.com\/blog\/index.php\/2020\/02\/07\/residencias-de-mayores-llenas-y-el-cambio-en-la-tercera-edad\/#breadcrumb","itemListElement":[{"@type":"ListItem","position":1,"name":"Home","item":"https:\/\/www.inforesidencias.com\/blog\/"},{"@type":"ListItem","position":2,"name":"Residencias de mayores llenas y el cambio en la tercera edad"}]},{"@type":"WebSite","@id":"https:\/\/www.inforesidencias.com\/blog\/#website","url":"https:\/\/www.inforesidencias.com\/blog\/","name":"Blog Inforesidencias.com","description":"El buscador de residencias de la 3\u00aa edad","potentialAction":[{"@type":"SearchAction","target":{"@type":"EntryPoint","urlTemplate":"https:\/\/www.inforesidencias.com\/blog\/?s={search_term_string}"},"query-input":"required name=search_term_string"}],"inLanguage":"es"},{"@type":"Person","@id":"https:\/\/www.inforesidencias.com\/blog\/#\/schema\/person\/9e146774d1eb3bc1c0316242a3898628","name":"Josep de Mart\u00ed","image":{"@type":"ImageObject","inLanguage":"es","@id":"https:\/\/www.inforesidencias.com\/blog\/#\/schema\/person\/image\/","url":"https:\/\/secure.gravatar.com\/avatar\/de0302c4806c00c4cebff396a798c1ff?s=96&d=mm&r=g","contentUrl":"https:\/\/secure.gravatar.com\/avatar\/de0302c4806c00c4cebff396a798c1ff?s=96&d=mm&r=g","caption":"Josep de Mart\u00ed"},"sameAs":["https:\/\/www.inforesidencias.com","https:\/\/www.facebook.com\/josep.demarti","https:\/\/twitter.com\/blog-ir"],"url":"https:\/\/www.inforesidencias.com\/blog\/index.php\/author\/josepdemarti\/"}]}},"_links":{"self":[{"href":"https:\/\/www.inforesidencias.com\/blog\/index.php\/wp-json\/wp\/v2\/posts\/2691"}],"collection":[{"href":"https:\/\/www.inforesidencias.com\/blog\/index.php\/wp-json\/wp\/v2\/posts"}],"about":[{"href":"https:\/\/www.inforesidencias.com\/blog\/index.php\/wp-json\/wp\/v2\/types\/post"}],"author":[{"embeddable":true,"href":"https:\/\/www.inforesidencias.com\/blog\/index.php\/wp-json\/wp\/v2\/users\/2"}],"replies":[{"embeddable":true,"href":"https:\/\/www.inforesidencias.com\/blog\/index.php\/wp-json\/wp\/v2\/comments?post=2691"}],"version-history":[{"count":4,"href":"https:\/\/www.inforesidencias.com\/blog\/index.php\/wp-json\/wp\/v2\/posts\/2691\/revisions"}],"predecessor-version":[{"id":2698,"href":"https:\/\/www.inforesidencias.com\/blog\/index.php\/wp-json\/wp\/v2\/posts\/2691\/revisions\/2698"}],"wp:featuredmedia":[{"embeddable":true,"href":"https:\/\/www.inforesidencias.com\/blog\/index.php\/wp-json\/wp\/v2\/media\/2694"}],"wp:attachment":[{"href":"https:\/\/www.inforesidencias.com\/blog\/index.php\/wp-json\/wp\/v2\/media?parent=2691"}],"wp:term":[{"taxonomy":"category","embeddable":true,"href":"https:\/\/www.inforesidencias.com\/blog\/index.php\/wp-json\/wp\/v2\/categories?post=2691"},{"taxonomy":"post_tag","embeddable":true,"href":"https:\/\/www.inforesidencias.com\/blog\/index.php\/wp-json\/wp\/v2\/tags?post=2691"}],"curies":[{"name":"wp","href":"https:\/\/api.w.org\/{rel}","templated":true}]}}