{"id":2783,"date":"2020-03-18T11:44:03","date_gmt":"2020-03-18T11:44:03","guid":{"rendered":"https:\/\/www.inforesidencias.com\/blog\/?p=2783"},"modified":"2020-03-18T11:44:03","modified_gmt":"2020-03-18T11:44:03","slug":"sos-en-las-residencias-de-mayores","status":"publish","type":"post","link":"https:\/\/www.inforesidencias.com\/blog\/index.php\/2020\/03\/18\/sos-en-las-residencias-de-mayores\/","title":{"rendered":"SOS en las residencias de mayores"},"content":{"rendered":"<p style=\"text-align: justify\">D\u00eda a dia se conocen nuevos casos de Coronavirus tanto en domicilios particulares como residencias de mayores. En las residencias de mayores como era de esperar ya hay varios casos en diferentes comunidades aut\u00f3nomas. Desde estos centros se trabaja duramente para cuidar a los residentes lo mejor posible y preservar su salud ahora m\u00e1s que nunca. El problema est\u00e1 en que tambi\u00e9n ahora mismo hay mas deficiencias que nunca.<\/p>\n<p style=\"text-align: justify\">Como se ha dicho en prensa, radio, televisi\u00f3n y otros medios de comunicaci\u00f3n, las personas mayores son uno de los grupos de poblaci\u00f3n m\u00e1s vulnerables ante esta epidemia. Las auxiliares, enfermeros\/as, m\u00e9dicos, fisioterapeutas etc y todo el personal de los centros lo est\u00e1n dando todo para sobreponerse a esta situaci\u00f3n. Las medidas de prevenci\u00f3n que se requieren son extremas y de gran necesidad, pero con la voluntad no lo es todo. <a href=\"https:\/\/leganesactivo.com\/2020\/03\/17\/residencias-de-mayores-lanzan-un-sos-coronavirus\/\">Leemos en una noticia de un peri\u00f3dico que una residencia de Legan\u00e9s<\/a>\u00a0ha dado la voz de alarma. Necesitan personal, equipos de protecci\u00f3n individual (EPIS), medios de comunicaci\u00f3n con le exterior etc.<\/p>\n<p><a href=\"https:\/\/www.inforesidencias.com\/blog\/wp-content\/uploads\/2020\/03\/SOS-en-las-residencias-de-mayores.png\"><img decoding=\"async\" loading=\"lazy\" class=\"size-full wp-image-2788 aligncenter\" src=\"https:\/\/www.inforesidencias.com\/blog\/wp-content\/uploads\/2020\/03\/SOS-en-las-residencias-de-mayores.png\" alt=\"SOS en las residencias de mayores\" width=\"550\" height=\"203\" \/><\/a><\/p>\n<p>&nbsp;<\/p>\n<p style=\"text-align: justify\">Pero esta llamada de SOS en las residencias de mayores no es exclusiva de esta residencia de Legan\u00e9s. La gran mayor\u00eda de residencias de Espa\u00f1a se encuentran en la misma situaci\u00f3n. Actualmente por ejemplo, en muchos centros hay personal de baja por COVID19 o bien est\u00e1n en aislamiento para ver si ante los primeros s\u00edntomas acaban desarrollando o no la enfermedad o si queda en una gripe. Si una residencia de tama\u00f1o medio se queda temporalmente sin tres o cuatro auxiliares por poner un supuesto, esto conlleva deficiencias evidentes a la atenci\u00f3n en los residentes. Pero esto solo es un agravante evidente ya que de forma habitual a las residencias de mayores les cuesta encontrar personal.<\/p>\n<p style=\"text-align: justify\">Pero si el el encontrar personal ya es un problema habitual que ahora se ve intensificado, no lo es tanto el tema de los equipos de protecci\u00f3n individual. En estas \u00faltimas semanas, hay falta de este tipo de elementos en todas partes. Aunque van llegando nuevos env\u00edos no es suficiente y el que hay\u00a0 por ejemplo en farmacias, se vende muy caro. Adem\u00e1s no podemos olvidar que tambi\u00e9n hay una gran demanda por parte de ciudadanos particulares, hospitales, cl\u00ednicas, servicios de atenci\u00f3n a domicilio y otras empresas que lo precisan, como es l\u00f3gico.<\/p>\n<p style=\"text-align: justify\">Aunque esta situaci\u00f3n de SOS sea generalizada y aunque se est\u00e9 trabajando desde todos los frentes para paliar cuanto antes esta epidemia, la realidad es que mire por donde se mire no se habla suficiente de la gran labor que est\u00e1n realizando las residencias de toda Espa\u00f1a. En estos momentos hay la sensaci\u00f3n\u00a0 generalizada por parte del sector de que no se ha puesto el foco suficientemente desde el sector p\u00fablico en dotar de ayudas a estos centros. Tampoco podemos olvidar que Espa\u00f1a es uno de los pa\u00edses con un indice de envejecimiento de la poblaci\u00f3n mas elevados.<\/p>\n<p style=\"text-align: justify\">SI en estos momentos de dificultad buscas una residencia para una persona mayor puedes hacerlo desde inforesidencias.com o bien haciendo click <strong><a href=\"https:\/\/www.inforesidencias.com\/centros\/buscador\/residencias\/madrid\/madrid\">aqu\u00ed<\/a><\/strong><\/p>\n<p style=\"text-align: justify\">\n","protected":false},"excerpt":{"rendered":"<p>D\u00eda a dia se conocen nuevos casos de Coronavirus tanto en domicilios particulares como residencias de mayores. En las residencias de mayores como era de esperar ya hay varios casos en diferentes comunidades aut\u00f3nomas. Desde estos centros se trabaja duramente para cuidar a los residentes lo mejor posible y preservar su salud ahora m\u00e1s que nunca. El problema est\u00e1 en que tambi\u00e9n ahora mismo hay mas deficiencias que nunca. Como se ha dicho en prensa, radio, televisi\u00f3n y otros medios de comunicaci\u00f3n, las personas mayores son uno de los grupos de poblaci\u00f3n m\u00e1s vulnerables ante esta epidemia. Las auxiliares, enfermeros\/as, m\u00e9dicos, fisioterapeutas etc y todo el personal de los centros lo est\u00e1n dando todo para sobreponerse a esta situaci\u00f3n. Las medidas de prevenci\u00f3n que se requieren son extremas y de gran necesidad, pero con la voluntad no lo es todo. Leemos en una noticia de un peri\u00f3dico que una residencia [&hellip;]<\/p>\n","protected":false},"author":2,"featured_media":2788,"comment_status":"open","ping_status":"open","sticky":false,"template":"","format":"standard","meta":{"footnotes":""},"categories":[1],"tags":[],"yoast_head":"<!-- This site is optimized with the Yoast SEO plugin v21.7 - https:\/\/yoast.com\/wordpress\/plugins\/seo\/ -->\n<title>SOS en las residencias de mayores - Blog Inforesidencias.com<\/title>\n<meta name=\"description\" content=\"Llamada generalizada de SOS en las residencias de mayores de todo el pa\u00eds. Ante los casos de Coronavirus necesitan m\u00e1s medios para atender a los mayores.\" \/>\n<meta name=\"robots\" content=\"index, follow, max-snippet:-1, max-image-preview:large, max-video-preview:-1\" \/>\n<link rel=\"canonical\" href=\"https:\/\/www.inforesidencias.com\/blog\/index.php\/2020\/03\/18\/sos-en-las-residencias-de-mayores\/\" \/>\n<meta property=\"og:locale\" content=\"es_ES\" \/>\n<meta property=\"og:type\" content=\"article\" \/>\n<meta property=\"og:title\" content=\"SOS en las residencias de mayores - Blog Inforesidencias.com\" \/>\n<meta property=\"og:description\" content=\"Llamada generalizada de SOS en las residencias de mayores de todo el pa\u00eds. Ante los casos de Coronavirus necesitan m\u00e1s medios para atender a los mayores.\" \/>\n<meta property=\"og:url\" content=\"https:\/\/www.inforesidencias.com\/blog\/index.php\/2020\/03\/18\/sos-en-las-residencias-de-mayores\/\" \/>\n<meta property=\"og:site_name\" content=\"Blog Inforesidencias.com\" \/>\n<meta property=\"article:publisher\" content=\"https:\/\/www.facebook.com\/Inforesidencias\/\" \/>\n<meta property=\"article:author\" content=\"https:\/\/www.facebook.com\/josep.demarti\" \/>\n<meta property=\"article:published_time\" content=\"2020-03-18T11:44:03+00:00\" \/>\n<meta property=\"og:image\" content=\"https:\/\/www.inforesidencias.com\/blog\/wp-content\/uploads\/2020\/03\/SOS-en-las-residencias-de-mayores.png\" \/>\n\t<meta property=\"og:image:width\" content=\"550\" \/>\n\t<meta property=\"og:image:height\" content=\"203\" \/>\n\t<meta property=\"og:image:type\" content=\"image\/png\" \/>\n<meta name=\"author\" content=\"Josep de Mart\u00ed\" \/>\n<meta name=\"twitter:card\" content=\"summary_large_image\" \/>\n<meta name=\"twitter:creator\" content=\"@blog-ir\" \/>\n<meta name=\"twitter:site\" content=\"@inforesidencias\" \/>\n<meta name=\"twitter:label1\" content=\"Escrito por\" \/>\n\t<meta name=\"twitter:data1\" content=\"Josep de Mart\u00ed\" \/>\n\t<meta name=\"twitter:label2\" content=\"Tiempo de lectura\" \/>\n\t<meta name=\"twitter:data2\" content=\"3 minutos\" \/>\n<script type=\"application\/ld+json\" class=\"yoast-schema-graph\">{\"@context\":\"https:\/\/schema.org\",\"@graph\":[{\"@type\":\"WebPage\",\"@id\":\"https:\/\/www.inforesidencias.com\/blog\/index.php\/2020\/03\/18\/sos-en-las-residencias-de-mayores\/\",\"url\":\"https:\/\/www.inforesidencias.com\/blog\/index.php\/2020\/03\/18\/sos-en-las-residencias-de-mayores\/\",\"name\":\"SOS en las residencias de mayores - Blog Inforesidencias.com\",\"isPartOf\":{\"@id\":\"https:\/\/www.inforesidencias.com\/blog\/#website\"},\"datePublished\":\"2020-03-18T11:44:03+00:00\",\"dateModified\":\"2020-03-18T11:44:03+00:00\",\"author\":{\"@id\":\"https:\/\/www.inforesidencias.com\/blog\/#\/schema\/person\/9e146774d1eb3bc1c0316242a3898628\"},\"description\":\"Llamada generalizada de SOS en las residencias de mayores de todo el pa\u00eds. Ante los casos de Coronavirus necesitan m\u00e1s medios para atender a los mayores.\",\"breadcrumb\":{\"@id\":\"https:\/\/www.inforesidencias.com\/blog\/index.php\/2020\/03\/18\/sos-en-las-residencias-de-mayores\/#breadcrumb\"},\"inLanguage\":\"es\",\"potentialAction\":[{\"@type\":\"ReadAction\",\"target\":[\"https:\/\/www.inforesidencias.com\/blog\/index.php\/2020\/03\/18\/sos-en-las-residencias-de-mayores\/\"]}]},{\"@type\":\"BreadcrumbList\",\"@id\":\"https:\/\/www.inforesidencias.com\/blog\/index.php\/2020\/03\/18\/sos-en-las-residencias-de-mayores\/#breadcrumb\",\"itemListElement\":[{\"@type\":\"ListItem\",\"position\":1,\"name\":\"Home\",\"item\":\"https:\/\/www.inforesidencias.com\/blog\/\"},{\"@type\":\"ListItem\",\"position\":2,\"name\":\"SOS en las residencias de mayores\"}]},{\"@type\":\"WebSite\",\"@id\":\"https:\/\/www.inforesidencias.com\/blog\/#website\",\"url\":\"https:\/\/www.inforesidencias.com\/blog\/\",\"name\":\"Blog Inforesidencias.com\",\"description\":\"El buscador de residencias de la 3\u00aa edad\",\"potentialAction\":[{\"@type\":\"SearchAction\",\"target\":{\"@type\":\"EntryPoint\",\"urlTemplate\":\"https:\/\/www.inforesidencias.com\/blog\/?s={search_term_string}\"},\"query-input\":\"required name=search_term_string\"}],\"inLanguage\":\"es\"},{\"@type\":\"Person\",\"@id\":\"https:\/\/www.inforesidencias.com\/blog\/#\/schema\/person\/9e146774d1eb3bc1c0316242a3898628\",\"name\":\"Josep de Mart\u00ed\",\"image\":{\"@type\":\"ImageObject\",\"inLanguage\":\"es\",\"@id\":\"https:\/\/www.inforesidencias.com\/blog\/#\/schema\/person\/image\/\",\"url\":\"https:\/\/secure.gravatar.com\/avatar\/de0302c4806c00c4cebff396a798c1ff?s=96&d=mm&r=g\",\"contentUrl\":\"https:\/\/secure.gravatar.com\/avatar\/de0302c4806c00c4cebff396a798c1ff?s=96&d=mm&r=g\",\"caption\":\"Josep de Mart\u00ed\"},\"sameAs\":[\"https:\/\/www.inforesidencias.com\",\"https:\/\/www.facebook.com\/josep.demarti\",\"https:\/\/twitter.com\/blog-ir\"],\"url\":\"https:\/\/www.inforesidencias.com\/blog\/index.php\/author\/josepdemarti\/\"}]}<\/script>\n<!-- \/ Yoast SEO plugin. -->","yoast_head_json":{"title":"SOS en las residencias de mayores - Blog Inforesidencias.com","description":"Llamada generalizada de SOS en las residencias de mayores de todo el pa\u00eds. Ante los casos de Coronavirus necesitan m\u00e1s medios para atender a los mayores.","robots":{"index":"index","follow":"follow","max-snippet":"max-snippet:-1","max-image-preview":"max-image-preview:large","max-video-preview":"max-video-preview:-1"},"canonical":"https:\/\/www.inforesidencias.com\/blog\/index.php\/2020\/03\/18\/sos-en-las-residencias-de-mayores\/","og_locale":"es_ES","og_type":"article","og_title":"SOS en las residencias de mayores - Blog Inforesidencias.com","og_description":"Llamada generalizada de SOS en las residencias de mayores de todo el pa\u00eds. Ante los casos de Coronavirus necesitan m\u00e1s medios para atender a los mayores.","og_url":"https:\/\/www.inforesidencias.com\/blog\/index.php\/2020\/03\/18\/sos-en-las-residencias-de-mayores\/","og_site_name":"Blog Inforesidencias.com","article_publisher":"https:\/\/www.facebook.com\/Inforesidencias\/","article_author":"https:\/\/www.facebook.com\/josep.demarti","article_published_time":"2020-03-18T11:44:03+00:00","og_image":[{"width":550,"height":203,"url":"https:\/\/www.inforesidencias.com\/blog\/wp-content\/uploads\/2020\/03\/SOS-en-las-residencias-de-mayores.png","type":"image\/png"}],"author":"Josep de Mart\u00ed","twitter_card":"summary_large_image","twitter_creator":"@blog-ir","twitter_site":"@inforesidencias","twitter_misc":{"Escrito por":"Josep de Mart\u00ed","Tiempo de lectura":"3 minutos"},"schema":{"@context":"https:\/\/schema.org","@graph":[{"@type":"WebPage","@id":"https:\/\/www.inforesidencias.com\/blog\/index.php\/2020\/03\/18\/sos-en-las-residencias-de-mayores\/","url":"https:\/\/www.inforesidencias.com\/blog\/index.php\/2020\/03\/18\/sos-en-las-residencias-de-mayores\/","name":"SOS en las residencias de mayores - Blog Inforesidencias.com","isPartOf":{"@id":"https:\/\/www.inforesidencias.com\/blog\/#website"},"datePublished":"2020-03-18T11:44:03+00:00","dateModified":"2020-03-18T11:44:03+00:00","author":{"@id":"https:\/\/www.inforesidencias.com\/blog\/#\/schema\/person\/9e146774d1eb3bc1c0316242a3898628"},"description":"Llamada generalizada de SOS en las residencias de mayores de todo el pa\u00eds. Ante los casos de Coronavirus necesitan m\u00e1s medios para atender a los mayores.","breadcrumb":{"@id":"https:\/\/www.inforesidencias.com\/blog\/index.php\/2020\/03\/18\/sos-en-las-residencias-de-mayores\/#breadcrumb"},"inLanguage":"es","potentialAction":[{"@type":"ReadAction","target":["https:\/\/www.inforesidencias.com\/blog\/index.php\/2020\/03\/18\/sos-en-las-residencias-de-mayores\/"]}]},{"@type":"BreadcrumbList","@id":"https:\/\/www.inforesidencias.com\/blog\/index.php\/2020\/03\/18\/sos-en-las-residencias-de-mayores\/#breadcrumb","itemListElement":[{"@type":"ListItem","position":1,"name":"Home","item":"https:\/\/www.inforesidencias.com\/blog\/"},{"@type":"ListItem","position":2,"name":"SOS en las residencias de mayores"}]},{"@type":"WebSite","@id":"https:\/\/www.inforesidencias.com\/blog\/#website","url":"https:\/\/www.inforesidencias.com\/blog\/","name":"Blog Inforesidencias.com","description":"El buscador de residencias de la 3\u00aa edad","potentialAction":[{"@type":"SearchAction","target":{"@type":"EntryPoint","urlTemplate":"https:\/\/www.inforesidencias.com\/blog\/?s={search_term_string}"},"query-input":"required name=search_term_string"}],"inLanguage":"es"},{"@type":"Person","@id":"https:\/\/www.inforesidencias.com\/blog\/#\/schema\/person\/9e146774d1eb3bc1c0316242a3898628","name":"Josep de Mart\u00ed","image":{"@type":"ImageObject","inLanguage":"es","@id":"https:\/\/www.inforesidencias.com\/blog\/#\/schema\/person\/image\/","url":"https:\/\/secure.gravatar.com\/avatar\/de0302c4806c00c4cebff396a798c1ff?s=96&d=mm&r=g","contentUrl":"https:\/\/secure.gravatar.com\/avatar\/de0302c4806c00c4cebff396a798c1ff?s=96&d=mm&r=g","caption":"Josep de Mart\u00ed"},"sameAs":["https:\/\/www.inforesidencias.com","https:\/\/www.facebook.com\/josep.demarti","https:\/\/twitter.com\/blog-ir"],"url":"https:\/\/www.inforesidencias.com\/blog\/index.php\/author\/josepdemarti\/"}]}},"_links":{"self":[{"href":"https:\/\/www.inforesidencias.com\/blog\/index.php\/wp-json\/wp\/v2\/posts\/2783"}],"collection":[{"href":"https:\/\/www.inforesidencias.com\/blog\/index.php\/wp-json\/wp\/v2\/posts"}],"about":[{"href":"https:\/\/www.inforesidencias.com\/blog\/index.php\/wp-json\/wp\/v2\/types\/post"}],"author":[{"embeddable":true,"href":"https:\/\/www.inforesidencias.com\/blog\/index.php\/wp-json\/wp\/v2\/users\/2"}],"replies":[{"embeddable":true,"href":"https:\/\/www.inforesidencias.com\/blog\/index.php\/wp-json\/wp\/v2\/comments?post=2783"}],"version-history":[{"count":7,"href":"https:\/\/www.inforesidencias.com\/blog\/index.php\/wp-json\/wp\/v2\/posts\/2783\/revisions"}],"predecessor-version":[{"id":2792,"href":"https:\/\/www.inforesidencias.com\/blog\/index.php\/wp-json\/wp\/v2\/posts\/2783\/revisions\/2792"}],"wp:featuredmedia":[{"embeddable":true,"href":"https:\/\/www.inforesidencias.com\/blog\/index.php\/wp-json\/wp\/v2\/media\/2788"}],"wp:attachment":[{"href":"https:\/\/www.inforesidencias.com\/blog\/index.php\/wp-json\/wp\/v2\/media?parent=2783"}],"wp:term":[{"taxonomy":"category","embeddable":true,"href":"https:\/\/www.inforesidencias.com\/blog\/index.php\/wp-json\/wp\/v2\/categories?post=2783"},{"taxonomy":"post_tag","embeddable":true,"href":"https:\/\/www.inforesidencias.com\/blog\/index.php\/wp-json\/wp\/v2\/tags?post=2783"}],"curies":[{"name":"wp","href":"https:\/\/api.w.org\/{rel}","templated":true}]}}