{"id":2849,"date":"2020-03-25T19:34:34","date_gmt":"2020-03-25T19:34:34","guid":{"rendered":"https:\/\/www.inforesidencias.com\/blog\/?p=2849"},"modified":"2021-02-27T00:01:39","modified_gmt":"2021-02-26T23:01:39","slug":"el-calvario-de-los-directores-de-residencias","status":"publish","type":"post","link":"https:\/\/www.inforesidencias.com\/blog\/index.php\/2020\/03\/25\/el-calvario-de-los-directores-de-residencias\/","title":{"rendered":"EL CALVARIO DE LOS DIRECTORES DE RESIDENCIAS"},"content":{"rendered":"<p>EL CALVARIO DE LOS DIRECTORES DE RESIDENCIAS DE MAYORES<\/p>\n<p><a href=\"https:\/\/www.inforesidencias.com\/blog\/wp-content\/uploads\/2020\/03\/istock-1204765491.jpg\"><img decoding=\"async\" loading=\"lazy\" class=\"aligncenter size-full wp-image-2850\" src=\"https:\/\/www.inforesidencias.com\/blog\/wp-content\/uploads\/2020\/03\/istock-1204765491.jpg\" alt=\"Ansiedad direcci\u00f3n de residencias\" width=\"968\" height=\"681\" \/><\/a>Los gerentes de residencias privadas, tanto las mercantiles como las que funcionan sin \u00e1nimo de lucro, est\u00e1n clamando para obtener algo tan b\u00e1sico como mascarillas, EPIs (elementos de protecci\u00f3n) y test de diagn\u00f3stico para residentes y empleados.\u00a0 La respuesta de las administraciones est\u00e1 siendo enviarlos con cuentagotas y extender la sombra de la sospecha sobre las residencias.\u00a0 Eso s\u00ed, haci\u00e9ndoles llegar desde las comunidades aut\u00f3nomas y el estado instrucciones y pautas de actuaci\u00f3n diferentes y a veces contradictorias.<\/p>\n<p>Pongo un peque\u00f1o ejemplo de mi comunidad, Catalu\u00f1a que creo es trasladable a todas las dem\u00e1s.\u00a0 Aqu\u00ed todas las residencias deben comunicar cada d\u00eda a una direcci\u00f3n de correo electr\u00f3nico de la Generalitat una informaci\u00f3n sobre los residentes que incluye una clasificaci\u00f3n de los mismos.\u00a0 El documento que indica la forma de actuar <a href=\"http:\/\/canalsalut.gencat.cat\/web\/.content\/_A-Z\/C\/coronavirus-2019-ncov\/material-divulgatiu\/guia-actuacio-residencies.pdf\">est\u00e1 actualizado a fecha 20 de marzo<\/a>.\u00a0 A su vez el gobierno del Estado ha aprobado una <a href=\"Gui\u0301a%20de%20prevencio\u0301n%20y%20control%20frente%20al%20COVID19%20en%20residencias%20de%20mayores%20y%20otros%20centros%20de%20servicios%20sociales%20de%20cara\u0301cter%20residencial\">Gu\u00eda de prevenci\u00f3n y control frente al COVID19 en residencias de mayores y otros centros de servicios sociales de car\u00e1cter residencial<\/a> el 24 de marzo que, de acuerdo con la Orden SND\/265\/2020 publicada en el BOE del 21 de marzo, establece un sistema de clasificaci\u00f3n de los residentes diferentes as\u00ed como toda una serie de criterios de actuaci\u00f3n que son diferentes de los dados por la Generalitat. Y esto es s\u00f3lo el principio.<\/p>\n<h3>O sea, dos formas diferentes de clasificar a los residentes.<\/h3>\n<p>Imaginemos un caso te\u00f3rico: Una residencia que deriv\u00f3 al hospital a dos residentes con fiebre que despu\u00e9s\u00a0fallecieron\u00a0habiendo sido diagnosticados como infectados por el virus, en aplicaci\u00f3n de los criterios de hace dos semanas, envi\u00f3 a su casa a quienes\u00a0estuvieron en contacto con los residentes con lo que se qued\u00f3 sin parte del personal.\u00a0 Ahora ha recibido una llamada de alguien del hospital que de le dice que no derive a pacientes sin obtener su permiso previamente. Esta residencia lleva dos d\u00edas estudiando las instrucciones de la Generalitat cuando le llegan las del Estado acompa\u00f1adas de dos Ordenes publicadas en el BOE.\u00a0 Al parecer ahora ya no hay que enviar a casa a quienes hayan estado en contacto con enfermos, s\u00f3lo hay que hacerlo cuando presenten s\u00edntomas.\u00a0 A\u00fan as\u00ed, varios empleados han obtenido la baja sin tenerlos.\u00a0 \u00a0Cuando llamas a la administraci\u00f3n, concretamente a la inspecci\u00f3n, para transmitir tu preocupaci\u00f3n y les dices que adem\u00e1s, s\u00f3lo te han dado un equipo de protecci\u00f3n que has tenido que ir a buscar a un almac\u00e9n a 50 kil\u00f3metros, te dicen que lo env\u00edes por escrito y te recuerdan la obligaci\u00f3n de comunicar cualquier incidencia.\u00a0 \u00bfTe sientes apoyado?<\/p>\n<p>Est\u00e1s trabajando con menos personal del que necesitas y a\u00fan as\u00ed consigues un rato para leer las instrucciones recibidas de las diferentes administraciones cuando unos vecinos te dicen que no les parece bien que est\u00e9s tirando la basura de la residencia en los contenedores normales.\u00a0 Buscas lo que dicen las instrucciones y ves que, las de la comunidad aut\u00f3noma establecen lo siguiente:<\/p>\n<p><em>3.11. Manejo de residuos en la residencia<\/em><\/p>\n<p><em>\u00a0&#8211; Hay que lavar la ropa de cama, toallas, etc. de las personas enfermas con jabones o detergentes habituales a 60-90 \u00b0 C y dejar que se seque completamente. Esta ropa se debe colocar en una bolsa hasta que se lave. Hay que evitar que sacudir la ropa antes de lavarla.<\/em><\/p>\n<p><em>\u00a0&#8211; El material desechable utilizado para la persona con Covidien-19 posible, probable o confirmado (pa\u00f1uelos, mascarillas), material de desecho profesional (excepto gafas y mascarilla) y cualquier otro residuo se debe eliminar el cubo de basura dispuesto en la habitaci\u00f3n, preferiblemente con tapa y pedal de apertura. La bolsa de pl\u00e1stico se cerrar\u00e1 antes de sacarla de la habitaci\u00f3n y se debe retirar al menos 2 veces al d\u00eda o cuando se considere necesario.<\/em><\/p>\n<p><a href=\"https:\/\/www.inforesidencias.com\/aula-virtual\/courses\/el-segundo-ataque-de-la-pandemia-demandas-querellas-y-fiscalia-como-estar-preparado\/\"><img decoding=\"async\" loading=\"lazy\" class=\"aligncenter size-medium\" src=\"https:\/\/www.inforesidencias.com\/resources\/public\/biblioteca\/imagenes\/varios\/version1\/escura-12.jpg\" alt=\"Seminario jur\u00eddico residencias de ancianos\" width=\"800\" height=\"178\" \/><\/a><\/p>\n<p><em>&#8211; Los cubiertos, vasos, platos y otros utensilios, si son reutilizables, se deben lavar con agua caliente y jab\u00f3n o, preferiblemente, en el lavavajillas.<\/em><\/p>\n<p><em>&#8211; Los residuos del paciente se pueden poner con el resto de los residuos dom\u00e9sticos siempre que est\u00e9n introducidos en una bolsa cerrada.<\/em><\/p>\n<p><em>&#8211; Despu\u00e9s del contacto con los residuos siempre se debe hacer una higiene de manos.<\/em><\/p>\n<p>Pero las del Estado dicen algo un poco diferente:<\/p>\n<ol start=\"12\">\n<li><em> Gesti\u00f3n de residuos<\/em><\/li>\n<\/ol>\n<p><em>\u00a0<\/em><em>Seg\u00fan las recomendaciones del Ministerio de Sanidad, los residuos del paciente, incluido el material desechable utilizado por la persona enferma (guantes, pa\u00f1uelos, mascarillas), se han de eliminar en una bolsa de pl\u00e1stico (BOLSA 1) en un cubo de basura dispuesto en la habitaci\u00f3n, preferiblemente con tapa y pedal de apertura, sin realizar ninguna separaci\u00f3n para el reciclaje. <\/em><em>\u00a0<\/em><\/p>\n<p><em>La bolsa de pl\u00e1stico (BOLSA 1) debe cerrarse adecuadamente e introducirla en una segunda bolsa de basura (BOLSA 2), al lado de la salida de la habitaci\u00f3n, donde adem\u00e1s se depositar\u00e1n los guantes y mascarilla utilizados por el cuidador y se cerrara adecuadamente antes de salir de la habitaci\u00f3n. <\/em><\/p>\n<p><em>La BOLSA 2, con los residuos anteriores, se depositar\u00e1 en la bolsa de basura (BOLSA 3) con el resto de los residuos dom\u00e9sticos. <\/em><\/p>\n<p><em>La BOLSA 3 tambi\u00e9n se cerrar\u00e1 adecuadamente. Inmediatamente despu\u00e9s se realizar\u00e1 una completa higiene de manos, con agua y jab\u00f3n, al menos 40-60 segundos<\/em><em>\u00a0<\/em><\/p>\n<p><em>La BOLSA 3 se depositar\u00e1 exclusivamente en el contenedor de fracci\u00f3n resto (o en cualquier otro sistema de recogida de fracci\u00f3n resto establecida en la entidad local), estando terminantemente prohibido depositarla en los contenedores de recogida separada de cualquiera de las fracciones separadas (org\u00e1nica, envases, papel, vidrio o textil) o su abandono en el entorno. <\/em><\/p>\n<p><em>Se podr\u00e1 establecer una recogida diferenciada de las bolsas procedentes de centros\/lugares donde se d\u00e9 un elevado nivel de afectados por COVID-19 (residencias, hoteles hospitalizados, etc.) mientras dure la crisis sanitaria, dado el elevado nivel de generaci\u00f3n de residuos asociados. <\/em><\/p>\n<p><em>Estas bolsas se identificar\u00e1n externamente (por ejemplo, mediante cinta aislante o similar) y se depositar\u00e1n conforme a lo que establezcan las autoridades responsables de la recogida de residuos.<\/em><\/p>\n<p>Parece ser que cogiendo una u otra, podr\u00e1s continuar utilizando los contenedores por lo que, de tu inexistente tiempo, vas a sacar un rato para escribir a la asociaci\u00f3n de vecinos.<\/p>\n<p>No has tenido tiempo de leer dos circulares que has recibido de tu patronal, que seguro te habr\u00edan ayudado y, al ver un poco de las noticias capta tu atenci\u00f3n que lo m\u00e1s destacable es que la Fiscal\u00eda investigar\u00e1 las muertes producidas en una residencia de no sabes d\u00f3nde. Dan a entender otra vez que cuando alguien muere en un hospital lo ha matado el virus pero si muere en una residencia hay algo m\u00e1s.<\/p>\n<p>Y as\u00ed te vas a dormir con el sentimiento \u00edntimo de que, a pesar de la desconfianza de la administraci\u00f3n, el equipo de tu residencia lo est\u00e1 haciendo lo mejor posible y gracias a eso alguien va a vivir (y quiz\u00e1s morir) de una forma mejor que si no estuvieseis trabajando.<\/p>\n<p>Desde Inforesidencias.com nuestro apoyo a quienes trabajan, dirigen y gestionan residencias de personas mayores.\u00a0\u00a0 \u00a1GRACIAS!<\/p>\n<p>Autor: Josep de Mart\u00ed. Director de\u00a0<a href=\"https:\/\/www.inforesidencias.com\/particulares\/buscamos-por-ti\">Inforesidencias Buscador comparador de residencias de mayores<\/a>.<\/p>\n<p><a href=\"https:\/\/www.linkedin.com\/in\/josep-de-mart%C3%AD-vall%C3%A9s-84062836\/\">Perfil de Linkedin<\/a><\/p>\n","protected":false},"excerpt":{"rendered":"<p>EL CALVARIO DE LOS DIRECTORES DE RESIDENCIAS DE MAYORES Los gerentes de residencias privadas, tanto las mercantiles como las que funcionan sin \u00e1nimo de lucro, est\u00e1n clamando para obtener algo tan b\u00e1sico como mascarillas, EPIs (elementos de protecci\u00f3n) y test de diagn\u00f3stico para residentes y empleados.\u00a0 La respuesta de las administraciones est\u00e1 siendo enviarlos con cuentagotas y extender la sombra de la sospecha sobre las residencias.\u00a0 Eso s\u00ed, haci\u00e9ndoles llegar desde las comunidades aut\u00f3nomas y el estado instrucciones y pautas de actuaci\u00f3n diferentes y a veces contradictorias. Pongo un peque\u00f1o ejemplo de mi comunidad, Catalu\u00f1a que creo es trasladable a todas las dem\u00e1s.\u00a0 Aqu\u00ed todas las residencias deben comunicar cada d\u00eda a una direcci\u00f3n de correo electr\u00f3nico de la Generalitat una informaci\u00f3n sobre los residentes que incluye una clasificaci\u00f3n de los mismos.\u00a0 El documento que indica la forma de actuar est\u00e1 actualizado a fecha 20 de marzo.\u00a0 A su vez [&hellip;]<\/p>\n","protected":false},"author":2,"featured_media":2850,"comment_status":"open","ping_status":"open","sticky":false,"template":"","format":"standard","meta":{"footnotes":""},"categories":[1],"tags":[],"yoast_head":"<!-- This site is optimized with the Yoast SEO plugin v21.7 - https:\/\/yoast.com\/wordpress\/plugins\/seo\/ -->\n<title>EL CALVARIO DE LOS DIRECTORES DE RESIDENCIAS - Blog Inforesidencias.com<\/title>\n<meta name=\"description\" content=\"Las residencias est\u00e1n sufriendo un verdadero calvario en estos momentos de pandemia. Adem\u00e1s de la que provoca la enfermedad, el poco apoyo administrativo.\" \/>\n<meta name=\"robots\" content=\"index, follow, max-snippet:-1, max-image-preview:large, max-video-preview:-1\" \/>\n<link rel=\"canonical\" href=\"https:\/\/www.inforesidencias.com\/blog\/index.php\/2020\/03\/25\/el-calvario-de-los-directores-de-residencias\/\" \/>\n<meta property=\"og:locale\" content=\"es_ES\" \/>\n<meta property=\"og:type\" content=\"article\" \/>\n<meta property=\"og:title\" content=\"EL CALVARIO DE LOS DIRECTORES DE RESIDENCIAS - Blog Inforesidencias.com\" \/>\n<meta property=\"og:description\" content=\"Las residencias est\u00e1n sufriendo un verdadero calvario en estos momentos de pandemia. Adem\u00e1s de la que provoca la enfermedad, el poco apoyo administrativo.\" \/>\n<meta property=\"og:url\" content=\"https:\/\/www.inforesidencias.com\/blog\/index.php\/2020\/03\/25\/el-calvario-de-los-directores-de-residencias\/\" \/>\n<meta property=\"og:site_name\" content=\"Blog Inforesidencias.com\" \/>\n<meta property=\"article:publisher\" content=\"https:\/\/www.facebook.com\/Inforesidencias\/\" \/>\n<meta property=\"article:author\" content=\"https:\/\/www.facebook.com\/josep.demarti\" \/>\n<meta property=\"article:published_time\" content=\"2020-03-25T19:34:34+00:00\" \/>\n<meta property=\"article:modified_time\" content=\"2021-02-26T23:01:39+00:00\" \/>\n<meta property=\"og:image\" content=\"https:\/\/www.inforesidencias.com\/blog\/wp-content\/uploads\/2020\/03\/istock-1204765491.jpg\" \/>\n\t<meta property=\"og:image:width\" content=\"968\" \/>\n\t<meta property=\"og:image:height\" content=\"681\" \/>\n\t<meta property=\"og:image:type\" content=\"image\/jpeg\" \/>\n<meta name=\"author\" content=\"Josep de Mart\u00ed\" \/>\n<meta name=\"twitter:card\" content=\"summary_large_image\" \/>\n<meta name=\"twitter:creator\" content=\"@blog-ir\" \/>\n<meta name=\"twitter:site\" content=\"@inforesidencias\" \/>\n<meta name=\"twitter:label1\" content=\"Escrito por\" \/>\n\t<meta name=\"twitter:data1\" content=\"Josep de Mart\u00ed\" \/>\n\t<meta name=\"twitter:label2\" content=\"Tiempo de lectura\" \/>\n\t<meta name=\"twitter:data2\" content=\"6 minutos\" \/>\n<script type=\"application\/ld+json\" class=\"yoast-schema-graph\">{\"@context\":\"https:\/\/schema.org\",\"@graph\":[{\"@type\":\"WebPage\",\"@id\":\"https:\/\/www.inforesidencias.com\/blog\/index.php\/2020\/03\/25\/el-calvario-de-los-directores-de-residencias\/\",\"url\":\"https:\/\/www.inforesidencias.com\/blog\/index.php\/2020\/03\/25\/el-calvario-de-los-directores-de-residencias\/\",\"name\":\"EL CALVARIO DE LOS DIRECTORES DE RESIDENCIAS - Blog Inforesidencias.com\",\"isPartOf\":{\"@id\":\"https:\/\/www.inforesidencias.com\/blog\/#website\"},\"datePublished\":\"2020-03-25T19:34:34+00:00\",\"dateModified\":\"2021-02-26T23:01:39+00:00\",\"author\":{\"@id\":\"https:\/\/www.inforesidencias.com\/blog\/#\/schema\/person\/9e146774d1eb3bc1c0316242a3898628\"},\"description\":\"Las residencias est\u00e1n sufriendo un verdadero calvario en estos momentos de pandemia. Adem\u00e1s de la que provoca la enfermedad, el poco apoyo administrativo.\",\"breadcrumb\":{\"@id\":\"https:\/\/www.inforesidencias.com\/blog\/index.php\/2020\/03\/25\/el-calvario-de-los-directores-de-residencias\/#breadcrumb\"},\"inLanguage\":\"es\",\"potentialAction\":[{\"@type\":\"ReadAction\",\"target\":[\"https:\/\/www.inforesidencias.com\/blog\/index.php\/2020\/03\/25\/el-calvario-de-los-directores-de-residencias\/\"]}]},{\"@type\":\"BreadcrumbList\",\"@id\":\"https:\/\/www.inforesidencias.com\/blog\/index.php\/2020\/03\/25\/el-calvario-de-los-directores-de-residencias\/#breadcrumb\",\"itemListElement\":[{\"@type\":\"ListItem\",\"position\":1,\"name\":\"Home\",\"item\":\"https:\/\/www.inforesidencias.com\/blog\/\"},{\"@type\":\"ListItem\",\"position\":2,\"name\":\"EL CALVARIO DE LOS DIRECTORES DE RESIDENCIAS\"}]},{\"@type\":\"WebSite\",\"@id\":\"https:\/\/www.inforesidencias.com\/blog\/#website\",\"url\":\"https:\/\/www.inforesidencias.com\/blog\/\",\"name\":\"Blog Inforesidencias.com\",\"description\":\"El buscador de residencias de la 3\u00aa edad\",\"potentialAction\":[{\"@type\":\"SearchAction\",\"target\":{\"@type\":\"EntryPoint\",\"urlTemplate\":\"https:\/\/www.inforesidencias.com\/blog\/?s={search_term_string}\"},\"query-input\":\"required name=search_term_string\"}],\"inLanguage\":\"es\"},{\"@type\":\"Person\",\"@id\":\"https:\/\/www.inforesidencias.com\/blog\/#\/schema\/person\/9e146774d1eb3bc1c0316242a3898628\",\"name\":\"Josep de Mart\u00ed\",\"image\":{\"@type\":\"ImageObject\",\"inLanguage\":\"es\",\"@id\":\"https:\/\/www.inforesidencias.com\/blog\/#\/schema\/person\/image\/\",\"url\":\"https:\/\/secure.gravatar.com\/avatar\/de0302c4806c00c4cebff396a798c1ff?s=96&d=mm&r=g\",\"contentUrl\":\"https:\/\/secure.gravatar.com\/avatar\/de0302c4806c00c4cebff396a798c1ff?s=96&d=mm&r=g\",\"caption\":\"Josep de Mart\u00ed\"},\"sameAs\":[\"https:\/\/www.inforesidencias.com\",\"https:\/\/www.facebook.com\/josep.demarti\",\"https:\/\/twitter.com\/blog-ir\"],\"url\":\"https:\/\/www.inforesidencias.com\/blog\/index.php\/author\/josepdemarti\/\"}]}<\/script>\n<!-- \/ Yoast SEO plugin. -->","yoast_head_json":{"title":"EL CALVARIO DE LOS DIRECTORES DE RESIDENCIAS - Blog Inforesidencias.com","description":"Las residencias est\u00e1n sufriendo un verdadero calvario en estos momentos de pandemia. Adem\u00e1s de la que provoca la enfermedad, el poco apoyo administrativo.","robots":{"index":"index","follow":"follow","max-snippet":"max-snippet:-1","max-image-preview":"max-image-preview:large","max-video-preview":"max-video-preview:-1"},"canonical":"https:\/\/www.inforesidencias.com\/blog\/index.php\/2020\/03\/25\/el-calvario-de-los-directores-de-residencias\/","og_locale":"es_ES","og_type":"article","og_title":"EL CALVARIO DE LOS DIRECTORES DE RESIDENCIAS - Blog Inforesidencias.com","og_description":"Las residencias est\u00e1n sufriendo un verdadero calvario en estos momentos de pandemia. Adem\u00e1s de la que provoca la enfermedad, el poco apoyo administrativo.","og_url":"https:\/\/www.inforesidencias.com\/blog\/index.php\/2020\/03\/25\/el-calvario-de-los-directores-de-residencias\/","og_site_name":"Blog Inforesidencias.com","article_publisher":"https:\/\/www.facebook.com\/Inforesidencias\/","article_author":"https:\/\/www.facebook.com\/josep.demarti","article_published_time":"2020-03-25T19:34:34+00:00","article_modified_time":"2021-02-26T23:01:39+00:00","og_image":[{"width":968,"height":681,"url":"https:\/\/www.inforesidencias.com\/blog\/wp-content\/uploads\/2020\/03\/istock-1204765491.jpg","type":"image\/jpeg"}],"author":"Josep de Mart\u00ed","twitter_card":"summary_large_image","twitter_creator":"@blog-ir","twitter_site":"@inforesidencias","twitter_misc":{"Escrito por":"Josep de Mart\u00ed","Tiempo de lectura":"6 minutos"},"schema":{"@context":"https:\/\/schema.org","@graph":[{"@type":"WebPage","@id":"https:\/\/www.inforesidencias.com\/blog\/index.php\/2020\/03\/25\/el-calvario-de-los-directores-de-residencias\/","url":"https:\/\/www.inforesidencias.com\/blog\/index.php\/2020\/03\/25\/el-calvario-de-los-directores-de-residencias\/","name":"EL CALVARIO DE LOS DIRECTORES DE RESIDENCIAS - Blog Inforesidencias.com","isPartOf":{"@id":"https:\/\/www.inforesidencias.com\/blog\/#website"},"datePublished":"2020-03-25T19:34:34+00:00","dateModified":"2021-02-26T23:01:39+00:00","author":{"@id":"https:\/\/www.inforesidencias.com\/blog\/#\/schema\/person\/9e146774d1eb3bc1c0316242a3898628"},"description":"Las residencias est\u00e1n sufriendo un verdadero calvario en estos momentos de pandemia. Adem\u00e1s de la que provoca la enfermedad, el poco apoyo administrativo.","breadcrumb":{"@id":"https:\/\/www.inforesidencias.com\/blog\/index.php\/2020\/03\/25\/el-calvario-de-los-directores-de-residencias\/#breadcrumb"},"inLanguage":"es","potentialAction":[{"@type":"ReadAction","target":["https:\/\/www.inforesidencias.com\/blog\/index.php\/2020\/03\/25\/el-calvario-de-los-directores-de-residencias\/"]}]},{"@type":"BreadcrumbList","@id":"https:\/\/www.inforesidencias.com\/blog\/index.php\/2020\/03\/25\/el-calvario-de-los-directores-de-residencias\/#breadcrumb","itemListElement":[{"@type":"ListItem","position":1,"name":"Home","item":"https:\/\/www.inforesidencias.com\/blog\/"},{"@type":"ListItem","position":2,"name":"EL CALVARIO DE LOS DIRECTORES DE RESIDENCIAS"}]},{"@type":"WebSite","@id":"https:\/\/www.inforesidencias.com\/blog\/#website","url":"https:\/\/www.inforesidencias.com\/blog\/","name":"Blog Inforesidencias.com","description":"El buscador de residencias de la 3\u00aa edad","potentialAction":[{"@type":"SearchAction","target":{"@type":"EntryPoint","urlTemplate":"https:\/\/www.inforesidencias.com\/blog\/?s={search_term_string}"},"query-input":"required name=search_term_string"}],"inLanguage":"es"},{"@type":"Person","@id":"https:\/\/www.inforesidencias.com\/blog\/#\/schema\/person\/9e146774d1eb3bc1c0316242a3898628","name":"Josep de Mart\u00ed","image":{"@type":"ImageObject","inLanguage":"es","@id":"https:\/\/www.inforesidencias.com\/blog\/#\/schema\/person\/image\/","url":"https:\/\/secure.gravatar.com\/avatar\/de0302c4806c00c4cebff396a798c1ff?s=96&d=mm&r=g","contentUrl":"https:\/\/secure.gravatar.com\/avatar\/de0302c4806c00c4cebff396a798c1ff?s=96&d=mm&r=g","caption":"Josep de Mart\u00ed"},"sameAs":["https:\/\/www.inforesidencias.com","https:\/\/www.facebook.com\/josep.demarti","https:\/\/twitter.com\/blog-ir"],"url":"https:\/\/www.inforesidencias.com\/blog\/index.php\/author\/josepdemarti\/"}]}},"_links":{"self":[{"href":"https:\/\/www.inforesidencias.com\/blog\/index.php\/wp-json\/wp\/v2\/posts\/2849"}],"collection":[{"href":"https:\/\/www.inforesidencias.com\/blog\/index.php\/wp-json\/wp\/v2\/posts"}],"about":[{"href":"https:\/\/www.inforesidencias.com\/blog\/index.php\/wp-json\/wp\/v2\/types\/post"}],"author":[{"embeddable":true,"href":"https:\/\/www.inforesidencias.com\/blog\/index.php\/wp-json\/wp\/v2\/users\/2"}],"replies":[{"embeddable":true,"href":"https:\/\/www.inforesidencias.com\/blog\/index.php\/wp-json\/wp\/v2\/comments?post=2849"}],"version-history":[{"count":14,"href":"https:\/\/www.inforesidencias.com\/blog\/index.php\/wp-json\/wp\/v2\/posts\/2849\/revisions"}],"predecessor-version":[{"id":4233,"href":"https:\/\/www.inforesidencias.com\/blog\/index.php\/wp-json\/wp\/v2\/posts\/2849\/revisions\/4233"}],"wp:featuredmedia":[{"embeddable":true,"href":"https:\/\/www.inforesidencias.com\/blog\/index.php\/wp-json\/wp\/v2\/media\/2850"}],"wp:attachment":[{"href":"https:\/\/www.inforesidencias.com\/blog\/index.php\/wp-json\/wp\/v2\/media?parent=2849"}],"wp:term":[{"taxonomy":"category","embeddable":true,"href":"https:\/\/www.inforesidencias.com\/blog\/index.php\/wp-json\/wp\/v2\/categories?post=2849"},{"taxonomy":"post_tag","embeddable":true,"href":"https:\/\/www.inforesidencias.com\/blog\/index.php\/wp-json\/wp\/v2\/tags?post=2849"}],"curies":[{"name":"wp","href":"https:\/\/api.w.org\/{rel}","templated":true}]}}