{"id":2865,"date":"2020-03-27T10:26:45","date_gmt":"2020-03-27T10:26:45","guid":{"rendered":"https:\/\/www.inforesidencias.com\/blog\/?p=2865"},"modified":"2020-03-27T14:35:26","modified_gmt":"2020-03-27T14:35:26","slug":"irse-de-las-residencias-de-mayores-durante-el-confinamiento","status":"publish","type":"post","link":"https:\/\/www.inforesidencias.com\/blog\/index.php\/2020\/03\/27\/irse-de-las-residencias-de-mayores-durante-el-confinamiento\/","title":{"rendered":"\u00bfPUEDEN IRSE LOS RESIDENTES A SUS CASAS EN PLENO CONFINAMIENTO? LA GENERALITAT GENERA UN NUEVO PROBLEMA PARA LAS RESIDENCIAS DE MAYORES"},"content":{"rendered":"<p>Muchas personas que tienen a un familiar en una residencia de mayores viven preocupadas sobre c\u00f3mo est\u00e1 y c\u00f3mo estar\u00e1 su ser querido. Hace s\u00f3lo tres semanas se confinaron las residencias y se prohibi\u00f3 la entrada de visitas a pesar que los protocolos solo recomendaban la restricci\u00f3n de visitas.\u00a0.\u00a0 Al principio muchos no lo entendieron, pero lo acabaron haciendo.\u00a0 Las residencias han sido creativas y han potenciado el contacto virtual.\u00a0\u00a0 Han hecho lo posible por que el \u201cel bicho\u201d no entre aunque el coronavirus es muy esquivo.<\/p>\n<p><a href=\"https:\/\/www.inforesidencias.com\/blog\/wp-content\/uploads\/2020\/03\/sen\u0303ora.jpg\"><img decoding=\"async\" loading=\"lazy\" class=\"aligncenter size-full wp-image-2867\" src=\"https:\/\/www.inforesidencias.com\/blog\/wp-content\/uploads\/2020\/03\/sen\u0303ora.jpg\" alt=\"sen\u0303ora silla de ruedas\" width=\"640\" height=\"428\" \/><\/a>En los \u00faltimos d\u00edas algunas familias reclaman poder llevarse a casa a residentes para atenderlos all\u00ed.\u00a0 Lo l\u00f3gico es que si la residencia est\u00e1 \u201cconfinada\u201d no puedan hacerlo, pero a\u00fan as\u00ed, han insistido.<\/p>\n<p>Hace unos d\u00edas se produjo alg\u00fan traslado puntual \u00a0autorizado de forma informal por parte de un cargo intermedio de la Generalitat mediante e-mail dirigido a alguna residencia (tengo constancia de un traslado producido as\u00ed).\u00a0 Despu\u00e9s el Conseller de Treball dijo en TV3 (<a href=\"https:\/\/www.ccma.cat\/tv3\/alacarta\/tot-es-mou\/chakir-el-homrani-tindrem-270-000-aturats-mes-el-mes-vinent\/video\/6036603\/\">programa Tot es Mou, mirar minuto 6<\/a>), que las personas mayores que estaban bien seg\u00fan certificado del responsable m\u00e9dico de la residencia pod\u00edan decidir irse a casa.<\/p>\n<p>Ahora, hoy, la Generalitat ha emitido <a href=\"https:\/\/www.inforesidencias.com\/resources\/public\/biblioteca\/documentos\/funcionamiento\/202003instrucciones-llevarse-a-mayores-a-casa.pdf\">una instrucci\u00f3n<\/a> que determina:<\/p>\n<p><em>El residente puede solicitar el retorno temporal y voluntario a su\u00a0<\/em><em>domicilio, de acuerdo con las recomendaciones de la Agencia de Salud P\u00fablica del\u00a0<\/em><em>Departamento de Salud en los siguientes supuestos:<\/em><\/p>\n<ol>\n<li><em> Persona que vive en un centro residencial que permanece estable y sin\u00a0<\/em><em>s\u00edntomas asociados a Covid-19 y <strong>con prueba diagn\u00f3stica negativa.<\/strong><\/em><\/li>\n<\/ol>\n<ol start=\"2\">\n<li><em> Persona que vive en un centro residencial que por causa no relacionada\u00a0<\/em><em>con una infecci\u00f3n por Covid-19, realiza ingreso hospitalario en agudos o en\u00a0<\/em><em>atenci\u00f3n intermedia, y una vez resuelto el problema y previo al traslado tiene\u00a0<\/em><em>una prueba diagn\u00f3stica negativa pudiendo plantearse ir a domicilio en\u00a0<\/em><em>lugar de la residencia.<\/em><\/li>\n<\/ol>\n<p>\u00bfEs una burla? Se han preguntado todos los directores y responsables de residencias de mayores que lo han le\u00eddo.\u00a0 \u00bfC\u00f3mo van a poder pedir volver los que tengan <strong>prueba diagn\u00f3stica negativa<\/strong> si no se est\u00e1n haciendo pruebas de forma generalizada y mucho menos a personas asint\u00f3m\u00e1ticas?<\/p>\n<p><strong>O sea, que tenemos una instrucci\u00f3n que se aplica a personas que no existen.<\/strong><\/p>\n<p>Si lo que quer\u00edan era referirse \u00fanicamente a las altas hospitalarias, deber\u00edan haberlo hecho sin l\u00edar la cosa.<\/p>\n<p>Recomendar\u00eda al Conseller que llame al tel\u00e9fono de informaci\u00f3n al que remiten a las residencias en relaci\u00f3n con la pandemia y solicite que se haga la prueba a alg\u00fan residente o empleado de la residencia.\u00a0 La respuesta es que no se est\u00e1n haciendo pruebas.\u00a0 Tengo grabaciones hechas por alg\u00fan director de residencia que ha decidido guardar una prueba de las respuestas que ha recibido telef\u00f3nicamente.<\/p>\n<p>Entiendo que son tiempos dif\u00edciles y que hay muchos asuntos que atender por parte de las administraciones, pero, por favor, sean m\u00e1s cuidadosos.<\/p>\n<p>Lo \u00fanico que va a conseguir esta instrucci\u00f3n es que algunos familiares llamen a las residencias, desde all\u00ed, alguien, que seguro tiene algo m\u00e1s importante que hacer, deber\u00e1 decirles que si no hay un diagn\u00f3stico positivo no se aplica la instrucci\u00f3n.\u00a0 La familia preguntar\u00e1 c\u00f3mo conseguir ese diagn\u00f3stico y la residencia la enviar\u00e1 hacia alg\u00fan tel\u00e9fono de la sanidad p\u00fablica que quedar\u00e1 m\u00e1s colapsado todav\u00eda donde le dir\u00e1n que no se hacen diagn\u00f3sticos a personas asintom\u00e1ticas.\u00a0 La familia y el residente se frustrar\u00e1n, la residencia malgastar\u00e1 tiempo en cosas no esenciales y no habremos mejorado la vida de nadie.<\/p>\n<p>Tambi\u00e9n puede ser que alguien opte por llevarse \u201ca las bravas\u201d a su familiar del centro.\u00a0 Al fin y al cabo, una residencia no es un establecimiento de internamiento; con lo que habr\u00e1 todav\u00eda m\u00e1s tensi\u00f3n y frustraci\u00f3n. \u00bfTiene la residencia que enfrentarse f\u00edsicamente a alguien que pretenda hacerlo? No.\u00a0 Deber\u00e1 comunicarlo a la inspecci\u00f3n, al correo electr\u00f3nico covid-19\u2026@&#8230;, quiz\u00e1s a los Mossos d\u2019Esquadra y a la Fiscal\u00eda.\u00a0 Todo eso para quedar a cubierto por si despu\u00e9s alguien pretende sancionar a la residencia por no cumplir la instrucci\u00f3n.<\/p>\n<p>\u00bfMi consejo a las residencias? Informar proactivamente, o sea, comunicar a los familiares que s\u00f3lo con diagn\u00f3stico negativos de Covid-19 pueden acogerse a la instrucci\u00f3n de la Generalitat sobre traslado voluntario a casa y dirigirles a los servicios de informaci\u00f3n p\u00fablicos.\u00a0 De esta forma el personal de la residencia podr\u00e1 concentrarse en dar a tenci\u00f3n a los residentes.<\/p>\n<p>S\u00e9 que las administraciones est\u00e1n trabajando bajo mucha presi\u00f3n y que en esas circunstancias se pueden producir \u201cpatinadas\u201d.\u00a0 Mi humilde consejo ser\u00eda: \u201cEscuchen lo que les est\u00e1n pidiendo insistentemente desde el sector geroasistencial\u201d:<\/p>\n<ul>\n<li>Que llegue m\u00e1s material de protecci\u00f3n a las residencias de mayores.<\/li>\n<li>Facilitar que quien trabaja en residencias lo siga haciendo y se puedan encontrar de forma \u00e1gil sustitutos para las bajas.<\/li>\n<li>Potencien el diagn\u00f3stico de todos los que trabajan y viven en residencias.<\/li>\n<li>Unifiquen criterios de forma que s\u00f3lo lleguen unos a las residencias.<\/li>\n<\/ul>\n<p>Si se centran en eso seguro que habr\u00e1 menos patinadas.<\/p>\n<p>Autor: Josep de Mart\u00ed. Director de\u00a0<a href=\"https:\/\/www.inforesidencias.com\/particulares\/buscamos-por-ti\">Inforesidencias Buscador comparador de residencias de mayores<\/a>.<\/p>\n<p><a href=\"https:\/\/www.linkedin.com\/in\/josep-de-mart%C3%AD-vall%C3%A9s-84062836\/\">Perfil de Linkedin<\/a><\/p>\n<p>&nbsp;<\/p>\n<p>&nbsp;<\/p>\n","protected":false},"excerpt":{"rendered":"<p>Muchas personas que tienen a un familiar en una residencia de mayores viven preocupadas sobre c\u00f3mo est\u00e1 y c\u00f3mo estar\u00e1 su ser querido. Hace s\u00f3lo tres semanas se confinaron las residencias y se prohibi\u00f3 la entrada de visitas a pesar que los protocolos solo recomendaban la restricci\u00f3n de visitas.\u00a0.\u00a0 Al principio muchos no lo entendieron, pero lo acabaron haciendo.\u00a0 Las residencias han sido creativas y han potenciado el contacto virtual.\u00a0\u00a0 Han hecho lo posible por que el \u201cel bicho\u201d no entre aunque el coronavirus es muy esquivo. En los \u00faltimos d\u00edas algunas familias reclaman poder llevarse a casa a residentes para atenderlos all\u00ed.\u00a0 Lo l\u00f3gico es que si la residencia est\u00e1 \u201cconfinada\u201d no puedan hacerlo, pero a\u00fan as\u00ed, han insistido. Hace unos d\u00edas se produjo alg\u00fan traslado puntual \u00a0autorizado de forma informal por parte de un cargo intermedio de la Generalitat mediante e-mail dirigido a alguna residencia (tengo constancia de [&hellip;]<\/p>\n","protected":false},"author":2,"featured_media":2867,"comment_status":"open","ping_status":"open","sticky":false,"template":"","format":"standard","meta":{"footnotes":""},"categories":[1],"tags":[],"yoast_head":"<!-- This site is optimized with the Yoast SEO plugin v21.7 - https:\/\/yoast.com\/wordpress\/plugins\/seo\/ -->\n<title>\u00bfPUEDEN LOS RESIDENTES IRSE DE LAS RESIDENCIAS DE MAYORES EN PLENO CONFINAMIENTO?<\/title>\n<meta name=\"description\" content=\"Una instrucci\u00f3n de la Generalitat de Catalunya sobre altas voluntarias en residencias de mayores durante el confinamiento genera m\u00e1s confusi\u00f3n que ayuda.\" \/>\n<meta name=\"robots\" content=\"index, follow, max-snippet:-1, max-image-preview:large, max-video-preview:-1\" \/>\n<link rel=\"canonical\" href=\"https:\/\/www.inforesidencias.com\/blog\/index.php\/2020\/03\/27\/irse-de-las-residencias-de-mayores-durante-el-confinamiento\/\" \/>\n<meta property=\"og:locale\" content=\"es_ES\" \/>\n<meta property=\"og:type\" content=\"article\" \/>\n<meta property=\"og:title\" content=\"\u00bfPUEDEN LOS RESIDENTES IRSE DE LAS RESIDENCIAS DE MAYORES EN PLENO CONFINAMIENTO?\" \/>\n<meta property=\"og:description\" content=\"Una instrucci\u00f3n de la Generalitat de Catalunya sobre altas voluntarias en residencias de mayores durante el confinamiento genera m\u00e1s confusi\u00f3n que ayuda.\" \/>\n<meta property=\"og:url\" content=\"https:\/\/www.inforesidencias.com\/blog\/index.php\/2020\/03\/27\/irse-de-las-residencias-de-mayores-durante-el-confinamiento\/\" \/>\n<meta property=\"og:site_name\" content=\"Blog Inforesidencias.com\" \/>\n<meta property=\"article:publisher\" content=\"https:\/\/www.facebook.com\/Inforesidencias\/\" \/>\n<meta property=\"article:author\" content=\"https:\/\/www.facebook.com\/josep.demarti\" \/>\n<meta property=\"article:published_time\" content=\"2020-03-27T10:26:45+00:00\" \/>\n<meta property=\"article:modified_time\" content=\"2020-03-27T14:35:26+00:00\" \/>\n<meta property=\"og:image\" content=\"https:\/\/www.inforesidencias.com\/blog\/wp-content\/uploads\/2020\/03\/sen\u0303ora.jpg\" \/>\n\t<meta property=\"og:image:width\" content=\"640\" \/>\n\t<meta property=\"og:image:height\" content=\"428\" \/>\n\t<meta property=\"og:image:type\" content=\"image\/jpeg\" \/>\n<meta name=\"author\" content=\"Josep de Mart\u00ed\" \/>\n<meta name=\"twitter:card\" content=\"summary_large_image\" \/>\n<meta name=\"twitter:creator\" content=\"@blog-ir\" \/>\n<meta name=\"twitter:site\" content=\"@inforesidencias\" \/>\n<meta name=\"twitter:label1\" content=\"Escrito por\" \/>\n\t<meta name=\"twitter:data1\" content=\"Josep de Mart\u00ed\" \/>\n\t<meta name=\"twitter:label2\" content=\"Tiempo de lectura\" \/>\n\t<meta name=\"twitter:data2\" content=\"5 minutos\" \/>\n<script type=\"application\/ld+json\" class=\"yoast-schema-graph\">{\"@context\":\"https:\/\/schema.org\",\"@graph\":[{\"@type\":\"WebPage\",\"@id\":\"https:\/\/www.inforesidencias.com\/blog\/index.php\/2020\/03\/27\/irse-de-las-residencias-de-mayores-durante-el-confinamiento\/\",\"url\":\"https:\/\/www.inforesidencias.com\/blog\/index.php\/2020\/03\/27\/irse-de-las-residencias-de-mayores-durante-el-confinamiento\/\",\"name\":\"\u00bfPUEDEN LOS RESIDENTES IRSE DE LAS RESIDENCIAS DE MAYORES EN PLENO CONFINAMIENTO?\",\"isPartOf\":{\"@id\":\"https:\/\/www.inforesidencias.com\/blog\/#website\"},\"datePublished\":\"2020-03-27T10:26:45+00:00\",\"dateModified\":\"2020-03-27T14:35:26+00:00\",\"author\":{\"@id\":\"https:\/\/www.inforesidencias.com\/blog\/#\/schema\/person\/9e146774d1eb3bc1c0316242a3898628\"},\"description\":\"Una instrucci\u00f3n de la Generalitat de Catalunya sobre altas voluntarias en residencias de mayores durante el confinamiento genera m\u00e1s confusi\u00f3n que ayuda.\",\"breadcrumb\":{\"@id\":\"https:\/\/www.inforesidencias.com\/blog\/index.php\/2020\/03\/27\/irse-de-las-residencias-de-mayores-durante-el-confinamiento\/#breadcrumb\"},\"inLanguage\":\"es\",\"potentialAction\":[{\"@type\":\"ReadAction\",\"target\":[\"https:\/\/www.inforesidencias.com\/blog\/index.php\/2020\/03\/27\/irse-de-las-residencias-de-mayores-durante-el-confinamiento\/\"]}]},{\"@type\":\"BreadcrumbList\",\"@id\":\"https:\/\/www.inforesidencias.com\/blog\/index.php\/2020\/03\/27\/irse-de-las-residencias-de-mayores-durante-el-confinamiento\/#breadcrumb\",\"itemListElement\":[{\"@type\":\"ListItem\",\"position\":1,\"name\":\"Home\",\"item\":\"https:\/\/www.inforesidencias.com\/blog\/\"},{\"@type\":\"ListItem\",\"position\":2,\"name\":\"\u00bfPUEDEN IRSE LOS RESIDENTES A SUS CASAS EN PLENO CONFINAMIENTO? LA GENERALITAT GENERA UN NUEVO PROBLEMA PARA LAS RESIDENCIAS DE MAYORES\"}]},{\"@type\":\"WebSite\",\"@id\":\"https:\/\/www.inforesidencias.com\/blog\/#website\",\"url\":\"https:\/\/www.inforesidencias.com\/blog\/\",\"name\":\"Blog Inforesidencias.com\",\"description\":\"El buscador de residencias de la 3\u00aa edad\",\"potentialAction\":[{\"@type\":\"SearchAction\",\"target\":{\"@type\":\"EntryPoint\",\"urlTemplate\":\"https:\/\/www.inforesidencias.com\/blog\/?s={search_term_string}\"},\"query-input\":\"required name=search_term_string\"}],\"inLanguage\":\"es\"},{\"@type\":\"Person\",\"@id\":\"https:\/\/www.inforesidencias.com\/blog\/#\/schema\/person\/9e146774d1eb3bc1c0316242a3898628\",\"name\":\"Josep de Mart\u00ed\",\"image\":{\"@type\":\"ImageObject\",\"inLanguage\":\"es\",\"@id\":\"https:\/\/www.inforesidencias.com\/blog\/#\/schema\/person\/image\/\",\"url\":\"https:\/\/secure.gravatar.com\/avatar\/de0302c4806c00c4cebff396a798c1ff?s=96&d=mm&r=g\",\"contentUrl\":\"https:\/\/secure.gravatar.com\/avatar\/de0302c4806c00c4cebff396a798c1ff?s=96&d=mm&r=g\",\"caption\":\"Josep de Mart\u00ed\"},\"sameAs\":[\"https:\/\/www.inforesidencias.com\",\"https:\/\/www.facebook.com\/josep.demarti\",\"https:\/\/twitter.com\/blog-ir\"],\"url\":\"https:\/\/www.inforesidencias.com\/blog\/index.php\/author\/josepdemarti\/\"}]}<\/script>\n<!-- \/ Yoast SEO plugin. -->","yoast_head_json":{"title":"\u00bfPUEDEN LOS RESIDENTES IRSE DE LAS RESIDENCIAS DE MAYORES EN PLENO CONFINAMIENTO?","description":"Una instrucci\u00f3n de la Generalitat de Catalunya sobre altas voluntarias en residencias de mayores durante el confinamiento genera m\u00e1s confusi\u00f3n que ayuda.","robots":{"index":"index","follow":"follow","max-snippet":"max-snippet:-1","max-image-preview":"max-image-preview:large","max-video-preview":"max-video-preview:-1"},"canonical":"https:\/\/www.inforesidencias.com\/blog\/index.php\/2020\/03\/27\/irse-de-las-residencias-de-mayores-durante-el-confinamiento\/","og_locale":"es_ES","og_type":"article","og_title":"\u00bfPUEDEN LOS RESIDENTES IRSE DE LAS RESIDENCIAS DE MAYORES EN PLENO CONFINAMIENTO?","og_description":"Una instrucci\u00f3n de la Generalitat de Catalunya sobre altas voluntarias en residencias de mayores durante el confinamiento genera m\u00e1s confusi\u00f3n que ayuda.","og_url":"https:\/\/www.inforesidencias.com\/blog\/index.php\/2020\/03\/27\/irse-de-las-residencias-de-mayores-durante-el-confinamiento\/","og_site_name":"Blog Inforesidencias.com","article_publisher":"https:\/\/www.facebook.com\/Inforesidencias\/","article_author":"https:\/\/www.facebook.com\/josep.demarti","article_published_time":"2020-03-27T10:26:45+00:00","article_modified_time":"2020-03-27T14:35:26+00:00","og_image":[{"width":640,"height":428,"url":"https:\/\/www.inforesidencias.com\/blog\/wp-content\/uploads\/2020\/03\/sen\u0303ora.jpg","type":"image\/jpeg"}],"author":"Josep de Mart\u00ed","twitter_card":"summary_large_image","twitter_creator":"@blog-ir","twitter_site":"@inforesidencias","twitter_misc":{"Escrito por":"Josep de Mart\u00ed","Tiempo de lectura":"5 minutos"},"schema":{"@context":"https:\/\/schema.org","@graph":[{"@type":"WebPage","@id":"https:\/\/www.inforesidencias.com\/blog\/index.php\/2020\/03\/27\/irse-de-las-residencias-de-mayores-durante-el-confinamiento\/","url":"https:\/\/www.inforesidencias.com\/blog\/index.php\/2020\/03\/27\/irse-de-las-residencias-de-mayores-durante-el-confinamiento\/","name":"\u00bfPUEDEN LOS RESIDENTES IRSE DE LAS RESIDENCIAS DE MAYORES EN PLENO CONFINAMIENTO?","isPartOf":{"@id":"https:\/\/www.inforesidencias.com\/blog\/#website"},"datePublished":"2020-03-27T10:26:45+00:00","dateModified":"2020-03-27T14:35:26+00:00","author":{"@id":"https:\/\/www.inforesidencias.com\/blog\/#\/schema\/person\/9e146774d1eb3bc1c0316242a3898628"},"description":"Una instrucci\u00f3n de la Generalitat de Catalunya sobre altas voluntarias en residencias de mayores durante el confinamiento genera m\u00e1s confusi\u00f3n que ayuda.","breadcrumb":{"@id":"https:\/\/www.inforesidencias.com\/blog\/index.php\/2020\/03\/27\/irse-de-las-residencias-de-mayores-durante-el-confinamiento\/#breadcrumb"},"inLanguage":"es","potentialAction":[{"@type":"ReadAction","target":["https:\/\/www.inforesidencias.com\/blog\/index.php\/2020\/03\/27\/irse-de-las-residencias-de-mayores-durante-el-confinamiento\/"]}]},{"@type":"BreadcrumbList","@id":"https:\/\/www.inforesidencias.com\/blog\/index.php\/2020\/03\/27\/irse-de-las-residencias-de-mayores-durante-el-confinamiento\/#breadcrumb","itemListElement":[{"@type":"ListItem","position":1,"name":"Home","item":"https:\/\/www.inforesidencias.com\/blog\/"},{"@type":"ListItem","position":2,"name":"\u00bfPUEDEN IRSE LOS RESIDENTES A SUS CASAS EN PLENO CONFINAMIENTO? LA GENERALITAT GENERA UN NUEVO PROBLEMA PARA LAS RESIDENCIAS DE MAYORES"}]},{"@type":"WebSite","@id":"https:\/\/www.inforesidencias.com\/blog\/#website","url":"https:\/\/www.inforesidencias.com\/blog\/","name":"Blog Inforesidencias.com","description":"El buscador de residencias de la 3\u00aa edad","potentialAction":[{"@type":"SearchAction","target":{"@type":"EntryPoint","urlTemplate":"https:\/\/www.inforesidencias.com\/blog\/?s={search_term_string}"},"query-input":"required name=search_term_string"}],"inLanguage":"es"},{"@type":"Person","@id":"https:\/\/www.inforesidencias.com\/blog\/#\/schema\/person\/9e146774d1eb3bc1c0316242a3898628","name":"Josep de Mart\u00ed","image":{"@type":"ImageObject","inLanguage":"es","@id":"https:\/\/www.inforesidencias.com\/blog\/#\/schema\/person\/image\/","url":"https:\/\/secure.gravatar.com\/avatar\/de0302c4806c00c4cebff396a798c1ff?s=96&d=mm&r=g","contentUrl":"https:\/\/secure.gravatar.com\/avatar\/de0302c4806c00c4cebff396a798c1ff?s=96&d=mm&r=g","caption":"Josep de Mart\u00ed"},"sameAs":["https:\/\/www.inforesidencias.com","https:\/\/www.facebook.com\/josep.demarti","https:\/\/twitter.com\/blog-ir"],"url":"https:\/\/www.inforesidencias.com\/blog\/index.php\/author\/josepdemarti\/"}]}},"_links":{"self":[{"href":"https:\/\/www.inforesidencias.com\/blog\/index.php\/wp-json\/wp\/v2\/posts\/2865"}],"collection":[{"href":"https:\/\/www.inforesidencias.com\/blog\/index.php\/wp-json\/wp\/v2\/posts"}],"about":[{"href":"https:\/\/www.inforesidencias.com\/blog\/index.php\/wp-json\/wp\/v2\/types\/post"}],"author":[{"embeddable":true,"href":"https:\/\/www.inforesidencias.com\/blog\/index.php\/wp-json\/wp\/v2\/users\/2"}],"replies":[{"embeddable":true,"href":"https:\/\/www.inforesidencias.com\/blog\/index.php\/wp-json\/wp\/v2\/comments?post=2865"}],"version-history":[{"count":6,"href":"https:\/\/www.inforesidencias.com\/blog\/index.php\/wp-json\/wp\/v2\/posts\/2865\/revisions"}],"predecessor-version":[{"id":2872,"href":"https:\/\/www.inforesidencias.com\/blog\/index.php\/wp-json\/wp\/v2\/posts\/2865\/revisions\/2872"}],"wp:featuredmedia":[{"embeddable":true,"href":"https:\/\/www.inforesidencias.com\/blog\/index.php\/wp-json\/wp\/v2\/media\/2867"}],"wp:attachment":[{"href":"https:\/\/www.inforesidencias.com\/blog\/index.php\/wp-json\/wp\/v2\/media?parent=2865"}],"wp:term":[{"taxonomy":"category","embeddable":true,"href":"https:\/\/www.inforesidencias.com\/blog\/index.php\/wp-json\/wp\/v2\/categories?post=2865"},{"taxonomy":"post_tag","embeddable":true,"href":"https:\/\/www.inforesidencias.com\/blog\/index.php\/wp-json\/wp\/v2\/tags?post=2865"}],"curies":[{"name":"wp","href":"https:\/\/api.w.org\/{rel}","templated":true}]}}