{"id":287,"date":"2015-08-10T08:08:10","date_gmt":"2015-08-10T08:08:10","guid":{"rendered":"https:\/\/www.inforesidencias.com\/blog\/?p=287"},"modified":"2015-08-03T08:08:41","modified_gmt":"2015-08-03T08:08:41","slug":"abuelos-que-cuidan-nietos-ventajas-y-riesgos","status":"publish","type":"post","link":"https:\/\/www.inforesidencias.com\/blog\/index.php\/2015\/08\/10\/abuelos-que-cuidan-nietos-ventajas-y-riesgos\/","title":{"rendered":"Abuelos que cuidan nietos. Ventajas y riesgos"},"content":{"rendered":"<p>Seg\u00fan datos de la\u00a0Encuesta de Salud, Envejecimiento y Jubilaci\u00f3n de Europa (SHARE, 2006),\u00a0uno de cada cuatro\u00a0abuelos\u00a0espa\u00f1oles cuida de sus nietos\u00a0una media de siete horas diarias, dos m\u00e1s que la media europea.<\/p>\n<p>A pesar de que los abuelos son un colectivo potencialmente receptor de cuidados,\u00a0al mismo tiempo, son cuidadores de otras\u00a0personas dependientes,\u00a0aunque sea temporalmente,\u00a0como\u00a0sus nietos.<\/p>\n<p>Los\u00a0abuelos, en todas las culturas y \u00e9pocas,\u00a0cumplen\u00a0un papel fundamental\u00a0en la crianza de los ni\u00f1os. Mediante el contacto con sus abuelos, los ni\u00f1os viven nuevas experiencias, descubren tradiciones y nuevas aficiones\u00a0y se intercambian experiencias\u00a0entre personas de diferentes generaciones unidas por un v\u00ednculo afectivo.<\/p>\n<div id=\"attachment_288\" style=\"width: 460px\" class=\"wp-caption aligncenter\"><a href=\"https:\/\/www.inforesidencias.com\/blog\/wp-content\/uploads\/2015\/08\/abuelas-que-cuidan-nietos.jpg\"><img aria-describedby=\"caption-attachment-288\" decoding=\"async\" loading=\"lazy\" class=\"size-full wp-image-288\" src=\"https:\/\/www.inforesidencias.com\/blog\/wp-content\/uploads\/2015\/08\/abuelas-que-cuidan-nietos.jpg\" alt=\"Abuela cuidando a nieto\" width=\"450\" height=\"340\" \/><\/a><p id=\"caption-attachment-288\" class=\"wp-caption-text\">Muchos abuelos cuidan a sus nietos a costa de su salud<\/p><\/div>\n<p>Es un relaci\u00f3n beneficiosa para ambas generaciones, pues los abuelos no se sienten solos e in\u00fatiles, les ayuda a mantener una buena forma f\u00edsica, les proporciona un mejor rendimiento cognitivo, se sienten m\u00e1s integrados y es una oportunidad para vivir una\u00a0de nuevo experiencias\u00a0 cercanas a cuando fueron padres.<\/p>\n<p><b>El cuidado no puede ser una carga para la persona mayor<\/b><\/p>\n<p>Pero hay que se cautelosos.\u00a0A\u00a0pesar de los beneficios mutuos\u00a0Jos\u00e9 Antonio L\u00f3pez Trigo,\u00a0presidente de la\u00a0<a href=\"https:\/\/www.segg.es\/\">Sociedad Espa\u00f1ola de Geriatr\u00eda y Gerontolog\u00eda<\/a>,\u00a0recuerda\u00a0que cuidar de los nietos debe ser\u00a0una\u00a0actividad placentera para abuelo y nieto,\u00a0<b>no una carga\u00a0para la\u00a0persona mayor,\u00a0<\/b>pues, a la larga,\u00a0se pueden generar\u00a0problemas de estr\u00e9s, ansiedad o depresi\u00f3n si los abuelos se ven sobrecargados de actividades y responsabilidades con los nietos en detrimento de sus propias necesidades.<\/p>\n<p>La situaci\u00f3n econ\u00f3mica,\u00a0la dificultad para conciliar la vida laboral y familiar de los padres\u00a0y condicionamientos socioculturales\u00a0hacen\u00a0que\u00a0los<b> ancianos <\/b>abuelos espa\u00f1oles dediquen una media de siete horas diarias al cuidado de sus nietos.<\/p>\n<p>En la mayor parte de los casos, esta actividad se hace de forma voluntaria y con agrado,\u00a0aunque,\u00a0en algunos casos, las\u00a0abuelas\u00a0y\u00a0abuelos\u00a0tienen la sensaci\u00f3n de realizar una jornada laboral a tiempo completo y se sienten forzados en unas cargas de cuidados y educaci\u00f3n\u00a0que no les corresponden.<\/p>\n<p>Tambi\u00e9n hay que tener en cuenta que se da a veces la paradoja de la\u00a0\u00abdoble dependencia\u00bbes decir, <b>personas mayores <\/b>con dolencias y limitaciones que deber\u00edan ser receptores de cuidados\u00a0se dedican al cuidado de sus nietos\u00a0que,\u00a0por edad, son tambi\u00e9n dependientes.<\/p>\n<p>Recomendaciones para los <i>ancianos cuidadores<\/i><\/p>\n<p>La\u00a0<a href=\"https:\/\/www.segg.es\/\">SEGG<\/a>\u00a0recomienda a los abuelos que, a la hora de asumir la tarea de cuidar a sus nietos, tengan en cuenta el siguiente dec\u00e1logo:<\/p>\n<ol>\n<li>Haz lo que puedas y no te sobrecargues de labores.\u00a0Cuidar de los nietos debe ser una actividad placentera, nunca una carga o una labor que nos supere.<\/li>\n<li>Aprende a decir\u00a0\u00abno\u00bb.\u00a0Ante tareas en las que no te veas capaz, o si tienes otros planes o compromisos, no tengas miedo de decir a tus hijos que hoy no podr\u00e1s cuidar de tu nieto.<\/li>\n<li>No descuides tu salud.\u00a0Conoce d\u00f3nde est\u00e1n tus l\u00edmites y no te olvides de tus revisiones m\u00e9dicas.<\/li>\n<li>Establece una buena comunicaci\u00f3n.\u00a0Ante cualquier problema o si la situaci\u00f3n se te va de las manos, h\u00e1blalo con tu hijo\/a. Lo mejor ser\u00e1 establecer unas reglas b\u00e1sicas y que siempre haya una comunicaci\u00f3n fluida entre ambos.<\/li>\n<li>Res\u00e9rvate tu propio espacio y tiempo. Sigue practicando las actividades que tanto te gustan y disfruta de tus ratos de ocio.<\/li>\n<li>Mantente en buena forma f\u00edsica. Haz ejercicio, sigue una dieta adecuada y estimula tu mente.<\/li>\n<li>No te sientas culpable si no eres capaz de realizar las tareas como las antes.\u00a0Debes pensar que ya no tienes ni la agilidad, ni los a\u00f1os que cuando tu ten\u00edas hijos y es l\u00f3gico que las cosas no te salgan igual de bien o incluso que no puedas desempe\u00f1ar alguna tarea, no te culpes por ello.<\/li>\n<li>Intenta realizar actividades con tu nieto que se adecuen a ti y que os reconforten a los dos.\u00a0Debes pensar tambi\u00e9n en ti a la hora de planificar actividades, por ejemplo, llevar a tu nieto a un parque de atracciones puede ser demasiado inadecuado y estresante para ti, pero en cambio un paseo por el parque o unos juegos de mesa pueden resultar estupendos para pasar una tarde.<\/li>\n<li>Pon l\u00edmites. Estar con el abuelo no significa que el nieto\u00a0\u00abhaga lo que le d\u00e9 la gana\u00bb.\u00a0Establece una serie de normas que tu nieto debe cumplir cuando est\u00e9 contigo.<\/li>\n<li>Disfruta de tu nieto y de los momentos compartidos con \u00e9l.\u00a0Intenta ver el lado positivo de las cosas y saca partido a las experiencias vividas junto a tu nieto.<\/li>\n<\/ol>\n<p>Fuente: <a href=\"http:\/\/www.segg.es\/\">Sociedad Espa\u00f1ola de Geriatr\u00eda y Gerontolog\u00eda<\/a><\/p>\n","protected":false},"excerpt":{"rendered":"<p>Seg\u00fan datos de la\u00a0Encuesta de Salud, Envejecimiento y Jubilaci\u00f3n de Europa (SHARE, 2006),\u00a0uno de cada cuatro\u00a0abuelos\u00a0espa\u00f1oles cuida de sus nietos\u00a0una media de siete horas diarias, dos m\u00e1s que la media europea. A pesar de que los abuelos son un colectivo potencialmente receptor de cuidados,\u00a0al mismo tiempo, son cuidadores de otras\u00a0personas dependientes,\u00a0aunque sea temporalmente,\u00a0como\u00a0sus nietos. Los\u00a0abuelos, en todas las culturas y \u00e9pocas,\u00a0cumplen\u00a0un papel fundamental\u00a0en la crianza de los ni\u00f1os. Mediante el contacto con sus abuelos, los ni\u00f1os viven nuevas experiencias, descubren tradiciones y nuevas aficiones\u00a0y se intercambian experiencias\u00a0entre personas de diferentes generaciones unidas por un v\u00ednculo afectivo. Es un relaci\u00f3n beneficiosa para ambas generaciones, pues los abuelos no se sienten solos e in\u00fatiles, les ayuda a mantener una buena forma f\u00edsica, les proporciona un mejor rendimiento cognitivo, se sienten m\u00e1s integrados y es una oportunidad para vivir una\u00a0de nuevo experiencias\u00a0 cercanas a cuando fueron padres. El cuidado no puede ser una [&hellip;]<\/p>\n","protected":false},"author":2,"featured_media":288,"comment_status":"open","ping_status":"open","sticky":false,"template":"","format":"standard","meta":{"footnotes":""},"categories":[14],"tags":[],"yoast_head":"<!-- This site is optimized with the Yoast SEO plugin v21.7 - https:\/\/yoast.com\/wordpress\/plugins\/seo\/ -->\n<title>Los abuelos que cuidan nietos deben cuidarse<\/title>\n<meta name=\"description\" content=\"La SEGG avisa que los abuelos que cuidan nietos deben cuidarse ellos mismos para evitar problemas de salud.\" \/>\n<meta name=\"robots\" content=\"index, follow, max-snippet:-1, max-image-preview:large, max-video-preview:-1\" \/>\n<link rel=\"canonical\" href=\"https:\/\/www.inforesidencias.com\/blog\/index.php\/2015\/08\/10\/abuelos-que-cuidan-nietos-ventajas-y-riesgos\/\" \/>\n<meta property=\"og:locale\" content=\"es_ES\" \/>\n<meta property=\"og:type\" content=\"article\" \/>\n<meta property=\"og:title\" content=\"Los abuelos que cuidan nietos deben cuidarse\" \/>\n<meta property=\"og:description\" content=\"La SEGG avisa que los abuelos que cuidan nietos deben cuidarse ellos mismos para evitar problemas de salud.\" \/>\n<meta property=\"og:url\" content=\"https:\/\/www.inforesidencias.com\/blog\/index.php\/2015\/08\/10\/abuelos-que-cuidan-nietos-ventajas-y-riesgos\/\" \/>\n<meta property=\"og:site_name\" content=\"Blog Inforesidencias.com\" \/>\n<meta property=\"article:publisher\" content=\"https:\/\/www.facebook.com\/Inforesidencias\/\" \/>\n<meta property=\"article:author\" content=\"https:\/\/www.facebook.com\/josep.demarti\" \/>\n<meta property=\"article:published_time\" content=\"2015-08-10T08:08:10+00:00\" \/>\n<meta property=\"article:modified_time\" content=\"2015-08-03T08:08:41+00:00\" \/>\n<meta property=\"og:image\" content=\"https:\/\/www.inforesidencias.com\/blog\/wp-content\/uploads\/2015\/08\/abuelas-que-cuidan-nietos.jpg\" \/>\n\t<meta property=\"og:image:width\" content=\"450\" \/>\n\t<meta property=\"og:image:height\" content=\"340\" \/>\n\t<meta property=\"og:image:type\" content=\"image\/jpeg\" \/>\n<meta name=\"author\" content=\"Josep de Mart\u00ed\" \/>\n<meta name=\"twitter:card\" content=\"summary_large_image\" \/>\n<meta name=\"twitter:creator\" content=\"@blog-ir\" \/>\n<meta name=\"twitter:site\" content=\"@inforesidencias\" \/>\n<meta name=\"twitter:label1\" content=\"Escrito por\" \/>\n\t<meta name=\"twitter:data1\" content=\"Josep de Mart\u00ed\" \/>\n\t<meta name=\"twitter:label2\" content=\"Tiempo de lectura\" \/>\n\t<meta name=\"twitter:data2\" content=\"4 minutos\" \/>\n<script type=\"application\/ld+json\" class=\"yoast-schema-graph\">{\"@context\":\"https:\/\/schema.org\",\"@graph\":[{\"@type\":\"WebPage\",\"@id\":\"https:\/\/www.inforesidencias.com\/blog\/index.php\/2015\/08\/10\/abuelos-que-cuidan-nietos-ventajas-y-riesgos\/\",\"url\":\"https:\/\/www.inforesidencias.com\/blog\/index.php\/2015\/08\/10\/abuelos-que-cuidan-nietos-ventajas-y-riesgos\/\",\"name\":\"Los abuelos que cuidan nietos deben cuidarse\",\"isPartOf\":{\"@id\":\"https:\/\/www.inforesidencias.com\/blog\/#website\"},\"datePublished\":\"2015-08-10T08:08:10+00:00\",\"dateModified\":\"2015-08-03T08:08:41+00:00\",\"author\":{\"@id\":\"https:\/\/www.inforesidencias.com\/blog\/#\/schema\/person\/9e146774d1eb3bc1c0316242a3898628\"},\"description\":\"La SEGG avisa que los abuelos que cuidan nietos deben cuidarse ellos mismos para evitar problemas de salud.\",\"breadcrumb\":{\"@id\":\"https:\/\/www.inforesidencias.com\/blog\/index.php\/2015\/08\/10\/abuelos-que-cuidan-nietos-ventajas-y-riesgos\/#breadcrumb\"},\"inLanguage\":\"es\",\"potentialAction\":[{\"@type\":\"ReadAction\",\"target\":[\"https:\/\/www.inforesidencias.com\/blog\/index.php\/2015\/08\/10\/abuelos-que-cuidan-nietos-ventajas-y-riesgos\/\"]}]},{\"@type\":\"BreadcrumbList\",\"@id\":\"https:\/\/www.inforesidencias.com\/blog\/index.php\/2015\/08\/10\/abuelos-que-cuidan-nietos-ventajas-y-riesgos\/#breadcrumb\",\"itemListElement\":[{\"@type\":\"ListItem\",\"position\":1,\"name\":\"Home\",\"item\":\"https:\/\/www.inforesidencias.com\/blog\/\"},{\"@type\":\"ListItem\",\"position\":2,\"name\":\"Abuelos que cuidan nietos. Ventajas y riesgos\"}]},{\"@type\":\"WebSite\",\"@id\":\"https:\/\/www.inforesidencias.com\/blog\/#website\",\"url\":\"https:\/\/www.inforesidencias.com\/blog\/\",\"name\":\"Blog Inforesidencias.com\",\"description\":\"El buscador de residencias de la 3\u00aa edad\",\"potentialAction\":[{\"@type\":\"SearchAction\",\"target\":{\"@type\":\"EntryPoint\",\"urlTemplate\":\"https:\/\/www.inforesidencias.com\/blog\/?s={search_term_string}\"},\"query-input\":\"required name=search_term_string\"}],\"inLanguage\":\"es\"},{\"@type\":\"Person\",\"@id\":\"https:\/\/www.inforesidencias.com\/blog\/#\/schema\/person\/9e146774d1eb3bc1c0316242a3898628\",\"name\":\"Josep de Mart\u00ed\",\"image\":{\"@type\":\"ImageObject\",\"inLanguage\":\"es\",\"@id\":\"https:\/\/www.inforesidencias.com\/blog\/#\/schema\/person\/image\/\",\"url\":\"https:\/\/secure.gravatar.com\/avatar\/de0302c4806c00c4cebff396a798c1ff?s=96&d=mm&r=g\",\"contentUrl\":\"https:\/\/secure.gravatar.com\/avatar\/de0302c4806c00c4cebff396a798c1ff?s=96&d=mm&r=g\",\"caption\":\"Josep de Mart\u00ed\"},\"sameAs\":[\"https:\/\/www.inforesidencias.com\",\"https:\/\/www.facebook.com\/josep.demarti\",\"https:\/\/twitter.com\/blog-ir\"],\"url\":\"https:\/\/www.inforesidencias.com\/blog\/index.php\/author\/josepdemarti\/\"}]}<\/script>\n<!-- \/ Yoast SEO plugin. -->","yoast_head_json":{"title":"Los abuelos que cuidan nietos deben cuidarse","description":"La SEGG avisa que los abuelos que cuidan nietos deben cuidarse ellos mismos para evitar problemas de salud.","robots":{"index":"index","follow":"follow","max-snippet":"max-snippet:-1","max-image-preview":"max-image-preview:large","max-video-preview":"max-video-preview:-1"},"canonical":"https:\/\/www.inforesidencias.com\/blog\/index.php\/2015\/08\/10\/abuelos-que-cuidan-nietos-ventajas-y-riesgos\/","og_locale":"es_ES","og_type":"article","og_title":"Los abuelos que cuidan nietos deben cuidarse","og_description":"La SEGG avisa que los abuelos que cuidan nietos deben cuidarse ellos mismos para evitar problemas de salud.","og_url":"https:\/\/www.inforesidencias.com\/blog\/index.php\/2015\/08\/10\/abuelos-que-cuidan-nietos-ventajas-y-riesgos\/","og_site_name":"Blog Inforesidencias.com","article_publisher":"https:\/\/www.facebook.com\/Inforesidencias\/","article_author":"https:\/\/www.facebook.com\/josep.demarti","article_published_time":"2015-08-10T08:08:10+00:00","article_modified_time":"2015-08-03T08:08:41+00:00","og_image":[{"width":450,"height":340,"url":"https:\/\/www.inforesidencias.com\/blog\/wp-content\/uploads\/2015\/08\/abuelas-que-cuidan-nietos.jpg","type":"image\/jpeg"}],"author":"Josep de Mart\u00ed","twitter_card":"summary_large_image","twitter_creator":"@blog-ir","twitter_site":"@inforesidencias","twitter_misc":{"Escrito por":"Josep de Mart\u00ed","Tiempo de lectura":"4 minutos"},"schema":{"@context":"https:\/\/schema.org","@graph":[{"@type":"WebPage","@id":"https:\/\/www.inforesidencias.com\/blog\/index.php\/2015\/08\/10\/abuelos-que-cuidan-nietos-ventajas-y-riesgos\/","url":"https:\/\/www.inforesidencias.com\/blog\/index.php\/2015\/08\/10\/abuelos-que-cuidan-nietos-ventajas-y-riesgos\/","name":"Los abuelos que cuidan nietos deben cuidarse","isPartOf":{"@id":"https:\/\/www.inforesidencias.com\/blog\/#website"},"datePublished":"2015-08-10T08:08:10+00:00","dateModified":"2015-08-03T08:08:41+00:00","author":{"@id":"https:\/\/www.inforesidencias.com\/blog\/#\/schema\/person\/9e146774d1eb3bc1c0316242a3898628"},"description":"La SEGG avisa que los abuelos que cuidan nietos deben cuidarse ellos mismos para evitar problemas de salud.","breadcrumb":{"@id":"https:\/\/www.inforesidencias.com\/blog\/index.php\/2015\/08\/10\/abuelos-que-cuidan-nietos-ventajas-y-riesgos\/#breadcrumb"},"inLanguage":"es","potentialAction":[{"@type":"ReadAction","target":["https:\/\/www.inforesidencias.com\/blog\/index.php\/2015\/08\/10\/abuelos-que-cuidan-nietos-ventajas-y-riesgos\/"]}]},{"@type":"BreadcrumbList","@id":"https:\/\/www.inforesidencias.com\/blog\/index.php\/2015\/08\/10\/abuelos-que-cuidan-nietos-ventajas-y-riesgos\/#breadcrumb","itemListElement":[{"@type":"ListItem","position":1,"name":"Home","item":"https:\/\/www.inforesidencias.com\/blog\/"},{"@type":"ListItem","position":2,"name":"Abuelos que cuidan nietos. Ventajas y riesgos"}]},{"@type":"WebSite","@id":"https:\/\/www.inforesidencias.com\/blog\/#website","url":"https:\/\/www.inforesidencias.com\/blog\/","name":"Blog Inforesidencias.com","description":"El buscador de residencias de la 3\u00aa edad","potentialAction":[{"@type":"SearchAction","target":{"@type":"EntryPoint","urlTemplate":"https:\/\/www.inforesidencias.com\/blog\/?s={search_term_string}"},"query-input":"required name=search_term_string"}],"inLanguage":"es"},{"@type":"Person","@id":"https:\/\/www.inforesidencias.com\/blog\/#\/schema\/person\/9e146774d1eb3bc1c0316242a3898628","name":"Josep de Mart\u00ed","image":{"@type":"ImageObject","inLanguage":"es","@id":"https:\/\/www.inforesidencias.com\/blog\/#\/schema\/person\/image\/","url":"https:\/\/secure.gravatar.com\/avatar\/de0302c4806c00c4cebff396a798c1ff?s=96&d=mm&r=g","contentUrl":"https:\/\/secure.gravatar.com\/avatar\/de0302c4806c00c4cebff396a798c1ff?s=96&d=mm&r=g","caption":"Josep de Mart\u00ed"},"sameAs":["https:\/\/www.inforesidencias.com","https:\/\/www.facebook.com\/josep.demarti","https:\/\/twitter.com\/blog-ir"],"url":"https:\/\/www.inforesidencias.com\/blog\/index.php\/author\/josepdemarti\/"}]}},"_links":{"self":[{"href":"https:\/\/www.inforesidencias.com\/blog\/index.php\/wp-json\/wp\/v2\/posts\/287"}],"collection":[{"href":"https:\/\/www.inforesidencias.com\/blog\/index.php\/wp-json\/wp\/v2\/posts"}],"about":[{"href":"https:\/\/www.inforesidencias.com\/blog\/index.php\/wp-json\/wp\/v2\/types\/post"}],"author":[{"embeddable":true,"href":"https:\/\/www.inforesidencias.com\/blog\/index.php\/wp-json\/wp\/v2\/users\/2"}],"replies":[{"embeddable":true,"href":"https:\/\/www.inforesidencias.com\/blog\/index.php\/wp-json\/wp\/v2\/comments?post=287"}],"version-history":[{"count":2,"href":"https:\/\/www.inforesidencias.com\/blog\/index.php\/wp-json\/wp\/v2\/posts\/287\/revisions"}],"predecessor-version":[{"id":290,"href":"https:\/\/www.inforesidencias.com\/blog\/index.php\/wp-json\/wp\/v2\/posts\/287\/revisions\/290"}],"wp:featuredmedia":[{"embeddable":true,"href":"https:\/\/www.inforesidencias.com\/blog\/index.php\/wp-json\/wp\/v2\/media\/288"}],"wp:attachment":[{"href":"https:\/\/www.inforesidencias.com\/blog\/index.php\/wp-json\/wp\/v2\/media?parent=287"}],"wp:term":[{"taxonomy":"category","embeddable":true,"href":"https:\/\/www.inforesidencias.com\/blog\/index.php\/wp-json\/wp\/v2\/categories?post=287"},{"taxonomy":"post_tag","embeddable":true,"href":"https:\/\/www.inforesidencias.com\/blog\/index.php\/wp-json\/wp\/v2\/tags?post=287"}],"curies":[{"name":"wp","href":"https:\/\/api.w.org\/{rel}","templated":true}]}}