{"id":2880,"date":"2020-03-31T08:00:35","date_gmt":"2020-03-31T08:00:35","guid":{"rendered":"https:\/\/www.inforesidencias.com\/blog\/?p=2880"},"modified":"2020-03-31T10:04:50","modified_gmt":"2020-03-31T10:04:50","slug":"ventanilla-unica-para-el-covid19-en-residencias-por-favor","status":"publish","type":"post","link":"https:\/\/www.inforesidencias.com\/blog\/index.php\/2020\/03\/31\/ventanilla-unica-para-el-covid19-en-residencias-por-favor\/","title":{"rendered":"VENTANILLA \u00daNICA PARA EL COVID19 EN RESIDENCIAS \u00a1POR FAVOR!"},"content":{"rendered":"<p>Vaya por delante que, en medio de la tribulaci\u00f3n que est\u00e1 ocasionando la pandemia del coronavirus covid19 a toda la sociedad y en especial a quienes gestionan y trabajan en residencias de personas mayores, se viven situaciones que animan al optimismo.<\/p>\n<p>Si bien es cierto que casi todos los directores de residencias han sentido que estaban <a href=\"https:\/\/www.inforesidencias.com\/blog\/index.php\/2020\/03\/25\/el-calvario-de-los-directores-de-residencias\/\">bajo sospecha por el mero hecho de serlo<\/a>, en los \u00faltimos d\u00edas se ha visto un cambio en la forma en la que los medios tratan los casos de contagio que se producen en estos establecimientos.\u00a0 Tambi\u00e9n, seg\u00fan he podido saber hablando con gerentes y profesionales, la relaci\u00f3n con la administraci\u00f3n empieza a normalizarse; de una forma desigual pero creciente, las residencias empiezan a recibir el material que necesitan desde hace un mes e, incluso durante el fin de semana, desde los servicios t\u00e9cnicos de consejer\u00edas, han respondido a consultas planeadas desde residencias.<\/p>\n<p>Como soy funcionario en excedencia y trabaj\u00e9 \u201cdentro\u201d durante diez a\u00f1os, estoy convencido de que en la administraci\u00f3n hay dos niveles: el t\u00e9cnico y el pol\u00edtico.\u00a0 La pandemia de Covid19 ha tensionado y puesto al l\u00edmite a ambos niveles y, mientras el segundo est\u00e1 respondiendo de forma desigual y mejorable, el t\u00e9cnico lo est\u00e1 haciendo bastante mejor.<\/p>\n<p>Dicho esto, y centr\u00e1ndome en las <a href=\"https:\/\/www.inforesidencias.com\/blog\/index.php\/2020\/03\/20\/cuatro-acciones-tomar-ya-evitar-mueran-mas-mayores-viven-residencias\/\">cuatro reclamaciones b\u00e1sicas<\/a> que\u00a0 se hacen desde el sector geroasistencial:<\/p>\n<ul>\n<li>M\u00e1s material de protecci\u00f3n y atenci\u00f3n.<\/li>\n<li>Resolver la ausencia de personal por bajas y \u201cotras causas\u201d.<\/li>\n<li>Recepci\u00f3n de instrucciones \u00fanicas.<\/li>\n<li>Diagn\u00f3stico generalizado de residentes y profesionales.<\/li>\n<\/ul>\n<p>Me gustar\u00eda centrarme en el tercer punto.\u00a0 Ya he comentado que tanto el Estado como las Comunidades Aut\u00f3nomas est\u00e1n elaborando instrucciones, directivas y otros textos que dirigen a las residencias y donde les dicen c\u00f3mo deben actuar para prevenir el contagio o, una vez producido \u00e9ste, para contenerlo.\u00a0 Todo est\u00e1 hecho con buenas intenciones, pero eso no lo hace lo suficientemente operativo, especialmente en una situaci\u00f3n en la que, debido al alto n\u00famero de bajas laborales, el personal de administraci\u00f3n de las residencias est\u00e1 haciendo de todo.<\/p>\n<p>Para que se hagan a la idea quienes no est\u00e1n metidos en el sector, \u00e9ste es un ejemplo de una instrucci\u00f3n recibida en una residencia hace pocos d\u00edas desde el departamento de sanidad auton\u00f3mica.\u00a0 T\u00e9ngase en cuenta que est\u00e1 indicando lo que hay que hacer, <strong>adem\u00e1s de las comunicaciones diarias obligatorias<\/strong>.<\/p>\n<p><span style=\"color: #008000\"><em>Estimado \/ as,<\/em><\/span><\/p>\n<p><span style=\"color: #008000\"><em>\u00a0<\/em><em>Ante la situaci\u00f3n epidemiol\u00f3gica por coronavirus SARS-CoV-2 y la actual situaci\u00f3n de emergencia de salud p\u00fablica es necesario, en su caso, que todas las residencias geri\u00e1tricas, de personas discapacitadas, de salud mental y centros de menores que se hayan puesto en contacto con el departamento de Asuntos Sociales (Tasfin) para hacer el pedido de material de protecci\u00f3n y recibir las instrucciones pertinentes.<\/em><\/span><\/p>\n<p><span style=\"color: #008000\"><em>En el caso de la aparici\u00f3n de una sospecha cl\u00ednica, la direcci\u00f3n de la residencia debe seguir las siguientes indicaciones:<\/em><em>\u00a0<\/em><\/span><\/p>\n<p><span style=\"color: #008000\"><em>&#8211; <strong>Avisar a Vigilancia Epidemiol\u00f3gica<\/strong> al correo electr\u00f3nico uveXXXX@XX. Paralelamente hay que llamar por tel\u00e9fono a los n\u00fameros de los Servicios de Vigilancia epidemiol\u00f3gica territoriales (XVET) en horario de lunes a vie de 8-15h o Servicio de urgencias de Vigilancia epidemiol\u00f3gica de Catalu\u00f1a en el resto de horario (SUVEC) *. Estos son los que determinar\u00e1n la situaci\u00f3n epidemiol\u00f3gica de la residencia, las actuaciones a seguir en materia de aislamientos y protecci\u00f3n de pacientes y trabajadores. Determinar\u00e1n tambi\u00e9n la indicaci\u00f3n de realizaci\u00f3n de las pruebas y su priorizaci\u00f3n en el equipo de recogida muestras<\/em><\/span><\/p>\n<p><span style=\"color: #008000\"><em>&#8211; <strong>Avisar a su Equipo de Atenci\u00f3n Primaria<\/strong> de referencia que ser\u00e1 quien asumir\u00e1 el control asistencial de la residencia junto con el Equipo de Asistencia a las residencias.<\/em><\/span><\/p>\n<p><span style=\"color: #008000\"><em>&#8211; <strong>Comunicar la situaci\u00f3n al Tasfin<\/strong> para que sean conocedores y puedan facilitar material y apoyo en los recursos de los profesionales de la residencia que requiera el centro. Para solicitar material se debe enviar un correo electr\u00f3nico a la siguiente direcci\u00f3n electr\u00f3nica XXXXX@XXX, haciendo constar en el asunto: \u00abnombre de la residencia + poblaci\u00f3n + MATERIAL\u00bb en caso de necesitar apoyo de profesionales escribir un correo electr\u00f3nico a XXXXXX haciendo constar en el asunto: \u00abnombre de la residencia + poblaci\u00f3n + RRHH\u00bb y con copia a XXXXXX<\/em><\/span><\/p>\n<p><span style=\"color: #008000\"><em>&#8211; Una vez hechas las actuaciones anteriores debe <strong>comunicarse con Alcalc\u00eda de su municipio<\/strong> como m\u00e1xima autoridad de protecci\u00f3n civil para que pueda colaborar en dar apoyo a las personas que lo necesiten, transmitir las recomendaciones e instrucciones que hayan establecido las autoridades sanitarias y epidemi\u00f3logas, siempre responsabiliz\u00e1ndose del derecho a la confidencialidad de los datos cl\u00ednicos individuales y de la protecci\u00f3n de datos.<\/em><\/span><\/p>\n<p><span style=\"color: #008000\"><em>* Tel\u00e9fonos Vigilancia epidemiol\u00f3gica<\/em><em>\u00a0<\/em><\/span><\/p>\n<p><span style=\"color: #008000\"><em>atentamente<\/em><\/span><\/p>\n<p><span style=\"color: #008000\"><em>XXXXX<br \/>\n<\/em><em>gerente\u00a0<\/em><em>XXXX<br \/>\n<\/em><em>Regi\u00f3n Sanitaria XXXXX<\/em><\/span><\/p>\n<p>A la hora de pedir material, la cosa tambi\u00e9n es muy complicada.\u00a0 Cada comunidad tiene su sistema y \u00e9ste es cambiante.\u00a0 De nuevo echo mamo de lo que tengo m\u00e1s cerca.\u00a0 Hoy mismo ha cambiado la forma en que las residencias de mayores pueden pedir material en Catalu\u00f1a.\u00a0 Ahora tendr\u00e1n que rellenar este documento adem\u00e1s de comunicar de nuevo el n\u00famero de residentes y empleados y otra informaci\u00f3n. He hablado con tres directores de residencia esta ma\u00f1ana y su reacci\u00f3n se situaba entre el abatimiento y el enfado.<\/p>\n<p><a href=\"https:\/\/www.inforesidencias.com\/blog\/wp-content\/uploads\/2020\/03\/Captura-de-pantalla-2020-03-31-a-las-9.13.43.png\"><img decoding=\"async\" loading=\"lazy\" class=\"aligncenter size-full wp-image-2885\" src=\"https:\/\/www.inforesidencias.com\/blog\/wp-content\/uploads\/2020\/03\/Captura-de-pantalla-2020-03-31-a-las-9.13.43.png\" alt=\"Petici\u00f3n material coronavirus\" width=\"2858\" height=\"1390\" \/><\/a><\/p>\n<p>\u00bfNo podr\u00edan hacer una estimaci\u00f3n seg\u00fan el n\u00famero de plazas y enviar directamente a todas las residencias una cantidad de material?\u00a0 \u00bfHace falta de verdad volver a rellenar otro formulario, cada vez m\u00e1s farragoso y \u00abconsumidor de tiempo\u00bb?<\/p>\n<p>\u00bfPodr\u00eda alguien pensar en una \u201cventanilla \u00fanica\u201d?\u00a0 Un <strong>\u00fanico lugar<\/strong> al que debieran <strong>comunicar una sola vez<\/strong> las cosas las residencias de mayores.\u00a0 Pensemos que si se hiciese as\u00ed se podr\u00eda llevar un control mucho m\u00e1s eficiente del flujo de informaci\u00f3n y ser\u00eda posible generar <strong><em>big data<\/em><\/strong>, algo que un superordenador pudiese tratar en b\u00fasqueda de patrones que permitiese luchar m\u00e1s eficientemente contra la enfermedad.<\/p>\n<p><a href=\"https:\/\/www.inforesidencias.com\/blog\/wp-content\/uploads\/2020\/03\/ventanilla.jpg\"><img decoding=\"async\" loading=\"lazy\" class=\"aligncenter size-full wp-image-2883\" src=\"https:\/\/www.inforesidencias.com\/blog\/wp-content\/uploads\/2020\/03\/ventanilla.jpg\" alt=\"ventanilla \u00fanica\" width=\"511\" height=\"454\" \/><\/a><\/p>\n<p>&nbsp;<\/p>\n<p>Digo esto porque, aunque ahora estamos en medio de la pandemia, debemos dedicar un poco de tiempo a pensar que, sea como sea, un d\u00eda la dejaremos atr\u00e1s. Ser\u00eda bueno que algunas de las cosas que estamos haciendo ahora nos permitan prepararnos para el futuro.<\/p>\n<p>&nbsp;<\/p>\n<p>Cuando acabe el estado de alarma y cada comunidad aut\u00f3noma vuelva a seguir su camino en lo que a residencias de mayores se refiere, estar\u00eda bien disponer de una base de datos estatal que recoja el perfil de todos los que viven en residencias.\u00a0 Pienso en algo parecido a lo que en Estados Unidos se conoce como el <a href=\"https:\/\/geriatrics.ucsf.edu\/minimum-data-set-mds-data\">Minimum Data Set<\/a>, un repositorio de informaci\u00f3n donde todas las residencias deben informar peri\u00f3dicamente del estado de los residentes, tanto el funcional y cognitivo como la \u00a0movilidad; s\u00edntomas conductuales, dolor, continencia, ca\u00eddas, estado nutricional y muchos otros.<\/p>\n<p>Si dispusi\u00e9semos de algo as\u00ed, adaptado tras la pandemia a la detecci\u00f3n precoz de enfermedades infecciones, la pr\u00f3xima vez que seamos atacados podremos afrontar algo mejor la situaci\u00f3n.<\/p>\n<p>Empecemos por el primer paso.\u00a0 \u00bfAlguien quiere facilitar la creaci\u00f3n de una \u201cventanilla \u00fanica\u201d para las residencias con la informaci\u00f3n del coronavirus?<\/p>\n<p>Autor:\u00a0 Josep de Mart\u00ed Vall\u00e9s\u00a0 (<a href=\"https:\/\/www.linkedin.com\/in\/josep-de-mart%C3%AD-vall%C3%A9s-84062836\/\">perfil Linkedin<\/a>)<\/p>\n<p>Director de Inforesidencias<\/p>\n","protected":false},"excerpt":{"rendered":"<p>Vaya por delante que, en medio de la tribulaci\u00f3n que est\u00e1 ocasionando la pandemia del coronavirus covid19 a toda la sociedad y en especial a quienes gestionan y trabajan en residencias de personas mayores, se viven situaciones que animan al optimismo. Si bien es cierto que casi todos los directores de residencias han sentido que estaban bajo sospecha por el mero hecho de serlo, en los \u00faltimos d\u00edas se ha visto un cambio en la forma en la que los medios tratan los casos de contagio que se producen en estos establecimientos.\u00a0 Tambi\u00e9n, seg\u00fan he podido saber hablando con gerentes y profesionales, la relaci\u00f3n con la administraci\u00f3n empieza a normalizarse; de una forma desigual pero creciente, las residencias empiezan a recibir el material que necesitan desde hace un mes e, incluso durante el fin de semana, desde los servicios t\u00e9cnicos de consejer\u00edas, han respondido a consultas planeadas desde residencias. Como [&hellip;]<\/p>\n","protected":false},"author":2,"featured_media":2883,"comment_status":"open","ping_status":"open","sticky":false,"template":"","format":"standard","meta":{"footnotes":""},"categories":[1],"tags":[],"yoast_head":"<!-- This site is optimized with the Yoast SEO plugin v21.7 - https:\/\/yoast.com\/wordpress\/plugins\/seo\/ -->\n<title>VENTANILLA \u00daNICA PARA EL COVID19 EN RESIDENCIAS \u00a1POR FAVOR! - Blog Inforesidencias.com<\/title>\n<meta name=\"description\" content=\"Con la epidemia covid19 las residencias de mayores tienen que hacer muchas comunicaciones a la administraci\u00f3n. \u00bfSer\u00eda posible crear una ventanilla \u00fanica?\" \/>\n<meta name=\"robots\" content=\"index, follow, max-snippet:-1, max-image-preview:large, max-video-preview:-1\" \/>\n<link rel=\"canonical\" href=\"https:\/\/www.inforesidencias.com\/blog\/index.php\/2020\/03\/31\/ventanilla-unica-para-el-covid19-en-residencias-por-favor\/\" \/>\n<meta property=\"og:locale\" content=\"es_ES\" \/>\n<meta property=\"og:type\" content=\"article\" \/>\n<meta property=\"og:title\" content=\"VENTANILLA \u00daNICA PARA EL COVID19 EN RESIDENCIAS \u00a1POR FAVOR! - Blog Inforesidencias.com\" \/>\n<meta property=\"og:description\" content=\"Con la epidemia covid19 las residencias de mayores tienen que hacer muchas comunicaciones a la administraci\u00f3n. \u00bfSer\u00eda posible crear una ventanilla \u00fanica?\" \/>\n<meta property=\"og:url\" content=\"https:\/\/www.inforesidencias.com\/blog\/index.php\/2020\/03\/31\/ventanilla-unica-para-el-covid19-en-residencias-por-favor\/\" \/>\n<meta property=\"og:site_name\" content=\"Blog Inforesidencias.com\" \/>\n<meta property=\"article:publisher\" content=\"https:\/\/www.facebook.com\/Inforesidencias\/\" \/>\n<meta property=\"article:author\" content=\"https:\/\/www.facebook.com\/josep.demarti\" \/>\n<meta property=\"article:published_time\" content=\"2020-03-31T08:00:35+00:00\" \/>\n<meta property=\"article:modified_time\" content=\"2020-03-31T10:04:50+00:00\" \/>\n<meta property=\"og:image\" content=\"https:\/\/www.inforesidencias.com\/blog\/wp-content\/uploads\/2020\/03\/ventanilla.jpg\" \/>\n\t<meta property=\"og:image:width\" content=\"511\" \/>\n\t<meta property=\"og:image:height\" content=\"454\" \/>\n\t<meta property=\"og:image:type\" content=\"image\/jpeg\" \/>\n<meta name=\"author\" content=\"Josep de Mart\u00ed\" \/>\n<meta name=\"twitter:card\" content=\"summary_large_image\" \/>\n<meta name=\"twitter:creator\" content=\"@blog-ir\" \/>\n<meta name=\"twitter:site\" content=\"@inforesidencias\" \/>\n<meta name=\"twitter:label1\" content=\"Escrito por\" \/>\n\t<meta name=\"twitter:data1\" content=\"Josep de Mart\u00ed\" \/>\n\t<meta name=\"twitter:label2\" content=\"Tiempo de lectura\" \/>\n\t<meta name=\"twitter:data2\" content=\"6 minutos\" \/>\n<script type=\"application\/ld+json\" class=\"yoast-schema-graph\">{\"@context\":\"https:\/\/schema.org\",\"@graph\":[{\"@type\":\"WebPage\",\"@id\":\"https:\/\/www.inforesidencias.com\/blog\/index.php\/2020\/03\/31\/ventanilla-unica-para-el-covid19-en-residencias-por-favor\/\",\"url\":\"https:\/\/www.inforesidencias.com\/blog\/index.php\/2020\/03\/31\/ventanilla-unica-para-el-covid19-en-residencias-por-favor\/\",\"name\":\"VENTANILLA \u00daNICA PARA EL COVID19 EN RESIDENCIAS \u00a1POR FAVOR! - Blog Inforesidencias.com\",\"isPartOf\":{\"@id\":\"https:\/\/www.inforesidencias.com\/blog\/#website\"},\"datePublished\":\"2020-03-31T08:00:35+00:00\",\"dateModified\":\"2020-03-31T10:04:50+00:00\",\"author\":{\"@id\":\"https:\/\/www.inforesidencias.com\/blog\/#\/schema\/person\/9e146774d1eb3bc1c0316242a3898628\"},\"description\":\"Con la epidemia covid19 las residencias de mayores tienen que hacer muchas comunicaciones a la administraci\u00f3n. \u00bfSer\u00eda posible crear una ventanilla \u00fanica?\",\"breadcrumb\":{\"@id\":\"https:\/\/www.inforesidencias.com\/blog\/index.php\/2020\/03\/31\/ventanilla-unica-para-el-covid19-en-residencias-por-favor\/#breadcrumb\"},\"inLanguage\":\"es\",\"potentialAction\":[{\"@type\":\"ReadAction\",\"target\":[\"https:\/\/www.inforesidencias.com\/blog\/index.php\/2020\/03\/31\/ventanilla-unica-para-el-covid19-en-residencias-por-favor\/\"]}]},{\"@type\":\"BreadcrumbList\",\"@id\":\"https:\/\/www.inforesidencias.com\/blog\/index.php\/2020\/03\/31\/ventanilla-unica-para-el-covid19-en-residencias-por-favor\/#breadcrumb\",\"itemListElement\":[{\"@type\":\"ListItem\",\"position\":1,\"name\":\"Home\",\"item\":\"https:\/\/www.inforesidencias.com\/blog\/\"},{\"@type\":\"ListItem\",\"position\":2,\"name\":\"VENTANILLA \u00daNICA PARA EL COVID19 EN RESIDENCIAS \u00a1POR FAVOR!\"}]},{\"@type\":\"WebSite\",\"@id\":\"https:\/\/www.inforesidencias.com\/blog\/#website\",\"url\":\"https:\/\/www.inforesidencias.com\/blog\/\",\"name\":\"Blog Inforesidencias.com\",\"description\":\"El buscador de residencias de la 3\u00aa edad\",\"potentialAction\":[{\"@type\":\"SearchAction\",\"target\":{\"@type\":\"EntryPoint\",\"urlTemplate\":\"https:\/\/www.inforesidencias.com\/blog\/?s={search_term_string}\"},\"query-input\":\"required name=search_term_string\"}],\"inLanguage\":\"es\"},{\"@type\":\"Person\",\"@id\":\"https:\/\/www.inforesidencias.com\/blog\/#\/schema\/person\/9e146774d1eb3bc1c0316242a3898628\",\"name\":\"Josep de Mart\u00ed\",\"image\":{\"@type\":\"ImageObject\",\"inLanguage\":\"es\",\"@id\":\"https:\/\/www.inforesidencias.com\/blog\/#\/schema\/person\/image\/\",\"url\":\"https:\/\/secure.gravatar.com\/avatar\/de0302c4806c00c4cebff396a798c1ff?s=96&d=mm&r=g\",\"contentUrl\":\"https:\/\/secure.gravatar.com\/avatar\/de0302c4806c00c4cebff396a798c1ff?s=96&d=mm&r=g\",\"caption\":\"Josep de Mart\u00ed\"},\"sameAs\":[\"https:\/\/www.inforesidencias.com\",\"https:\/\/www.facebook.com\/josep.demarti\",\"https:\/\/twitter.com\/blog-ir\"],\"url\":\"https:\/\/www.inforesidencias.com\/blog\/index.php\/author\/josepdemarti\/\"}]}<\/script>\n<!-- \/ Yoast SEO plugin. -->","yoast_head_json":{"title":"VENTANILLA \u00daNICA PARA EL COVID19 EN RESIDENCIAS \u00a1POR FAVOR! - Blog Inforesidencias.com","description":"Con la epidemia covid19 las residencias de mayores tienen que hacer muchas comunicaciones a la administraci\u00f3n. \u00bfSer\u00eda posible crear una ventanilla \u00fanica?","robots":{"index":"index","follow":"follow","max-snippet":"max-snippet:-1","max-image-preview":"max-image-preview:large","max-video-preview":"max-video-preview:-1"},"canonical":"https:\/\/www.inforesidencias.com\/blog\/index.php\/2020\/03\/31\/ventanilla-unica-para-el-covid19-en-residencias-por-favor\/","og_locale":"es_ES","og_type":"article","og_title":"VENTANILLA \u00daNICA PARA EL COVID19 EN RESIDENCIAS \u00a1POR FAVOR! - Blog Inforesidencias.com","og_description":"Con la epidemia covid19 las residencias de mayores tienen que hacer muchas comunicaciones a la administraci\u00f3n. \u00bfSer\u00eda posible crear una ventanilla \u00fanica?","og_url":"https:\/\/www.inforesidencias.com\/blog\/index.php\/2020\/03\/31\/ventanilla-unica-para-el-covid19-en-residencias-por-favor\/","og_site_name":"Blog Inforesidencias.com","article_publisher":"https:\/\/www.facebook.com\/Inforesidencias\/","article_author":"https:\/\/www.facebook.com\/josep.demarti","article_published_time":"2020-03-31T08:00:35+00:00","article_modified_time":"2020-03-31T10:04:50+00:00","og_image":[{"width":511,"height":454,"url":"https:\/\/www.inforesidencias.com\/blog\/wp-content\/uploads\/2020\/03\/ventanilla.jpg","type":"image\/jpeg"}],"author":"Josep de Mart\u00ed","twitter_card":"summary_large_image","twitter_creator":"@blog-ir","twitter_site":"@inforesidencias","twitter_misc":{"Escrito por":"Josep de Mart\u00ed","Tiempo de lectura":"6 minutos"},"schema":{"@context":"https:\/\/schema.org","@graph":[{"@type":"WebPage","@id":"https:\/\/www.inforesidencias.com\/blog\/index.php\/2020\/03\/31\/ventanilla-unica-para-el-covid19-en-residencias-por-favor\/","url":"https:\/\/www.inforesidencias.com\/blog\/index.php\/2020\/03\/31\/ventanilla-unica-para-el-covid19-en-residencias-por-favor\/","name":"VENTANILLA \u00daNICA PARA EL COVID19 EN RESIDENCIAS \u00a1POR FAVOR! - Blog Inforesidencias.com","isPartOf":{"@id":"https:\/\/www.inforesidencias.com\/blog\/#website"},"datePublished":"2020-03-31T08:00:35+00:00","dateModified":"2020-03-31T10:04:50+00:00","author":{"@id":"https:\/\/www.inforesidencias.com\/blog\/#\/schema\/person\/9e146774d1eb3bc1c0316242a3898628"},"description":"Con la epidemia covid19 las residencias de mayores tienen que hacer muchas comunicaciones a la administraci\u00f3n. \u00bfSer\u00eda posible crear una ventanilla \u00fanica?","breadcrumb":{"@id":"https:\/\/www.inforesidencias.com\/blog\/index.php\/2020\/03\/31\/ventanilla-unica-para-el-covid19-en-residencias-por-favor\/#breadcrumb"},"inLanguage":"es","potentialAction":[{"@type":"ReadAction","target":["https:\/\/www.inforesidencias.com\/blog\/index.php\/2020\/03\/31\/ventanilla-unica-para-el-covid19-en-residencias-por-favor\/"]}]},{"@type":"BreadcrumbList","@id":"https:\/\/www.inforesidencias.com\/blog\/index.php\/2020\/03\/31\/ventanilla-unica-para-el-covid19-en-residencias-por-favor\/#breadcrumb","itemListElement":[{"@type":"ListItem","position":1,"name":"Home","item":"https:\/\/www.inforesidencias.com\/blog\/"},{"@type":"ListItem","position":2,"name":"VENTANILLA \u00daNICA PARA EL COVID19 EN RESIDENCIAS \u00a1POR FAVOR!"}]},{"@type":"WebSite","@id":"https:\/\/www.inforesidencias.com\/blog\/#website","url":"https:\/\/www.inforesidencias.com\/blog\/","name":"Blog Inforesidencias.com","description":"El buscador de residencias de la 3\u00aa edad","potentialAction":[{"@type":"SearchAction","target":{"@type":"EntryPoint","urlTemplate":"https:\/\/www.inforesidencias.com\/blog\/?s={search_term_string}"},"query-input":"required name=search_term_string"}],"inLanguage":"es"},{"@type":"Person","@id":"https:\/\/www.inforesidencias.com\/blog\/#\/schema\/person\/9e146774d1eb3bc1c0316242a3898628","name":"Josep de Mart\u00ed","image":{"@type":"ImageObject","inLanguage":"es","@id":"https:\/\/www.inforesidencias.com\/blog\/#\/schema\/person\/image\/","url":"https:\/\/secure.gravatar.com\/avatar\/de0302c4806c00c4cebff396a798c1ff?s=96&d=mm&r=g","contentUrl":"https:\/\/secure.gravatar.com\/avatar\/de0302c4806c00c4cebff396a798c1ff?s=96&d=mm&r=g","caption":"Josep de Mart\u00ed"},"sameAs":["https:\/\/www.inforesidencias.com","https:\/\/www.facebook.com\/josep.demarti","https:\/\/twitter.com\/blog-ir"],"url":"https:\/\/www.inforesidencias.com\/blog\/index.php\/author\/josepdemarti\/"}]}},"_links":{"self":[{"href":"https:\/\/www.inforesidencias.com\/blog\/index.php\/wp-json\/wp\/v2\/posts\/2880"}],"collection":[{"href":"https:\/\/www.inforesidencias.com\/blog\/index.php\/wp-json\/wp\/v2\/posts"}],"about":[{"href":"https:\/\/www.inforesidencias.com\/blog\/index.php\/wp-json\/wp\/v2\/types\/post"}],"author":[{"embeddable":true,"href":"https:\/\/www.inforesidencias.com\/blog\/index.php\/wp-json\/wp\/v2\/users\/2"}],"replies":[{"embeddable":true,"href":"https:\/\/www.inforesidencias.com\/blog\/index.php\/wp-json\/wp\/v2\/comments?post=2880"}],"version-history":[{"count":5,"href":"https:\/\/www.inforesidencias.com\/blog\/index.php\/wp-json\/wp\/v2\/posts\/2880\/revisions"}],"predecessor-version":[{"id":2887,"href":"https:\/\/www.inforesidencias.com\/blog\/index.php\/wp-json\/wp\/v2\/posts\/2880\/revisions\/2887"}],"wp:featuredmedia":[{"embeddable":true,"href":"https:\/\/www.inforesidencias.com\/blog\/index.php\/wp-json\/wp\/v2\/media\/2883"}],"wp:attachment":[{"href":"https:\/\/www.inforesidencias.com\/blog\/index.php\/wp-json\/wp\/v2\/media?parent=2880"}],"wp:term":[{"taxonomy":"category","embeddable":true,"href":"https:\/\/www.inforesidencias.com\/blog\/index.php\/wp-json\/wp\/v2\/categories?post=2880"},{"taxonomy":"post_tag","embeddable":true,"href":"https:\/\/www.inforesidencias.com\/blog\/index.php\/wp-json\/wp\/v2\/tags?post=2880"}],"curies":[{"name":"wp","href":"https:\/\/api.w.org\/{rel}","templated":true}]}}