{"id":291,"date":"2015-08-17T08:14:23","date_gmt":"2015-08-17T08:14:23","guid":{"rendered":"https:\/\/www.inforesidencias.com\/blog\/?p=291"},"modified":"2015-08-03T08:14:56","modified_gmt":"2015-08-03T08:14:56","slug":"anciana-fashion-a-los-94-anos","status":"publish","type":"post","link":"https:\/\/www.inforesidencias.com\/blog\/index.php\/2015\/08\/17\/anciana-fashion-a-los-94-anos\/","title":{"rendered":"Anciana \u00abFashion\u00bb a los 94 a\u00f1os"},"content":{"rendered":"<div>\u00bfSe puede ser Anciana \u00abFashion\u00bb a los 94 a\u00f1os?<\/div>\n<div><\/div>\n<div>Iris Apfel vive en Nueva York, tiene 94 a\u00f1os y es un referente de estilo, pero no para abuelas o personas mayores, para ellas y para mujeres de todas las edades. \u00abAlgunas personas hacen un gran esfuerzo por ser diferentes. Yo no\u00bb, dice, tras el rodaje del documental Iris, basado en su vida y dirigido por Albert Maysles.<\/div>\n<div><\/div>\n<h3>Una mujer mayor que rompe estereotipos: anciana y \u00abfashion\u00bb a los 94 a\u00f1os<\/h3>\n<div>\n<div id=\"attachment_293\" style=\"width: 310px\" class=\"wp-caption alignleft\"><a href=\"https:\/\/www.inforesidencias.com\/blog\/wp-content\/uploads\/2015\/08\/anciana-glamurosa.jpg\"><img aria-describedby=\"caption-attachment-293\" decoding=\"async\" loading=\"lazy\" class=\"size-full wp-image-293\" src=\"https:\/\/www.inforesidencias.com\/blog\/wp-content\/uploads\/2015\/08\/anciana-glamurosa.jpg\" alt=\"Anciana pero glamurosa\" width=\"300\" height=\"263\" \/><\/a><p id=\"caption-attachment-293\" class=\"wp-caption-text\">Iris Apfel, fashion a los 94 a\u00f1os<\/p><\/div>\n<\/div>\n<div>Mucho antes de la popularizaci\u00f3n del street-style y las blogueras especializadas, antes de Instagram y todo tipo de medios sociales, Iris Apfel ya era una defensora de la individualidad\u00a0radical en la moda. Fue la primera mujer que llev\u00f3 pantalones vaqueros a actos sociales y la inventora del estilo hi-lo, que mezcla la alta costura con lo producido en masa, el vintage y lo artesanal. Sus grandes y redondas gafas son marca registrada junto con pulseras y collares. Apfel, que, de momento no tiene previsto vivir en una residencia para personas mayores, fue portada de revistas, protagonista de libros y de una c\u00e9lebre exposici\u00f3n en el Metropolitan Museum of Art. Como modelo, es la imagen de marcas de ropa y accesorios. \u00a0Iris Barrel naci\u00f3 en Queens un 29 de agosto de 1921 y estudi\u00f3 Arte en las universidades de Nueva York y Wisconsin. Aprendi\u00f3 sobre la moda trabajando en la biblia de la industria: el Women&#8217;s Wear Daily. En 1948 conoci\u00f3 y se cas\u00f3 con Carl Apfel. Con Carl, que en agosto cumple 101 a\u00f1os, fund\u00f3 Old World Weavers, f\u00e1brica textil que dirigieron juntos hasta que se retiraron en 1992. Una vez jubilada, Iris vio que ten\u00eda el tiempo y los medios econ\u00f3micos para dedicarse a su amor por la ropa y los accesorios, convirtiendo esto en un arte en el que ella era la primera modelo y escaparate. Viaja por todo el mundo en busca de los accesorios y tejidos m\u00e1s exclusivos, diferentes u originales.<\/div>\n<div><\/div>\n<div>Pero m\u00e1s que de manera visual o como artista pl\u00e1stica, ella prefiere describirse con una met\u00e1fora musical, el jazz: se viste como el jazz \u00abporque el jazz es improvisaci\u00f3n y eso es exactamente lo que hago. Tomo algunas cosas y las mezclo con otras que son inesperadas&#8230; pero al ponerlas juntas en la melod\u00eda todo encaja\u00bb. De 1950 a 1993 estuvo a cargo de los proyectos de decoraci\u00f3n de interiores de la Casa Blanca de nueve presidentes, de Truman a Clinton.<\/div>\n<div><\/div>\n<div><\/div>\n<h3>Un ejemplo de tercera edad que envejece positivamente<\/h3>\n<div><\/div>\n<div>De todos ellos guarda jugosas an\u00e9cdotas en un entorno donde la locura y creatividad est\u00e1n muy limitadas. En 2012, a los 90 a\u00f1os, fue contratada como profesora visitante de la Universidad de Texas en Austin, y con respecto a sus alumnos ha declarado: \u00abTodos me preguntan c\u00f3mo pueden tener un estilo. Eso no lo puedo contestar. Cada uno tiene que conocerse a s\u00ed mismo y expresarse de la mejor manera posible. Pero si no, no pasa nada. La fashion police no te va a llevar\u00bb. Iris Apfel viaja a los estrenos de su pel\u00edcula con su marido Carl siempre a su lado, curiosa, haciendo expediciones de compra, pol\u00e9mica y libre en cada declaraci\u00f3n. \u00a0El documental sobre su vida lleva a una visi\u00f3n de la tercera edad\u00a0distinta, donde da igual el momento o los a\u00f1os, lo que importa es vivir de forma intensa y creativamente el presente.<\/div>\n<div><\/div>\n<div><a title=\"Anciana de 94 a\u00f1os referente de la moda\" href=\"http:\/\/smoda.elpais.com\/articulos\/iris-apfel-lecciones-de-vida-documental\/6528\">Saber m\u00e1s de Iris Apfel<\/a><\/div>\n","protected":false},"excerpt":{"rendered":"<p>\u00bfSe puede ser Anciana \u00abFashion\u00bb a los 94 a\u00f1os? Iris Apfel vive en Nueva York, tiene 94 a\u00f1os y es un referente de estilo, pero no para abuelas o personas mayores, para ellas y para mujeres de todas las edades. \u00abAlgunas personas hacen un gran esfuerzo por ser diferentes. Yo no\u00bb, dice, tras el rodaje del documental Iris, basado en su vida y dirigido por Albert Maysles. Una mujer mayor que rompe estereotipos: anciana y \u00abfashion\u00bb a los 94 a\u00f1os Mucho antes de la popularizaci\u00f3n del street-style y las blogueras especializadas, antes de Instagram y todo tipo de medios sociales, Iris Apfel ya era una defensora de la individualidad\u00a0radical en la moda. Fue la primera mujer que llev\u00f3 pantalones vaqueros a actos sociales y la inventora del estilo hi-lo, que mezcla la alta costura con lo producido en masa, el vintage y lo artesanal. Sus grandes y redondas gafas son [&hellip;]<\/p>\n","protected":false},"author":2,"featured_media":293,"comment_status":"open","ping_status":"open","sticky":false,"template":"","format":"standard","meta":{"footnotes":""},"categories":[14],"tags":[],"yoast_head":"<!-- This site is optimized with the Yoast SEO plugin v21.7 - https:\/\/yoast.com\/wordpress\/plugins\/seo\/ -->\n<title>Una mujer de 94 a\u00f1os demuestra que se puede ser anciana y &quot;Fashion&quot;<\/title>\n<meta name=\"description\" content=\"Llega a los 94 a\u00f1os siendo anciana y fashion. Iris Apfel es un icono de la moda y lleva si\u00e9ndolo desde hace muchos a\u00f1os.\" \/>\n<meta name=\"robots\" content=\"index, follow, max-snippet:-1, max-image-preview:large, max-video-preview:-1\" \/>\n<link rel=\"canonical\" href=\"https:\/\/www.inforesidencias.com\/blog\/index.php\/2015\/08\/17\/anciana-fashion-a-los-94-anos\/\" \/>\n<meta property=\"og:locale\" content=\"es_ES\" \/>\n<meta property=\"og:type\" content=\"article\" \/>\n<meta property=\"og:title\" content=\"Una mujer de 94 a\u00f1os demuestra que se puede ser anciana y &quot;Fashion&quot;\" \/>\n<meta property=\"og:description\" content=\"Llega a los 94 a\u00f1os siendo anciana y fashion. Iris Apfel es un icono de la moda y lleva si\u00e9ndolo desde hace muchos a\u00f1os.\" \/>\n<meta property=\"og:url\" content=\"https:\/\/www.inforesidencias.com\/blog\/index.php\/2015\/08\/17\/anciana-fashion-a-los-94-anos\/\" \/>\n<meta property=\"og:site_name\" content=\"Blog Inforesidencias.com\" \/>\n<meta property=\"article:publisher\" content=\"https:\/\/www.facebook.com\/Inforesidencias\/\" \/>\n<meta property=\"article:author\" content=\"https:\/\/www.facebook.com\/josep.demarti\" \/>\n<meta property=\"article:published_time\" content=\"2015-08-17T08:14:23+00:00\" \/>\n<meta property=\"article:modified_time\" content=\"2015-08-03T08:14:56+00:00\" \/>\n<meta property=\"og:image\" content=\"https:\/\/www.inforesidencias.com\/blog\/wp-content\/uploads\/2015\/08\/anciana-glamurosa.jpg\" \/>\n\t<meta property=\"og:image:width\" content=\"300\" \/>\n\t<meta property=\"og:image:height\" content=\"263\" \/>\n\t<meta property=\"og:image:type\" content=\"image\/jpeg\" \/>\n<meta name=\"author\" content=\"Josep de Mart\u00ed\" \/>\n<meta name=\"twitter:card\" content=\"summary_large_image\" \/>\n<meta name=\"twitter:creator\" content=\"@blog-ir\" \/>\n<meta name=\"twitter:site\" content=\"@inforesidencias\" \/>\n<meta name=\"twitter:label1\" content=\"Escrito por\" \/>\n\t<meta name=\"twitter:data1\" content=\"Josep de Mart\u00ed\" \/>\n\t<meta name=\"twitter:label2\" content=\"Tiempo de lectura\" \/>\n\t<meta name=\"twitter:data2\" content=\"3 minutos\" \/>\n<script type=\"application\/ld+json\" class=\"yoast-schema-graph\">{\"@context\":\"https:\/\/schema.org\",\"@graph\":[{\"@type\":\"WebPage\",\"@id\":\"https:\/\/www.inforesidencias.com\/blog\/index.php\/2015\/08\/17\/anciana-fashion-a-los-94-anos\/\",\"url\":\"https:\/\/www.inforesidencias.com\/blog\/index.php\/2015\/08\/17\/anciana-fashion-a-los-94-anos\/\",\"name\":\"Una mujer de 94 a\u00f1os demuestra que se puede ser anciana y \\\"Fashion\\\"\",\"isPartOf\":{\"@id\":\"https:\/\/www.inforesidencias.com\/blog\/#website\"},\"datePublished\":\"2015-08-17T08:14:23+00:00\",\"dateModified\":\"2015-08-03T08:14:56+00:00\",\"author\":{\"@id\":\"https:\/\/www.inforesidencias.com\/blog\/#\/schema\/person\/9e146774d1eb3bc1c0316242a3898628\"},\"description\":\"Llega a los 94 a\u00f1os siendo anciana y fashion. Iris Apfel es un icono de la moda y lleva si\u00e9ndolo desde hace muchos a\u00f1os.\",\"breadcrumb\":{\"@id\":\"https:\/\/www.inforesidencias.com\/blog\/index.php\/2015\/08\/17\/anciana-fashion-a-los-94-anos\/#breadcrumb\"},\"inLanguage\":\"es\",\"potentialAction\":[{\"@type\":\"ReadAction\",\"target\":[\"https:\/\/www.inforesidencias.com\/blog\/index.php\/2015\/08\/17\/anciana-fashion-a-los-94-anos\/\"]}]},{\"@type\":\"BreadcrumbList\",\"@id\":\"https:\/\/www.inforesidencias.com\/blog\/index.php\/2015\/08\/17\/anciana-fashion-a-los-94-anos\/#breadcrumb\",\"itemListElement\":[{\"@type\":\"ListItem\",\"position\":1,\"name\":\"Home\",\"item\":\"https:\/\/www.inforesidencias.com\/blog\/\"},{\"@type\":\"ListItem\",\"position\":2,\"name\":\"Anciana \u00abFashion\u00bb a los 94 a\u00f1os\"}]},{\"@type\":\"WebSite\",\"@id\":\"https:\/\/www.inforesidencias.com\/blog\/#website\",\"url\":\"https:\/\/www.inforesidencias.com\/blog\/\",\"name\":\"Blog Inforesidencias.com\",\"description\":\"El buscador de residencias de la 3\u00aa edad\",\"potentialAction\":[{\"@type\":\"SearchAction\",\"target\":{\"@type\":\"EntryPoint\",\"urlTemplate\":\"https:\/\/www.inforesidencias.com\/blog\/?s={search_term_string}\"},\"query-input\":\"required name=search_term_string\"}],\"inLanguage\":\"es\"},{\"@type\":\"Person\",\"@id\":\"https:\/\/www.inforesidencias.com\/blog\/#\/schema\/person\/9e146774d1eb3bc1c0316242a3898628\",\"name\":\"Josep de Mart\u00ed\",\"image\":{\"@type\":\"ImageObject\",\"inLanguage\":\"es\",\"@id\":\"https:\/\/www.inforesidencias.com\/blog\/#\/schema\/person\/image\/\",\"url\":\"https:\/\/secure.gravatar.com\/avatar\/de0302c4806c00c4cebff396a798c1ff?s=96&d=mm&r=g\",\"contentUrl\":\"https:\/\/secure.gravatar.com\/avatar\/de0302c4806c00c4cebff396a798c1ff?s=96&d=mm&r=g\",\"caption\":\"Josep de Mart\u00ed\"},\"sameAs\":[\"https:\/\/www.inforesidencias.com\",\"https:\/\/www.facebook.com\/josep.demarti\",\"https:\/\/twitter.com\/blog-ir\"],\"url\":\"https:\/\/www.inforesidencias.com\/blog\/index.php\/author\/josepdemarti\/\"}]}<\/script>\n<!-- \/ Yoast SEO plugin. -->","yoast_head_json":{"title":"Una mujer de 94 a\u00f1os demuestra que se puede ser anciana y \"Fashion\"","description":"Llega a los 94 a\u00f1os siendo anciana y fashion. Iris Apfel es un icono de la moda y lleva si\u00e9ndolo desde hace muchos a\u00f1os.","robots":{"index":"index","follow":"follow","max-snippet":"max-snippet:-1","max-image-preview":"max-image-preview:large","max-video-preview":"max-video-preview:-1"},"canonical":"https:\/\/www.inforesidencias.com\/blog\/index.php\/2015\/08\/17\/anciana-fashion-a-los-94-anos\/","og_locale":"es_ES","og_type":"article","og_title":"Una mujer de 94 a\u00f1os demuestra que se puede ser anciana y \"Fashion\"","og_description":"Llega a los 94 a\u00f1os siendo anciana y fashion. Iris Apfel es un icono de la moda y lleva si\u00e9ndolo desde hace muchos a\u00f1os.","og_url":"https:\/\/www.inforesidencias.com\/blog\/index.php\/2015\/08\/17\/anciana-fashion-a-los-94-anos\/","og_site_name":"Blog Inforesidencias.com","article_publisher":"https:\/\/www.facebook.com\/Inforesidencias\/","article_author":"https:\/\/www.facebook.com\/josep.demarti","article_published_time":"2015-08-17T08:14:23+00:00","article_modified_time":"2015-08-03T08:14:56+00:00","og_image":[{"width":300,"height":263,"url":"https:\/\/www.inforesidencias.com\/blog\/wp-content\/uploads\/2015\/08\/anciana-glamurosa.jpg","type":"image\/jpeg"}],"author":"Josep de Mart\u00ed","twitter_card":"summary_large_image","twitter_creator":"@blog-ir","twitter_site":"@inforesidencias","twitter_misc":{"Escrito por":"Josep de Mart\u00ed","Tiempo de lectura":"3 minutos"},"schema":{"@context":"https:\/\/schema.org","@graph":[{"@type":"WebPage","@id":"https:\/\/www.inforesidencias.com\/blog\/index.php\/2015\/08\/17\/anciana-fashion-a-los-94-anos\/","url":"https:\/\/www.inforesidencias.com\/blog\/index.php\/2015\/08\/17\/anciana-fashion-a-los-94-anos\/","name":"Una mujer de 94 a\u00f1os demuestra que se puede ser anciana y \"Fashion\"","isPartOf":{"@id":"https:\/\/www.inforesidencias.com\/blog\/#website"},"datePublished":"2015-08-17T08:14:23+00:00","dateModified":"2015-08-03T08:14:56+00:00","author":{"@id":"https:\/\/www.inforesidencias.com\/blog\/#\/schema\/person\/9e146774d1eb3bc1c0316242a3898628"},"description":"Llega a los 94 a\u00f1os siendo anciana y fashion. Iris Apfel es un icono de la moda y lleva si\u00e9ndolo desde hace muchos a\u00f1os.","breadcrumb":{"@id":"https:\/\/www.inforesidencias.com\/blog\/index.php\/2015\/08\/17\/anciana-fashion-a-los-94-anos\/#breadcrumb"},"inLanguage":"es","potentialAction":[{"@type":"ReadAction","target":["https:\/\/www.inforesidencias.com\/blog\/index.php\/2015\/08\/17\/anciana-fashion-a-los-94-anos\/"]}]},{"@type":"BreadcrumbList","@id":"https:\/\/www.inforesidencias.com\/blog\/index.php\/2015\/08\/17\/anciana-fashion-a-los-94-anos\/#breadcrumb","itemListElement":[{"@type":"ListItem","position":1,"name":"Home","item":"https:\/\/www.inforesidencias.com\/blog\/"},{"@type":"ListItem","position":2,"name":"Anciana \u00abFashion\u00bb a los 94 a\u00f1os"}]},{"@type":"WebSite","@id":"https:\/\/www.inforesidencias.com\/blog\/#website","url":"https:\/\/www.inforesidencias.com\/blog\/","name":"Blog Inforesidencias.com","description":"El buscador de residencias de la 3\u00aa edad","potentialAction":[{"@type":"SearchAction","target":{"@type":"EntryPoint","urlTemplate":"https:\/\/www.inforesidencias.com\/blog\/?s={search_term_string}"},"query-input":"required name=search_term_string"}],"inLanguage":"es"},{"@type":"Person","@id":"https:\/\/www.inforesidencias.com\/blog\/#\/schema\/person\/9e146774d1eb3bc1c0316242a3898628","name":"Josep de Mart\u00ed","image":{"@type":"ImageObject","inLanguage":"es","@id":"https:\/\/www.inforesidencias.com\/blog\/#\/schema\/person\/image\/","url":"https:\/\/secure.gravatar.com\/avatar\/de0302c4806c00c4cebff396a798c1ff?s=96&d=mm&r=g","contentUrl":"https:\/\/secure.gravatar.com\/avatar\/de0302c4806c00c4cebff396a798c1ff?s=96&d=mm&r=g","caption":"Josep de Mart\u00ed"},"sameAs":["https:\/\/www.inforesidencias.com","https:\/\/www.facebook.com\/josep.demarti","https:\/\/twitter.com\/blog-ir"],"url":"https:\/\/www.inforesidencias.com\/blog\/index.php\/author\/josepdemarti\/"}]}},"_links":{"self":[{"href":"https:\/\/www.inforesidencias.com\/blog\/index.php\/wp-json\/wp\/v2\/posts\/291"}],"collection":[{"href":"https:\/\/www.inforesidencias.com\/blog\/index.php\/wp-json\/wp\/v2\/posts"}],"about":[{"href":"https:\/\/www.inforesidencias.com\/blog\/index.php\/wp-json\/wp\/v2\/types\/post"}],"author":[{"embeddable":true,"href":"https:\/\/www.inforesidencias.com\/blog\/index.php\/wp-json\/wp\/v2\/users\/2"}],"replies":[{"embeddable":true,"href":"https:\/\/www.inforesidencias.com\/blog\/index.php\/wp-json\/wp\/v2\/comments?post=291"}],"version-history":[{"count":3,"href":"https:\/\/www.inforesidencias.com\/blog\/index.php\/wp-json\/wp\/v2\/posts\/291\/revisions"}],"predecessor-version":[{"id":295,"href":"https:\/\/www.inforesidencias.com\/blog\/index.php\/wp-json\/wp\/v2\/posts\/291\/revisions\/295"}],"wp:featuredmedia":[{"embeddable":true,"href":"https:\/\/www.inforesidencias.com\/blog\/index.php\/wp-json\/wp\/v2\/media\/293"}],"wp:attachment":[{"href":"https:\/\/www.inforesidencias.com\/blog\/index.php\/wp-json\/wp\/v2\/media?parent=291"}],"wp:term":[{"taxonomy":"category","embeddable":true,"href":"https:\/\/www.inforesidencias.com\/blog\/index.php\/wp-json\/wp\/v2\/categories?post=291"},{"taxonomy":"post_tag","embeddable":true,"href":"https:\/\/www.inforesidencias.com\/blog\/index.php\/wp-json\/wp\/v2\/tags?post=291"}],"curies":[{"name":"wp","href":"https:\/\/api.w.org\/{rel}","templated":true}]}}