{"id":2923,"date":"2020-04-11T12:00:29","date_gmt":"2020-04-11T12:00:29","guid":{"rendered":"https:\/\/www.inforesidencias.com\/blog\/?p=2923"},"modified":"2020-04-13T17:55:18","modified_gmt":"2020-04-13T17:55:18","slug":"residencias-geriatricas-o-psedo-hospitales","status":"publish","type":"post","link":"https:\/\/www.inforesidencias.com\/blog\/index.php\/2020\/04\/11\/residencias-geriatricas-o-psedo-hospitales\/","title":{"rendered":"\u00bfResidencias geri\u00e1tricas o pseudo-hospitales?"},"content":{"rendered":"<div id=\"attachment_2924\" style=\"width: 893px\" class=\"wp-caption aligncenter\"><a href=\"https:\/\/www.inforesidencias.com\/blog\/wp-content\/uploads\/2020\/04\/Imagen-1.png\"><img aria-describedby=\"caption-attachment-2924\" decoding=\"async\" loading=\"lazy\" class=\"size-full wp-image-2924\" src=\"https:\/\/www.inforesidencias.com\/blog\/wp-content\/uploads\/2020\/04\/Imagen-1.png\" alt=\"Cuidados sanitarios en residencias geri\u00e1tricas\" width=\"883\" height=\"545\" \/><\/a><p id=\"caption-attachment-2924\" class=\"wp-caption-text\">\u00bfResidencias geriatricas o hospitales?<\/p><\/div>\n<p>Como cada ma\u00f1ana, con la radio de fondo para seguir la evoluci\u00f3n del COVID-19 en residencias geri\u00e1tricas escucho que la pol\u00e9mica sigue: la falta de criterios \u00fanicos de actuaci\u00f3n, la falta de EPIS, la falta de diagn\u00f3sticos de residentes y trabajadores de residencias y la falta de personal sigue sin estar resuelto.\u00a0 Las residencias geri\u00e1tricas durante estas \u00faltimas 5 semanas de la crisis del coronavirus han pasado de ser un hogar para las personas de la tercera edad a ser psedo-hospitales pero sin darles los medios necesarios para esa nueva funci\u00f3n que la administraci\u00f3n les ha adjudicado.<\/p>\n<p>Hasta antes de la crisis, las residencias de mayores eran un servicio asistencial y deber\u00eda de haber seguido as\u00ed, en este sentido no puedo m\u00e1s que pensar en la historia real que publicamos esta semana en <a href=\"https:\/\/dependencia.info\/\">dependencia.info<\/a> de una <a href=\"https:\/\/dependencia.info\/noticia\/3445\/el-rincon-del-director\/aguzando-el-ingenio-en-tiempo-de-covid19-contra-viento-y-marea.html\">directora de una residencia geri\u00e1trica<\/a>,\u00a0 tal como nos explica \u201c<em>en estos momentos se nos est\u00e1 tratando como a un servicio sanitario, cuando realmente somos social,\u00a0 nos est\u00e1n reconvirtiendo de un d\u00eda para otro, en hospitales, cuando m\u00e1s que nunca queremos ser hogares. Nos estamos viendo obligados a hacer frente a una problem\u00e1tica de salud p\u00fablica para la que no tenemos medios ni personales, ni materiales, ni estructura, ni apoyo para realizarlo\u201d.<\/em><\/p>\n<p>Desde ayer 9 de abril, en Catalu\u00f1a han traspasado las competencias de la Conselleria de\u00a0Treball, Afers socials i Fam\u00edlies\u00a0en materia de asistencia a la tercera edad a la Conselleria de\u00a0Salut.\u00a0 El\u00a0 Conseller\u00a0de Treball, Afers socials i Fam\u00edlies, comentaba que se priorizan las decisiones sanitarias por encima de las de los servicios asistenciales, y que se \u201cles han avanzado los acontecimientos\u201d en las residencias de la 3\u00aa edad. \u00a0Son buenas noticias el hecho de que recaiga en manos de sanidad la gesti\u00f3n de la pandemia ya que desde el inicio de la misma a las residencias de la 3\u00aa edad se les est\u00e1 pidiendo que se auto gestionen como un hospital y necesitan el apoyo de la administraci\u00f3n sanitaria, ya que la situaci\u00f3n que ahora sufren, es sanitaria.<\/p>\n<p>Pero seamos claros, los acontecimientos necesitan planificaci\u00f3n previa, actuar con sentido com\u00fan y para el bien com\u00fan, olvidarse del color pol\u00edtico de cada departamento p\u00fablico o administraci\u00f3n y trabajar conjuntamente para ser m\u00e1s eficientes que nunca y poder evitar que de nuevo se \u201cavancen los acontecimientos\u201d, estas circunstancias lo requieren.\u00a0 Otro ejemplo real que nos explica una residencia: \u201c<em>a cada persona y organismo que llamo me muestran su buena voluntad, su empat\u00eda, pero la respuesta que obtengo es que la situaci\u00f3n tambi\u00e9n les tiene desbordados. No llegan. Nadie llegamos\u2026 Lo intentamos, luchamos con todas las fuerzas, nos dejamos la piel y el alma. Y parece que no es suficiente\u2026 Nos est\u00e1 tocando vivir un infierno. Y encima, las personas que trabajamos, y de alguna manera, vivimos para las personas mayores, vemos como son las \u00faltimos de la cola, de una cola muy larga\u2026 \u201c<\/em><\/p>\n<p>Cada semana que pasa sin actuar en los 3 frentes que desde inforesidencias.com vamos comentando es \u201cdejar que los acontecimientos nos pasen por encima\u201d, las residencias geri\u00e1tricas siguen necesitando urgentemente en primer lugar, tests, EPIS, respiradores y ox\u00edgeno, en segundo lugar, unos criterios \u00fanicos de actuaci\u00f3n y, en tercer lugar, ayuda en la b\u00fasqueda de personal.\u00a0 Esperemos que esta semana finalmente esta coordinaci\u00f3n sea una realidad.<\/p>\n<p>Y no puedo acabar sin recordar las palabras de una directora de una residencia geri\u00e1trica de <a href=\"https:\/\/www.inforesidencias.com\/centros\/buscador\/residencias\/castilla-la-mancha\/toledo\" target=\"_blank\">Toledo<\/a>: \u201c<em>de toda esta pesadilla me llevo, de momento, 4 cosas:\u00a0 1. Las personas que trabajan aqu\u00ed, su luz, guerreras de luz, son un aut\u00e9ntico tesoro. 2. Los residentes, que incluso en estos momentos est\u00e1n demostrando pertenecer a una generaci\u00f3n irrepetible, de grandes y valientes. 3. Las familias, su paciencia, sus \u00e1nimos y lo cerquita que las sentimos a pesar de no estarlo. 4. Y la necesidad de una reflexi\u00f3n sobre la val\u00eda de estos centros y la necesidad de transformar la imagen que se tiene de ellos y los recursos que se les destina.<\/em><\/p>\n<p>Anna Cebri\u00e1n<br \/>\nInforesidencias.com<\/p>\n","protected":false},"excerpt":{"rendered":"<p>Como cada ma\u00f1ana, con la radio de fondo para seguir la evoluci\u00f3n del COVID-19 en residencias geri\u00e1tricas escucho que la pol\u00e9mica sigue: la falta de criterios \u00fanicos de actuaci\u00f3n, la falta de EPIS, la falta de diagn\u00f3sticos de residentes y trabajadores de residencias y la falta de personal sigue sin estar resuelto.\u00a0 Las residencias geri\u00e1tricas durante estas \u00faltimas 5 semanas de la crisis del coronavirus han pasado de ser un hogar para las personas de la tercera edad a ser psedo-hospitales pero sin darles los medios necesarios para esa nueva funci\u00f3n que la administraci\u00f3n les ha adjudicado. Hasta antes de la crisis, las residencias de mayores eran un servicio asistencial y deber\u00eda de haber seguido as\u00ed, en este sentido no puedo m\u00e1s que pensar en la historia real que publicamos esta semana en dependencia.info de una directora de una residencia geri\u00e1trica,\u00a0 tal como nos explica \u201cen estos momentos se nos [&hellip;]<\/p>\n","protected":false},"author":2,"featured_media":2924,"comment_status":"open","ping_status":"open","sticky":false,"template":"","format":"standard","meta":{"footnotes":""},"categories":[1],"tags":[58,65,15],"yoast_head":"<!-- This site is optimized with the Yoast SEO plugin v21.7 - https:\/\/yoast.com\/wordpress\/plugins\/seo\/ -->\n<title>\u00bfResidencias geri\u00e1tricas o pseudo-hospitales? - Blog Inforesidencias.com<\/title>\n<meta name=\"description\" content=\"residencias geri\u00e1tricas, residencias de tercera edad, residencias de ancianos, residencias de mayores, hospitales, cesi\u00f3n competencias, social, sanidad\" \/>\n<meta name=\"robots\" content=\"index, follow, max-snippet:-1, max-image-preview:large, max-video-preview:-1\" \/>\n<link rel=\"canonical\" href=\"https:\/\/www.inforesidencias.com\/blog\/index.php\/2020\/04\/11\/residencias-geriatricas-o-psedo-hospitales\/\" \/>\n<meta property=\"og:locale\" content=\"es_ES\" \/>\n<meta property=\"og:type\" content=\"article\" \/>\n<meta property=\"og:title\" content=\"\u00bfResidencias geri\u00e1tricas o pseudo-hospitales? - Blog Inforesidencias.com\" \/>\n<meta property=\"og:description\" content=\"residencias geri\u00e1tricas, residencias de tercera edad, residencias de ancianos, residencias de mayores, hospitales, cesi\u00f3n competencias, social, sanidad\" \/>\n<meta property=\"og:url\" content=\"https:\/\/www.inforesidencias.com\/blog\/index.php\/2020\/04\/11\/residencias-geriatricas-o-psedo-hospitales\/\" \/>\n<meta property=\"og:site_name\" content=\"Blog Inforesidencias.com\" \/>\n<meta property=\"article:publisher\" content=\"https:\/\/www.facebook.com\/Inforesidencias\/\" \/>\n<meta property=\"article:author\" content=\"https:\/\/www.facebook.com\/josep.demarti\" \/>\n<meta property=\"article:published_time\" content=\"2020-04-11T12:00:29+00:00\" \/>\n<meta property=\"article:modified_time\" content=\"2020-04-13T17:55:18+00:00\" \/>\n<meta property=\"og:image\" content=\"https:\/\/www.inforesidencias.com\/blog\/wp-content\/uploads\/2020\/04\/Imagen-1.png\" \/>\n\t<meta property=\"og:image:width\" content=\"883\" \/>\n\t<meta property=\"og:image:height\" content=\"545\" \/>\n\t<meta property=\"og:image:type\" content=\"image\/png\" \/>\n<meta name=\"author\" content=\"Josep de Mart\u00ed\" \/>\n<meta name=\"twitter:card\" content=\"summary_large_image\" \/>\n<meta name=\"twitter:creator\" content=\"@blog-ir\" \/>\n<meta name=\"twitter:site\" content=\"@inforesidencias\" \/>\n<meta name=\"twitter:label1\" content=\"Escrito por\" \/>\n\t<meta name=\"twitter:data1\" content=\"Josep de Mart\u00ed\" \/>\n\t<meta name=\"twitter:label2\" content=\"Tiempo de lectura\" \/>\n\t<meta name=\"twitter:data2\" content=\"4 minutos\" \/>\n<script type=\"application\/ld+json\" class=\"yoast-schema-graph\">{\"@context\":\"https:\/\/schema.org\",\"@graph\":[{\"@type\":\"WebPage\",\"@id\":\"https:\/\/www.inforesidencias.com\/blog\/index.php\/2020\/04\/11\/residencias-geriatricas-o-psedo-hospitales\/\",\"url\":\"https:\/\/www.inforesidencias.com\/blog\/index.php\/2020\/04\/11\/residencias-geriatricas-o-psedo-hospitales\/\",\"name\":\"\u00bfResidencias geri\u00e1tricas o pseudo-hospitales? - Blog Inforesidencias.com\",\"isPartOf\":{\"@id\":\"https:\/\/www.inforesidencias.com\/blog\/#website\"},\"datePublished\":\"2020-04-11T12:00:29+00:00\",\"dateModified\":\"2020-04-13T17:55:18+00:00\",\"author\":{\"@id\":\"https:\/\/www.inforesidencias.com\/blog\/#\/schema\/person\/9e146774d1eb3bc1c0316242a3898628\"},\"description\":\"residencias geri\u00e1tricas, residencias de tercera edad, residencias de ancianos, residencias de mayores, hospitales, cesi\u00f3n competencias, social, sanidad\",\"breadcrumb\":{\"@id\":\"https:\/\/www.inforesidencias.com\/blog\/index.php\/2020\/04\/11\/residencias-geriatricas-o-psedo-hospitales\/#breadcrumb\"},\"inLanguage\":\"es\",\"potentialAction\":[{\"@type\":\"ReadAction\",\"target\":[\"https:\/\/www.inforesidencias.com\/blog\/index.php\/2020\/04\/11\/residencias-geriatricas-o-psedo-hospitales\/\"]}]},{\"@type\":\"BreadcrumbList\",\"@id\":\"https:\/\/www.inforesidencias.com\/blog\/index.php\/2020\/04\/11\/residencias-geriatricas-o-psedo-hospitales\/#breadcrumb\",\"itemListElement\":[{\"@type\":\"ListItem\",\"position\":1,\"name\":\"Home\",\"item\":\"https:\/\/www.inforesidencias.com\/blog\/\"},{\"@type\":\"ListItem\",\"position\":2,\"name\":\"\u00bfResidencias geri\u00e1tricas o pseudo-hospitales?\"}]},{\"@type\":\"WebSite\",\"@id\":\"https:\/\/www.inforesidencias.com\/blog\/#website\",\"url\":\"https:\/\/www.inforesidencias.com\/blog\/\",\"name\":\"Blog Inforesidencias.com\",\"description\":\"El buscador de residencias de la 3\u00aa edad\",\"potentialAction\":[{\"@type\":\"SearchAction\",\"target\":{\"@type\":\"EntryPoint\",\"urlTemplate\":\"https:\/\/www.inforesidencias.com\/blog\/?s={search_term_string}\"},\"query-input\":\"required name=search_term_string\"}],\"inLanguage\":\"es\"},{\"@type\":\"Person\",\"@id\":\"https:\/\/www.inforesidencias.com\/blog\/#\/schema\/person\/9e146774d1eb3bc1c0316242a3898628\",\"name\":\"Josep de Mart\u00ed\",\"image\":{\"@type\":\"ImageObject\",\"inLanguage\":\"es\",\"@id\":\"https:\/\/www.inforesidencias.com\/blog\/#\/schema\/person\/image\/\",\"url\":\"https:\/\/secure.gravatar.com\/avatar\/de0302c4806c00c4cebff396a798c1ff?s=96&d=mm&r=g\",\"contentUrl\":\"https:\/\/secure.gravatar.com\/avatar\/de0302c4806c00c4cebff396a798c1ff?s=96&d=mm&r=g\",\"caption\":\"Josep de Mart\u00ed\"},\"sameAs\":[\"https:\/\/www.inforesidencias.com\",\"https:\/\/www.facebook.com\/josep.demarti\",\"https:\/\/twitter.com\/blog-ir\"],\"url\":\"https:\/\/www.inforesidencias.com\/blog\/index.php\/author\/josepdemarti\/\"}]}<\/script>\n<!-- \/ Yoast SEO plugin. -->","yoast_head_json":{"title":"\u00bfResidencias geri\u00e1tricas o pseudo-hospitales? - Blog Inforesidencias.com","description":"residencias geri\u00e1tricas, residencias de tercera edad, residencias de ancianos, residencias de mayores, hospitales, cesi\u00f3n competencias, social, sanidad","robots":{"index":"index","follow":"follow","max-snippet":"max-snippet:-1","max-image-preview":"max-image-preview:large","max-video-preview":"max-video-preview:-1"},"canonical":"https:\/\/www.inforesidencias.com\/blog\/index.php\/2020\/04\/11\/residencias-geriatricas-o-psedo-hospitales\/","og_locale":"es_ES","og_type":"article","og_title":"\u00bfResidencias geri\u00e1tricas o pseudo-hospitales? - Blog Inforesidencias.com","og_description":"residencias geri\u00e1tricas, residencias de tercera edad, residencias de ancianos, residencias de mayores, hospitales, cesi\u00f3n competencias, social, sanidad","og_url":"https:\/\/www.inforesidencias.com\/blog\/index.php\/2020\/04\/11\/residencias-geriatricas-o-psedo-hospitales\/","og_site_name":"Blog Inforesidencias.com","article_publisher":"https:\/\/www.facebook.com\/Inforesidencias\/","article_author":"https:\/\/www.facebook.com\/josep.demarti","article_published_time":"2020-04-11T12:00:29+00:00","article_modified_time":"2020-04-13T17:55:18+00:00","og_image":[{"width":883,"height":545,"url":"https:\/\/www.inforesidencias.com\/blog\/wp-content\/uploads\/2020\/04\/Imagen-1.png","type":"image\/png"}],"author":"Josep de Mart\u00ed","twitter_card":"summary_large_image","twitter_creator":"@blog-ir","twitter_site":"@inforesidencias","twitter_misc":{"Escrito por":"Josep de Mart\u00ed","Tiempo de lectura":"4 minutos"},"schema":{"@context":"https:\/\/schema.org","@graph":[{"@type":"WebPage","@id":"https:\/\/www.inforesidencias.com\/blog\/index.php\/2020\/04\/11\/residencias-geriatricas-o-psedo-hospitales\/","url":"https:\/\/www.inforesidencias.com\/blog\/index.php\/2020\/04\/11\/residencias-geriatricas-o-psedo-hospitales\/","name":"\u00bfResidencias geri\u00e1tricas o pseudo-hospitales? - Blog Inforesidencias.com","isPartOf":{"@id":"https:\/\/www.inforesidencias.com\/blog\/#website"},"datePublished":"2020-04-11T12:00:29+00:00","dateModified":"2020-04-13T17:55:18+00:00","author":{"@id":"https:\/\/www.inforesidencias.com\/blog\/#\/schema\/person\/9e146774d1eb3bc1c0316242a3898628"},"description":"residencias geri\u00e1tricas, residencias de tercera edad, residencias de ancianos, residencias de mayores, hospitales, cesi\u00f3n competencias, social, sanidad","breadcrumb":{"@id":"https:\/\/www.inforesidencias.com\/blog\/index.php\/2020\/04\/11\/residencias-geriatricas-o-psedo-hospitales\/#breadcrumb"},"inLanguage":"es","potentialAction":[{"@type":"ReadAction","target":["https:\/\/www.inforesidencias.com\/blog\/index.php\/2020\/04\/11\/residencias-geriatricas-o-psedo-hospitales\/"]}]},{"@type":"BreadcrumbList","@id":"https:\/\/www.inforesidencias.com\/blog\/index.php\/2020\/04\/11\/residencias-geriatricas-o-psedo-hospitales\/#breadcrumb","itemListElement":[{"@type":"ListItem","position":1,"name":"Home","item":"https:\/\/www.inforesidencias.com\/blog\/"},{"@type":"ListItem","position":2,"name":"\u00bfResidencias geri\u00e1tricas o pseudo-hospitales?"}]},{"@type":"WebSite","@id":"https:\/\/www.inforesidencias.com\/blog\/#website","url":"https:\/\/www.inforesidencias.com\/blog\/","name":"Blog Inforesidencias.com","description":"El buscador de residencias de la 3\u00aa edad","potentialAction":[{"@type":"SearchAction","target":{"@type":"EntryPoint","urlTemplate":"https:\/\/www.inforesidencias.com\/blog\/?s={search_term_string}"},"query-input":"required name=search_term_string"}],"inLanguage":"es"},{"@type":"Person","@id":"https:\/\/www.inforesidencias.com\/blog\/#\/schema\/person\/9e146774d1eb3bc1c0316242a3898628","name":"Josep de Mart\u00ed","image":{"@type":"ImageObject","inLanguage":"es","@id":"https:\/\/www.inforesidencias.com\/blog\/#\/schema\/person\/image\/","url":"https:\/\/secure.gravatar.com\/avatar\/de0302c4806c00c4cebff396a798c1ff?s=96&d=mm&r=g","contentUrl":"https:\/\/secure.gravatar.com\/avatar\/de0302c4806c00c4cebff396a798c1ff?s=96&d=mm&r=g","caption":"Josep de Mart\u00ed"},"sameAs":["https:\/\/www.inforesidencias.com","https:\/\/www.facebook.com\/josep.demarti","https:\/\/twitter.com\/blog-ir"],"url":"https:\/\/www.inforesidencias.com\/blog\/index.php\/author\/josepdemarti\/"}]}},"_links":{"self":[{"href":"https:\/\/www.inforesidencias.com\/blog\/index.php\/wp-json\/wp\/v2\/posts\/2923"}],"collection":[{"href":"https:\/\/www.inforesidencias.com\/blog\/index.php\/wp-json\/wp\/v2\/posts"}],"about":[{"href":"https:\/\/www.inforesidencias.com\/blog\/index.php\/wp-json\/wp\/v2\/types\/post"}],"author":[{"embeddable":true,"href":"https:\/\/www.inforesidencias.com\/blog\/index.php\/wp-json\/wp\/v2\/users\/2"}],"replies":[{"embeddable":true,"href":"https:\/\/www.inforesidencias.com\/blog\/index.php\/wp-json\/wp\/v2\/comments?post=2923"}],"version-history":[{"count":6,"href":"https:\/\/www.inforesidencias.com\/blog\/index.php\/wp-json\/wp\/v2\/posts\/2923\/revisions"}],"predecessor-version":[{"id":2950,"href":"https:\/\/www.inforesidencias.com\/blog\/index.php\/wp-json\/wp\/v2\/posts\/2923\/revisions\/2950"}],"wp:featuredmedia":[{"embeddable":true,"href":"https:\/\/www.inforesidencias.com\/blog\/index.php\/wp-json\/wp\/v2\/media\/2924"}],"wp:attachment":[{"href":"https:\/\/www.inforesidencias.com\/blog\/index.php\/wp-json\/wp\/v2\/media?parent=2923"}],"wp:term":[{"taxonomy":"category","embeddable":true,"href":"https:\/\/www.inforesidencias.com\/blog\/index.php\/wp-json\/wp\/v2\/categories?post=2923"},{"taxonomy":"post_tag","embeddable":true,"href":"https:\/\/www.inforesidencias.com\/blog\/index.php\/wp-json\/wp\/v2\/tags?post=2923"}],"curies":[{"name":"wp","href":"https:\/\/api.w.org\/{rel}","templated":true}]}}