{"id":2943,"date":"2020-04-14T16:00:58","date_gmt":"2020-04-14T16:00:58","guid":{"rendered":"https:\/\/www.inforesidencias.com\/blog\/?p=2943"},"modified":"2020-04-14T18:16:04","modified_gmt":"2020-04-14T18:16:04","slug":"fallecidos-en-residencias-geriatricas-noruega-128-espana-17-483-por-que-esta-diferencia","status":"publish","type":"post","link":"https:\/\/www.inforesidencias.com\/blog\/index.php\/2020\/04\/14\/fallecidos-en-residencias-geriatricas-noruega-128-espana-17-483-por-que-esta-diferencia\/","title":{"rendered":"Fallecimientos: Noruega 128 &#8211; Espa\u00f1a 17.483  \u00bfPor qu\u00e9 esta diferencia?"},"content":{"rendered":"<div style=\"width: 410px\" class=\"wp-caption alignleft\"><a href=\"https:\/\/www.inforesidencias.com\/blog\/wp-content\/uploads\/2020\/04\/Noruega-Espan\u0303a-.jpg\"><img decoding=\"async\" loading=\"lazy\" class=\"size-full wp-image-2945\" src=\"https:\/\/www.inforesidencias.com\/blog\/wp-content\/uploads\/2020\/04\/Noruega-Espan\u0303a-.jpg\" alt=\"Residencias de mayores Noruega y Espa\u00f1a\" width=\"400\" height=\"267\" \/><\/a><p class=\"wp-caption-text\">Noruega &#8211; Espa\u00f1a \u00bfPor qu\u00e9 tanta diferencia en n\u00famero de fallecidos?<\/p><\/div>\n<p>&nbsp;<\/p>\n<p>&nbsp;<\/p>\n<p>&nbsp;<\/p>\n<p>&nbsp;<\/p>\n<p>&nbsp;<\/p>\n<p>&nbsp;<\/p>\n<p>&nbsp;<\/p>\n<p>&nbsp;<\/p>\n<p>&nbsp;<\/p>\n<p>&nbsp;<\/p>\n<p>Mi tia\u00a0es enfermera y vive en Noruega desde hace mas de 20 a\u00f1os, ambos pa\u00edses empezaron con la crisis del COVID-19 al mismo tiempo.\u00a0 En Noruega tienen a 12\/04\/2020\u00a0menos de 130 fallecidos y en Espa\u00f1a estamos en m\u00e1s de 17.000. Cada vez que hablamos de <strong>residencias geri\u00e1tricas<\/strong> nos preguntamos por las grandes diferencias entre ambos pa\u00edses, y nos surgen algunas ideas:<\/p>\n<p><u>1. \u00bfSer\u00e1 que aqu\u00ed hay m\u00e1s densidad de poblaci\u00f3n, vivimos menos aislados y es m\u00e1s f\u00e1cil su contagio?<\/u><br \/>\nNoruega es un pa\u00eds de 5.367.000 habitantes en una superficie 385.207 km2, y con 15,5 habitantes por km2.<br \/>\nEspa\u00f1a tiene 47.026.000 habitantes y una superficie de 505.900 km, con\u00a0 93 habitantes por km2<\/p>\n<p>De la pagina web del <a href=\"https:\/\/www.mscbs.gob.es\/profesionales\/saludPublica\/ccayes\/alertasActual\/nCov-China\/documentos\/Actualizacion_74_COVID-19.pdf\">Ministerio de Sanidad<\/a> he sacado los datos de fallecido por CCAA y lo he cruzado con poblaci\u00f3n (datos <a href=\"https:\/\/www.ine.es\/\">INE<\/a> 2019) de cada CCAA y surgen unos datos curiosos que no se refieren \u00fanicamente a <strong>residencias geri\u00e1tricas<\/strong>:<\/p>\n<p>En n\u00famero de fallecidos, Madrid representa el 37% del total, Catalunya un 20%, Castilla La Mancha un 9%, Castilla Le\u00f3n un 7% , Valencia y Pa\u00eds Vasco un 5% cada una. Entre estas seis comunidades suman el 83% de los fallecidos por COVID-19 de todo el pa\u00eds, pero solo representan el 55% de la poblaci\u00f3n espa\u00f1ola y el 48% de la superficie.<\/p>\n<p>La densidad por km2 es superior en Espa\u00f1a que en Noruega, pero lo que sorprende son las dos Castillas, con una densidad de poblaci\u00f3n muy baja comparado con Madrid o Catalunya, pero con una gran incidencia de fallecidos por el COVID-19.<\/p>\n<p>Por ejemplo, Castilla y Le\u00f3n tiene una poblaci\u00f3n de 2.399.548 habitantes (la mitad que Noruega), han sufrido un 7% de los fallecidos (1.263) , la dispersi\u00f3n de la poblaci\u00f3n es grande (26 habitantes x km2) y la incidencia del COVID-19 ha sido grande (casi 1 de cada 10.000 habitantes ha fallecido por ello)\u00a0 \u00bfComo puede ser que tenga 10 veces m\u00e1s fallecidos que Noruega con la mitad de la poblaci\u00f3n?<\/p>\n<table width=\"710\">\n<tbody>\n<tr>\n<td width=\"211\">Solo 6 CCAA<\/td>\n<td width=\"127\">Poblaci\u00f3n total<\/td>\n<td width=\"69\">en %\u00a0 s\/total Espa\u00f1a<\/td>\n<td width=\"81\">Fallecidos M. Sanidad 12\/04\/20<\/td>\n<td width=\"76\">Fallecidos en %<\/td>\n<td width=\"77\">Superficie en %<\/td>\n<td width=\"69\">Densidad hab\/km2<\/td>\n<\/tr>\n<tr>\n<td><\/td>\n<td><\/td>\n<td><\/td>\n<td><\/td>\n<td><\/td>\n<td><\/td>\n<td><\/td>\n<\/tr>\n<tr>\n<td>Madrid<\/td>\n<td>\u00a0\u00a0\u00a0\u00a0\u00a0\u00a0\u00a0\u00a0\u00a0\u00a0\u00a0\u00a0 6.663.394<\/td>\n<td>14%<\/td>\n<td>\u00a0\u00a0\u00a0\u00a0\u00a0\u00a0\u00a0 6.423<\/td>\n<td>37%<\/td>\n<td>2%<\/td>\n<td>\u00a0\u00a0\u00a0\u00a0\u00a0\u00a0\u00a0 827<\/td>\n<\/tr>\n<tr>\n<td>Catalunya<\/td>\n<td>\u00a0\u00a0\u00a0\u00a0\u00a0\u00a0\u00a0\u00a0\u00a0\u00a0\u00a0\u00a0 7.675.217<\/td>\n<td>16%<\/td>\n<td>\u00a0\u00a0\u00a0\u00a0\u00a0\u00a0\u00a0 3.538<\/td>\n<td>20%<\/td>\n<td>6%<\/td>\n<td>\u00a0\u00a0\u00a0\u00a0\u00a0\u00a0\u00a0 236<\/td>\n<\/tr>\n<tr>\n<td>Castilla\u00a0 La Mancha<\/td>\n<td>\u00a0\u00a0\u00a0\u00a0\u00a0\u00a0\u00a0\u00a0\u00a0\u00a0\u00a0\u00a0 2.032.863<\/td>\n<td>4%<\/td>\n<td>\u00a0\u00a0\u00a0\u00a0\u00a0\u00a0\u00a0 1.626<\/td>\n<td>9%<\/td>\n<td>16%<\/td>\n<td>\u00a0\u00a0\u00a0\u00a0\u00a0\u00a0\u00a0\u00a0\u00a0 26<\/td>\n<\/tr>\n<tr>\n<td>Castilla y Le\u00f3n<\/td>\n<td>\u00a0\u00a0\u00a0\u00a0\u00a0\u00a0\u00a0\u00a0\u00a0\u00a0\u00a0\u00a0 2.399.548<\/td>\n<td>5%<\/td>\n<td>\u00a0\u00a0\u00a0\u00a0\u00a0\u00a0\u00a0 1.263<\/td>\n<td>7%<\/td>\n<td>19%<\/td>\n<td>\u00a0\u00a0\u00a0\u00a0\u00a0\u00a0\u00a0\u00a0\u00a0 26<\/td>\n<\/tr>\n<tr>\n<td>Com Valenciana<\/td>\n<td>\u00a0\u00a0\u00a0\u00a0\u00a0\u00a0\u00a0\u00a0\u00a0\u00a0\u00a0\u00a0 5.003.769<\/td>\n<td>11%<\/td>\n<td>\u00a0\u00a0\u00a0\u00a0\u00a0\u00a0\u00a0\u00a0\u00a0\u00a0 876<\/td>\n<td>5%<\/td>\n<td>5%<\/td>\n<td>\u00a0\u00a0\u00a0\u00a0\u00a0\u00a0\u00a0 214<\/td>\n<\/tr>\n<tr>\n<td>Pais Vasco<\/td>\n<td>\u00a0\u00a0\u00a0\u00a0\u00a0\u00a0\u00a0\u00a0\u00a0\u00a0\u00a0\u00a0 2.207.776<\/td>\n<td>5%<\/td>\n<td>\u00a0\u00a0\u00a0\u00a0\u00a0\u00a0\u00a0\u00a0\u00a0\u00a0 831<\/td>\n<td>5%<\/td>\n<td>1%<\/td>\n<td>\u00a0\u00a0\u00a0\u00a0\u00a0\u00a0\u00a0 301<\/td>\n<\/tr>\n<\/tbody>\n<\/table>\n<p>\u00bf<u>Qu\u00e9 otras diferencias hay entre ambos pa\u00edses?<\/u><\/p>\n<p><u>2. Gesti\u00f3n y planificaci\u00f3n previa:<\/u><\/p>\n<ul>\n<li><u>Prevenci\u00f3n:<\/u> en el mes de Febrero en Noruega confinaban 14 d\u00edas a todas las personas que llegaban de otros pa\u00edses tuvieran o no tuvieran s\u00edntomas ya que todav\u00eda no ten\u00edan disponibles los tests.<\/li>\n<li><u>Planificaci\u00f3n:<\/u> los hospitales en Febrero ya ten\u00edan planificados que plantas iban a dedicarse al COVID-19 en casos de emergencia y ya empezaron a cancelar la mitad de las visitas que ten\u00edan concertadas para las siguientes semanas.<\/li>\n<li><u>Plan A, B y C:<\/u> En Febrero hab\u00edan realizado ya una revisi\u00f3n de todo el personal sanitario y se hab\u00eda notificado qu\u00e9 personal iba a estar disponible seg\u00fan el grado de emergencia necesaria. Por ejemplo, mi\u00a0tia es enfermera en oncolog\u00eda, pero\u00a0en Espa\u00f1a hab\u00eda\u00a0trabajado como gerocultora en residencias y en ayuda a domicilio, por su experiencia se le asign\u00f3 lo siguiente:\n<ol>\n<li>Covid-19 flojo: seguir\u00eda en el dpto. de oncolog\u00eda<\/li>\n<li>Covid-19 fuerte: pasar\u00eda a dar servicio a los casos de COVID-19 en el mismo hospital a personas mayores<\/li>\n<li>Covid-19 excesivo: pasar\u00eda a dar servicio a casos de COVID-19 en domicilio a personas mayores<\/li>\n<\/ol>\n<\/li>\n<li><u>Creaci\u00f3n de equipos sanitarios especiales de apoyo para poblaci\u00f3n de riesgo<\/u>: por ejemplo, a las <strong>residencias de mayores<\/strong> se les ha apoyado con equipos especiales de profesionales sanitarios durante estos \u00faltimos 3 meses.\u00a0 Es decir, las residencias de tercera edad han tenido apoyo sanitario desde el primer momento para que puedan seguir funcionando como lo que son, \u201chogares para la tercera edad\u201d.\u00a0 Con estas medias, han evitado lo que estamos sufriendo en Espa\u00f1a, donde estamos viendo como las residencias geri\u00e1tricas est\u00e1n sufriendo mucho y se han re-convertido en <a href=\"https:\/\/www.inforesidencias.com\/blog\/index.php\/2020\/04\/11\/residencias-geriatricas-o-psedo-hospitales\/\">psedo-hospitales<\/a> pero sin apoyo sanitario de ning\u00fan tipo.<\/li>\n<li><u>Informaci\u00f3n centralizada: <\/u>un solo punto de informaci\u00f3n y consulta para cada sector.\u00a0 Por ejemplo, <strong>residencias de mayores<\/strong> con \u00abventanilla \u00fanica\u00bb y un solo interlocutor con la administraci\u00f3n.<\/li>\n<\/ul>\n<p>Seguro que hay muchos factores que afectan a la incidencia del COVID-19, tanto en <strong>residencias geri\u00e1tricas<\/strong> como en la sociedad general, pero una gesti\u00f3n eficaz por parte de las administraciones puede aportar una gran diferencia. Claramente lo que necesitamos es que\u00a0las diferentes administraciones de este pa\u00eds aprendan de sus errores, escuchen lo que el <a href=\"https:\/\/dependencia.info\/\">sector necesita<\/a>\u00a0que lo llevan reclamando hace m\u00e1s de 6 semanas y que act\u00faen r\u00e1pido y de <a href=\"https:\/\/www.inforesidencias.com\/blog\/index.php\/2020\/04\/12\/residencias-de-mayores-y-covid19-llamadas-cotidianas\/\">forma coordinada<\/a>:\u00a0\u00a0est\u00e1n en juego muchas vidas.<\/p>\n<p>Anna Cebri\u00e1n<br \/>\nInforesidencias.com<\/p>\n","protected":false},"excerpt":{"rendered":"<p>&nbsp; &nbsp; &nbsp; &nbsp; &nbsp; &nbsp; &nbsp; &nbsp; &nbsp; &nbsp; Mi tia\u00a0es enfermera y vive en Noruega desde hace mas de 20 a\u00f1os, ambos pa\u00edses empezaron con la crisis del COVID-19 al mismo tiempo.\u00a0 En Noruega tienen a 12\/04\/2020\u00a0menos de 130 fallecidos y en Espa\u00f1a estamos en m\u00e1s de 17.000. Cada vez que hablamos de residencias geri\u00e1tricas nos preguntamos por las grandes diferencias entre ambos pa\u00edses, y nos surgen algunas ideas: 1. \u00bfSer\u00e1 que aqu\u00ed hay m\u00e1s densidad de poblaci\u00f3n, vivimos menos aislados y es m\u00e1s f\u00e1cil su contagio? Noruega es un pa\u00eds de 5.367.000 habitantes en una superficie 385.207 km2, y con 15,5 habitantes por km2. Espa\u00f1a tiene 47.026.000 habitantes y una superficie de 505.900 km, con\u00a0 93 habitantes por km2 De la pagina web del Ministerio de Sanidad he sacado los datos de fallecido por CCAA y lo he cruzado con poblaci\u00f3n (datos INE 2019) de cada CCAA [&hellip;]<\/p>\n","protected":false},"author":2,"featured_media":0,"comment_status":"open","ping_status":"open","sticky":false,"template":"","format":"standard","meta":{"footnotes":""},"categories":[1],"tags":[76,68],"yoast_head":"<!-- This site is optimized with the Yoast SEO plugin v21.7 - https:\/\/yoast.com\/wordpress\/plugins\/seo\/ -->\n<title>Fallecimientos: Noruega 128 - Espa\u00f1a 17.483 \u00bfPor qu\u00e9 esta diferencia? - Blog Inforesidencias.com<\/title>\n<meta name=\"description\" content=\"Fallecidos por COVID-19 Noruega - Espa\u00f1a. \u00bfPor qu\u00e9 tanta diferencia?\" \/>\n<meta name=\"robots\" content=\"index, follow, max-snippet:-1, max-image-preview:large, max-video-preview:-1\" \/>\n<link rel=\"canonical\" href=\"https:\/\/www.inforesidencias.com\/blog\/index.php\/2020\/04\/14\/fallecidos-en-residencias-geriatricas-noruega-128-espana-17-483-por-que-esta-diferencia\/\" \/>\n<meta property=\"og:locale\" content=\"es_ES\" \/>\n<meta property=\"og:type\" content=\"article\" \/>\n<meta property=\"og:title\" content=\"Fallecimientos: Noruega 128 - Espa\u00f1a 17.483 \u00bfPor qu\u00e9 esta diferencia? - Blog Inforesidencias.com\" \/>\n<meta property=\"og:description\" content=\"Fallecidos por COVID-19 Noruega - Espa\u00f1a. \u00bfPor qu\u00e9 tanta diferencia?\" \/>\n<meta property=\"og:url\" content=\"https:\/\/www.inforesidencias.com\/blog\/index.php\/2020\/04\/14\/fallecidos-en-residencias-geriatricas-noruega-128-espana-17-483-por-que-esta-diferencia\/\" \/>\n<meta property=\"og:site_name\" content=\"Blog Inforesidencias.com\" \/>\n<meta property=\"article:publisher\" content=\"https:\/\/www.facebook.com\/Inforesidencias\/\" \/>\n<meta property=\"article:author\" content=\"https:\/\/www.facebook.com\/josep.demarti\" \/>\n<meta property=\"article:published_time\" content=\"2020-04-14T16:00:58+00:00\" \/>\n<meta property=\"article:modified_time\" content=\"2020-04-14T18:16:04+00:00\" \/>\n<meta name=\"author\" content=\"Josep de Mart\u00ed\" \/>\n<meta name=\"twitter:card\" content=\"summary_large_image\" \/>\n<meta name=\"twitter:creator\" content=\"@blog-ir\" \/>\n<meta name=\"twitter:site\" content=\"@inforesidencias\" \/>\n<meta name=\"twitter:label1\" content=\"Escrito por\" \/>\n\t<meta name=\"twitter:data1\" content=\"Josep de Mart\u00ed\" \/>\n\t<meta name=\"twitter:label2\" content=\"Tiempo de lectura\" \/>\n\t<meta name=\"twitter:data2\" content=\"4 minutos\" \/>\n<script type=\"application\/ld+json\" class=\"yoast-schema-graph\">{\"@context\":\"https:\/\/schema.org\",\"@graph\":[{\"@type\":\"WebPage\",\"@id\":\"https:\/\/www.inforesidencias.com\/blog\/index.php\/2020\/04\/14\/fallecidos-en-residencias-geriatricas-noruega-128-espana-17-483-por-que-esta-diferencia\/\",\"url\":\"https:\/\/www.inforesidencias.com\/blog\/index.php\/2020\/04\/14\/fallecidos-en-residencias-geriatricas-noruega-128-espana-17-483-por-que-esta-diferencia\/\",\"name\":\"Fallecimientos: Noruega 128 - Espa\u00f1a 17.483 \u00bfPor qu\u00e9 esta diferencia? - Blog Inforesidencias.com\",\"isPartOf\":{\"@id\":\"https:\/\/www.inforesidencias.com\/blog\/#website\"},\"datePublished\":\"2020-04-14T16:00:58+00:00\",\"dateModified\":\"2020-04-14T18:16:04+00:00\",\"author\":{\"@id\":\"https:\/\/www.inforesidencias.com\/blog\/#\/schema\/person\/9e146774d1eb3bc1c0316242a3898628\"},\"description\":\"Fallecidos por COVID-19 Noruega - Espa\u00f1a. \u00bfPor qu\u00e9 tanta diferencia?\",\"breadcrumb\":{\"@id\":\"https:\/\/www.inforesidencias.com\/blog\/index.php\/2020\/04\/14\/fallecidos-en-residencias-geriatricas-noruega-128-espana-17-483-por-que-esta-diferencia\/#breadcrumb\"},\"inLanguage\":\"es\",\"potentialAction\":[{\"@type\":\"ReadAction\",\"target\":[\"https:\/\/www.inforesidencias.com\/blog\/index.php\/2020\/04\/14\/fallecidos-en-residencias-geriatricas-noruega-128-espana-17-483-por-que-esta-diferencia\/\"]}]},{\"@type\":\"BreadcrumbList\",\"@id\":\"https:\/\/www.inforesidencias.com\/blog\/index.php\/2020\/04\/14\/fallecidos-en-residencias-geriatricas-noruega-128-espana-17-483-por-que-esta-diferencia\/#breadcrumb\",\"itemListElement\":[{\"@type\":\"ListItem\",\"position\":1,\"name\":\"Home\",\"item\":\"https:\/\/www.inforesidencias.com\/blog\/\"},{\"@type\":\"ListItem\",\"position\":2,\"name\":\"Fallecimientos: Noruega 128 &#8211; Espa\u00f1a 17.483 \u00bfPor qu\u00e9 esta diferencia?\"}]},{\"@type\":\"WebSite\",\"@id\":\"https:\/\/www.inforesidencias.com\/blog\/#website\",\"url\":\"https:\/\/www.inforesidencias.com\/blog\/\",\"name\":\"Blog Inforesidencias.com\",\"description\":\"El buscador de residencias de la 3\u00aa edad\",\"potentialAction\":[{\"@type\":\"SearchAction\",\"target\":{\"@type\":\"EntryPoint\",\"urlTemplate\":\"https:\/\/www.inforesidencias.com\/blog\/?s={search_term_string}\"},\"query-input\":\"required name=search_term_string\"}],\"inLanguage\":\"es\"},{\"@type\":\"Person\",\"@id\":\"https:\/\/www.inforesidencias.com\/blog\/#\/schema\/person\/9e146774d1eb3bc1c0316242a3898628\",\"name\":\"Josep de Mart\u00ed\",\"image\":{\"@type\":\"ImageObject\",\"inLanguage\":\"es\",\"@id\":\"https:\/\/www.inforesidencias.com\/blog\/#\/schema\/person\/image\/\",\"url\":\"https:\/\/secure.gravatar.com\/avatar\/de0302c4806c00c4cebff396a798c1ff?s=96&d=mm&r=g\",\"contentUrl\":\"https:\/\/secure.gravatar.com\/avatar\/de0302c4806c00c4cebff396a798c1ff?s=96&d=mm&r=g\",\"caption\":\"Josep de Mart\u00ed\"},\"sameAs\":[\"https:\/\/www.inforesidencias.com\",\"https:\/\/www.facebook.com\/josep.demarti\",\"https:\/\/twitter.com\/blog-ir\"],\"url\":\"https:\/\/www.inforesidencias.com\/blog\/index.php\/author\/josepdemarti\/\"}]}<\/script>\n<!-- \/ Yoast SEO plugin. -->","yoast_head_json":{"title":"Fallecimientos: Noruega 128 - Espa\u00f1a 17.483 \u00bfPor qu\u00e9 esta diferencia? - Blog Inforesidencias.com","description":"Fallecidos por COVID-19 Noruega - Espa\u00f1a. \u00bfPor qu\u00e9 tanta diferencia?","robots":{"index":"index","follow":"follow","max-snippet":"max-snippet:-1","max-image-preview":"max-image-preview:large","max-video-preview":"max-video-preview:-1"},"canonical":"https:\/\/www.inforesidencias.com\/blog\/index.php\/2020\/04\/14\/fallecidos-en-residencias-geriatricas-noruega-128-espana-17-483-por-que-esta-diferencia\/","og_locale":"es_ES","og_type":"article","og_title":"Fallecimientos: Noruega 128 - Espa\u00f1a 17.483 \u00bfPor qu\u00e9 esta diferencia? - Blog Inforesidencias.com","og_description":"Fallecidos por COVID-19 Noruega - Espa\u00f1a. \u00bfPor qu\u00e9 tanta diferencia?","og_url":"https:\/\/www.inforesidencias.com\/blog\/index.php\/2020\/04\/14\/fallecidos-en-residencias-geriatricas-noruega-128-espana-17-483-por-que-esta-diferencia\/","og_site_name":"Blog Inforesidencias.com","article_publisher":"https:\/\/www.facebook.com\/Inforesidencias\/","article_author":"https:\/\/www.facebook.com\/josep.demarti","article_published_time":"2020-04-14T16:00:58+00:00","article_modified_time":"2020-04-14T18:16:04+00:00","author":"Josep de Mart\u00ed","twitter_card":"summary_large_image","twitter_creator":"@blog-ir","twitter_site":"@inforesidencias","twitter_misc":{"Escrito por":"Josep de Mart\u00ed","Tiempo de lectura":"4 minutos"},"schema":{"@context":"https:\/\/schema.org","@graph":[{"@type":"WebPage","@id":"https:\/\/www.inforesidencias.com\/blog\/index.php\/2020\/04\/14\/fallecidos-en-residencias-geriatricas-noruega-128-espana-17-483-por-que-esta-diferencia\/","url":"https:\/\/www.inforesidencias.com\/blog\/index.php\/2020\/04\/14\/fallecidos-en-residencias-geriatricas-noruega-128-espana-17-483-por-que-esta-diferencia\/","name":"Fallecimientos: Noruega 128 - Espa\u00f1a 17.483 \u00bfPor qu\u00e9 esta diferencia? - Blog Inforesidencias.com","isPartOf":{"@id":"https:\/\/www.inforesidencias.com\/blog\/#website"},"datePublished":"2020-04-14T16:00:58+00:00","dateModified":"2020-04-14T18:16:04+00:00","author":{"@id":"https:\/\/www.inforesidencias.com\/blog\/#\/schema\/person\/9e146774d1eb3bc1c0316242a3898628"},"description":"Fallecidos por COVID-19 Noruega - Espa\u00f1a. \u00bfPor qu\u00e9 tanta diferencia?","breadcrumb":{"@id":"https:\/\/www.inforesidencias.com\/blog\/index.php\/2020\/04\/14\/fallecidos-en-residencias-geriatricas-noruega-128-espana-17-483-por-que-esta-diferencia\/#breadcrumb"},"inLanguage":"es","potentialAction":[{"@type":"ReadAction","target":["https:\/\/www.inforesidencias.com\/blog\/index.php\/2020\/04\/14\/fallecidos-en-residencias-geriatricas-noruega-128-espana-17-483-por-que-esta-diferencia\/"]}]},{"@type":"BreadcrumbList","@id":"https:\/\/www.inforesidencias.com\/blog\/index.php\/2020\/04\/14\/fallecidos-en-residencias-geriatricas-noruega-128-espana-17-483-por-que-esta-diferencia\/#breadcrumb","itemListElement":[{"@type":"ListItem","position":1,"name":"Home","item":"https:\/\/www.inforesidencias.com\/blog\/"},{"@type":"ListItem","position":2,"name":"Fallecimientos: Noruega 128 &#8211; Espa\u00f1a 17.483 \u00bfPor qu\u00e9 esta diferencia?"}]},{"@type":"WebSite","@id":"https:\/\/www.inforesidencias.com\/blog\/#website","url":"https:\/\/www.inforesidencias.com\/blog\/","name":"Blog Inforesidencias.com","description":"El buscador de residencias de la 3\u00aa edad","potentialAction":[{"@type":"SearchAction","target":{"@type":"EntryPoint","urlTemplate":"https:\/\/www.inforesidencias.com\/blog\/?s={search_term_string}"},"query-input":"required name=search_term_string"}],"inLanguage":"es"},{"@type":"Person","@id":"https:\/\/www.inforesidencias.com\/blog\/#\/schema\/person\/9e146774d1eb3bc1c0316242a3898628","name":"Josep de Mart\u00ed","image":{"@type":"ImageObject","inLanguage":"es","@id":"https:\/\/www.inforesidencias.com\/blog\/#\/schema\/person\/image\/","url":"https:\/\/secure.gravatar.com\/avatar\/de0302c4806c00c4cebff396a798c1ff?s=96&d=mm&r=g","contentUrl":"https:\/\/secure.gravatar.com\/avatar\/de0302c4806c00c4cebff396a798c1ff?s=96&d=mm&r=g","caption":"Josep de Mart\u00ed"},"sameAs":["https:\/\/www.inforesidencias.com","https:\/\/www.facebook.com\/josep.demarti","https:\/\/twitter.com\/blog-ir"],"url":"https:\/\/www.inforesidencias.com\/blog\/index.php\/author\/josepdemarti\/"}]}},"_links":{"self":[{"href":"https:\/\/www.inforesidencias.com\/blog\/index.php\/wp-json\/wp\/v2\/posts\/2943"}],"collection":[{"href":"https:\/\/www.inforesidencias.com\/blog\/index.php\/wp-json\/wp\/v2\/posts"}],"about":[{"href":"https:\/\/www.inforesidencias.com\/blog\/index.php\/wp-json\/wp\/v2\/types\/post"}],"author":[{"embeddable":true,"href":"https:\/\/www.inforesidencias.com\/blog\/index.php\/wp-json\/wp\/v2\/users\/2"}],"replies":[{"embeddable":true,"href":"https:\/\/www.inforesidencias.com\/blog\/index.php\/wp-json\/wp\/v2\/comments?post=2943"}],"version-history":[{"count":19,"href":"https:\/\/www.inforesidencias.com\/blog\/index.php\/wp-json\/wp\/v2\/posts\/2943\/revisions"}],"predecessor-version":[{"id":2990,"href":"https:\/\/www.inforesidencias.com\/blog\/index.php\/wp-json\/wp\/v2\/posts\/2943\/revisions\/2990"}],"wp:attachment":[{"href":"https:\/\/www.inforesidencias.com\/blog\/index.php\/wp-json\/wp\/v2\/media?parent=2943"}],"wp:term":[{"taxonomy":"category","embeddable":true,"href":"https:\/\/www.inforesidencias.com\/blog\/index.php\/wp-json\/wp\/v2\/categories?post=2943"},{"taxonomy":"post_tag","embeddable":true,"href":"https:\/\/www.inforesidencias.com\/blog\/index.php\/wp-json\/wp\/v2\/tags?post=2943"}],"curies":[{"name":"wp","href":"https:\/\/api.w.org\/{rel}","templated":true}]}}