{"id":2991,"date":"2020-04-15T10:46:32","date_gmt":"2020-04-15T10:46:32","guid":{"rendered":"https:\/\/www.inforesidencias.com\/blog\/?p=2991"},"modified":"2020-04-15T10:46:32","modified_gmt":"2020-04-15T10:46:32","slug":"veran-la-luz-este-ano-los-centros-de-dia-debido-al-coronavirus","status":"publish","type":"post","link":"https:\/\/www.inforesidencias.com\/blog\/index.php\/2020\/04\/15\/veran-la-luz-este-ano-los-centros-de-dia-debido-al-coronavirus\/","title":{"rendered":"\u00bfVer\u00e1n la luz este a\u00f1o los centros de d\u00eda debido al Coronavirus?"},"content":{"rendered":"<p style=\"text-align: justify\">Llevamos ya un mes de confinamiento y se prev\u00e9 pr\u00e1cticamente otro m\u00e1s seg\u00fan varias fuentes. Se est\u00e1 hablando de que cuando se empiece la \u201cdesescalada\u201d progresiva de las medidas restrictivas, estas sean diferente en diferentes partes de Espa\u00f1a mientras que cuando se aplicaron, por seguridad, fueron igual de restrictivas para todo el mundo.<\/p>\n<p style=\"text-align: justify\">Las medidas restrictivas tambi\u00e9n llegaron a las residencias. Limitando las visitas de familiares los primeros d\u00edas, para al cabo de muy poco, prohibirlas temporalmente. Pero hubo otra que se aplic\u00f3 incluso un poquito antes, a principios de marzo. <strong>El cierre de los centros de d\u00eda<\/strong>. D\u00edas antes de confinar el pa\u00eds, <a href=\"https:\/\/www.inforesidencias.com\/centros\/buscador\/centros-de-dia-para-mayores\/madrid\">Madrid fue el primer lugar en donde se decret\u00f3 el cierre de todos los centros de d\u00eda<\/a>, con lo cual las personas mayores que acud\u00edan a este tipo de servicios deb\u00edan quedarse en sus casas. En un principio \u201cno estaban solos\u201d ya que se aumentar\u00eda el apoyo por parte del <a href=\"http:\/\/des.inforesidencias.com:8080\/contenidos\/mayores-y-familia\/nacional\/atencion-domiciliaria-sad\">servicio de atenci\u00f3n domiciliaria<\/a> para todos los afectados. En los d\u00edas siguientes les siguieron los del resto de comunidades.<\/p>\n<p style=\"text-align: justify\">Ahora por un momento pong\u00e1monos en la piel de los due\u00f1os y gerentes de estos servicios. A mediados de marzo aproximadamente ya se hab\u00eda decretado se decret\u00f3 el cierre de todos ellos en pr\u00e1cticamente todas las comunidades . He o\u00eddo que a alguno se les dijo que quiz\u00e1 al cabo de un mes pod\u00edan volver a abrir aunque, por desgracia como vemos, no ha sido ni ser\u00e1 as\u00ed.<\/p>\n<p style=\"text-align: justify\"><a href=\"https:\/\/www.inforesidencias.com\/blog\/wp-content\/uploads\/2020\/04\/centros-de-di\u0301a.png\"><img decoding=\"async\" loading=\"lazy\" class=\"alignleft size-full wp-image-2993\" src=\"https:\/\/www.inforesidencias.com\/blog\/wp-content\/uploads\/2020\/04\/centros-de-di\u0301a.png\" alt=\"centros de di\u0301a\" width=\"427\" height=\"283\" \/><\/a><\/p>\n<p style=\"text-align: justify\">Estos servicios han dejado de tener ingresos de un d\u00eda para otro. Esto a llevado a muchos, como cualquier empresa, a hacer ERTE\u2019S en sus plantillas. Lo que parece una ilusi\u00f3n, aunque es una informaci\u00f3n no confirmada, es que a alg\u00fan centro se le haya comunicado no puedan cobrar a sus usuarios ni la prestaci\u00f3n econ\u00f3mica vinculada al centro de dia (prestaci\u00f3n que reciben por la ley de dependencia) si han aplicado un ERTE en su negocio. Si es verdad, esto no tiene ning\u00fan sentido.<\/p>\n<h1 style=\"text-align: justify\">Pero lo que nos preguntamos es otra cosa. \u00bfCuando podr\u00e1n volver a abrir?<\/h1>\n<p style=\"text-align: justify\">Para intentar resolver esta pregunta, partamos de la base de lo que es un centro de d\u00eda. Un centro de d\u00eda es un servicio en que las personas de m\u00e1s de 65 a\u00f1os acuden a pasar parte del d\u00eda y en el que se realzan actividades l\u00fadicas y estimulativas y en el que reciben el soporte necesario por parte de sus profesionales. Esta definici\u00f3n que estoy haciendo, sobretodo en la parte de pasar parte del d\u00eda en un espacio com\u00fan, me recuerda un poco a una escuela. Y es aqu\u00ed donde quer\u00eda llegar. Dentro de la poblaci\u00f3n de riesgo est\u00e1n las personas mayores. Por su parte los ni\u00f1os no se considera como poblaci\u00f3n de riesgo pero si son considerados como potenciales transmisores del virus.<\/p>\n<p style=\"text-align: justify\">Si tenemos en cuenta que la vuelta alas escuelas incluso no se prev\u00e9 para antes de junio en el mejor de los casos o quiz\u00e1 septiembre, es probable que ante la vulnerabilidad de una poblaci\u00f3n de riesgo tan clara como son las personas mayores, la reapertura de los centros de d\u00eda se haga hac\u00eda muy a finales de 2020 o inicios de 2021. Un motivo en el que me apoyo para decir esto es el hecho de que en las fases del desconfinamiento el \u201cdejar a las personas mayores salir a la calle\u201d se valora dentro de la \u00faltima fase.<\/p>\n<p style=\"text-align: justify\">\u00bfQuedar\u00e1 en pi\u00e9 alg\u00fan centro de d\u00eda para entonces?<\/p>\n","protected":false},"excerpt":{"rendered":"<p>Llevamos ya un mes de confinamiento y se prev\u00e9 pr\u00e1cticamente otro m\u00e1s seg\u00fan varias fuentes. Se est\u00e1 hablando de que cuando se empiece la \u201cdesescalada\u201d progresiva de las medidas restrictivas, estas sean diferente en diferentes partes de Espa\u00f1a mientras que cuando se aplicaron, por seguridad, fueron igual de restrictivas para todo el mundo. Las medidas restrictivas tambi\u00e9n llegaron a las residencias. Limitando las visitas de familiares los primeros d\u00edas, para al cabo de muy poco, prohibirlas temporalmente. Pero hubo otra que se aplic\u00f3 incluso un poquito antes, a principios de marzo. El cierre de los centros de d\u00eda. D\u00edas antes de confinar el pa\u00eds, Madrid fue el primer lugar en donde se decret\u00f3 el cierre de todos los centros de d\u00eda, con lo cual las personas mayores que acud\u00edan a este tipo de servicios deb\u00edan quedarse en sus casas. En un principio \u201cno estaban solos\u201d ya que se aumentar\u00eda el [&hellip;]<\/p>\n","protected":false},"author":2,"featured_media":2993,"comment_status":"open","ping_status":"open","sticky":false,"template":"","format":"standard","meta":{"footnotes":""},"categories":[1],"tags":[],"yoast_head":"<!-- This site is optimized with the Yoast SEO plugin v21.7 - https:\/\/yoast.com\/wordpress\/plugins\/seo\/ -->\n<title>\u00bfVer\u00e1n la luz este a\u00f1o los centros de d\u00eda debido al Coronavirus? - Blog Inforesidencias.com<\/title>\n<meta name=\"description\" content=\"La pandemia del Coronavirus supuso el cierre de los centros de d\u00eda para personas mayores. \u00bfHabr\u00e1 alguno que pueda abrir tras meses de no tener ingresos?\" \/>\n<meta name=\"robots\" content=\"index, follow, max-snippet:-1, max-image-preview:large, max-video-preview:-1\" \/>\n<link rel=\"canonical\" href=\"https:\/\/www.inforesidencias.com\/blog\/index.php\/2020\/04\/15\/veran-la-luz-este-ano-los-centros-de-dia-debido-al-coronavirus\/\" \/>\n<meta property=\"og:locale\" content=\"es_ES\" \/>\n<meta property=\"og:type\" content=\"article\" \/>\n<meta property=\"og:title\" content=\"\u00bfVer\u00e1n la luz este a\u00f1o los centros de d\u00eda debido al Coronavirus? - Blog Inforesidencias.com\" \/>\n<meta property=\"og:description\" content=\"La pandemia del Coronavirus supuso el cierre de los centros de d\u00eda para personas mayores. \u00bfHabr\u00e1 alguno que pueda abrir tras meses de no tener ingresos?\" \/>\n<meta property=\"og:url\" content=\"https:\/\/www.inforesidencias.com\/blog\/index.php\/2020\/04\/15\/veran-la-luz-este-ano-los-centros-de-dia-debido-al-coronavirus\/\" \/>\n<meta property=\"og:site_name\" content=\"Blog Inforesidencias.com\" \/>\n<meta property=\"article:publisher\" content=\"https:\/\/www.facebook.com\/Inforesidencias\/\" \/>\n<meta property=\"article:author\" content=\"https:\/\/www.facebook.com\/josep.demarti\" \/>\n<meta property=\"article:published_time\" content=\"2020-04-15T10:46:32+00:00\" \/>\n<meta property=\"og:image\" content=\"https:\/\/www.inforesidencias.com\/blog\/wp-content\/uploads\/2020\/04\/centros-de-di\u0301a.png\" \/>\n\t<meta property=\"og:image:width\" content=\"427\" \/>\n\t<meta property=\"og:image:height\" content=\"283\" \/>\n\t<meta property=\"og:image:type\" content=\"image\/png\" \/>\n<meta name=\"author\" content=\"Josep de Mart\u00ed\" \/>\n<meta name=\"twitter:card\" content=\"summary_large_image\" \/>\n<meta name=\"twitter:creator\" content=\"@blog-ir\" \/>\n<meta name=\"twitter:site\" content=\"@inforesidencias\" \/>\n<meta name=\"twitter:label1\" content=\"Escrito por\" \/>\n\t<meta name=\"twitter:data1\" content=\"Josep de Mart\u00ed\" \/>\n\t<meta name=\"twitter:label2\" content=\"Tiempo de lectura\" \/>\n\t<meta name=\"twitter:data2\" content=\"3 minutos\" \/>\n<script type=\"application\/ld+json\" class=\"yoast-schema-graph\">{\"@context\":\"https:\/\/schema.org\",\"@graph\":[{\"@type\":\"WebPage\",\"@id\":\"https:\/\/www.inforesidencias.com\/blog\/index.php\/2020\/04\/15\/veran-la-luz-este-ano-los-centros-de-dia-debido-al-coronavirus\/\",\"url\":\"https:\/\/www.inforesidencias.com\/blog\/index.php\/2020\/04\/15\/veran-la-luz-este-ano-los-centros-de-dia-debido-al-coronavirus\/\",\"name\":\"\u00bfVer\u00e1n la luz este a\u00f1o los centros de d\u00eda debido al Coronavirus? - Blog Inforesidencias.com\",\"isPartOf\":{\"@id\":\"https:\/\/www.inforesidencias.com\/blog\/#website\"},\"datePublished\":\"2020-04-15T10:46:32+00:00\",\"dateModified\":\"2020-04-15T10:46:32+00:00\",\"author\":{\"@id\":\"https:\/\/www.inforesidencias.com\/blog\/#\/schema\/person\/9e146774d1eb3bc1c0316242a3898628\"},\"description\":\"La pandemia del Coronavirus supuso el cierre de los centros de d\u00eda para personas mayores. \u00bfHabr\u00e1 alguno que pueda abrir tras meses de no tener ingresos?\",\"breadcrumb\":{\"@id\":\"https:\/\/www.inforesidencias.com\/blog\/index.php\/2020\/04\/15\/veran-la-luz-este-ano-los-centros-de-dia-debido-al-coronavirus\/#breadcrumb\"},\"inLanguage\":\"es\",\"potentialAction\":[{\"@type\":\"ReadAction\",\"target\":[\"https:\/\/www.inforesidencias.com\/blog\/index.php\/2020\/04\/15\/veran-la-luz-este-ano-los-centros-de-dia-debido-al-coronavirus\/\"]}]},{\"@type\":\"BreadcrumbList\",\"@id\":\"https:\/\/www.inforesidencias.com\/blog\/index.php\/2020\/04\/15\/veran-la-luz-este-ano-los-centros-de-dia-debido-al-coronavirus\/#breadcrumb\",\"itemListElement\":[{\"@type\":\"ListItem\",\"position\":1,\"name\":\"Home\",\"item\":\"https:\/\/www.inforesidencias.com\/blog\/\"},{\"@type\":\"ListItem\",\"position\":2,\"name\":\"\u00bfVer\u00e1n la luz este a\u00f1o los centros de d\u00eda debido al Coronavirus?\"}]},{\"@type\":\"WebSite\",\"@id\":\"https:\/\/www.inforesidencias.com\/blog\/#website\",\"url\":\"https:\/\/www.inforesidencias.com\/blog\/\",\"name\":\"Blog Inforesidencias.com\",\"description\":\"El buscador de residencias de la 3\u00aa edad\",\"potentialAction\":[{\"@type\":\"SearchAction\",\"target\":{\"@type\":\"EntryPoint\",\"urlTemplate\":\"https:\/\/www.inforesidencias.com\/blog\/?s={search_term_string}\"},\"query-input\":\"required name=search_term_string\"}],\"inLanguage\":\"es\"},{\"@type\":\"Person\",\"@id\":\"https:\/\/www.inforesidencias.com\/blog\/#\/schema\/person\/9e146774d1eb3bc1c0316242a3898628\",\"name\":\"Josep de Mart\u00ed\",\"image\":{\"@type\":\"ImageObject\",\"inLanguage\":\"es\",\"@id\":\"https:\/\/www.inforesidencias.com\/blog\/#\/schema\/person\/image\/\",\"url\":\"https:\/\/secure.gravatar.com\/avatar\/de0302c4806c00c4cebff396a798c1ff?s=96&d=mm&r=g\",\"contentUrl\":\"https:\/\/secure.gravatar.com\/avatar\/de0302c4806c00c4cebff396a798c1ff?s=96&d=mm&r=g\",\"caption\":\"Josep de Mart\u00ed\"},\"sameAs\":[\"https:\/\/www.inforesidencias.com\",\"https:\/\/www.facebook.com\/josep.demarti\",\"https:\/\/twitter.com\/blog-ir\"],\"url\":\"https:\/\/www.inforesidencias.com\/blog\/index.php\/author\/josepdemarti\/\"}]}<\/script>\n<!-- \/ Yoast SEO plugin. -->","yoast_head_json":{"title":"\u00bfVer\u00e1n la luz este a\u00f1o los centros de d\u00eda debido al Coronavirus? - Blog Inforesidencias.com","description":"La pandemia del Coronavirus supuso el cierre de los centros de d\u00eda para personas mayores. \u00bfHabr\u00e1 alguno que pueda abrir tras meses de no tener ingresos?","robots":{"index":"index","follow":"follow","max-snippet":"max-snippet:-1","max-image-preview":"max-image-preview:large","max-video-preview":"max-video-preview:-1"},"canonical":"https:\/\/www.inforesidencias.com\/blog\/index.php\/2020\/04\/15\/veran-la-luz-este-ano-los-centros-de-dia-debido-al-coronavirus\/","og_locale":"es_ES","og_type":"article","og_title":"\u00bfVer\u00e1n la luz este a\u00f1o los centros de d\u00eda debido al Coronavirus? - Blog Inforesidencias.com","og_description":"La pandemia del Coronavirus supuso el cierre de los centros de d\u00eda para personas mayores. \u00bfHabr\u00e1 alguno que pueda abrir tras meses de no tener ingresos?","og_url":"https:\/\/www.inforesidencias.com\/blog\/index.php\/2020\/04\/15\/veran-la-luz-este-ano-los-centros-de-dia-debido-al-coronavirus\/","og_site_name":"Blog Inforesidencias.com","article_publisher":"https:\/\/www.facebook.com\/Inforesidencias\/","article_author":"https:\/\/www.facebook.com\/josep.demarti","article_published_time":"2020-04-15T10:46:32+00:00","og_image":[{"width":427,"height":283,"url":"https:\/\/www.inforesidencias.com\/blog\/wp-content\/uploads\/2020\/04\/centros-de-di\u0301a.png","type":"image\/png"}],"author":"Josep de Mart\u00ed","twitter_card":"summary_large_image","twitter_creator":"@blog-ir","twitter_site":"@inforesidencias","twitter_misc":{"Escrito por":"Josep de Mart\u00ed","Tiempo de lectura":"3 minutos"},"schema":{"@context":"https:\/\/schema.org","@graph":[{"@type":"WebPage","@id":"https:\/\/www.inforesidencias.com\/blog\/index.php\/2020\/04\/15\/veran-la-luz-este-ano-los-centros-de-dia-debido-al-coronavirus\/","url":"https:\/\/www.inforesidencias.com\/blog\/index.php\/2020\/04\/15\/veran-la-luz-este-ano-los-centros-de-dia-debido-al-coronavirus\/","name":"\u00bfVer\u00e1n la luz este a\u00f1o los centros de d\u00eda debido al Coronavirus? - Blog Inforesidencias.com","isPartOf":{"@id":"https:\/\/www.inforesidencias.com\/blog\/#website"},"datePublished":"2020-04-15T10:46:32+00:00","dateModified":"2020-04-15T10:46:32+00:00","author":{"@id":"https:\/\/www.inforesidencias.com\/blog\/#\/schema\/person\/9e146774d1eb3bc1c0316242a3898628"},"description":"La pandemia del Coronavirus supuso el cierre de los centros de d\u00eda para personas mayores. \u00bfHabr\u00e1 alguno que pueda abrir tras meses de no tener ingresos?","breadcrumb":{"@id":"https:\/\/www.inforesidencias.com\/blog\/index.php\/2020\/04\/15\/veran-la-luz-este-ano-los-centros-de-dia-debido-al-coronavirus\/#breadcrumb"},"inLanguage":"es","potentialAction":[{"@type":"ReadAction","target":["https:\/\/www.inforesidencias.com\/blog\/index.php\/2020\/04\/15\/veran-la-luz-este-ano-los-centros-de-dia-debido-al-coronavirus\/"]}]},{"@type":"BreadcrumbList","@id":"https:\/\/www.inforesidencias.com\/blog\/index.php\/2020\/04\/15\/veran-la-luz-este-ano-los-centros-de-dia-debido-al-coronavirus\/#breadcrumb","itemListElement":[{"@type":"ListItem","position":1,"name":"Home","item":"https:\/\/www.inforesidencias.com\/blog\/"},{"@type":"ListItem","position":2,"name":"\u00bfVer\u00e1n la luz este a\u00f1o los centros de d\u00eda debido al Coronavirus?"}]},{"@type":"WebSite","@id":"https:\/\/www.inforesidencias.com\/blog\/#website","url":"https:\/\/www.inforesidencias.com\/blog\/","name":"Blog Inforesidencias.com","description":"El buscador de residencias de la 3\u00aa edad","potentialAction":[{"@type":"SearchAction","target":{"@type":"EntryPoint","urlTemplate":"https:\/\/www.inforesidencias.com\/blog\/?s={search_term_string}"},"query-input":"required name=search_term_string"}],"inLanguage":"es"},{"@type":"Person","@id":"https:\/\/www.inforesidencias.com\/blog\/#\/schema\/person\/9e146774d1eb3bc1c0316242a3898628","name":"Josep de Mart\u00ed","image":{"@type":"ImageObject","inLanguage":"es","@id":"https:\/\/www.inforesidencias.com\/blog\/#\/schema\/person\/image\/","url":"https:\/\/secure.gravatar.com\/avatar\/de0302c4806c00c4cebff396a798c1ff?s=96&d=mm&r=g","contentUrl":"https:\/\/secure.gravatar.com\/avatar\/de0302c4806c00c4cebff396a798c1ff?s=96&d=mm&r=g","caption":"Josep de Mart\u00ed"},"sameAs":["https:\/\/www.inforesidencias.com","https:\/\/www.facebook.com\/josep.demarti","https:\/\/twitter.com\/blog-ir"],"url":"https:\/\/www.inforesidencias.com\/blog\/index.php\/author\/josepdemarti\/"}]}},"_links":{"self":[{"href":"https:\/\/www.inforesidencias.com\/blog\/index.php\/wp-json\/wp\/v2\/posts\/2991"}],"collection":[{"href":"https:\/\/www.inforesidencias.com\/blog\/index.php\/wp-json\/wp\/v2\/posts"}],"about":[{"href":"https:\/\/www.inforesidencias.com\/blog\/index.php\/wp-json\/wp\/v2\/types\/post"}],"author":[{"embeddable":true,"href":"https:\/\/www.inforesidencias.com\/blog\/index.php\/wp-json\/wp\/v2\/users\/2"}],"replies":[{"embeddable":true,"href":"https:\/\/www.inforesidencias.com\/blog\/index.php\/wp-json\/wp\/v2\/comments?post=2991"}],"version-history":[{"count":3,"href":"https:\/\/www.inforesidencias.com\/blog\/index.php\/wp-json\/wp\/v2\/posts\/2991\/revisions"}],"predecessor-version":[{"id":2995,"href":"https:\/\/www.inforesidencias.com\/blog\/index.php\/wp-json\/wp\/v2\/posts\/2991\/revisions\/2995"}],"wp:featuredmedia":[{"embeddable":true,"href":"https:\/\/www.inforesidencias.com\/blog\/index.php\/wp-json\/wp\/v2\/media\/2993"}],"wp:attachment":[{"href":"https:\/\/www.inforesidencias.com\/blog\/index.php\/wp-json\/wp\/v2\/media?parent=2991"}],"wp:term":[{"taxonomy":"category","embeddable":true,"href":"https:\/\/www.inforesidencias.com\/blog\/index.php\/wp-json\/wp\/v2\/categories?post=2991"},{"taxonomy":"post_tag","embeddable":true,"href":"https:\/\/www.inforesidencias.com\/blog\/index.php\/wp-json\/wp\/v2\/tags?post=2991"}],"curies":[{"name":"wp","href":"https:\/\/api.w.org\/{rel}","templated":true}]}}