{"id":3008,"date":"2020-04-21T07:18:44","date_gmt":"2020-04-21T07:18:44","guid":{"rendered":"https:\/\/www.inforesidencias.com\/blog\/?p=3008"},"modified":"2020-04-21T15:32:34","modified_gmt":"2020-04-21T15:32:34","slug":"medicalizar-las-residencias-del-manana","status":"publish","type":"post","link":"https:\/\/www.inforesidencias.com\/blog\/index.php\/2020\/04\/21\/medicalizar-las-residencias-del-manana\/","title":{"rendered":"\u00bfMEDICALIZAR LAS RESIDENCIAS DEL MA\u00d1ANA?"},"content":{"rendered":"<p>\u00bfMEDICALIZAR LAS RESIDENCIAS?<\/p>\n<p>Estamos en plena pandemia.\u00a0 Unos dicen que ya hemos pasado el pico, otros que todav\u00eda falta.\u00a0 Unos que habr\u00e1 una segunda o tercera oleada, otros que no. Unos que las mascarillas son recomendables, otros que quiz\u00e1s no.\u00a0\u00a0 Y esto teniendo en cuenta \u00fanicamente informaci\u00f3n que nos llega de medios oficiales o de gente que en apariencia \u201cdomina\u201d.\u00a0 No hablo de los que dicen que esto se cura haciendo vahos, g\u00e1rgaras con sal o con zumo de lim\u00f3n.<\/p>\n<p>Si a las personas que est\u00e1n en sus casas confinadas toda esta situaci\u00f3n les puede parecer confusa, a quienes trabajan en residencias no les preocupa tanto como qu\u00e9 ser\u00e1 lo nuevo que van a tener que hacer seg\u00fan el \u00faltimo plan que haya dise\u00f1ado alguien en alg\u00fan despacho.<\/p>\n<p>El sector geroasistencial vive su peor momento.\u00a0 Lo m\u00e1s importante es el aspecto humano.\u00a0 Organizaciones creadas para atender a personas dependientes intentando ajustarse a sus necesidades y preferencias ven como las personas hacia quienes se orientan mueren cuando \u201cno les tocaba hacerlo\u201d.\u00a0 Seg\u00fan datos oficiales, <a href=\"https:\/\/www.eldiario.es\/madrid\/invisibles-Madrid-residencias-coronavirus-estadisticas_0_1014199304.html\">que hay quien no se cree<\/a>, a 20 de abril hab\u00edan fallecido por coronavirus en Espa\u00f1a 12.000 mayores que viven en residencias (eran 4.750 el 10 de abril).\u00a0 Estos fallecimientos est\u00e1n desigualmente repartidos por lo que hay muchas que no han tenido ning\u00fan caso y otras en que el Covid19 ha pasado con una furia extrema.<\/p>\n<p>Cada d\u00eda aparecen datos en los medios. N\u00fameros.\u00a0 Lo que no se nos est\u00e1 trasladando es que detr\u00e1s de cada uno hab\u00eda una persona que era atendida por otras personas.\u00a0 Muchos llevaban viviendo un tiempo en la residencia por lo que el equipo les conoc\u00eda, a ellos y a sus familiares.\u00a0 De cada residente existe un Plan Individual de Atenci\u00f3n y cada uno hablaba cada d\u00eda con otros residentes y cuidadores.\u00a0 Algunos, m\u00e1s o menos uno de cada tres, ten\u00eda alg\u00fan tipo de deterioro cognitivo.\u00a0 En las residencias con bajas por coronavirus se est\u00e1 acumulando una cantidad de dolor, de duelo no resuelto y de preguntas no respondidas que pasar\u00e1 factura.<\/p>\n<p>Ese aspecto humano no lo estoy encontrando en los medios que leo (con alguna digna excepci\u00f3n <a href=\"https:\/\/elpais.com\/espana\/madrid\/2020-04-19\/la-tensa-batalla-contra-el-virus-dentro-del-hogar-de-los-mas-fragiles.html\">como esta noticia de El Pa\u00eds<\/a> en la que se detecta un reconocimiento hacia los profesionales).<\/p>\n<p>Lo que s\u00ed estoy leyendo y escuchando es que, ya, cuando todav\u00eda no ha acabado la crisis, hay algo que parece que hemos aprendido y es que las residencias del futuro deber\u00e1n ser medicalizadas.<\/p>\n<p>YO NO ESTOY DE ACUERDO<\/p>\n<p>Tengo la gran suerte de haber podido visitar muchas residencias en varios pa\u00edses e, inconscientemente suelo preguntarme cuando voy a una \u201c\u00bfme veo aqu\u00ed si alguna vez lo necesito?\u201d<\/p>\n<div id=\"attachment_3009\" style=\"width: 577px\" class=\"wp-caption aligncenter\"><a href=\"https:\/\/www.inforesidencias.com\/blog\/wp-content\/uploads\/2020\/04\/singapur-5.jpg\"><img aria-describedby=\"caption-attachment-3009\" decoding=\"async\" loading=\"lazy\" class=\"size-full wp-image-3009\" src=\"https:\/\/www.inforesidencias.com\/blog\/wp-content\/uploads\/2020\/04\/singapur-5.jpg\" alt=\"Una residencia de ancianos en Singapur\" width=\"567\" height=\"378\" \/><\/a><p id=\"caption-attachment-3009\" class=\"wp-caption-text\">Una residencia de ancianos en Singapur<\/p><\/div>\n<p>Lo que suele hacer que una residencia me parezca atractiva, que \u201cme vea all\u00ed\u201d, no es que tenga un sistema super-sofisticado de administraci\u00f3n de la medicaci\u00f3n, que cumplan exhaustivamente los men\u00fas pautados, que est\u00e9 preparada para su sectorizaci\u00f3n o que mucha gente lleve uniforme blanco, sino algo m\u00e1s prosaico como pensar \u201c\u00bfpasan cosas aqu\u00ed?, \u00bfson diferentes los d\u00edas entre s\u00ed?\u201d.\u00a0\u00a0 Desde que, de la mano de los consultores David Sprowl y Walter Coffey\u00a0 entr\u00e9 en contacto con el concepto de la Alternativa Ed\u00e9n y la lucha contra las \u201c<a href=\"https:\/\/josepdemarti.blogspot.com\/2019\/11\/sobre-la-alternativa-eden-y-las-tres.html\">tres plagas que afectan a los mayores<\/a>\u201d, me preocupa mucho envejecer y acabar en una residencia medicalizada en la que viva una vida aburrida en la que me sienta solo e in\u00fatil.<\/p>\n<p>El geriatra Bill Thomas que promovi\u00f3 la Alternativa Ed\u00e9n e ide\u00f3 la existencia de las tres plagas se inspir\u00f3 en la falta de humanidad de las residencias medicalizadas que vivi\u00f3 en primera persona como director m\u00e9dico de una gran residencia.<\/p>\n<p>Ahora estamos superando una situaci\u00f3n extraordinaria de pandemia.\u00a0 Muchos residentes llevan semanas sin ver a sus seres queridos en persona, confinados en su habitaci\u00f3n, a otros se les ha cambiado de dormitorio, incluso de planta sin su consentimiento. \u00a0Si esto es una medida excepcional y temporal, parece asumible (aunque nadie les ha preguntado nada a los residentes). \u00a0Pero \u00bfCu\u00e1l ser\u00e1 el precio que tendr\u00e1n que pagar quienes vayan vivir en las \u201cresidencias medicalizadas\u201d que dise\u00f1aremos cuando la emergencia se acabe?\u00a0 \u00bfIremos hacia residencias tipo <a href=\"https:\/\/dependencia.info\/noticia\/3250\/arquitectura-y-residencias\/arquitectura-y-residencias:-una-residencia-en-singapur-que-muestra-un-modelo-de-atencion-diferente.html\">Singapur<\/a> (s\u00f3lo 11 fallecidos por coronavirus) o <a href=\"https:\/\/dependencia.info\/noticia\/3224\/opinion\/volveran-las-habitaciones-de-cuatro-camas-para-atender-a-los-mayores-de-la-egb.html\">Hong Kong<\/a> (s\u00f3lo 4 fallecidos) con habitaciones de cuatro y seis camas?\u00a0 Si pensamos desde un punto de vista post-pandemia, presentan una ventaja enorme.\u00a0 Permiten un confinamiento por cohortes estanco, los EPIs podr\u00edan utilizarse de forma super-eficiente y, es un modelo ya probado en dos pa\u00edses que han afrontado bien la pandemia.\u00a0\u00a0 Sin embargo, no me gustan y creo que estar\u00eda dispuesto a aceptar un nivel de riesgo a cambio de vivir en una residencia con un modelo m\u00e1s hogare\u00f1o, a pesar de que haya podido afrontar peor el contagio.<\/p>\n<p>Despu\u00e9s de la pandemia, en muchos aspectos de la vida deberemos plantear medidas que pongan en un lado la seguridad y en otro la libertad, intimidad y la calidad de vida, buscando en necesario equilibrio.\u00a0 Como no sabemos si tendremos otra pandemia en cinco, cincuenta o doscientos a\u00f1os, \u00a0ni c\u00f3mo ser\u00e1 el \u201cbicho\u201d que nos atacar\u00e1 entonces, vayamos entonces con cuidado al plantear las residencias del ma\u00f1ana, no sea que para conseguir seguridad renunciemos a la libertad y acabemos perdiendo ambas.<\/p>\n","protected":false},"excerpt":{"rendered":"<p>\u00bfMEDICALIZAR LAS RESIDENCIAS? Estamos en plena pandemia.\u00a0 Unos dicen que ya hemos pasado el pico, otros que todav\u00eda falta.\u00a0 Unos que habr\u00e1 una segunda o tercera oleada, otros que no. Unos que las mascarillas son recomendables, otros que quiz\u00e1s no.\u00a0\u00a0 Y esto teniendo en cuenta \u00fanicamente informaci\u00f3n que nos llega de medios oficiales o de gente que en apariencia \u201cdomina\u201d.\u00a0 No hablo de los que dicen que esto se cura haciendo vahos, g\u00e1rgaras con sal o con zumo de lim\u00f3n. Si a las personas que est\u00e1n en sus casas confinadas toda esta situaci\u00f3n les puede parecer confusa, a quienes trabajan en residencias no les preocupa tanto como qu\u00e9 ser\u00e1 lo nuevo que van a tener que hacer seg\u00fan el \u00faltimo plan que haya dise\u00f1ado alguien en alg\u00fan despacho. El sector geroasistencial vive su peor momento.\u00a0 Lo m\u00e1s importante es el aspecto humano.\u00a0 Organizaciones creadas para atender a personas dependientes intentando [&hellip;]<\/p>\n","protected":false},"author":2,"featured_media":3009,"comment_status":"open","ping_status":"open","sticky":false,"template":"","format":"standard","meta":{"footnotes":""},"categories":[3,5,1],"tags":[],"yoast_head":"<!-- This site is optimized with the Yoast SEO plugin v21.7 - https:\/\/yoast.com\/wordpress\/plugins\/seo\/ -->\n<title>\u00bfMEDICALIZAR LAS RESIDENCIAS DEL MA\u00d1ANA? - Blog Inforesidencias.com<\/title>\n<meta name=\"description\" content=\"En plena pandemia empezamos a pensar c\u00f3mo ser\u00e1n las residencias de ancianos del futuro. \u00bfDeben ser medicalizadas?\" \/>\n<meta name=\"robots\" content=\"index, follow, max-snippet:-1, max-image-preview:large, max-video-preview:-1\" \/>\n<link rel=\"canonical\" href=\"https:\/\/www.inforesidencias.com\/blog\/index.php\/2020\/04\/21\/medicalizar-las-residencias-del-manana\/\" \/>\n<meta property=\"og:locale\" content=\"es_ES\" \/>\n<meta property=\"og:type\" content=\"article\" \/>\n<meta property=\"og:title\" content=\"\u00bfMEDICALIZAR LAS RESIDENCIAS DEL MA\u00d1ANA? - Blog Inforesidencias.com\" \/>\n<meta property=\"og:description\" content=\"En plena pandemia empezamos a pensar c\u00f3mo ser\u00e1n las residencias de ancianos del futuro. \u00bfDeben ser medicalizadas?\" \/>\n<meta property=\"og:url\" content=\"https:\/\/www.inforesidencias.com\/blog\/index.php\/2020\/04\/21\/medicalizar-las-residencias-del-manana\/\" \/>\n<meta property=\"og:site_name\" content=\"Blog Inforesidencias.com\" \/>\n<meta property=\"article:publisher\" content=\"https:\/\/www.facebook.com\/Inforesidencias\/\" \/>\n<meta property=\"article:author\" content=\"https:\/\/www.facebook.com\/josep.demarti\" \/>\n<meta property=\"article:published_time\" content=\"2020-04-21T07:18:44+00:00\" \/>\n<meta property=\"article:modified_time\" content=\"2020-04-21T15:32:34+00:00\" \/>\n<meta property=\"og:image\" content=\"https:\/\/www.inforesidencias.com\/blog\/wp-content\/uploads\/2020\/04\/singapur-5.jpg\" \/>\n\t<meta property=\"og:image:width\" content=\"567\" \/>\n\t<meta property=\"og:image:height\" content=\"378\" \/>\n\t<meta property=\"og:image:type\" content=\"image\/jpeg\" \/>\n<meta name=\"author\" content=\"Josep de Mart\u00ed\" \/>\n<meta name=\"twitter:card\" content=\"summary_large_image\" \/>\n<meta name=\"twitter:creator\" content=\"@blog-ir\" \/>\n<meta name=\"twitter:site\" content=\"@inforesidencias\" \/>\n<meta name=\"twitter:label1\" content=\"Escrito por\" \/>\n\t<meta name=\"twitter:data1\" content=\"Josep de Mart\u00ed\" \/>\n\t<meta name=\"twitter:label2\" content=\"Tiempo de lectura\" \/>\n\t<meta name=\"twitter:data2\" content=\"5 minutos\" \/>\n<script type=\"application\/ld+json\" class=\"yoast-schema-graph\">{\"@context\":\"https:\/\/schema.org\",\"@graph\":[{\"@type\":\"WebPage\",\"@id\":\"https:\/\/www.inforesidencias.com\/blog\/index.php\/2020\/04\/21\/medicalizar-las-residencias-del-manana\/\",\"url\":\"https:\/\/www.inforesidencias.com\/blog\/index.php\/2020\/04\/21\/medicalizar-las-residencias-del-manana\/\",\"name\":\"\u00bfMEDICALIZAR LAS RESIDENCIAS DEL MA\u00d1ANA? - Blog Inforesidencias.com\",\"isPartOf\":{\"@id\":\"https:\/\/www.inforesidencias.com\/blog\/#website\"},\"datePublished\":\"2020-04-21T07:18:44+00:00\",\"dateModified\":\"2020-04-21T15:32:34+00:00\",\"author\":{\"@id\":\"https:\/\/www.inforesidencias.com\/blog\/#\/schema\/person\/9e146774d1eb3bc1c0316242a3898628\"},\"description\":\"En plena pandemia empezamos a pensar c\u00f3mo ser\u00e1n las residencias de ancianos del futuro. \u00bfDeben ser medicalizadas?\",\"breadcrumb\":{\"@id\":\"https:\/\/www.inforesidencias.com\/blog\/index.php\/2020\/04\/21\/medicalizar-las-residencias-del-manana\/#breadcrumb\"},\"inLanguage\":\"es\",\"potentialAction\":[{\"@type\":\"ReadAction\",\"target\":[\"https:\/\/www.inforesidencias.com\/blog\/index.php\/2020\/04\/21\/medicalizar-las-residencias-del-manana\/\"]}]},{\"@type\":\"BreadcrumbList\",\"@id\":\"https:\/\/www.inforesidencias.com\/blog\/index.php\/2020\/04\/21\/medicalizar-las-residencias-del-manana\/#breadcrumb\",\"itemListElement\":[{\"@type\":\"ListItem\",\"position\":1,\"name\":\"Home\",\"item\":\"https:\/\/www.inforesidencias.com\/blog\/\"},{\"@type\":\"ListItem\",\"position\":2,\"name\":\"\u00bfMEDICALIZAR LAS RESIDENCIAS DEL MA\u00d1ANA?\"}]},{\"@type\":\"WebSite\",\"@id\":\"https:\/\/www.inforesidencias.com\/blog\/#website\",\"url\":\"https:\/\/www.inforesidencias.com\/blog\/\",\"name\":\"Blog Inforesidencias.com\",\"description\":\"El buscador de residencias de la 3\u00aa edad\",\"potentialAction\":[{\"@type\":\"SearchAction\",\"target\":{\"@type\":\"EntryPoint\",\"urlTemplate\":\"https:\/\/www.inforesidencias.com\/blog\/?s={search_term_string}\"},\"query-input\":\"required name=search_term_string\"}],\"inLanguage\":\"es\"},{\"@type\":\"Person\",\"@id\":\"https:\/\/www.inforesidencias.com\/blog\/#\/schema\/person\/9e146774d1eb3bc1c0316242a3898628\",\"name\":\"Josep de Mart\u00ed\",\"image\":{\"@type\":\"ImageObject\",\"inLanguage\":\"es\",\"@id\":\"https:\/\/www.inforesidencias.com\/blog\/#\/schema\/person\/image\/\",\"url\":\"https:\/\/secure.gravatar.com\/avatar\/de0302c4806c00c4cebff396a798c1ff?s=96&d=mm&r=g\",\"contentUrl\":\"https:\/\/secure.gravatar.com\/avatar\/de0302c4806c00c4cebff396a798c1ff?s=96&d=mm&r=g\",\"caption\":\"Josep de Mart\u00ed\"},\"sameAs\":[\"https:\/\/www.inforesidencias.com\",\"https:\/\/www.facebook.com\/josep.demarti\",\"https:\/\/twitter.com\/blog-ir\"],\"url\":\"https:\/\/www.inforesidencias.com\/blog\/index.php\/author\/josepdemarti\/\"}]}<\/script>\n<!-- \/ Yoast SEO plugin. -->","yoast_head_json":{"title":"\u00bfMEDICALIZAR LAS RESIDENCIAS DEL MA\u00d1ANA? - Blog Inforesidencias.com","description":"En plena pandemia empezamos a pensar c\u00f3mo ser\u00e1n las residencias de ancianos del futuro. \u00bfDeben ser medicalizadas?","robots":{"index":"index","follow":"follow","max-snippet":"max-snippet:-1","max-image-preview":"max-image-preview:large","max-video-preview":"max-video-preview:-1"},"canonical":"https:\/\/www.inforesidencias.com\/blog\/index.php\/2020\/04\/21\/medicalizar-las-residencias-del-manana\/","og_locale":"es_ES","og_type":"article","og_title":"\u00bfMEDICALIZAR LAS RESIDENCIAS DEL MA\u00d1ANA? - Blog Inforesidencias.com","og_description":"En plena pandemia empezamos a pensar c\u00f3mo ser\u00e1n las residencias de ancianos del futuro. \u00bfDeben ser medicalizadas?","og_url":"https:\/\/www.inforesidencias.com\/blog\/index.php\/2020\/04\/21\/medicalizar-las-residencias-del-manana\/","og_site_name":"Blog Inforesidencias.com","article_publisher":"https:\/\/www.facebook.com\/Inforesidencias\/","article_author":"https:\/\/www.facebook.com\/josep.demarti","article_published_time":"2020-04-21T07:18:44+00:00","article_modified_time":"2020-04-21T15:32:34+00:00","og_image":[{"width":567,"height":378,"url":"https:\/\/www.inforesidencias.com\/blog\/wp-content\/uploads\/2020\/04\/singapur-5.jpg","type":"image\/jpeg"}],"author":"Josep de Mart\u00ed","twitter_card":"summary_large_image","twitter_creator":"@blog-ir","twitter_site":"@inforesidencias","twitter_misc":{"Escrito por":"Josep de Mart\u00ed","Tiempo de lectura":"5 minutos"},"schema":{"@context":"https:\/\/schema.org","@graph":[{"@type":"WebPage","@id":"https:\/\/www.inforesidencias.com\/blog\/index.php\/2020\/04\/21\/medicalizar-las-residencias-del-manana\/","url":"https:\/\/www.inforesidencias.com\/blog\/index.php\/2020\/04\/21\/medicalizar-las-residencias-del-manana\/","name":"\u00bfMEDICALIZAR LAS RESIDENCIAS DEL MA\u00d1ANA? - Blog Inforesidencias.com","isPartOf":{"@id":"https:\/\/www.inforesidencias.com\/blog\/#website"},"datePublished":"2020-04-21T07:18:44+00:00","dateModified":"2020-04-21T15:32:34+00:00","author":{"@id":"https:\/\/www.inforesidencias.com\/blog\/#\/schema\/person\/9e146774d1eb3bc1c0316242a3898628"},"description":"En plena pandemia empezamos a pensar c\u00f3mo ser\u00e1n las residencias de ancianos del futuro. \u00bfDeben ser medicalizadas?","breadcrumb":{"@id":"https:\/\/www.inforesidencias.com\/blog\/index.php\/2020\/04\/21\/medicalizar-las-residencias-del-manana\/#breadcrumb"},"inLanguage":"es","potentialAction":[{"@type":"ReadAction","target":["https:\/\/www.inforesidencias.com\/blog\/index.php\/2020\/04\/21\/medicalizar-las-residencias-del-manana\/"]}]},{"@type":"BreadcrumbList","@id":"https:\/\/www.inforesidencias.com\/blog\/index.php\/2020\/04\/21\/medicalizar-las-residencias-del-manana\/#breadcrumb","itemListElement":[{"@type":"ListItem","position":1,"name":"Home","item":"https:\/\/www.inforesidencias.com\/blog\/"},{"@type":"ListItem","position":2,"name":"\u00bfMEDICALIZAR LAS RESIDENCIAS DEL MA\u00d1ANA?"}]},{"@type":"WebSite","@id":"https:\/\/www.inforesidencias.com\/blog\/#website","url":"https:\/\/www.inforesidencias.com\/blog\/","name":"Blog Inforesidencias.com","description":"El buscador de residencias de la 3\u00aa edad","potentialAction":[{"@type":"SearchAction","target":{"@type":"EntryPoint","urlTemplate":"https:\/\/www.inforesidencias.com\/blog\/?s={search_term_string}"},"query-input":"required name=search_term_string"}],"inLanguage":"es"},{"@type":"Person","@id":"https:\/\/www.inforesidencias.com\/blog\/#\/schema\/person\/9e146774d1eb3bc1c0316242a3898628","name":"Josep de Mart\u00ed","image":{"@type":"ImageObject","inLanguage":"es","@id":"https:\/\/www.inforesidencias.com\/blog\/#\/schema\/person\/image\/","url":"https:\/\/secure.gravatar.com\/avatar\/de0302c4806c00c4cebff396a798c1ff?s=96&d=mm&r=g","contentUrl":"https:\/\/secure.gravatar.com\/avatar\/de0302c4806c00c4cebff396a798c1ff?s=96&d=mm&r=g","caption":"Josep de Mart\u00ed"},"sameAs":["https:\/\/www.inforesidencias.com","https:\/\/www.facebook.com\/josep.demarti","https:\/\/twitter.com\/blog-ir"],"url":"https:\/\/www.inforesidencias.com\/blog\/index.php\/author\/josepdemarti\/"}]}},"_links":{"self":[{"href":"https:\/\/www.inforesidencias.com\/blog\/index.php\/wp-json\/wp\/v2\/posts\/3008"}],"collection":[{"href":"https:\/\/www.inforesidencias.com\/blog\/index.php\/wp-json\/wp\/v2\/posts"}],"about":[{"href":"https:\/\/www.inforesidencias.com\/blog\/index.php\/wp-json\/wp\/v2\/types\/post"}],"author":[{"embeddable":true,"href":"https:\/\/www.inforesidencias.com\/blog\/index.php\/wp-json\/wp\/v2\/users\/2"}],"replies":[{"embeddable":true,"href":"https:\/\/www.inforesidencias.com\/blog\/index.php\/wp-json\/wp\/v2\/comments?post=3008"}],"version-history":[{"count":2,"href":"https:\/\/www.inforesidencias.com\/blog\/index.php\/wp-json\/wp\/v2\/posts\/3008\/revisions"}],"predecessor-version":[{"id":3011,"href":"https:\/\/www.inforesidencias.com\/blog\/index.php\/wp-json\/wp\/v2\/posts\/3008\/revisions\/3011"}],"wp:featuredmedia":[{"embeddable":true,"href":"https:\/\/www.inforesidencias.com\/blog\/index.php\/wp-json\/wp\/v2\/media\/3009"}],"wp:attachment":[{"href":"https:\/\/www.inforesidencias.com\/blog\/index.php\/wp-json\/wp\/v2\/media?parent=3008"}],"wp:term":[{"taxonomy":"category","embeddable":true,"href":"https:\/\/www.inforesidencias.com\/blog\/index.php\/wp-json\/wp\/v2\/categories?post=3008"},{"taxonomy":"post_tag","embeddable":true,"href":"https:\/\/www.inforesidencias.com\/blog\/index.php\/wp-json\/wp\/v2\/tags?post=3008"}],"curies":[{"name":"wp","href":"https:\/\/api.w.org\/{rel}","templated":true}]}}