{"id":3012,"date":"2020-04-21T09:01:36","date_gmt":"2020-04-21T09:01:36","guid":{"rendered":"https:\/\/www.inforesidencias.com\/blog\/?p=3012"},"modified":"2020-04-24T09:13:53","modified_gmt":"2020-04-24T09:13:53","slug":"sector-geriatrico-en-castilla-y-leon","status":"publish","type":"post","link":"https:\/\/www.inforesidencias.com\/blog\/index.php\/2020\/04\/21\/sector-geriatrico-en-castilla-y-leon\/","title":{"rendered":"Sector geri\u00e1trico en Castilla y Le\u00f3n"},"content":{"rendered":"<dl id=\"attachment_3018\" class=\"wp-caption alignleft\" style=\"width: 285px\">\n<dt class=\"wp-caption-dt\"><a href=\"https:\/\/www.inforesidencias.com\/blog\/wp-content\/uploads\/2020\/04\/Castilla-y-Leon-residencias-de-mayores-2.png\"><img decoding=\"async\" loading=\"lazy\" class=\"size-full wp-image-3018\" src=\"https:\/\/www.inforesidencias.com\/blog\/wp-content\/uploads\/2020\/04\/Castilla-y-Leon-residencias-de-mayores-2.png\" alt=\"Castilla y Leon residencias de mayores y sector geri\u00e1trico\" width=\"275\" height=\"183\" \/><\/a>Sector geri\u00e1trico en Castilla y Le\u00f3n<\/dt>\n<\/dl>\n<p><span style=\"font-weight: 300\"><strong>Castilla y Le\u00f3n<\/strong> es una de las comunidades m\u00e1s envejecidas, donde las <strong>residencias\u00a0de mayores<\/strong>, en sus diferentes modalidades representan una importante opci\u00f3n vital para muchos de sus habitantes de la tercera edad.\u00a0<\/span><\/p>\n<p>&nbsp;<\/p>\n<p>&nbsp;<\/p>\n<p>&nbsp;<\/p>\n<p>&nbsp;<\/p>\n<p><strong><span style=\"text-decoration: underline\">Datos b\u00e1sicos:<\/span><\/strong><\/p>\n<ul>\n<li>Poblaci\u00f3n: 2.399.548.\u00a0 Representa el 5% de la poblaci\u00f3n total del Estado<\/li>\n<li>Poblaci\u00f3n &gt; 65 a\u00f1os: 608.530.\u00a0 Es el 25% de la poblaci\u00f3n de Castilla-Le\u00f3n<\/li>\n<li>Poblaci\u00f3n &gt; 80 a\u00f1os: 227.790. Es el 9% de la poblaci\u00f3n de Castilla-Le\u00f3n<\/li>\n<li>Centros geri\u00e1tricos operativos: 643<\/li>\n<li>Camas geri\u00e1tricas operativas: 42.859 camas<\/li>\n<li>Ratio de camas por cada 100 personas mayores de 65 a\u00f1os: 7,04 (la media de Espa\u00f1a es 4,08)<\/li>\n<li>Ratio de camas por cada 100 personas mayores de 80 a\u00f1os: 18,82 (la media de Espa\u00f1a es 12,09)<\/li>\n<\/ul>\n<p><strong>Castilla y Le\u00f3n<\/strong> es una de las comunidades aut\u00f3nomas m\u00e1s envejecidas, con 1 persona de cada 4 mayor de 65 a\u00f1os y 1 de cada 11 personas mayor de 80 a\u00f1os.\u00a0 Tambi\u00e9n es la comunidad con <strong>mayor proporci\u00f3n de plazas geri\u00e1tricas<\/strong> por n\u00famero de habitantes.\u00a0 Con una ratio de 7 camas por cada 100 mayores de 65 a\u00f1os, lo cual est\u00e1 bastante por encima de la media europea recomendada de cinco y de casi 19 camas por cada 100 mayores de 80 a\u00f1os, cuando la media espa\u00f1ola est\u00e1 en 12 camas.<\/p>\n<p>En 2020 hab\u00eda 643 residencias de\u00a0mayores en Castilla Le\u00f3n, con un total de casi 49.000 camas disponibles, y con bastantes proyectos en marcha que sumar\u00edan otras casi 2.000 camas a las actuales por lo tanto seguir\u00e1 siendo de las comunidades aut\u00f3nomas con mayor proporci\u00f3n de camas para mayores del estado.<\/p>\n<p>En los \u00faltimos 3 a\u00f1os se ha producido una <strong>gran inversi\u00f3n en centros geri\u00e1tricos<\/strong> y centros de d\u00eda en todas las provincias de esta comunidad.\u00a0 Tanto a trav\u00e9s de compras y ampliaciones de residencias existentes, como en la creaci\u00f3n de nuevas residencias.<\/p>\n<p>Los <strong>cinco grupo<\/strong>s que est\u00e1n siendo m\u00e1s activos en esta comunidad son:<\/p>\n<ul>\n<li>Grupo Clece Divisi\u00f3n de Mayores<\/li>\n<li>Grupo Colis\u00e9e Espa\u00f1a<\/li>\n<li>Asociaci\u00f3n Edad Dorada<\/li>\n<li>C\u00e1ritas Espa\u00f1ola<\/li>\n<li>Grupo Domus Vi<\/li>\n<\/ul>\n<p>Como innovaci\u00f3n, en esta comunidad la Junta de Castilla \u2013 La Mancha est\u00e1 promoviendo la construcci\u00f3n de una nueva residencia\u00a0de mayores adaptado al nuevo <strong>modelo centrado en la persona<\/strong> y estructurado en unidades de convivencia con 170 camas y 16 plazas de estancia diurna con un presupuesto de 16,5M\u20ac.\u00a0 A pesar de ello se ha denunciado que algunas residencias de tercera edad p\u00fablicas de la comunidad llevan a\u00f1os cerradas<\/p>\n<p>Es una comunidad donde las camas geri\u00e1tricas est\u00e1n divididas de la siguiente forma:<\/p>\n<ul>\n<li>41% Promotores privados (grupos y particulares)<\/li>\n<li>27% Tercer sector<\/li>\n<li>29% P\u00fablico, dividido entre:\n<ul>\n<li>14% Publico municipal<\/li>\n<li>8% P\u00fablico auton\u00f3mico<\/li>\n<li>7% P\u00fablico diputaciones<\/li>\n<li>2% Concesiones administrativas de obra y explotaci\u00f3n<\/li>\n<\/ul>\n<\/li>\n<\/ul>\n<p>Para tener una idea de las residencias\u00a0de mayores de esta comunidad, desde la pagina web de la <a href=\"http:\/\/www.jcyl.es\/web\/jcyl\/Portada\/es\/Plantilla100Directorio\/1248366924958\/0\/1142233532297\/DirectorioPadre\">Junta de Castilla y Le\u00f3n<\/a> se puede tener acceso, y tambi\u00e9n desde el buscador y comparador <a href=\"https:\/\/www.inforesidencias.com\/centros\/buscador\/residencias\/castilla-leon\"><strong>inforesidencias.com<\/strong><\/a> puedes encontrar todas las residencias ordenadas por provincia y puedes seleccionarlo por poblaci\u00f3n, precio, e incluso, por<a href=\"https:\/\/www.inforesidencias.com\/contenidos\/mayores-y-familia\/nacional\/que-es-el-indicador-de-transparencia-de-las-residencias\"> \u00edndice de transparencia:<\/a><\/p>\n<ul>\n<li>Residencias de 3\u00aa edad en <a href=\"https:\/\/www.inforesidencias.com\/centros\/buscador\/residencias\/castilla-leon\/valladolid\">Valladolid<\/a><\/li>\n<li>Residencias de 3\u00aa edad en <a href=\"https:\/\/www.inforesidencias.com\/centros\/buscador\/residencias\/castilla-leon\/leon\">Le\u00f3n<\/a><\/li>\n<li>Residencias de 3\u00aa edad en <a href=\"https:\/\/www.inforesidencias.com\/centros\/buscador\/residencias\/castilla-leon\/salamanca\">Salamanca<\/a><\/li>\n<li>Residencias de 3\u00aa edad en <a href=\"https:\/\/www.inforesidencias.com\/centros\/buscador\/residencias\/castilla-leon\/burgos\">Burgos<\/a><\/li>\n<li>Residencias de 3\u00aa edad en <a href=\"https:\/\/www.inforesidencias.com\/centros\/buscador\/residencias\/castilla-leon\/segovia\">Segovia<\/a><\/li>\n<li>Residencias de 3\u00aa edad en <a href=\"https:\/\/www.inforesidencias.com\/centros\/buscador\/residencias\/castilla-leon\/zamora\">Zamora<\/a><\/li>\n<li>Residencias de 3\u00aa edad en <a href=\"https:\/\/www.inforesidencias.com\/centros\/buscador\/residencias\/castilla-leon\/avila\">\u00c1vila<\/a><\/li>\n<li>Residencias de 3\u00aa edad en <a href=\"https:\/\/www.inforesidencias.com\/centros\/buscador\/residencias\/castilla-leon\/soria\">Soria<\/a><\/li>\n<li>Residencias de 3\u00aa edad en <a href=\"https:\/\/www.inforesidencias.com\/centros\/buscador\/residencias\/castilla-leon\/palencia\">Palencia<\/a><\/li>\n<\/ul>\n<p>Los datos que contiene este informe provienen de Inforesidencias.com, el <a href=\"http:\/\/envejecimiento.csic.es\/general\/index.html\">portal Mayores<\/a>, datos del <a href=\"https:\/\/www.ine.es\/\">INE<\/a> 2019, \u00a0e informaci\u00f3n p\u00fablica difundida por prestigiosos medios como Alimarket.<\/p>\n<p>Anna Cebri\u00e1n<br \/>\n<a href=\"https:\/\/www.inforesidencias.com\/particulares\">inforesidencias.com<\/a><\/p>\n<p>&nbsp;<\/p>\n","protected":false},"excerpt":{"rendered":"<p>Sector geri\u00e1trico en Castilla y Le\u00f3n Castilla y Le\u00f3n es una de las comunidades m\u00e1s envejecidas, donde las residencias\u00a0de mayores, en sus diferentes modalidades representan una importante opci\u00f3n vital para muchos de sus habitantes de la tercera edad.\u00a0 &nbsp; &nbsp; &nbsp; &nbsp; Datos b\u00e1sicos: Poblaci\u00f3n: 2.399.548.\u00a0 Representa el 5% de la poblaci\u00f3n total del Estado Poblaci\u00f3n &gt; 65 a\u00f1os: 608.530.\u00a0 Es el 25% de la poblaci\u00f3n de Castilla-Le\u00f3n Poblaci\u00f3n &gt; 80 a\u00f1os: 227.790. Es el 9% de la poblaci\u00f3n de Castilla-Le\u00f3n Centros geri\u00e1tricos operativos: 643 Camas geri\u00e1tricas operativas: 42.859 camas Ratio de camas por cada 100 personas mayores de 65 a\u00f1os: 7,04 (la media de Espa\u00f1a es 4,08) Ratio de camas por cada 100 personas mayores de 80 a\u00f1os: 18,82 (la media de Espa\u00f1a es 12,09) Castilla y Le\u00f3n es una de las comunidades aut\u00f3nomas m\u00e1s envejecidas, con 1 persona de cada 4 mayor de 65 a\u00f1os y 1 de [&hellip;]<\/p>\n","protected":false},"author":2,"featured_media":0,"comment_status":"open","ping_status":"open","sticky":false,"template":"","format":"standard","meta":{"footnotes":""},"categories":[14,3,5,89],"tags":[83,84,87,88,85,86,80,15,68,77,81,82],"yoast_head":"<!-- This site is optimized with the Yoast SEO plugin v21.7 - https:\/\/yoast.com\/wordpress\/plugins\/seo\/ -->\n<title>Sector geri\u00e1trico en Castilla y Le\u00f3n - Blog Inforesidencias.com<\/title>\n<meta name=\"description\" content=\"Sector geri\u00e1trico en Castilla y Le\u00f3n: residencias de mayores, de ancianos, geri\u00e1tricos, centros de d\u00eda, atenci\u00f3n centrado en la persona.\" \/>\n<meta name=\"robots\" content=\"index, follow, max-snippet:-1, max-image-preview:large, max-video-preview:-1\" \/>\n<link rel=\"canonical\" href=\"https:\/\/www.inforesidencias.com\/blog\/index.php\/2020\/04\/21\/sector-geriatrico-en-castilla-y-leon\/\" \/>\n<meta property=\"og:locale\" content=\"es_ES\" \/>\n<meta property=\"og:type\" content=\"article\" \/>\n<meta property=\"og:title\" content=\"Sector geri\u00e1trico en Castilla y Le\u00f3n - Blog Inforesidencias.com\" \/>\n<meta property=\"og:description\" content=\"Sector geri\u00e1trico en Castilla y Le\u00f3n: residencias de mayores, de ancianos, geri\u00e1tricos, centros de d\u00eda, atenci\u00f3n centrado en la persona.\" \/>\n<meta property=\"og:url\" content=\"https:\/\/www.inforesidencias.com\/blog\/index.php\/2020\/04\/21\/sector-geriatrico-en-castilla-y-leon\/\" \/>\n<meta property=\"og:site_name\" content=\"Blog Inforesidencias.com\" \/>\n<meta property=\"article:publisher\" content=\"https:\/\/www.facebook.com\/Inforesidencias\/\" \/>\n<meta property=\"article:author\" content=\"https:\/\/www.facebook.com\/josep.demarti\" \/>\n<meta property=\"article:published_time\" content=\"2020-04-21T09:01:36+00:00\" \/>\n<meta property=\"article:modified_time\" content=\"2020-04-24T09:13:53+00:00\" \/>\n<meta property=\"og:image\" content=\"https:\/\/www.inforesidencias.com\/blog\/wp-content\/uploads\/2020\/04\/Castilla-y-Leon-residencias-de-mayores-2.png\" \/>\n<meta name=\"author\" content=\"Josep de Mart\u00ed\" \/>\n<meta name=\"twitter:card\" content=\"summary_large_image\" \/>\n<meta name=\"twitter:creator\" content=\"@blog-ir\" \/>\n<meta name=\"twitter:site\" content=\"@inforesidencias\" \/>\n<meta name=\"twitter:label1\" content=\"Escrito por\" \/>\n\t<meta name=\"twitter:data1\" content=\"Josep de Mart\u00ed\" \/>\n\t<meta name=\"twitter:label2\" content=\"Tiempo de lectura\" \/>\n\t<meta name=\"twitter:data2\" content=\"3 minutos\" \/>\n<script type=\"application\/ld+json\" class=\"yoast-schema-graph\">{\"@context\":\"https:\/\/schema.org\",\"@graph\":[{\"@type\":\"WebPage\",\"@id\":\"https:\/\/www.inforesidencias.com\/blog\/index.php\/2020\/04\/21\/sector-geriatrico-en-castilla-y-leon\/\",\"url\":\"https:\/\/www.inforesidencias.com\/blog\/index.php\/2020\/04\/21\/sector-geriatrico-en-castilla-y-leon\/\",\"name\":\"Sector geri\u00e1trico en Castilla y Le\u00f3n - Blog Inforesidencias.com\",\"isPartOf\":{\"@id\":\"https:\/\/www.inforesidencias.com\/blog\/#website\"},\"datePublished\":\"2020-04-21T09:01:36+00:00\",\"dateModified\":\"2020-04-24T09:13:53+00:00\",\"author\":{\"@id\":\"https:\/\/www.inforesidencias.com\/blog\/#\/schema\/person\/9e146774d1eb3bc1c0316242a3898628\"},\"description\":\"Sector geri\u00e1trico en Castilla y Le\u00f3n: residencias de mayores, de ancianos, geri\u00e1tricos, centros de d\u00eda, atenci\u00f3n centrado en la persona.\",\"breadcrumb\":{\"@id\":\"https:\/\/www.inforesidencias.com\/blog\/index.php\/2020\/04\/21\/sector-geriatrico-en-castilla-y-leon\/#breadcrumb\"},\"inLanguage\":\"es\",\"potentialAction\":[{\"@type\":\"ReadAction\",\"target\":[\"https:\/\/www.inforesidencias.com\/blog\/index.php\/2020\/04\/21\/sector-geriatrico-en-castilla-y-leon\/\"]}]},{\"@type\":\"BreadcrumbList\",\"@id\":\"https:\/\/www.inforesidencias.com\/blog\/index.php\/2020\/04\/21\/sector-geriatrico-en-castilla-y-leon\/#breadcrumb\",\"itemListElement\":[{\"@type\":\"ListItem\",\"position\":1,\"name\":\"Home\",\"item\":\"https:\/\/www.inforesidencias.com\/blog\/\"},{\"@type\":\"ListItem\",\"position\":2,\"name\":\"Sector geri\u00e1trico en Castilla y Le\u00f3n\"}]},{\"@type\":\"WebSite\",\"@id\":\"https:\/\/www.inforesidencias.com\/blog\/#website\",\"url\":\"https:\/\/www.inforesidencias.com\/blog\/\",\"name\":\"Blog Inforesidencias.com\",\"description\":\"El buscador de residencias de la 3\u00aa edad\",\"potentialAction\":[{\"@type\":\"SearchAction\",\"target\":{\"@type\":\"EntryPoint\",\"urlTemplate\":\"https:\/\/www.inforesidencias.com\/blog\/?s={search_term_string}\"},\"query-input\":\"required name=search_term_string\"}],\"inLanguage\":\"es\"},{\"@type\":\"Person\",\"@id\":\"https:\/\/www.inforesidencias.com\/blog\/#\/schema\/person\/9e146774d1eb3bc1c0316242a3898628\",\"name\":\"Josep de Mart\u00ed\",\"image\":{\"@type\":\"ImageObject\",\"inLanguage\":\"es\",\"@id\":\"https:\/\/www.inforesidencias.com\/blog\/#\/schema\/person\/image\/\",\"url\":\"https:\/\/secure.gravatar.com\/avatar\/de0302c4806c00c4cebff396a798c1ff?s=96&d=mm&r=g\",\"contentUrl\":\"https:\/\/secure.gravatar.com\/avatar\/de0302c4806c00c4cebff396a798c1ff?s=96&d=mm&r=g\",\"caption\":\"Josep de Mart\u00ed\"},\"sameAs\":[\"https:\/\/www.inforesidencias.com\",\"https:\/\/www.facebook.com\/josep.demarti\",\"https:\/\/twitter.com\/blog-ir\"],\"url\":\"https:\/\/www.inforesidencias.com\/blog\/index.php\/author\/josepdemarti\/\"}]}<\/script>\n<!-- \/ Yoast SEO plugin. -->","yoast_head_json":{"title":"Sector geri\u00e1trico en Castilla y Le\u00f3n - Blog Inforesidencias.com","description":"Sector geri\u00e1trico en Castilla y Le\u00f3n: residencias de mayores, de ancianos, geri\u00e1tricos, centros de d\u00eda, atenci\u00f3n centrado en la persona.","robots":{"index":"index","follow":"follow","max-snippet":"max-snippet:-1","max-image-preview":"max-image-preview:large","max-video-preview":"max-video-preview:-1"},"canonical":"https:\/\/www.inforesidencias.com\/blog\/index.php\/2020\/04\/21\/sector-geriatrico-en-castilla-y-leon\/","og_locale":"es_ES","og_type":"article","og_title":"Sector geri\u00e1trico en Castilla y Le\u00f3n - Blog Inforesidencias.com","og_description":"Sector geri\u00e1trico en Castilla y Le\u00f3n: residencias de mayores, de ancianos, geri\u00e1tricos, centros de d\u00eda, atenci\u00f3n centrado en la persona.","og_url":"https:\/\/www.inforesidencias.com\/blog\/index.php\/2020\/04\/21\/sector-geriatrico-en-castilla-y-leon\/","og_site_name":"Blog Inforesidencias.com","article_publisher":"https:\/\/www.facebook.com\/Inforesidencias\/","article_author":"https:\/\/www.facebook.com\/josep.demarti","article_published_time":"2020-04-21T09:01:36+00:00","article_modified_time":"2020-04-24T09:13:53+00:00","og_image":[{"url":"https:\/\/www.inforesidencias.com\/blog\/wp-content\/uploads\/2020\/04\/Castilla-y-Leon-residencias-de-mayores-2.png"}],"author":"Josep de Mart\u00ed","twitter_card":"summary_large_image","twitter_creator":"@blog-ir","twitter_site":"@inforesidencias","twitter_misc":{"Escrito por":"Josep de Mart\u00ed","Tiempo de lectura":"3 minutos"},"schema":{"@context":"https:\/\/schema.org","@graph":[{"@type":"WebPage","@id":"https:\/\/www.inforesidencias.com\/blog\/index.php\/2020\/04\/21\/sector-geriatrico-en-castilla-y-leon\/","url":"https:\/\/www.inforesidencias.com\/blog\/index.php\/2020\/04\/21\/sector-geriatrico-en-castilla-y-leon\/","name":"Sector geri\u00e1trico en Castilla y Le\u00f3n - Blog Inforesidencias.com","isPartOf":{"@id":"https:\/\/www.inforesidencias.com\/blog\/#website"},"datePublished":"2020-04-21T09:01:36+00:00","dateModified":"2020-04-24T09:13:53+00:00","author":{"@id":"https:\/\/www.inforesidencias.com\/blog\/#\/schema\/person\/9e146774d1eb3bc1c0316242a3898628"},"description":"Sector geri\u00e1trico en Castilla y Le\u00f3n: residencias de mayores, de ancianos, geri\u00e1tricos, centros de d\u00eda, atenci\u00f3n centrado en la persona.","breadcrumb":{"@id":"https:\/\/www.inforesidencias.com\/blog\/index.php\/2020\/04\/21\/sector-geriatrico-en-castilla-y-leon\/#breadcrumb"},"inLanguage":"es","potentialAction":[{"@type":"ReadAction","target":["https:\/\/www.inforesidencias.com\/blog\/index.php\/2020\/04\/21\/sector-geriatrico-en-castilla-y-leon\/"]}]},{"@type":"BreadcrumbList","@id":"https:\/\/www.inforesidencias.com\/blog\/index.php\/2020\/04\/21\/sector-geriatrico-en-castilla-y-leon\/#breadcrumb","itemListElement":[{"@type":"ListItem","position":1,"name":"Home","item":"https:\/\/www.inforesidencias.com\/blog\/"},{"@type":"ListItem","position":2,"name":"Sector geri\u00e1trico en Castilla y Le\u00f3n"}]},{"@type":"WebSite","@id":"https:\/\/www.inforesidencias.com\/blog\/#website","url":"https:\/\/www.inforesidencias.com\/blog\/","name":"Blog Inforesidencias.com","description":"El buscador de residencias de la 3\u00aa edad","potentialAction":[{"@type":"SearchAction","target":{"@type":"EntryPoint","urlTemplate":"https:\/\/www.inforesidencias.com\/blog\/?s={search_term_string}"},"query-input":"required name=search_term_string"}],"inLanguage":"es"},{"@type":"Person","@id":"https:\/\/www.inforesidencias.com\/blog\/#\/schema\/person\/9e146774d1eb3bc1c0316242a3898628","name":"Josep de Mart\u00ed","image":{"@type":"ImageObject","inLanguage":"es","@id":"https:\/\/www.inforesidencias.com\/blog\/#\/schema\/person\/image\/","url":"https:\/\/secure.gravatar.com\/avatar\/de0302c4806c00c4cebff396a798c1ff?s=96&d=mm&r=g","contentUrl":"https:\/\/secure.gravatar.com\/avatar\/de0302c4806c00c4cebff396a798c1ff?s=96&d=mm&r=g","caption":"Josep de Mart\u00ed"},"sameAs":["https:\/\/www.inforesidencias.com","https:\/\/www.facebook.com\/josep.demarti","https:\/\/twitter.com\/blog-ir"],"url":"https:\/\/www.inforesidencias.com\/blog\/index.php\/author\/josepdemarti\/"}]}},"_links":{"self":[{"href":"https:\/\/www.inforesidencias.com\/blog\/index.php\/wp-json\/wp\/v2\/posts\/3012"}],"collection":[{"href":"https:\/\/www.inforesidencias.com\/blog\/index.php\/wp-json\/wp\/v2\/posts"}],"about":[{"href":"https:\/\/www.inforesidencias.com\/blog\/index.php\/wp-json\/wp\/v2\/types\/post"}],"author":[{"embeddable":true,"href":"https:\/\/www.inforesidencias.com\/blog\/index.php\/wp-json\/wp\/v2\/users\/2"}],"replies":[{"embeddable":true,"href":"https:\/\/www.inforesidencias.com\/blog\/index.php\/wp-json\/wp\/v2\/comments?post=3012"}],"version-history":[{"count":15,"href":"https:\/\/www.inforesidencias.com\/blog\/index.php\/wp-json\/wp\/v2\/posts\/3012\/revisions"}],"predecessor-version":[{"id":3066,"href":"https:\/\/www.inforesidencias.com\/blog\/index.php\/wp-json\/wp\/v2\/posts\/3012\/revisions\/3066"}],"wp:attachment":[{"href":"https:\/\/www.inforesidencias.com\/blog\/index.php\/wp-json\/wp\/v2\/media?parent=3012"}],"wp:term":[{"taxonomy":"category","embeddable":true,"href":"https:\/\/www.inforesidencias.com\/blog\/index.php\/wp-json\/wp\/v2\/categories?post=3012"},{"taxonomy":"post_tag","embeddable":true,"href":"https:\/\/www.inforesidencias.com\/blog\/index.php\/wp-json\/wp\/v2\/tags?post=3012"}],"curies":[{"name":"wp","href":"https:\/\/api.w.org\/{rel}","templated":true}]}}