{"id":3080,"date":"2020-04-29T07:31:55","date_gmt":"2020-04-29T07:31:55","guid":{"rendered":"https:\/\/www.inforesidencias.com\/blog\/?p=3080"},"modified":"2020-04-29T07:31:55","modified_gmt":"2020-04-29T07:31:55","slug":"las-personas-mayores-por-fin-a-las-calles","status":"publish","type":"post","link":"https:\/\/www.inforesidencias.com\/blog\/index.php\/2020\/04\/29\/las-personas-mayores-por-fin-a-las-calles\/","title":{"rendered":"\u00bfLas personas mayores por fin a las calles?"},"content":{"rendered":"<p style=\"text-align: justify\">Ahora hace muy pocos d\u00edas, concretamente el pasado domingo, fue el primer d\u00eda en que los menores de catorce a\u00f1os pudieron salir a la calles con sus padres durante una hora. Esta es la primera medida que se toma de cara al progresivo desconfinamiento que se ir\u00e1 produciendo. As\u00ed pues, desde el pasado d\u00eda 26 de abril los ni\u00f1os pueden salir una hora al d\u00eda con ciertos l\u00edmites claro.<\/p>\n<p style=\"text-align: justify\">En este primer d\u00eda de \u201clibertad\u201d se grabaron im\u00e1genes y se hicieron fotograf\u00edas de diferentes zonas de nuestro pa\u00eds en donde se ve\u00eda que en muchos puntos se hab\u00eda salido en masa a las calles, por ejemplo en zonas de costa. Se pod\u00eda ver tambi\u00e9n padres sin mascarillas, sin respetar las distancias m\u00ednimas, etc. Todo un panorama que ha hecho pensar a mucho si estamos preparados para este desconfinamiento o sino es mejor hacerlo de otras formas. Sea como fuere, esta claro que est\u00e1bamos como locos por salir a la calle.<\/p>\n<p style=\"text-align: justify\">Si miramos hac\u00eda el futuro, los datos relativos al Coronavirus y el an\u00e1lisis de multitud de expertos reflejan una tendencia a la baja en las cifras de muertos y contagiados. De seguir esta tendencia el Gobierno baraja la posibilidad de que a partir del dos de mayo los adultos tambi\u00e9n puedan salir a la calle una hora al d\u00eda para andar o hacer deporte a como m\u00e1ximo n kilometro de distancia de sus domicilios.<\/p>\n<p style=\"text-align: justify\">Se est\u00e1 hablando bastante sobre esta fecha ya que es la primera fijada en el calendario para que el resto dela poblaci\u00f3n \u201csin ni\u00f1os\u201d pueda a empezar a salir a las calles de una forma l\u00fadica. El ministro de salud Salvador Illa aclar\u00f3 tambi\u00e9n que de producirse este hecho, a partir de esta fecha las personas mayores tambi\u00e9n podr\u00edan salir a la calle . Seguramente aclar\u00f3 este aspecto ya que no se sab\u00eda si se pedir\u00eda a los mayores de 65 a\u00f1os que permanecieran a\u00fan en sus casas.<\/p>\n<p style=\"text-align: justify\"><a href=\"https:\/\/www.inforesidencias.com\/blog\/wp-content\/uploads\/2020\/04\/personas-mayores-a-las-calles.png\"><img decoding=\"async\" loading=\"lazy\" class=\"alignleft size-full wp-image-3083\" src=\"https:\/\/www.inforesidencias.com\/blog\/wp-content\/uploads\/2020\/04\/personas-mayores-a-las-calles.png\" alt=\"personas mayores a las calles\" width=\"400\" height=\"261\" \/><\/a><\/p>\n<p style=\"text-align: justify\">Bien, todo parece indicar entonces que si finalmente esa fecha es la elegida,<a href=\"https:\/\/www.inforesidencias.com\/blog\/index.php\/2020\/04\/22\/el-desconfinamiento-de-los-mayores-3\/\"> las personas mayores tambi\u00e9n podr\u00e1n salir a pasea<\/a>r su hora diaria al igual que el resto de la poblaci\u00f3n<\/p>\n<p style=\"text-align: justify\">Lo que nos deber\u00edamos preguntar ahora es si el pr\u00f3ximo fin de semana se repetir\u00e1n im\u00e1genes como las del anterior en el que al mediod\u00eda hab\u00eda tant\u00edsima gente en las calles con sus ni\u00f1os o si bien y hemos aprendido el mensaje que han transmitido las autoridades sobre la importancia de \u201cescalonar la salida y no ir todos al mismo tiempo a las calles. No obstante, es probable y natural que en un momento u otro ocurra que en mas de un espacio coincidan ni\u00f1os y personas mayores. \u00bfC\u00f3mo afectar\u00e1 esto a los niveles de contagio? De esto ya hace unos d\u00edas que hablamos desde otra perspectiva sobre el <a href=\"https:\/\/www.inforesidencias.com\/blog\/index.php\/2020\/04\/24\/divorcio-intergeneracional\/\">divorcio intergeneracional<\/a>\u201d<\/p>\n<p style=\"text-align: justify\">Sea como sea, el d\u00eda dos de mayo (tambi\u00e9n fin de semana) si todo va bien veremos si hemos aprendido algo y si la euforia infantil de salida al aire libre se ha neutralizado y los adultos que salgan a pasear y a hacer deporte as\u00ed como las personas mayores demuestran compromiso y responsabilidad con las normas a seguir por parte de las autoridades.<\/p>\n<p>\u00bfSeremos capaces?<\/p>\n","protected":false},"excerpt":{"rendered":"<p>Ahora hace muy pocos d\u00edas, concretamente el pasado domingo, fue el primer d\u00eda en que los menores de catorce a\u00f1os pudieron salir a la calles con sus padres durante una hora. Esta es la primera medida que se toma de cara al progresivo desconfinamiento que se ir\u00e1 produciendo. As\u00ed pues, desde el pasado d\u00eda 26 de abril los ni\u00f1os pueden salir una hora al d\u00eda con ciertos l\u00edmites claro. En este primer d\u00eda de \u201clibertad\u201d se grabaron im\u00e1genes y se hicieron fotograf\u00edas de diferentes zonas de nuestro pa\u00eds en donde se ve\u00eda que en muchos puntos se hab\u00eda salido en masa a las calles, por ejemplo en zonas de costa. Se pod\u00eda ver tambi\u00e9n padres sin mascarillas, sin respetar las distancias m\u00ednimas, etc. Todo un panorama que ha hecho pensar a mucho si estamos preparados para este desconfinamiento o sino es mejor hacerlo de otras formas. Sea como fuere, esta [&hellip;]<\/p>\n","protected":false},"author":2,"featured_media":3083,"comment_status":"open","ping_status":"open","sticky":false,"template":"","format":"standard","meta":{"footnotes":""},"categories":[1],"tags":[],"yoast_head":"<!-- This site is optimized with the Yoast SEO plugin v21.7 - https:\/\/yoast.com\/wordpress\/plugins\/seo\/ -->\n<title>\u00bfLas personas mayores por fin a las calles? - Blog Inforesidencias.com<\/title>\n<meta name=\"description\" content=\"Desde hace poco los ni\u00f1os empiezan a poder salir a las calles. Quiz\u00e1 a partir del 2 de mayo tambi\u00e9n podr\u00e1n hacerlo los adultos y las personas mayores\" \/>\n<meta name=\"robots\" content=\"index, follow, max-snippet:-1, max-image-preview:large, max-video-preview:-1\" \/>\n<link rel=\"canonical\" href=\"https:\/\/www.inforesidencias.com\/blog\/index.php\/2020\/04\/29\/las-personas-mayores-por-fin-a-las-calles\/\" \/>\n<meta property=\"og:locale\" content=\"es_ES\" \/>\n<meta property=\"og:type\" content=\"article\" \/>\n<meta property=\"og:title\" content=\"\u00bfLas personas mayores por fin a las calles? - Blog Inforesidencias.com\" \/>\n<meta property=\"og:description\" content=\"Desde hace poco los ni\u00f1os empiezan a poder salir a las calles. Quiz\u00e1 a partir del 2 de mayo tambi\u00e9n podr\u00e1n hacerlo los adultos y las personas mayores\" \/>\n<meta property=\"og:url\" content=\"https:\/\/www.inforesidencias.com\/blog\/index.php\/2020\/04\/29\/las-personas-mayores-por-fin-a-las-calles\/\" \/>\n<meta property=\"og:site_name\" content=\"Blog Inforesidencias.com\" \/>\n<meta property=\"article:publisher\" content=\"https:\/\/www.facebook.com\/Inforesidencias\/\" \/>\n<meta property=\"article:author\" content=\"https:\/\/www.facebook.com\/josep.demarti\" \/>\n<meta property=\"article:published_time\" content=\"2020-04-29T07:31:55+00:00\" \/>\n<meta property=\"og:image\" content=\"https:\/\/www.inforesidencias.com\/blog\/wp-content\/uploads\/2020\/04\/personas-mayores-a-las-calles.png\" \/>\n\t<meta property=\"og:image:width\" content=\"400\" \/>\n\t<meta property=\"og:image:height\" content=\"261\" \/>\n\t<meta property=\"og:image:type\" content=\"image\/png\" \/>\n<meta name=\"author\" content=\"Josep de Mart\u00ed\" \/>\n<meta name=\"twitter:card\" content=\"summary_large_image\" \/>\n<meta name=\"twitter:creator\" content=\"@blog-ir\" \/>\n<meta name=\"twitter:site\" content=\"@inforesidencias\" \/>\n<meta name=\"twitter:label1\" content=\"Escrito por\" \/>\n\t<meta name=\"twitter:data1\" content=\"Josep de Mart\u00ed\" \/>\n\t<meta name=\"twitter:label2\" content=\"Tiempo de lectura\" \/>\n\t<meta name=\"twitter:data2\" content=\"3 minutos\" \/>\n<script type=\"application\/ld+json\" class=\"yoast-schema-graph\">{\"@context\":\"https:\/\/schema.org\",\"@graph\":[{\"@type\":\"WebPage\",\"@id\":\"https:\/\/www.inforesidencias.com\/blog\/index.php\/2020\/04\/29\/las-personas-mayores-por-fin-a-las-calles\/\",\"url\":\"https:\/\/www.inforesidencias.com\/blog\/index.php\/2020\/04\/29\/las-personas-mayores-por-fin-a-las-calles\/\",\"name\":\"\u00bfLas personas mayores por fin a las calles? - Blog Inforesidencias.com\",\"isPartOf\":{\"@id\":\"https:\/\/www.inforesidencias.com\/blog\/#website\"},\"datePublished\":\"2020-04-29T07:31:55+00:00\",\"dateModified\":\"2020-04-29T07:31:55+00:00\",\"author\":{\"@id\":\"https:\/\/www.inforesidencias.com\/blog\/#\/schema\/person\/9e146774d1eb3bc1c0316242a3898628\"},\"description\":\"Desde hace poco los ni\u00f1os empiezan a poder salir a las calles. Quiz\u00e1 a partir del 2 de mayo tambi\u00e9n podr\u00e1n hacerlo los adultos y las personas mayores\",\"breadcrumb\":{\"@id\":\"https:\/\/www.inforesidencias.com\/blog\/index.php\/2020\/04\/29\/las-personas-mayores-por-fin-a-las-calles\/#breadcrumb\"},\"inLanguage\":\"es\",\"potentialAction\":[{\"@type\":\"ReadAction\",\"target\":[\"https:\/\/www.inforesidencias.com\/blog\/index.php\/2020\/04\/29\/las-personas-mayores-por-fin-a-las-calles\/\"]}]},{\"@type\":\"BreadcrumbList\",\"@id\":\"https:\/\/www.inforesidencias.com\/blog\/index.php\/2020\/04\/29\/las-personas-mayores-por-fin-a-las-calles\/#breadcrumb\",\"itemListElement\":[{\"@type\":\"ListItem\",\"position\":1,\"name\":\"Home\",\"item\":\"https:\/\/www.inforesidencias.com\/blog\/\"},{\"@type\":\"ListItem\",\"position\":2,\"name\":\"\u00bfLas personas mayores por fin a las calles?\"}]},{\"@type\":\"WebSite\",\"@id\":\"https:\/\/www.inforesidencias.com\/blog\/#website\",\"url\":\"https:\/\/www.inforesidencias.com\/blog\/\",\"name\":\"Blog Inforesidencias.com\",\"description\":\"El buscador de residencias de la 3\u00aa edad\",\"potentialAction\":[{\"@type\":\"SearchAction\",\"target\":{\"@type\":\"EntryPoint\",\"urlTemplate\":\"https:\/\/www.inforesidencias.com\/blog\/?s={search_term_string}\"},\"query-input\":\"required name=search_term_string\"}],\"inLanguage\":\"es\"},{\"@type\":\"Person\",\"@id\":\"https:\/\/www.inforesidencias.com\/blog\/#\/schema\/person\/9e146774d1eb3bc1c0316242a3898628\",\"name\":\"Josep de Mart\u00ed\",\"image\":{\"@type\":\"ImageObject\",\"inLanguage\":\"es\",\"@id\":\"https:\/\/www.inforesidencias.com\/blog\/#\/schema\/person\/image\/\",\"url\":\"https:\/\/secure.gravatar.com\/avatar\/de0302c4806c00c4cebff396a798c1ff?s=96&d=mm&r=g\",\"contentUrl\":\"https:\/\/secure.gravatar.com\/avatar\/de0302c4806c00c4cebff396a798c1ff?s=96&d=mm&r=g\",\"caption\":\"Josep de Mart\u00ed\"},\"sameAs\":[\"https:\/\/www.inforesidencias.com\",\"https:\/\/www.facebook.com\/josep.demarti\",\"https:\/\/twitter.com\/blog-ir\"],\"url\":\"https:\/\/www.inforesidencias.com\/blog\/index.php\/author\/josepdemarti\/\"}]}<\/script>\n<!-- \/ Yoast SEO plugin. -->","yoast_head_json":{"title":"\u00bfLas personas mayores por fin a las calles? - Blog Inforesidencias.com","description":"Desde hace poco los ni\u00f1os empiezan a poder salir a las calles. Quiz\u00e1 a partir del 2 de mayo tambi\u00e9n podr\u00e1n hacerlo los adultos y las personas mayores","robots":{"index":"index","follow":"follow","max-snippet":"max-snippet:-1","max-image-preview":"max-image-preview:large","max-video-preview":"max-video-preview:-1"},"canonical":"https:\/\/www.inforesidencias.com\/blog\/index.php\/2020\/04\/29\/las-personas-mayores-por-fin-a-las-calles\/","og_locale":"es_ES","og_type":"article","og_title":"\u00bfLas personas mayores por fin a las calles? - Blog Inforesidencias.com","og_description":"Desde hace poco los ni\u00f1os empiezan a poder salir a las calles. Quiz\u00e1 a partir del 2 de mayo tambi\u00e9n podr\u00e1n hacerlo los adultos y las personas mayores","og_url":"https:\/\/www.inforesidencias.com\/blog\/index.php\/2020\/04\/29\/las-personas-mayores-por-fin-a-las-calles\/","og_site_name":"Blog Inforesidencias.com","article_publisher":"https:\/\/www.facebook.com\/Inforesidencias\/","article_author":"https:\/\/www.facebook.com\/josep.demarti","article_published_time":"2020-04-29T07:31:55+00:00","og_image":[{"width":400,"height":261,"url":"https:\/\/www.inforesidencias.com\/blog\/wp-content\/uploads\/2020\/04\/personas-mayores-a-las-calles.png","type":"image\/png"}],"author":"Josep de Mart\u00ed","twitter_card":"summary_large_image","twitter_creator":"@blog-ir","twitter_site":"@inforesidencias","twitter_misc":{"Escrito por":"Josep de Mart\u00ed","Tiempo de lectura":"3 minutos"},"schema":{"@context":"https:\/\/schema.org","@graph":[{"@type":"WebPage","@id":"https:\/\/www.inforesidencias.com\/blog\/index.php\/2020\/04\/29\/las-personas-mayores-por-fin-a-las-calles\/","url":"https:\/\/www.inforesidencias.com\/blog\/index.php\/2020\/04\/29\/las-personas-mayores-por-fin-a-las-calles\/","name":"\u00bfLas personas mayores por fin a las calles? - Blog Inforesidencias.com","isPartOf":{"@id":"https:\/\/www.inforesidencias.com\/blog\/#website"},"datePublished":"2020-04-29T07:31:55+00:00","dateModified":"2020-04-29T07:31:55+00:00","author":{"@id":"https:\/\/www.inforesidencias.com\/blog\/#\/schema\/person\/9e146774d1eb3bc1c0316242a3898628"},"description":"Desde hace poco los ni\u00f1os empiezan a poder salir a las calles. Quiz\u00e1 a partir del 2 de mayo tambi\u00e9n podr\u00e1n hacerlo los adultos y las personas mayores","breadcrumb":{"@id":"https:\/\/www.inforesidencias.com\/blog\/index.php\/2020\/04\/29\/las-personas-mayores-por-fin-a-las-calles\/#breadcrumb"},"inLanguage":"es","potentialAction":[{"@type":"ReadAction","target":["https:\/\/www.inforesidencias.com\/blog\/index.php\/2020\/04\/29\/las-personas-mayores-por-fin-a-las-calles\/"]}]},{"@type":"BreadcrumbList","@id":"https:\/\/www.inforesidencias.com\/blog\/index.php\/2020\/04\/29\/las-personas-mayores-por-fin-a-las-calles\/#breadcrumb","itemListElement":[{"@type":"ListItem","position":1,"name":"Home","item":"https:\/\/www.inforesidencias.com\/blog\/"},{"@type":"ListItem","position":2,"name":"\u00bfLas personas mayores por fin a las calles?"}]},{"@type":"WebSite","@id":"https:\/\/www.inforesidencias.com\/blog\/#website","url":"https:\/\/www.inforesidencias.com\/blog\/","name":"Blog Inforesidencias.com","description":"El buscador de residencias de la 3\u00aa edad","potentialAction":[{"@type":"SearchAction","target":{"@type":"EntryPoint","urlTemplate":"https:\/\/www.inforesidencias.com\/blog\/?s={search_term_string}"},"query-input":"required name=search_term_string"}],"inLanguage":"es"},{"@type":"Person","@id":"https:\/\/www.inforesidencias.com\/blog\/#\/schema\/person\/9e146774d1eb3bc1c0316242a3898628","name":"Josep de Mart\u00ed","image":{"@type":"ImageObject","inLanguage":"es","@id":"https:\/\/www.inforesidencias.com\/blog\/#\/schema\/person\/image\/","url":"https:\/\/secure.gravatar.com\/avatar\/de0302c4806c00c4cebff396a798c1ff?s=96&d=mm&r=g","contentUrl":"https:\/\/secure.gravatar.com\/avatar\/de0302c4806c00c4cebff396a798c1ff?s=96&d=mm&r=g","caption":"Josep de Mart\u00ed"},"sameAs":["https:\/\/www.inforesidencias.com","https:\/\/www.facebook.com\/josep.demarti","https:\/\/twitter.com\/blog-ir"],"url":"https:\/\/www.inforesidencias.com\/blog\/index.php\/author\/josepdemarti\/"}]}},"_links":{"self":[{"href":"https:\/\/www.inforesidencias.com\/blog\/index.php\/wp-json\/wp\/v2\/posts\/3080"}],"collection":[{"href":"https:\/\/www.inforesidencias.com\/blog\/index.php\/wp-json\/wp\/v2\/posts"}],"about":[{"href":"https:\/\/www.inforesidencias.com\/blog\/index.php\/wp-json\/wp\/v2\/types\/post"}],"author":[{"embeddable":true,"href":"https:\/\/www.inforesidencias.com\/blog\/index.php\/wp-json\/wp\/v2\/users\/2"}],"replies":[{"embeddable":true,"href":"https:\/\/www.inforesidencias.com\/blog\/index.php\/wp-json\/wp\/v2\/comments?post=3080"}],"version-history":[{"count":2,"href":"https:\/\/www.inforesidencias.com\/blog\/index.php\/wp-json\/wp\/v2\/posts\/3080\/revisions"}],"predecessor-version":[{"id":3084,"href":"https:\/\/www.inforesidencias.com\/blog\/index.php\/wp-json\/wp\/v2\/posts\/3080\/revisions\/3084"}],"wp:featuredmedia":[{"embeddable":true,"href":"https:\/\/www.inforesidencias.com\/blog\/index.php\/wp-json\/wp\/v2\/media\/3083"}],"wp:attachment":[{"href":"https:\/\/www.inforesidencias.com\/blog\/index.php\/wp-json\/wp\/v2\/media?parent=3080"}],"wp:term":[{"taxonomy":"category","embeddable":true,"href":"https:\/\/www.inforesidencias.com\/blog\/index.php\/wp-json\/wp\/v2\/categories?post=3080"},{"taxonomy":"post_tag","embeddable":true,"href":"https:\/\/www.inforesidencias.com\/blog\/index.php\/wp-json\/wp\/v2\/tags?post=3080"}],"curies":[{"name":"wp","href":"https:\/\/api.w.org\/{rel}","templated":true}]}}