{"id":3095,"date":"2020-04-30T17:53:04","date_gmt":"2020-04-30T17:53:04","guid":{"rendered":"https:\/\/www.inforesidencias.com\/blog\/?p=3095"},"modified":"2020-04-30T17:53:04","modified_gmt":"2020-04-30T17:53:04","slug":"explicando-en-la-radio-la-crisis-del-coronavirus-en-las-residencias-de-mayores","status":"publish","type":"post","link":"https:\/\/www.inforesidencias.com\/blog\/index.php\/2020\/04\/30\/explicando-en-la-radio-la-crisis-del-coronavirus-en-las-residencias-de-mayores\/","title":{"rendered":"Explicando en la radio la crisis del Coronavirus en las residencias de mayores"},"content":{"rendered":"<p style=\"text-align: justify\">Volvemos a emitir el programa \u201c\u00c9s gran ser gran\u201d que inforesidencias tiene en radio Estel. Estas \u00faltimas semanas debido al Coronavirus no ha sido posible y ahora hemos podido volver extremando much\u00edsimo las medidas de seguridad.<\/p>\n<p style=\"text-align: justify\">En el <a href=\"https:\/\/www.estelfitxers.com\/audio\/20200429-17_00TEMPSDEBENESTAR-ESGRANSERGRAN.MP3\">programa de este mi\u00e9rcoles d\u00eda 29 de abril <\/a>empezamos hablando de Coronavirus en las residencias de mayores y de como se aborda este tema en los medios de comunicaci\u00f3n.<\/p>\n<p style=\"text-align: justify\">Para dar su testimonio hablamos con Alicia Tarrag\u00f3n, directora de la <a href=\"https:\/\/www.inforesidencias.com\/centros\/residencia\/3066\/residencia-mossen-anton-san-adrian-del-besos\">residencia Moss\u00e8n Anton, de Sant Adri\u00e0 de Besos<\/a>. Alicia nos explic\u00f3 como han vivido la situaci\u00f3n desde el principio. Tambi\u00e9n nos explic\u00f3 como se tomaron al principio los residentes al principio el hecho de no poder recibir visitas de sus familiares y que tampoco puedan tener contacto f\u00edsico con nadie. Algo revelador fue cuando nos explic\u00f3 que hasta el d\u00eda antes de esta entrevista no han venido los servicios de salud a hacer las pruebas del Coronavirus a los residentes y trabajadores. Por otro lado, tambi\u00e9n quisimos que Alicia nos explicara que las diferencias en el d\u00eda a d\u00eda de la residencia antes del Coronavirus y ahora y sobretodo el tema del aislamiento cuando a sido necesario y sus dificultades sobretodo en personas con demencia avanzada.<\/p>\n<p style=\"text-align: justify\">Finalmente hablamos brevemente sobre la imposibilidad de hacer nuevos ingresos en las residencias de mayores desde mediados de marzo aunque tengan plazas vac\u00edas en estos momentos<\/p>\n<p style=\"text-align: justify\">Tampoco pudimos olvidar la bolsa de empleo ya que en estos momentos sigue faltando mucho personal en residencias de mayores debido a que ala principio de la pandemia se mandaba a casa que hab\u00edan tenido contacto con alguna persona que hubiera tenido el virus. Esto, juntado con la dificultad de encontrar personal que ha habido siempre ha sido una especie de tormenta perfecta.<\/p>\n<p style=\"text-align: justify\"><a href=\"https:\/\/www.inforesidencias.com\/blog\/wp-content\/uploads\/2020\/04\/Coronavirus-en-las-residencias-de-mayores1.png\"><img decoding=\"async\" loading=\"lazy\" class=\"alignleft size-full wp-image-3100\" src=\"https:\/\/www.inforesidencias.com\/blog\/wp-content\/uploads\/2020\/04\/Coronavirus-en-las-residencias-de-mayores1.png\" alt=\"Coronavirus en las residencias de mayores\" width=\"400\" height=\"322\" \/><\/a><\/p>\n<p style=\"text-align: justify\"><a href=\"https:\/\/www.estelfitxers.com\/audio\/20200430-17_00TEMPSDEBENESTAR-ESGRANSERGRAN.MP3\">En el programa del jueves <\/a>empezamos hablando otra vez sobre Coronavirus en las residencias de mayores. No nos queremos repetir pero creemos que hace mucha falta decir cosas que no se ha dicho. En este d\u00eda explicamos la falta de equipos de protecci\u00f3n individual en residencias durante esta crisis del Coronavirus y como vieron que adem\u00e1s su personal iba cogiendo la baja y no pod\u00edan contratar nuevo.<\/p>\n<p style=\"text-align: justify\">En la entrevista del d\u00eda el invitado fue <a href=\"https:\/\/dependencia.info\/noticia\/2751\/visto-en-la-red\/canal-inforesidencias.com:-entrevista-con-stephan-biel-consultor-gerontologico-colaborador-de-los-viajes-de-inforesidencias.html\">Stephan Biel<\/a>. El es enfermero, geront\u00f3logo y formador de residencias y experto de residencias de otros pa\u00edses de nuestro entorno. Sobre este \u00faltimo aspecto Stephan coment\u00f3 como estaba por ejemplo una residencia muy grande de Suiza. Josep quiso enfatizar un tema concreto que era el de recibir visitas en los \u00faltimos momentos de la vida de los residentes incluso con Coronavirus, para que se pudieran despedir. Eso se consigui\u00f3 aplicando una serie de medidas de seguridad y prevenci\u00f3n. En cuanto en Alemania nos explic\u00f3 como en un complejo de Hannover muy grande que encima tiene apartamentos tampoco han tenido casos siendo muy estrictos en las visitas (no permitidos) y en las medidas de higiene.<\/p>\n<p style=\"text-align: justify\">Stephan tambi\u00e9n respondi\u00f3 a la pregunta que le plante\u00f3 Josep sobre si en Espa\u00f1a se podr\u00edan haber gestionado mejor ciertos aspectos de esta pandemia en relaci\u00f3n a las personas mayores en Espa\u00f1a. Finamente dio su opini\u00f3n sobre como ve las residencias en Espa\u00f1a del futuro despu\u00e9s del Coronavirus y como el cree que el futuro estar\u00e1 orientado en peque\u00f1as unidades de convivencia y continuar trabajando muy fuerte por la atenci\u00f3n centrada en la persona.<\/p>\n<p style=\"text-align: justify\">En la recta final del programa , en la bolsa de trabajo, Josep de Mart\u00ed record\u00f3 de nuevo la necesidad de personal actual de las residencias de mayores de todo el pa\u00eds y como se ha permitido por parte del gobierno que cualquier persona que quiera trabajar como gerocultor en residencias pueda hacerlo sin tener ninguna titulaci\u00f3n. Todo esto de forma transitoria y excepcional claro. Se permite y se pide a las residencias que formen a estas personas en aspectos b\u00e1sicos de cuidado.<\/p>\n","protected":false},"excerpt":{"rendered":"<p>Volvemos a emitir el programa \u201c\u00c9s gran ser gran\u201d que inforesidencias tiene en radio Estel. Estas \u00faltimas semanas debido al Coronavirus no ha sido posible y ahora hemos podido volver extremando much\u00edsimo las medidas de seguridad. En el programa de este mi\u00e9rcoles d\u00eda 29 de abril empezamos hablando de Coronavirus en las residencias de mayores y de como se aborda este tema en los medios de comunicaci\u00f3n. Para dar su testimonio hablamos con Alicia Tarrag\u00f3n, directora de la residencia Moss\u00e8n Anton, de Sant Adri\u00e0 de Besos. Alicia nos explic\u00f3 como han vivido la situaci\u00f3n desde el principio. Tambi\u00e9n nos explic\u00f3 como se tomaron al principio los residentes al principio el hecho de no poder recibir visitas de sus familiares y que tampoco puedan tener contacto f\u00edsico con nadie. Algo revelador fue cuando nos explic\u00f3 que hasta el d\u00eda antes de esta entrevista no han venido los servicios de salud a [&hellip;]<\/p>\n","protected":false},"author":2,"featured_media":3098,"comment_status":"open","ping_status":"open","sticky":false,"template":"","format":"standard","meta":{"footnotes":""},"categories":[1],"tags":[],"yoast_head":"<!-- This site is optimized with the Yoast SEO plugin v21.7 - https:\/\/yoast.com\/wordpress\/plugins\/seo\/ -->\n<title>Explicando en la radio la crisis del Coronavirus en las residencias de mayores - Blog Inforesidencias.com<\/title>\n<meta name=\"description\" content=\"Esta semana en el programa nos hemos centrado en explicar la crisis del Coronavirus en las residencias de mayores y los invitados del sector opinaron\" \/>\n<meta name=\"robots\" content=\"index, follow, max-snippet:-1, max-image-preview:large, max-video-preview:-1\" \/>\n<link rel=\"canonical\" href=\"https:\/\/www.inforesidencias.com\/blog\/index.php\/2020\/04\/30\/explicando-en-la-radio-la-crisis-del-coronavirus-en-las-residencias-de-mayores\/\" \/>\n<meta property=\"og:locale\" content=\"es_ES\" \/>\n<meta property=\"og:type\" content=\"article\" \/>\n<meta property=\"og:title\" content=\"Explicando en la radio la crisis del Coronavirus en las residencias de mayores - Blog Inforesidencias.com\" \/>\n<meta property=\"og:description\" content=\"Esta semana en el programa nos hemos centrado en explicar la crisis del Coronavirus en las residencias de mayores y los invitados del sector opinaron\" \/>\n<meta property=\"og:url\" content=\"https:\/\/www.inforesidencias.com\/blog\/index.php\/2020\/04\/30\/explicando-en-la-radio-la-crisis-del-coronavirus-en-las-residencias-de-mayores\/\" \/>\n<meta property=\"og:site_name\" content=\"Blog Inforesidencias.com\" \/>\n<meta property=\"article:publisher\" content=\"https:\/\/www.facebook.com\/Inforesidencias\/\" \/>\n<meta property=\"article:author\" content=\"https:\/\/www.facebook.com\/josep.demarti\" \/>\n<meta property=\"article:published_time\" content=\"2020-04-30T17:53:04+00:00\" \/>\n<meta property=\"og:image\" content=\"https:\/\/www.inforesidencias.com\/blog\/wp-content\/uploads\/2020\/04\/Coronavirus-en-las-residencias-de-mayores.png\" \/>\n\t<meta property=\"og:image:width\" content=\"295\" \/>\n\t<meta property=\"og:image:height\" content=\"289\" \/>\n\t<meta property=\"og:image:type\" content=\"image\/png\" \/>\n<meta name=\"author\" content=\"Josep de Mart\u00ed\" \/>\n<meta name=\"twitter:card\" content=\"summary_large_image\" \/>\n<meta name=\"twitter:creator\" content=\"@blog-ir\" \/>\n<meta name=\"twitter:site\" content=\"@inforesidencias\" \/>\n<meta name=\"twitter:label1\" content=\"Escrito por\" \/>\n\t<meta name=\"twitter:data1\" content=\"Josep de Mart\u00ed\" \/>\n\t<meta name=\"twitter:label2\" content=\"Tiempo de lectura\" \/>\n\t<meta name=\"twitter:data2\" content=\"3 minutos\" \/>\n<script type=\"application\/ld+json\" class=\"yoast-schema-graph\">{\"@context\":\"https:\/\/schema.org\",\"@graph\":[{\"@type\":\"WebPage\",\"@id\":\"https:\/\/www.inforesidencias.com\/blog\/index.php\/2020\/04\/30\/explicando-en-la-radio-la-crisis-del-coronavirus-en-las-residencias-de-mayores\/\",\"url\":\"https:\/\/www.inforesidencias.com\/blog\/index.php\/2020\/04\/30\/explicando-en-la-radio-la-crisis-del-coronavirus-en-las-residencias-de-mayores\/\",\"name\":\"Explicando en la radio la crisis del Coronavirus en las residencias de mayores - Blog Inforesidencias.com\",\"isPartOf\":{\"@id\":\"https:\/\/www.inforesidencias.com\/blog\/#website\"},\"datePublished\":\"2020-04-30T17:53:04+00:00\",\"dateModified\":\"2020-04-30T17:53:04+00:00\",\"author\":{\"@id\":\"https:\/\/www.inforesidencias.com\/blog\/#\/schema\/person\/9e146774d1eb3bc1c0316242a3898628\"},\"description\":\"Esta semana en el programa nos hemos centrado en explicar la crisis del Coronavirus en las residencias de mayores y los invitados del sector opinaron\",\"breadcrumb\":{\"@id\":\"https:\/\/www.inforesidencias.com\/blog\/index.php\/2020\/04\/30\/explicando-en-la-radio-la-crisis-del-coronavirus-en-las-residencias-de-mayores\/#breadcrumb\"},\"inLanguage\":\"es\",\"potentialAction\":[{\"@type\":\"ReadAction\",\"target\":[\"https:\/\/www.inforesidencias.com\/blog\/index.php\/2020\/04\/30\/explicando-en-la-radio-la-crisis-del-coronavirus-en-las-residencias-de-mayores\/\"]}]},{\"@type\":\"BreadcrumbList\",\"@id\":\"https:\/\/www.inforesidencias.com\/blog\/index.php\/2020\/04\/30\/explicando-en-la-radio-la-crisis-del-coronavirus-en-las-residencias-de-mayores\/#breadcrumb\",\"itemListElement\":[{\"@type\":\"ListItem\",\"position\":1,\"name\":\"Home\",\"item\":\"https:\/\/www.inforesidencias.com\/blog\/\"},{\"@type\":\"ListItem\",\"position\":2,\"name\":\"Explicando en la radio la crisis del Coronavirus en las residencias de mayores\"}]},{\"@type\":\"WebSite\",\"@id\":\"https:\/\/www.inforesidencias.com\/blog\/#website\",\"url\":\"https:\/\/www.inforesidencias.com\/blog\/\",\"name\":\"Blog Inforesidencias.com\",\"description\":\"El buscador de residencias de la 3\u00aa edad\",\"potentialAction\":[{\"@type\":\"SearchAction\",\"target\":{\"@type\":\"EntryPoint\",\"urlTemplate\":\"https:\/\/www.inforesidencias.com\/blog\/?s={search_term_string}\"},\"query-input\":\"required name=search_term_string\"}],\"inLanguage\":\"es\"},{\"@type\":\"Person\",\"@id\":\"https:\/\/www.inforesidencias.com\/blog\/#\/schema\/person\/9e146774d1eb3bc1c0316242a3898628\",\"name\":\"Josep de Mart\u00ed\",\"image\":{\"@type\":\"ImageObject\",\"inLanguage\":\"es\",\"@id\":\"https:\/\/www.inforesidencias.com\/blog\/#\/schema\/person\/image\/\",\"url\":\"https:\/\/secure.gravatar.com\/avatar\/de0302c4806c00c4cebff396a798c1ff?s=96&d=mm&r=g\",\"contentUrl\":\"https:\/\/secure.gravatar.com\/avatar\/de0302c4806c00c4cebff396a798c1ff?s=96&d=mm&r=g\",\"caption\":\"Josep de Mart\u00ed\"},\"sameAs\":[\"https:\/\/www.inforesidencias.com\",\"https:\/\/www.facebook.com\/josep.demarti\",\"https:\/\/twitter.com\/blog-ir\"],\"url\":\"https:\/\/www.inforesidencias.com\/blog\/index.php\/author\/josepdemarti\/\"}]}<\/script>\n<!-- \/ Yoast SEO plugin. -->","yoast_head_json":{"title":"Explicando en la radio la crisis del Coronavirus en las residencias de mayores - Blog Inforesidencias.com","description":"Esta semana en el programa nos hemos centrado en explicar la crisis del Coronavirus en las residencias de mayores y los invitados del sector opinaron","robots":{"index":"index","follow":"follow","max-snippet":"max-snippet:-1","max-image-preview":"max-image-preview:large","max-video-preview":"max-video-preview:-1"},"canonical":"https:\/\/www.inforesidencias.com\/blog\/index.php\/2020\/04\/30\/explicando-en-la-radio-la-crisis-del-coronavirus-en-las-residencias-de-mayores\/","og_locale":"es_ES","og_type":"article","og_title":"Explicando en la radio la crisis del Coronavirus en las residencias de mayores - Blog Inforesidencias.com","og_description":"Esta semana en el programa nos hemos centrado en explicar la crisis del Coronavirus en las residencias de mayores y los invitados del sector opinaron","og_url":"https:\/\/www.inforesidencias.com\/blog\/index.php\/2020\/04\/30\/explicando-en-la-radio-la-crisis-del-coronavirus-en-las-residencias-de-mayores\/","og_site_name":"Blog Inforesidencias.com","article_publisher":"https:\/\/www.facebook.com\/Inforesidencias\/","article_author":"https:\/\/www.facebook.com\/josep.demarti","article_published_time":"2020-04-30T17:53:04+00:00","og_image":[{"width":295,"height":289,"url":"https:\/\/www.inforesidencias.com\/blog\/wp-content\/uploads\/2020\/04\/Coronavirus-en-las-residencias-de-mayores.png","type":"image\/png"}],"author":"Josep de Mart\u00ed","twitter_card":"summary_large_image","twitter_creator":"@blog-ir","twitter_site":"@inforesidencias","twitter_misc":{"Escrito por":"Josep de Mart\u00ed","Tiempo de lectura":"3 minutos"},"schema":{"@context":"https:\/\/schema.org","@graph":[{"@type":"WebPage","@id":"https:\/\/www.inforesidencias.com\/blog\/index.php\/2020\/04\/30\/explicando-en-la-radio-la-crisis-del-coronavirus-en-las-residencias-de-mayores\/","url":"https:\/\/www.inforesidencias.com\/blog\/index.php\/2020\/04\/30\/explicando-en-la-radio-la-crisis-del-coronavirus-en-las-residencias-de-mayores\/","name":"Explicando en la radio la crisis del Coronavirus en las residencias de mayores - Blog Inforesidencias.com","isPartOf":{"@id":"https:\/\/www.inforesidencias.com\/blog\/#website"},"datePublished":"2020-04-30T17:53:04+00:00","dateModified":"2020-04-30T17:53:04+00:00","author":{"@id":"https:\/\/www.inforesidencias.com\/blog\/#\/schema\/person\/9e146774d1eb3bc1c0316242a3898628"},"description":"Esta semana en el programa nos hemos centrado en explicar la crisis del Coronavirus en las residencias de mayores y los invitados del sector opinaron","breadcrumb":{"@id":"https:\/\/www.inforesidencias.com\/blog\/index.php\/2020\/04\/30\/explicando-en-la-radio-la-crisis-del-coronavirus-en-las-residencias-de-mayores\/#breadcrumb"},"inLanguage":"es","potentialAction":[{"@type":"ReadAction","target":["https:\/\/www.inforesidencias.com\/blog\/index.php\/2020\/04\/30\/explicando-en-la-radio-la-crisis-del-coronavirus-en-las-residencias-de-mayores\/"]}]},{"@type":"BreadcrumbList","@id":"https:\/\/www.inforesidencias.com\/blog\/index.php\/2020\/04\/30\/explicando-en-la-radio-la-crisis-del-coronavirus-en-las-residencias-de-mayores\/#breadcrumb","itemListElement":[{"@type":"ListItem","position":1,"name":"Home","item":"https:\/\/www.inforesidencias.com\/blog\/"},{"@type":"ListItem","position":2,"name":"Explicando en la radio la crisis del Coronavirus en las residencias de mayores"}]},{"@type":"WebSite","@id":"https:\/\/www.inforesidencias.com\/blog\/#website","url":"https:\/\/www.inforesidencias.com\/blog\/","name":"Blog Inforesidencias.com","description":"El buscador de residencias de la 3\u00aa edad","potentialAction":[{"@type":"SearchAction","target":{"@type":"EntryPoint","urlTemplate":"https:\/\/www.inforesidencias.com\/blog\/?s={search_term_string}"},"query-input":"required name=search_term_string"}],"inLanguage":"es"},{"@type":"Person","@id":"https:\/\/www.inforesidencias.com\/blog\/#\/schema\/person\/9e146774d1eb3bc1c0316242a3898628","name":"Josep de Mart\u00ed","image":{"@type":"ImageObject","inLanguage":"es","@id":"https:\/\/www.inforesidencias.com\/blog\/#\/schema\/person\/image\/","url":"https:\/\/secure.gravatar.com\/avatar\/de0302c4806c00c4cebff396a798c1ff?s=96&d=mm&r=g","contentUrl":"https:\/\/secure.gravatar.com\/avatar\/de0302c4806c00c4cebff396a798c1ff?s=96&d=mm&r=g","caption":"Josep de Mart\u00ed"},"sameAs":["https:\/\/www.inforesidencias.com","https:\/\/www.facebook.com\/josep.demarti","https:\/\/twitter.com\/blog-ir"],"url":"https:\/\/www.inforesidencias.com\/blog\/index.php\/author\/josepdemarti\/"}]}},"_links":{"self":[{"href":"https:\/\/www.inforesidencias.com\/blog\/index.php\/wp-json\/wp\/v2\/posts\/3095"}],"collection":[{"href":"https:\/\/www.inforesidencias.com\/blog\/index.php\/wp-json\/wp\/v2\/posts"}],"about":[{"href":"https:\/\/www.inforesidencias.com\/blog\/index.php\/wp-json\/wp\/v2\/types\/post"}],"author":[{"embeddable":true,"href":"https:\/\/www.inforesidencias.com\/blog\/index.php\/wp-json\/wp\/v2\/users\/2"}],"replies":[{"embeddable":true,"href":"https:\/\/www.inforesidencias.com\/blog\/index.php\/wp-json\/wp\/v2\/comments?post=3095"}],"version-history":[{"count":3,"href":"https:\/\/www.inforesidencias.com\/blog\/index.php\/wp-json\/wp\/v2\/posts\/3095\/revisions"}],"predecessor-version":[{"id":3102,"href":"https:\/\/www.inforesidencias.com\/blog\/index.php\/wp-json\/wp\/v2\/posts\/3095\/revisions\/3102"}],"wp:featuredmedia":[{"embeddable":true,"href":"https:\/\/www.inforesidencias.com\/blog\/index.php\/wp-json\/wp\/v2\/media\/3098"}],"wp:attachment":[{"href":"https:\/\/www.inforesidencias.com\/blog\/index.php\/wp-json\/wp\/v2\/media?parent=3095"}],"wp:term":[{"taxonomy":"category","embeddable":true,"href":"https:\/\/www.inforesidencias.com\/blog\/index.php\/wp-json\/wp\/v2\/categories?post=3095"},{"taxonomy":"post_tag","embeddable":true,"href":"https:\/\/www.inforesidencias.com\/blog\/index.php\/wp-json\/wp\/v2\/tags?post=3095"}],"curies":[{"name":"wp","href":"https:\/\/api.w.org\/{rel}","templated":true}]}}