{"id":3121,"date":"2020-05-20T08:21:20","date_gmt":"2020-05-20T08:21:20","guid":{"rendered":"https:\/\/www.inforesidencias.com\/blog\/?p=3121"},"modified":"2020-05-20T08:21:20","modified_gmt":"2020-05-20T08:21:20","slug":"sector-geriatrico-en-andalucia","status":"publish","type":"post","link":"https:\/\/www.inforesidencias.com\/blog\/index.php\/2020\/05\/20\/sector-geriatrico-en-andalucia\/","title":{"rendered":"Sector geri\u00e1trico en Andaluc\u00eda"},"content":{"rendered":"<p><a href=\"https:\/\/www.inforesidencias.com\/blog\/wp-content\/uploads\/2020\/05\/348px-Escudo_de_Andaluci\u0301a_oficial.svg_.png\"><img decoding=\"async\" loading=\"lazy\" class=\"alignleft size-full wp-image-3123\" src=\"https:\/\/www.inforesidencias.com\/blog\/wp-content\/uploads\/2020\/05\/348px-Escudo_de_Andaluci\u0301a_oficial.svg_.png\" alt=\"348px-Escudo_de_Andaluci\u0301a_(oficial).svg\" width=\"348\" height=\"599\" \/><\/a><strong>Andaluc\u00eda<\/strong> es la comunidad con el mayor numero de habitantes\u00a0si lo comparamos con el resto de\u00a0las autonom\u00edas, con algo m\u00e1s de 8 millones de personas, que representan un 18% de la poblaci\u00f3n del estado.\u00a0 Es de las comunidades \u201cm\u00e1s j\u00f3venes\u201d, con un 17% de la poblaci\u00f3n mayor de 65 a\u00f1os (19% es la media de Espa\u00f1a) pero tambi\u00e9n es una de las comunidades con menos camas geri\u00e1tricas del estado, con un cierto d\u00e9ficit de <strong>residencias de mayores.<\/strong><\/p>\n<p>&nbsp;<\/p>\n<p><strong><span style=\"text-decoration: underline\">Datos b\u00e1sicos:<\/span><\/strong><\/p>\n<ul>\n<li>Poblaci\u00f3n: 8.410.022, que es el 18% de la poblaci\u00f3n total del Estado<\/li>\n<li>Poblaci\u00f3n &gt; 65 a\u00f1os: 1.439.626, que representa el 17% de la poblaci\u00f3n de Andaluc\u00eda<\/li>\n<li>Poblaci\u00f3n &gt; 80 a\u00f1os: 412.236, que son el 5% de la poblaci\u00f3n de Andaluc\u00eda<\/li>\n<li>Centros geri\u00e1tricos operativos: 636<\/li>\n<li>Camas geri\u00e1tricas operativas: 383 camas<\/li>\n<li>Ratio de camas por cada 100 personas mayores de 65 a\u00f1os: 3,01 (la media de Espa\u00f1a es 4,08)<\/li>\n<li>Ratio de camas por cada 100 personas mayores de 80 a\u00f1os: 10,52 (la media de Espa\u00f1a es 12,09)<\/li>\n<\/ul>\n<p>&nbsp;<\/p>\n<p>Andaluc\u00eda siempre ha sido una comunidad donde se han introducido novedades en el sector geroasistencial, con los primeros senior resorts, centros que aplican el modelo de <a href=\"https:\/\/www.inforesidencias.com\/contenidos\/profesionales\/nacional\/-que-es-la-atencion-centrada-en-la-persona\">atenci\u00f3n centrado en la persona<\/a> o los complejos orientados a mayores extranjeros.<\/p>\n<p>Sin embargo, Andaluc\u00eda es tambi\u00e9n una de las comunidades aut\u00f3nomas con menor n\u00famero de\u00a0<strong>camas geri\u00e1tricas<\/strong> por persona, cuando la recomendaci\u00f3n de la OMS es de 5 plazas por cada 100 personas mayores de 65 a\u00f1os, Andaluc\u00eda a d\u00eda de hoy solo dispone de 3 camas geri\u00e1tricas.\u00a0 Aunque es tambi\u00e9n de las comunidades aut\u00f3nomas con mayor n\u00famero de proyectos de <strong>residencias de la tercera edad<\/strong> en marcha que ayudaran a sumar otras 3500 camas.<\/p>\n<p>En 2020 hab\u00eda 636 centros de tercera edad, con un total de 43.383 camas geri\u00e1tricas disponibles, con un importante n\u00famero de proyectos tanto p\u00fablicos como privados en marcha, esto sumar\u00eda \u00a0casi un 8% m\u00e1s de camas<\/p>\n<p>Otra peculiaridad de Andaluc\u00eda es la importancia del Sector p\u00fablico con un peso del 37% de las camas disponibles, seguido por el Tercer Sector con casi un 32% de las plazas disponibles, y con solo el 31% por parte del sector privado, con gestores locales y nacionales.<\/p>\n<p>Es una comunidad donde las camas geri\u00e1tricas est\u00e1n divididas de la siguiente forma:<\/p>\n<ul>\n<li>31% Promotores privados (grupos y particulares)<\/li>\n<li>32% Tercer sector<\/li>\n<li>37% P\u00fablico, dividido entre:\n<ul>\n<li>12% Publico municipal<\/li>\n<li>8% P\u00fablico auton\u00f3mico<\/li>\n<li>3% P\u00fablico estatal<\/li>\n<li>14% Concesiones administrativas de obra y explotaci\u00f3n<\/li>\n<\/ul>\n<\/li>\n<\/ul>\n<p>Los cinco grupos que est\u00e1n siendo m\u00e1s activos en esta comunidad son:<\/p>\n<ul>\n<li>Grupo Vitalia<\/li>\n<li>Grupo DomusVi Espa\u00f1a<\/li>\n<li>Grupo Orpea Ib\u00e9rica S.A.<\/li>\n<li>Grupo Korian (Residencias familiares para Mayores S.L)<\/li>\n<li>Grupo Ballesol<\/li>\n<\/ul>\n<p>Para tener una idea de las <a href=\"https:\/\/www.inforesidencias.com\/centros\/buscador\/residencias\/andalucia\">residencias para mayores<\/a> en la comunidad de Andaluc\u00eda o bien entrar en el detalle de cada provincia, no dudes en utilizar el buscador y comparador <a href=\"https:\/\/www.inforesidencias.com\/centros\/buscador\/residencias\/\" target=\"_blank\">inforesidencias.com<\/a> para ver:<\/p>\n<ul>\n<li>Residencias de\u00a0mayores\u00a0en <a href=\"https:\/\/www.inforesidencias.com\/centros\/buscador\/residencias\/andalucia\/almeria\">Almer\u00eda<\/a><\/li>\n<li>Residencias de mayores <a href=\"https:\/\/www.inforesidencias.com\/centros\/buscador\/residencias\/andalucia\/cadiz\">C\u00e1diz<\/a><\/li>\n<li>Residencias de\u00a0mayores en <a href=\"https:\/\/www.inforesidencias.com\/centros\/buscador\/residencias\/andalucia\/cordoba\">C\u00f3rdoba<\/a><\/li>\n<li>Residencias de\u00a0mayores en <a href=\"https:\/\/www.inforesidencias.com\/centros\/buscador\/residencias\/andalucia\/huelva\">Huelv<\/a>a<\/li>\n<li>Residencias de mayores en <a href=\"https:\/\/www.inforesidencias.com\/centros\/buscador\/residencias\/andalucia\/jaen\">Ja\u00e9n<\/a><\/li>\n<li>Residencias de\u00a0mayores en <a href=\"https:\/\/www.inforesidencias.com\/centros\/buscador\/residencias\/andalucia\/malaga\">M\u00e1laga<\/a><\/li>\n<li>Residencias de\u00a0mayores en <a href=\"https:\/\/www.inforesidencias.com\/centros\/buscador\/residencias\/andalucia\/sevilla\">Sevilla<\/a><\/li>\n<\/ul>\n<p>A parte, desde la agencia de servicios sociales y de la dependencia de <a href=\"https:\/\/www.juntadeandalucia.es\/agenciadeserviciossocialesydependenciaes\/canales\/atencion_dependencia\/wfchannel_view_pub\">La Junta de Andaluc\u00eda<\/a>\u00a0puedes encontrar toda la informaci\u00f3n en materia de dependencia si quieres recabar m\u00e1s informaci\u00f3n.<\/p>\n<p><em>Los datos que contiene este informe provienen de Inforesidencias.com, el <a href=\"http:\/\/envejecimiento.csic.es\/general\/index.html\">portal Mayores<\/a>, datos del <a href=\"https:\/\/www.ine.es\/\">INE<\/a> 2019, \u00a0e informaci\u00f3n p\u00fablica difundida por prestigiosos medios como Alimarket.<\/em><\/p>\n<p>Anna Cebri\u00e1n<br \/>\nInforesidencias.com<\/p>\n<p>&nbsp;<\/p>\n","protected":false},"excerpt":{"rendered":"<p>Andaluc\u00eda es la comunidad con el mayor numero de habitantes\u00a0si lo comparamos con el resto de\u00a0las autonom\u00edas, con algo m\u00e1s de 8 millones de personas, que representan un 18% de la poblaci\u00f3n del estado.\u00a0 Es de las comunidades \u201cm\u00e1s j\u00f3venes\u201d, con un 17% de la poblaci\u00f3n mayor de 65 a\u00f1os (19% es la media de Espa\u00f1a) pero tambi\u00e9n es una de las comunidades con menos camas geri\u00e1tricas del estado, con un cierto d\u00e9ficit de residencias de mayores. &nbsp; Datos b\u00e1sicos: Poblaci\u00f3n: 8.410.022, que es el 18% de la poblaci\u00f3n total del Estado Poblaci\u00f3n &gt; 65 a\u00f1os: 1.439.626, que representa el 17% de la poblaci\u00f3n de Andaluc\u00eda Poblaci\u00f3n &gt; 80 a\u00f1os: 412.236, que son el 5% de la poblaci\u00f3n de Andaluc\u00eda Centros geri\u00e1tricos operativos: 636 Camas geri\u00e1tricas operativas: 383 camas Ratio de camas por cada 100 personas mayores de 65 a\u00f1os: 3,01 (la media de Espa\u00f1a es 4,08) Ratio de camas [&hellip;]<\/p>\n","protected":false},"author":2,"featured_media":0,"comment_status":"open","ping_status":"open","sticky":false,"template":"","format":"standard","meta":{"footnotes":""},"categories":[14,3,5,89],"tags":[],"yoast_head":"<!-- This site is optimized with the Yoast SEO plugin v21.7 - https:\/\/yoast.com\/wordpress\/plugins\/seo\/ -->\n<title>Sector geri\u00e1trico en Andaluc\u00eda - Blog Inforesidencias.com<\/title>\n<meta name=\"description\" content=\"Estudio de la titularidad de las camas geri\u00e1tricas y el sector geroasistencial en la comunidad aut\u00f3noma de Andaluc\u00eda: residencias de mayores y centros de d\u00eda\" \/>\n<meta name=\"robots\" content=\"index, follow, max-snippet:-1, max-image-preview:large, max-video-preview:-1\" \/>\n<link rel=\"canonical\" href=\"https:\/\/www.inforesidencias.com\/blog\/index.php\/2020\/05\/20\/sector-geriatrico-en-andalucia\/\" \/>\n<meta property=\"og:locale\" content=\"es_ES\" \/>\n<meta property=\"og:type\" content=\"article\" \/>\n<meta property=\"og:title\" content=\"Sector geri\u00e1trico en Andaluc\u00eda - Blog Inforesidencias.com\" \/>\n<meta property=\"og:description\" content=\"Estudio de la titularidad de las camas geri\u00e1tricas y el sector geroasistencial en la comunidad aut\u00f3noma de Andaluc\u00eda: residencias de mayores y centros de d\u00eda\" \/>\n<meta property=\"og:url\" content=\"https:\/\/www.inforesidencias.com\/blog\/index.php\/2020\/05\/20\/sector-geriatrico-en-andalucia\/\" \/>\n<meta property=\"og:site_name\" content=\"Blog Inforesidencias.com\" \/>\n<meta property=\"article:publisher\" content=\"https:\/\/www.facebook.com\/Inforesidencias\/\" \/>\n<meta property=\"article:author\" content=\"https:\/\/www.facebook.com\/josep.demarti\" \/>\n<meta property=\"article:published_time\" content=\"2020-05-20T08:21:20+00:00\" \/>\n<meta name=\"author\" content=\"Josep de Mart\u00ed\" \/>\n<meta name=\"twitter:card\" content=\"summary_large_image\" \/>\n<meta name=\"twitter:creator\" content=\"@blog-ir\" \/>\n<meta name=\"twitter:site\" content=\"@inforesidencias\" \/>\n<meta name=\"twitter:label1\" content=\"Escrito por\" \/>\n\t<meta name=\"twitter:data1\" content=\"Josep de Mart\u00ed\" \/>\n\t<meta name=\"twitter:label2\" content=\"Tiempo de lectura\" \/>\n\t<meta name=\"twitter:data2\" content=\"3 minutos\" \/>\n<script type=\"application\/ld+json\" class=\"yoast-schema-graph\">{\"@context\":\"https:\/\/schema.org\",\"@graph\":[{\"@type\":\"WebPage\",\"@id\":\"https:\/\/www.inforesidencias.com\/blog\/index.php\/2020\/05\/20\/sector-geriatrico-en-andalucia\/\",\"url\":\"https:\/\/www.inforesidencias.com\/blog\/index.php\/2020\/05\/20\/sector-geriatrico-en-andalucia\/\",\"name\":\"Sector geri\u00e1trico en Andaluc\u00eda - Blog Inforesidencias.com\",\"isPartOf\":{\"@id\":\"https:\/\/www.inforesidencias.com\/blog\/#website\"},\"datePublished\":\"2020-05-20T08:21:20+00:00\",\"dateModified\":\"2020-05-20T08:21:20+00:00\",\"author\":{\"@id\":\"https:\/\/www.inforesidencias.com\/blog\/#\/schema\/person\/9e146774d1eb3bc1c0316242a3898628\"},\"description\":\"Estudio de la titularidad de las camas geri\u00e1tricas y el sector geroasistencial en la comunidad aut\u00f3noma de Andaluc\u00eda: residencias de mayores y centros de d\u00eda\",\"breadcrumb\":{\"@id\":\"https:\/\/www.inforesidencias.com\/blog\/index.php\/2020\/05\/20\/sector-geriatrico-en-andalucia\/#breadcrumb\"},\"inLanguage\":\"es\",\"potentialAction\":[{\"@type\":\"ReadAction\",\"target\":[\"https:\/\/www.inforesidencias.com\/blog\/index.php\/2020\/05\/20\/sector-geriatrico-en-andalucia\/\"]}]},{\"@type\":\"BreadcrumbList\",\"@id\":\"https:\/\/www.inforesidencias.com\/blog\/index.php\/2020\/05\/20\/sector-geriatrico-en-andalucia\/#breadcrumb\",\"itemListElement\":[{\"@type\":\"ListItem\",\"position\":1,\"name\":\"Home\",\"item\":\"https:\/\/www.inforesidencias.com\/blog\/\"},{\"@type\":\"ListItem\",\"position\":2,\"name\":\"Sector geri\u00e1trico en Andaluc\u00eda\"}]},{\"@type\":\"WebSite\",\"@id\":\"https:\/\/www.inforesidencias.com\/blog\/#website\",\"url\":\"https:\/\/www.inforesidencias.com\/blog\/\",\"name\":\"Blog Inforesidencias.com\",\"description\":\"El buscador de residencias de la 3\u00aa edad\",\"potentialAction\":[{\"@type\":\"SearchAction\",\"target\":{\"@type\":\"EntryPoint\",\"urlTemplate\":\"https:\/\/www.inforesidencias.com\/blog\/?s={search_term_string}\"},\"query-input\":\"required name=search_term_string\"}],\"inLanguage\":\"es\"},{\"@type\":\"Person\",\"@id\":\"https:\/\/www.inforesidencias.com\/blog\/#\/schema\/person\/9e146774d1eb3bc1c0316242a3898628\",\"name\":\"Josep de Mart\u00ed\",\"image\":{\"@type\":\"ImageObject\",\"inLanguage\":\"es\",\"@id\":\"https:\/\/www.inforesidencias.com\/blog\/#\/schema\/person\/image\/\",\"url\":\"https:\/\/secure.gravatar.com\/avatar\/de0302c4806c00c4cebff396a798c1ff?s=96&d=mm&r=g\",\"contentUrl\":\"https:\/\/secure.gravatar.com\/avatar\/de0302c4806c00c4cebff396a798c1ff?s=96&d=mm&r=g\",\"caption\":\"Josep de Mart\u00ed\"},\"sameAs\":[\"https:\/\/www.inforesidencias.com\",\"https:\/\/www.facebook.com\/josep.demarti\",\"https:\/\/twitter.com\/blog-ir\"],\"url\":\"https:\/\/www.inforesidencias.com\/blog\/index.php\/author\/josepdemarti\/\"}]}<\/script>\n<!-- \/ Yoast SEO plugin. -->","yoast_head_json":{"title":"Sector geri\u00e1trico en Andaluc\u00eda - Blog Inforesidencias.com","description":"Estudio de la titularidad de las camas geri\u00e1tricas y el sector geroasistencial en la comunidad aut\u00f3noma de Andaluc\u00eda: residencias de mayores y centros de d\u00eda","robots":{"index":"index","follow":"follow","max-snippet":"max-snippet:-1","max-image-preview":"max-image-preview:large","max-video-preview":"max-video-preview:-1"},"canonical":"https:\/\/www.inforesidencias.com\/blog\/index.php\/2020\/05\/20\/sector-geriatrico-en-andalucia\/","og_locale":"es_ES","og_type":"article","og_title":"Sector geri\u00e1trico en Andaluc\u00eda - Blog Inforesidencias.com","og_description":"Estudio de la titularidad de las camas geri\u00e1tricas y el sector geroasistencial en la comunidad aut\u00f3noma de Andaluc\u00eda: residencias de mayores y centros de d\u00eda","og_url":"https:\/\/www.inforesidencias.com\/blog\/index.php\/2020\/05\/20\/sector-geriatrico-en-andalucia\/","og_site_name":"Blog Inforesidencias.com","article_publisher":"https:\/\/www.facebook.com\/Inforesidencias\/","article_author":"https:\/\/www.facebook.com\/josep.demarti","article_published_time":"2020-05-20T08:21:20+00:00","author":"Josep de Mart\u00ed","twitter_card":"summary_large_image","twitter_creator":"@blog-ir","twitter_site":"@inforesidencias","twitter_misc":{"Escrito por":"Josep de Mart\u00ed","Tiempo de lectura":"3 minutos"},"schema":{"@context":"https:\/\/schema.org","@graph":[{"@type":"WebPage","@id":"https:\/\/www.inforesidencias.com\/blog\/index.php\/2020\/05\/20\/sector-geriatrico-en-andalucia\/","url":"https:\/\/www.inforesidencias.com\/blog\/index.php\/2020\/05\/20\/sector-geriatrico-en-andalucia\/","name":"Sector geri\u00e1trico en Andaluc\u00eda - Blog Inforesidencias.com","isPartOf":{"@id":"https:\/\/www.inforesidencias.com\/blog\/#website"},"datePublished":"2020-05-20T08:21:20+00:00","dateModified":"2020-05-20T08:21:20+00:00","author":{"@id":"https:\/\/www.inforesidencias.com\/blog\/#\/schema\/person\/9e146774d1eb3bc1c0316242a3898628"},"description":"Estudio de la titularidad de las camas geri\u00e1tricas y el sector geroasistencial en la comunidad aut\u00f3noma de Andaluc\u00eda: residencias de mayores y centros de d\u00eda","breadcrumb":{"@id":"https:\/\/www.inforesidencias.com\/blog\/index.php\/2020\/05\/20\/sector-geriatrico-en-andalucia\/#breadcrumb"},"inLanguage":"es","potentialAction":[{"@type":"ReadAction","target":["https:\/\/www.inforesidencias.com\/blog\/index.php\/2020\/05\/20\/sector-geriatrico-en-andalucia\/"]}]},{"@type":"BreadcrumbList","@id":"https:\/\/www.inforesidencias.com\/blog\/index.php\/2020\/05\/20\/sector-geriatrico-en-andalucia\/#breadcrumb","itemListElement":[{"@type":"ListItem","position":1,"name":"Home","item":"https:\/\/www.inforesidencias.com\/blog\/"},{"@type":"ListItem","position":2,"name":"Sector geri\u00e1trico en Andaluc\u00eda"}]},{"@type":"WebSite","@id":"https:\/\/www.inforesidencias.com\/blog\/#website","url":"https:\/\/www.inforesidencias.com\/blog\/","name":"Blog Inforesidencias.com","description":"El buscador de residencias de la 3\u00aa edad","potentialAction":[{"@type":"SearchAction","target":{"@type":"EntryPoint","urlTemplate":"https:\/\/www.inforesidencias.com\/blog\/?s={search_term_string}"},"query-input":"required name=search_term_string"}],"inLanguage":"es"},{"@type":"Person","@id":"https:\/\/www.inforesidencias.com\/blog\/#\/schema\/person\/9e146774d1eb3bc1c0316242a3898628","name":"Josep de Mart\u00ed","image":{"@type":"ImageObject","inLanguage":"es","@id":"https:\/\/www.inforesidencias.com\/blog\/#\/schema\/person\/image\/","url":"https:\/\/secure.gravatar.com\/avatar\/de0302c4806c00c4cebff396a798c1ff?s=96&d=mm&r=g","contentUrl":"https:\/\/secure.gravatar.com\/avatar\/de0302c4806c00c4cebff396a798c1ff?s=96&d=mm&r=g","caption":"Josep de Mart\u00ed"},"sameAs":["https:\/\/www.inforesidencias.com","https:\/\/www.facebook.com\/josep.demarti","https:\/\/twitter.com\/blog-ir"],"url":"https:\/\/www.inforesidencias.com\/blog\/index.php\/author\/josepdemarti\/"}]}},"_links":{"self":[{"href":"https:\/\/www.inforesidencias.com\/blog\/index.php\/wp-json\/wp\/v2\/posts\/3121"}],"collection":[{"href":"https:\/\/www.inforesidencias.com\/blog\/index.php\/wp-json\/wp\/v2\/posts"}],"about":[{"href":"https:\/\/www.inforesidencias.com\/blog\/index.php\/wp-json\/wp\/v2\/types\/post"}],"author":[{"embeddable":true,"href":"https:\/\/www.inforesidencias.com\/blog\/index.php\/wp-json\/wp\/v2\/users\/2"}],"replies":[{"embeddable":true,"href":"https:\/\/www.inforesidencias.com\/blog\/index.php\/wp-json\/wp\/v2\/comments?post=3121"}],"version-history":[{"count":6,"href":"https:\/\/www.inforesidencias.com\/blog\/index.php\/wp-json\/wp\/v2\/posts\/3121\/revisions"}],"predecessor-version":[{"id":3213,"href":"https:\/\/www.inforesidencias.com\/blog\/index.php\/wp-json\/wp\/v2\/posts\/3121\/revisions\/3213"}],"wp:attachment":[{"href":"https:\/\/www.inforesidencias.com\/blog\/index.php\/wp-json\/wp\/v2\/media?parent=3121"}],"wp:term":[{"taxonomy":"category","embeddable":true,"href":"https:\/\/www.inforesidencias.com\/blog\/index.php\/wp-json\/wp\/v2\/categories?post=3121"},{"taxonomy":"post_tag","embeddable":true,"href":"https:\/\/www.inforesidencias.com\/blog\/index.php\/wp-json\/wp\/v2\/tags?post=3121"}],"curies":[{"name":"wp","href":"https:\/\/api.w.org\/{rel}","templated":true}]}}