{"id":3134,"date":"2020-05-06T08:31:47","date_gmt":"2020-05-06T08:31:47","guid":{"rendered":"https:\/\/www.inforesidencias.com\/blog\/?p=3134"},"modified":"2020-05-07T07:36:17","modified_gmt":"2020-05-07T07:36:17","slug":"como-ha-sido-la-presencia-del-coronavirus-en-las-residencias-de-mayores-2","status":"publish","type":"post","link":"https:\/\/www.inforesidencias.com\/blog\/index.php\/2020\/05\/06\/como-ha-sido-la-presencia-del-coronavirus-en-las-residencias-de-mayores-2\/","title":{"rendered":"\u00bfC\u00f3mo ha sido la presencia del Coronavirus en las residencias de mayores?"},"content":{"rendered":"<p>En este v\u00eddeo publicado recientemente en el canal de youtube de inforesidencias hablamos sobre la situaci\u00f3n del Coronavirus en las residencias de mayores. A trav\u00e9s de \u00e9l, Josep de Marti explica todo el proceso del virus desde que se empez\u00f3 a detectar a finales de 2020. Expone esta situaci\u00f3n y todo el\u00a0 proceso en que m\u00e1s se ha hablado de la gesti\u00f3n Coronavirus en las residencias de mayores y tambi\u00e9n analiza la situaci\u00f3n de Espa\u00f1a enfrente otros pa\u00edses de nuestro entorno.<\/p>\n<p><iframe loading=\"lazy\" width=\"500\" height=\"281\" src=\"https:\/\/www.youtube.com\/embed\/vdantfMzE5A?feature=oembed\" frameborder=\"0\" allow=\"accelerometer; autoplay; encrypted-media; gyroscope; picture-in-picture\" allowfullscreen><\/iframe><\/p>\n<p>En donde m\u00e1s se detiene por eso es en como lo han vivido las residencias y los hechos ocurridos a los que han tenido que hacer frente como el hecho de tener mucho personal de baja por contagio o riesgo de contagio, no recibir EPIS,\u00a0 no poder realizar tests porque no los ten\u00edan o porque no ven\u00edan a hacerlos, no poder derivar a urgencias durante unos d\u00edas etc.La lista de hechos que explica Josep no es corta.<\/p>\n<p>En forma de resumen Josep de Marti considera que aunque muchas residencias se avanzaron a la pandemia y a igual que muchas otras no han tenido ning\u00fan caso, era muy dif\u00edcil que no hubiera Coronavirus en las residencias de mayores debido alas caracter\u00edsticas del virus y de este sector de nuestra poblaci\u00f3n.<\/p>\n","protected":false},"excerpt":{"rendered":"<p>En este v\u00eddeo publicado recientemente en el canal de youtube de inforesidencias hablamos sobre la situaci\u00f3n del Coronavirus en las residencias de mayores. A trav\u00e9s de \u00e9l, Josep de Marti explica todo el proceso del virus desde que se empez\u00f3 a detectar a finales de 2020. Expone esta situaci\u00f3n y todo el\u00a0 proceso en que m\u00e1s se ha hablado de la gesti\u00f3n Coronavirus en las residencias de mayores y tambi\u00e9n analiza la situaci\u00f3n de Espa\u00f1a enfrente otros pa\u00edses de nuestro entorno. En donde m\u00e1s se detiene por eso es en como lo han vivido las residencias y los hechos ocurridos a los que han tenido que hacer frente como el hecho de tener mucho personal de baja por contagio o riesgo de contagio, no recibir EPIS,\u00a0 no poder realizar tests porque no los ten\u00edan o porque no ven\u00edan a hacerlos, no poder derivar a urgencias durante unos d\u00edas etc.La lista [&hellip;]<\/p>\n","protected":false},"author":2,"featured_media":3120,"comment_status":"open","ping_status":"open","sticky":false,"template":"","format":"standard","meta":{"footnotes":""},"categories":[91,5],"tags":[],"yoast_head":"<!-- This site is optimized with the Yoast SEO plugin v21.7 - https:\/\/yoast.com\/wordpress\/plugins\/seo\/ -->\n<title>\u00bfC\u00f3mo ha sido la presencia del Coronavirus en las residencias de mayores? - Blog Inforesidencias.com<\/title>\n<meta name=\"description\" content=\"El tema del Coronavirus en las residencias de mayores ha estado presente desde el principio debido a como ha golpeado al sector. Analicemos porqu\u00e9\" \/>\n<meta name=\"robots\" content=\"index, follow, max-snippet:-1, max-image-preview:large, max-video-preview:-1\" \/>\n<link rel=\"canonical\" href=\"https:\/\/www.inforesidencias.com\/blog\/index.php\/2020\/05\/06\/como-ha-sido-la-presencia-del-coronavirus-en-las-residencias-de-mayores-2\/\" \/>\n<meta property=\"og:locale\" content=\"es_ES\" \/>\n<meta property=\"og:type\" content=\"article\" \/>\n<meta property=\"og:title\" content=\"\u00bfC\u00f3mo ha sido la presencia del Coronavirus en las residencias de mayores? - Blog Inforesidencias.com\" \/>\n<meta property=\"og:description\" content=\"El tema del Coronavirus en las residencias de mayores ha estado presente desde el principio debido a como ha golpeado al sector. Analicemos porqu\u00e9\" \/>\n<meta property=\"og:url\" content=\"https:\/\/www.inforesidencias.com\/blog\/index.php\/2020\/05\/06\/como-ha-sido-la-presencia-del-coronavirus-en-las-residencias-de-mayores-2\/\" \/>\n<meta property=\"og:site_name\" content=\"Blog Inforesidencias.com\" \/>\n<meta property=\"article:publisher\" content=\"https:\/\/www.facebook.com\/Inforesidencias\/\" \/>\n<meta property=\"article:author\" content=\"https:\/\/www.facebook.com\/josep.demarti\" \/>\n<meta property=\"article:published_time\" content=\"2020-05-06T08:31:47+00:00\" \/>\n<meta property=\"article:modified_time\" content=\"2020-05-07T07:36:17+00:00\" \/>\n<meta property=\"og:image\" content=\"https:\/\/www.inforesidencias.com\/blog\/wp-content\/uploads\/2020\/05\/Coronavirus-en-las-residencias-de-mayores.png\" \/>\n\t<meta property=\"og:image:width\" content=\"400\" \/>\n\t<meta property=\"og:image:height\" content=\"205\" \/>\n\t<meta property=\"og:image:type\" content=\"image\/png\" \/>\n<meta name=\"author\" content=\"Josep de Mart\u00ed\" \/>\n<meta name=\"twitter:card\" content=\"summary_large_image\" \/>\n<meta name=\"twitter:creator\" content=\"@blog-ir\" \/>\n<meta name=\"twitter:site\" content=\"@inforesidencias\" \/>\n<meta name=\"twitter:label1\" content=\"Escrito por\" \/>\n\t<meta name=\"twitter:data1\" content=\"Josep de Mart\u00ed\" \/>\n\t<meta name=\"twitter:label2\" content=\"Tiempo de lectura\" \/>\n\t<meta name=\"twitter:data2\" content=\"1 minuto\" \/>\n<script type=\"application\/ld+json\" class=\"yoast-schema-graph\">{\"@context\":\"https:\/\/schema.org\",\"@graph\":[{\"@type\":\"WebPage\",\"@id\":\"https:\/\/www.inforesidencias.com\/blog\/index.php\/2020\/05\/06\/como-ha-sido-la-presencia-del-coronavirus-en-las-residencias-de-mayores-2\/\",\"url\":\"https:\/\/www.inforesidencias.com\/blog\/index.php\/2020\/05\/06\/como-ha-sido-la-presencia-del-coronavirus-en-las-residencias-de-mayores-2\/\",\"name\":\"\u00bfC\u00f3mo ha sido la presencia del Coronavirus en las residencias de mayores? - Blog Inforesidencias.com\",\"isPartOf\":{\"@id\":\"https:\/\/www.inforesidencias.com\/blog\/#website\"},\"datePublished\":\"2020-05-06T08:31:47+00:00\",\"dateModified\":\"2020-05-07T07:36:17+00:00\",\"author\":{\"@id\":\"https:\/\/www.inforesidencias.com\/blog\/#\/schema\/person\/9e146774d1eb3bc1c0316242a3898628\"},\"description\":\"El tema del Coronavirus en las residencias de mayores ha estado presente desde el principio debido a como ha golpeado al sector. Analicemos porqu\u00e9\",\"breadcrumb\":{\"@id\":\"https:\/\/www.inforesidencias.com\/blog\/index.php\/2020\/05\/06\/como-ha-sido-la-presencia-del-coronavirus-en-las-residencias-de-mayores-2\/#breadcrumb\"},\"inLanguage\":\"es\",\"potentialAction\":[{\"@type\":\"ReadAction\",\"target\":[\"https:\/\/www.inforesidencias.com\/blog\/index.php\/2020\/05\/06\/como-ha-sido-la-presencia-del-coronavirus-en-las-residencias-de-mayores-2\/\"]}]},{\"@type\":\"BreadcrumbList\",\"@id\":\"https:\/\/www.inforesidencias.com\/blog\/index.php\/2020\/05\/06\/como-ha-sido-la-presencia-del-coronavirus-en-las-residencias-de-mayores-2\/#breadcrumb\",\"itemListElement\":[{\"@type\":\"ListItem\",\"position\":1,\"name\":\"Home\",\"item\":\"https:\/\/www.inforesidencias.com\/blog\/\"},{\"@type\":\"ListItem\",\"position\":2,\"name\":\"\u00bfC\u00f3mo ha sido la presencia del Coronavirus en las residencias de mayores?\"}]},{\"@type\":\"WebSite\",\"@id\":\"https:\/\/www.inforesidencias.com\/blog\/#website\",\"url\":\"https:\/\/www.inforesidencias.com\/blog\/\",\"name\":\"Blog Inforesidencias.com\",\"description\":\"El buscador de residencias de la 3\u00aa edad\",\"potentialAction\":[{\"@type\":\"SearchAction\",\"target\":{\"@type\":\"EntryPoint\",\"urlTemplate\":\"https:\/\/www.inforesidencias.com\/blog\/?s={search_term_string}\"},\"query-input\":\"required name=search_term_string\"}],\"inLanguage\":\"es\"},{\"@type\":\"Person\",\"@id\":\"https:\/\/www.inforesidencias.com\/blog\/#\/schema\/person\/9e146774d1eb3bc1c0316242a3898628\",\"name\":\"Josep de Mart\u00ed\",\"image\":{\"@type\":\"ImageObject\",\"inLanguage\":\"es\",\"@id\":\"https:\/\/www.inforesidencias.com\/blog\/#\/schema\/person\/image\/\",\"url\":\"https:\/\/secure.gravatar.com\/avatar\/de0302c4806c00c4cebff396a798c1ff?s=96&d=mm&r=g\",\"contentUrl\":\"https:\/\/secure.gravatar.com\/avatar\/de0302c4806c00c4cebff396a798c1ff?s=96&d=mm&r=g\",\"caption\":\"Josep de Mart\u00ed\"},\"sameAs\":[\"https:\/\/www.inforesidencias.com\",\"https:\/\/www.facebook.com\/josep.demarti\",\"https:\/\/twitter.com\/blog-ir\"],\"url\":\"https:\/\/www.inforesidencias.com\/blog\/index.php\/author\/josepdemarti\/\"}]}<\/script>\n<!-- \/ Yoast SEO plugin. -->","yoast_head_json":{"title":"\u00bfC\u00f3mo ha sido la presencia del Coronavirus en las residencias de mayores? - Blog Inforesidencias.com","description":"El tema del Coronavirus en las residencias de mayores ha estado presente desde el principio debido a como ha golpeado al sector. Analicemos porqu\u00e9","robots":{"index":"index","follow":"follow","max-snippet":"max-snippet:-1","max-image-preview":"max-image-preview:large","max-video-preview":"max-video-preview:-1"},"canonical":"https:\/\/www.inforesidencias.com\/blog\/index.php\/2020\/05\/06\/como-ha-sido-la-presencia-del-coronavirus-en-las-residencias-de-mayores-2\/","og_locale":"es_ES","og_type":"article","og_title":"\u00bfC\u00f3mo ha sido la presencia del Coronavirus en las residencias de mayores? - Blog Inforesidencias.com","og_description":"El tema del Coronavirus en las residencias de mayores ha estado presente desde el principio debido a como ha golpeado al sector. Analicemos porqu\u00e9","og_url":"https:\/\/www.inforesidencias.com\/blog\/index.php\/2020\/05\/06\/como-ha-sido-la-presencia-del-coronavirus-en-las-residencias-de-mayores-2\/","og_site_name":"Blog Inforesidencias.com","article_publisher":"https:\/\/www.facebook.com\/Inforesidencias\/","article_author":"https:\/\/www.facebook.com\/josep.demarti","article_published_time":"2020-05-06T08:31:47+00:00","article_modified_time":"2020-05-07T07:36:17+00:00","og_image":[{"width":400,"height":205,"url":"https:\/\/www.inforesidencias.com\/blog\/wp-content\/uploads\/2020\/05\/Coronavirus-en-las-residencias-de-mayores.png","type":"image\/png"}],"author":"Josep de Mart\u00ed","twitter_card":"summary_large_image","twitter_creator":"@blog-ir","twitter_site":"@inforesidencias","twitter_misc":{"Escrito por":"Josep de Mart\u00ed","Tiempo de lectura":"1 minuto"},"schema":{"@context":"https:\/\/schema.org","@graph":[{"@type":"WebPage","@id":"https:\/\/www.inforesidencias.com\/blog\/index.php\/2020\/05\/06\/como-ha-sido-la-presencia-del-coronavirus-en-las-residencias-de-mayores-2\/","url":"https:\/\/www.inforesidencias.com\/blog\/index.php\/2020\/05\/06\/como-ha-sido-la-presencia-del-coronavirus-en-las-residencias-de-mayores-2\/","name":"\u00bfC\u00f3mo ha sido la presencia del Coronavirus en las residencias de mayores? - Blog Inforesidencias.com","isPartOf":{"@id":"https:\/\/www.inforesidencias.com\/blog\/#website"},"datePublished":"2020-05-06T08:31:47+00:00","dateModified":"2020-05-07T07:36:17+00:00","author":{"@id":"https:\/\/www.inforesidencias.com\/blog\/#\/schema\/person\/9e146774d1eb3bc1c0316242a3898628"},"description":"El tema del Coronavirus en las residencias de mayores ha estado presente desde el principio debido a como ha golpeado al sector. Analicemos porqu\u00e9","breadcrumb":{"@id":"https:\/\/www.inforesidencias.com\/blog\/index.php\/2020\/05\/06\/como-ha-sido-la-presencia-del-coronavirus-en-las-residencias-de-mayores-2\/#breadcrumb"},"inLanguage":"es","potentialAction":[{"@type":"ReadAction","target":["https:\/\/www.inforesidencias.com\/blog\/index.php\/2020\/05\/06\/como-ha-sido-la-presencia-del-coronavirus-en-las-residencias-de-mayores-2\/"]}]},{"@type":"BreadcrumbList","@id":"https:\/\/www.inforesidencias.com\/blog\/index.php\/2020\/05\/06\/como-ha-sido-la-presencia-del-coronavirus-en-las-residencias-de-mayores-2\/#breadcrumb","itemListElement":[{"@type":"ListItem","position":1,"name":"Home","item":"https:\/\/www.inforesidencias.com\/blog\/"},{"@type":"ListItem","position":2,"name":"\u00bfC\u00f3mo ha sido la presencia del Coronavirus en las residencias de mayores?"}]},{"@type":"WebSite","@id":"https:\/\/www.inforesidencias.com\/blog\/#website","url":"https:\/\/www.inforesidencias.com\/blog\/","name":"Blog Inforesidencias.com","description":"El buscador de residencias de la 3\u00aa edad","potentialAction":[{"@type":"SearchAction","target":{"@type":"EntryPoint","urlTemplate":"https:\/\/www.inforesidencias.com\/blog\/?s={search_term_string}"},"query-input":"required name=search_term_string"}],"inLanguage":"es"},{"@type":"Person","@id":"https:\/\/www.inforesidencias.com\/blog\/#\/schema\/person\/9e146774d1eb3bc1c0316242a3898628","name":"Josep de Mart\u00ed","image":{"@type":"ImageObject","inLanguage":"es","@id":"https:\/\/www.inforesidencias.com\/blog\/#\/schema\/person\/image\/","url":"https:\/\/secure.gravatar.com\/avatar\/de0302c4806c00c4cebff396a798c1ff?s=96&d=mm&r=g","contentUrl":"https:\/\/secure.gravatar.com\/avatar\/de0302c4806c00c4cebff396a798c1ff?s=96&d=mm&r=g","caption":"Josep de Mart\u00ed"},"sameAs":["https:\/\/www.inforesidencias.com","https:\/\/www.facebook.com\/josep.demarti","https:\/\/twitter.com\/blog-ir"],"url":"https:\/\/www.inforesidencias.com\/blog\/index.php\/author\/josepdemarti\/"}]}},"_links":{"self":[{"href":"https:\/\/www.inforesidencias.com\/blog\/index.php\/wp-json\/wp\/v2\/posts\/3134"}],"collection":[{"href":"https:\/\/www.inforesidencias.com\/blog\/index.php\/wp-json\/wp\/v2\/posts"}],"about":[{"href":"https:\/\/www.inforesidencias.com\/blog\/index.php\/wp-json\/wp\/v2\/types\/post"}],"author":[{"embeddable":true,"href":"https:\/\/www.inforesidencias.com\/blog\/index.php\/wp-json\/wp\/v2\/users\/2"}],"replies":[{"embeddable":true,"href":"https:\/\/www.inforesidencias.com\/blog\/index.php\/wp-json\/wp\/v2\/comments?post=3134"}],"version-history":[{"count":1,"href":"https:\/\/www.inforesidencias.com\/blog\/index.php\/wp-json\/wp\/v2\/posts\/3134\/revisions"}],"predecessor-version":[{"id":3135,"href":"https:\/\/www.inforesidencias.com\/blog\/index.php\/wp-json\/wp\/v2\/posts\/3134\/revisions\/3135"}],"wp:featuredmedia":[{"embeddable":true,"href":"https:\/\/www.inforesidencias.com\/blog\/index.php\/wp-json\/wp\/v2\/media\/3120"}],"wp:attachment":[{"href":"https:\/\/www.inforesidencias.com\/blog\/index.php\/wp-json\/wp\/v2\/media?parent=3134"}],"wp:term":[{"taxonomy":"category","embeddable":true,"href":"https:\/\/www.inforesidencias.com\/blog\/index.php\/wp-json\/wp\/v2\/categories?post=3134"},{"taxonomy":"post_tag","embeddable":true,"href":"https:\/\/www.inforesidencias.com\/blog\/index.php\/wp-json\/wp\/v2\/tags?post=3134"}],"curies":[{"name":"wp","href":"https:\/\/api.w.org\/{rel}","templated":true}]}}