{"id":3145,"date":"2020-05-09T16:10:30","date_gmt":"2020-05-09T16:10:30","guid":{"rendered":"https:\/\/www.inforesidencias.com\/blog\/?p=3145"},"modified":"2020-05-09T17:24:02","modified_gmt":"2020-05-09T17:24:02","slug":"estamos-matando-a-los-residentes-al-intentar-salvar-su-vida-la-enfermedad-de-confinamiento-puedes-ser-mas-perjudicial-que-el-covid19","status":"publish","type":"post","link":"https:\/\/www.inforesidencias.com\/blog\/index.php\/2020\/05\/09\/estamos-matando-a-los-residentes-al-intentar-salvar-su-vida-la-enfermedad-de-confinamiento-puedes-ser-mas-perjudicial-que-el-covid19\/","title":{"rendered":"\u00bfEstamos matando a los residentes al intentar salvar su vida? La \u00abenfermedad de confinamiento\u00bb puede ser m\u00e1s perjudicial que el Covid19"},"content":{"rendered":"<p>Despu\u00e9s de escribir la <a href=\"https:\/\/dependencia.info\/noticia\/3527\/el-rincon-del-director\/dona-beatriz-no-entiende-nada.html\">historia de Do\u00f1a Beatriz, que no entend\u00eda nada<\/a> y mientras me preparo para <a href=\"https:\/\/www.edad-vida.org\/eventos\/webinar-como-cuidar-nueva-normalidad-futuro-cld\/\">un debate <\/a>sobre el futuro modelo de atenci\u00f3n a personas mayores me ha llegado un breve estudio publicado en una <a href=\"https:\/\/www.jamda.com\/article\/S1525-8610(20)30354-6\/pdf\">revista cient\u00edfica<\/a> JAMDA Journal of the American Medical Directors Association, que lleva por t\u00edtulo <strong>Muertes relacionadas con el SARS-cov-2 en residencias de larga estancia en Francia: la \u201cenfermedad del confinamiento\u201d es probablemente m\u00e1s perjudicial que el propio COVID-19&#8243;<\/strong>.<\/p>\n<p><a href=\"https:\/\/www.inforesidencias.com\/blog\/wp-content\/uploads\/2020\/03\/sen\u0303ora.jpg\"><img decoding=\"async\" loading=\"lazy\" class=\"alignleft size-full wp-image-2867\" src=\"https:\/\/www.inforesidencias.com\/blog\/wp-content\/uploads\/2020\/03\/sen\u0303ora.jpg\" alt=\"sen\u0303ora silla de ruedas\" width=\"640\" height=\"428\" \/><\/a><\/p>\n<p>El estudio se realiz\u00f3 con datos tomados de una residencia de 140 plazas donde hab\u00edan fallecido 24 residentes.<\/p>\n<p>Estos son los resultados:<\/p>\n<ul>\n<li>Las muertes entre los residentes de centros de atenci\u00f3n a largo plazo se debieron principalmente a un shock hipovol\u00e9mico, como resultado de una p\u00e9rdida significativa de sangre y fluidos corporales.\u00a0No se observ\u00f3 s\u00edndrome de dificultad respiratoria aguda.<\/li>\n<li>Los residentes de hogares de ancianos con COVID-19 hab\u00edan estado\u00a0en confinamiento en sus habitaciones durante varios d\u00edas, sin asistencia para comer y beber.<\/li>\n<li>La provisi\u00f3n de atenci\u00f3n fue limitada debido a que el personal de atenci\u00f3n directa no ten\u00eda acceso a m\u00e1scaras protectoras;\u00a0escasez de personal debido a una tasa de absentismo del 40%;\u00a0y visitas de m\u00e9dicos generales que han sido reemplazadas por teleconsultas.<\/li>\n<li>Las intervenciones de un grupo de trabajo establecido en respuesta a la gran cantidad de muertes incluyeron la administraci\u00f3n de infusiones para restaurar los niveles de l\u00edquidos corporales, as\u00ed como la terapia de ox\u00edgeno, seg\u00fan las pautas de la OMS, y condujeron a una \u00abmejora r\u00e1pida de esta tendencia de alta mortalidad\u00bb, seg\u00fan el autores del estudio<\/li>\n<\/ul>\n<p>S\u00e9 que es \u201cs\u00f3lo\u201d un estudio sobre una residencia, pero el hecho de que se haya publicado en una revista cient\u00edfica hace pensar que parte de la profesi\u00f3n m\u00e9dica muestra su preocupaci\u00f3n por que\u00a0 la medida generalizada de aislar a los residentes (confinamiento) en sus habitaciones, en las circunstancias excepcionales que viven las residencias durante la pandemia, puede acabar teniendo consecuencias peores incluso que las que se pretenden evitar.<\/p>\n<p>La clave en el estudio est\u00e1 en que se deja aislada a la persona coincidiendo con un momento en el que hay mucho personal de baja lo que hace que sea m\u00e1s dif\u00edcil dar de comer en la boca e hidratar a los residentes.\u00a0 Parece pues que la medida de aislamiento no debiera ser generalizada sino ajustada a las circunstancias de cada residencia, teniendo en especial consideraci\u00f3n si la pandemia ha afectado tambi\u00e9n a los empleados y hay muchos de baja.<\/p>\n<p>Llevo semanas escuchando relatos de personas mayores que han cambiado dos y tres veces de habitaci\u00f3n o que llevan m\u00e1s de tres semanas encerrados con la angustia que ello conlleva.\u00a0 Algunos directores me hablan de personas mayores que \u201cse consumen\u201d por culpa del aislamiento.\u00a0 En el caso del estudio hablan de que no se hab\u00eda alimentado e hidratado correctamente a los residentes debido a la falta de personal y de EPIs lo que, para m\u00ed resulta un dato primordial. A\u00fan as\u00ed resulta muy preocupante ya que el confinamiento se ha convertido en la herramienta com\u00fan en la lucha contra el coronavirus en residencias.<\/p>\n<p>S\u00e9 que es una pauta m\u00e9dica y que, quiz\u00e1s es la mejor.\u00a0 Tambi\u00e9n s\u00e9 que cuando se propone un tratamiento, los profesionales de la medicina consideran los pros y los contras y, en el fondo de su cerebro resuena aquel aforismo latino <u>primum non nocere.\u00a0<\/u><\/p>\n<p><a href=\"https:\/\/ltccovid.org\/2020\/05\/05\/summary-sars-cov-2-related-deaths-in-french-long-term-care-facilities-the-confinement-disease-is-probably-more-deleterious-than-the-covid-19-itself\/#\">Enlace de la web International Long Term Care Policy Network donde se hacen eco del estudio<\/a>.<\/p>\n<p>Josep de Mart\u00ed<\/p>\n<p><a href=\"https:\/\/www.inforesidencias.com\/particulares\/buscamos-por-ti\">Residencias de personas mayores<\/a><\/p>\n<p>&nbsp;<\/p>\n","protected":false},"excerpt":{"rendered":"<p>Despu\u00e9s de escribir la historia de Do\u00f1a Beatriz, que no entend\u00eda nada y mientras me preparo para un debate sobre el futuro modelo de atenci\u00f3n a personas mayores me ha llegado un breve estudio publicado en una revista cient\u00edfica JAMDA Journal of the American Medical Directors Association, que lleva por t\u00edtulo Muertes relacionadas con el SARS-cov-2 en residencias de larga estancia en Francia: la \u201cenfermedad del confinamiento\u201d es probablemente m\u00e1s perjudicial que el propio COVID-19&#8243;. El estudio se realiz\u00f3 con datos tomados de una residencia de 140 plazas donde hab\u00edan fallecido 24 residentes. Estos son los resultados: Las muertes entre los residentes de centros de atenci\u00f3n a largo plazo se debieron principalmente a un shock hipovol\u00e9mico, como resultado de una p\u00e9rdida significativa de sangre y fluidos corporales.\u00a0No se observ\u00f3 s\u00edndrome de dificultad respiratoria aguda. Los residentes de hogares de ancianos con COVID-19 hab\u00edan estado\u00a0en confinamiento en sus habitaciones durante varios [&hellip;]<\/p>\n","protected":false},"author":2,"featured_media":2819,"comment_status":"open","ping_status":"open","sticky":false,"template":"","format":"standard","meta":{"footnotes":""},"categories":[91,3,5],"tags":[],"yoast_head":"<!-- This site is optimized with the Yoast SEO plugin v21.7 - https:\/\/yoast.com\/wordpress\/plugins\/seo\/ -->\n<title>\u00bfEstamos matando a los residentes al intentar salvar su vida? La &quot;enfermedad de confinamiento&quot; puede ser m\u00e1s perjudicial que el Covid19 - Blog Inforesidencias.com<\/title>\n<meta name=\"description\" content=\"La enfermedad del confinamiento puede ser letal\" \/>\n<meta name=\"robots\" content=\"index, follow, max-snippet:-1, max-image-preview:large, max-video-preview:-1\" \/>\n<link rel=\"canonical\" href=\"https:\/\/www.inforesidencias.com\/blog\/index.php\/2020\/05\/09\/estamos-matando-a-los-residentes-al-intentar-salvar-su-vida-la-enfermedad-de-confinamiento-puedes-ser-mas-perjudicial-que-el-covid19\/\" \/>\n<meta property=\"og:locale\" content=\"es_ES\" \/>\n<meta property=\"og:type\" content=\"article\" \/>\n<meta property=\"og:title\" content=\"\u00bfEstamos matando a los residentes al intentar salvar su vida? La &quot;enfermedad de confinamiento&quot; puede ser m\u00e1s perjudicial que el Covid19 - Blog Inforesidencias.com\" \/>\n<meta property=\"og:description\" content=\"La enfermedad del confinamiento puede ser letal\" \/>\n<meta property=\"og:url\" content=\"https:\/\/www.inforesidencias.com\/blog\/index.php\/2020\/05\/09\/estamos-matando-a-los-residentes-al-intentar-salvar-su-vida-la-enfermedad-de-confinamiento-puedes-ser-mas-perjudicial-que-el-covid19\/\" \/>\n<meta property=\"og:site_name\" content=\"Blog Inforesidencias.com\" \/>\n<meta property=\"article:publisher\" content=\"https:\/\/www.facebook.com\/Inforesidencias\/\" \/>\n<meta property=\"article:author\" content=\"https:\/\/www.facebook.com\/josep.demarti\" \/>\n<meta property=\"article:published_time\" content=\"2020-05-09T16:10:30+00:00\" \/>\n<meta property=\"article:modified_time\" content=\"2020-05-09T17:24:02+00:00\" \/>\n<meta property=\"og:image\" content=\"https:\/\/www.inforesidencias.com\/blog\/wp-content\/uploads\/2020\/03\/enfermera-en-una-residencia-de-ancianos.jpg\" \/>\n\t<meta property=\"og:image:width\" content=\"450\" \/>\n\t<meta property=\"og:image:height\" content=\"300\" \/>\n\t<meta property=\"og:image:type\" content=\"image\/jpeg\" \/>\n<meta name=\"author\" content=\"Josep de Mart\u00ed\" \/>\n<meta name=\"twitter:card\" content=\"summary_large_image\" \/>\n<meta name=\"twitter:creator\" content=\"@blog-ir\" \/>\n<meta name=\"twitter:site\" content=\"@inforesidencias\" \/>\n<meta name=\"twitter:label1\" content=\"Escrito por\" \/>\n\t<meta name=\"twitter:data1\" content=\"Josep de Mart\u00ed\" \/>\n\t<meta name=\"twitter:label2\" content=\"Tiempo de lectura\" \/>\n\t<meta name=\"twitter:data2\" content=\"3 minutos\" \/>\n<script type=\"application\/ld+json\" class=\"yoast-schema-graph\">{\"@context\":\"https:\/\/schema.org\",\"@graph\":[{\"@type\":\"WebPage\",\"@id\":\"https:\/\/www.inforesidencias.com\/blog\/index.php\/2020\/05\/09\/estamos-matando-a-los-residentes-al-intentar-salvar-su-vida-la-enfermedad-de-confinamiento-puedes-ser-mas-perjudicial-que-el-covid19\/\",\"url\":\"https:\/\/www.inforesidencias.com\/blog\/index.php\/2020\/05\/09\/estamos-matando-a-los-residentes-al-intentar-salvar-su-vida-la-enfermedad-de-confinamiento-puedes-ser-mas-perjudicial-que-el-covid19\/\",\"name\":\"\u00bfEstamos matando a los residentes al intentar salvar su vida? La \\\"enfermedad de confinamiento\\\" puede ser m\u00e1s perjudicial que el Covid19 - Blog Inforesidencias.com\",\"isPartOf\":{\"@id\":\"https:\/\/www.inforesidencias.com\/blog\/#website\"},\"datePublished\":\"2020-05-09T16:10:30+00:00\",\"dateModified\":\"2020-05-09T17:24:02+00:00\",\"author\":{\"@id\":\"https:\/\/www.inforesidencias.com\/blog\/#\/schema\/person\/9e146774d1eb3bc1c0316242a3898628\"},\"description\":\"La enfermedad del confinamiento puede ser letal\",\"breadcrumb\":{\"@id\":\"https:\/\/www.inforesidencias.com\/blog\/index.php\/2020\/05\/09\/estamos-matando-a-los-residentes-al-intentar-salvar-su-vida-la-enfermedad-de-confinamiento-puedes-ser-mas-perjudicial-que-el-covid19\/#breadcrumb\"},\"inLanguage\":\"es\",\"potentialAction\":[{\"@type\":\"ReadAction\",\"target\":[\"https:\/\/www.inforesidencias.com\/blog\/index.php\/2020\/05\/09\/estamos-matando-a-los-residentes-al-intentar-salvar-su-vida-la-enfermedad-de-confinamiento-puedes-ser-mas-perjudicial-que-el-covid19\/\"]}]},{\"@type\":\"BreadcrumbList\",\"@id\":\"https:\/\/www.inforesidencias.com\/blog\/index.php\/2020\/05\/09\/estamos-matando-a-los-residentes-al-intentar-salvar-su-vida-la-enfermedad-de-confinamiento-puedes-ser-mas-perjudicial-que-el-covid19\/#breadcrumb\",\"itemListElement\":[{\"@type\":\"ListItem\",\"position\":1,\"name\":\"Home\",\"item\":\"https:\/\/www.inforesidencias.com\/blog\/\"},{\"@type\":\"ListItem\",\"position\":2,\"name\":\"\u00bfEstamos matando a los residentes al intentar salvar su vida? La \u00abenfermedad de confinamiento\u00bb puede ser m\u00e1s perjudicial que el Covid19\"}]},{\"@type\":\"WebSite\",\"@id\":\"https:\/\/www.inforesidencias.com\/blog\/#website\",\"url\":\"https:\/\/www.inforesidencias.com\/blog\/\",\"name\":\"Blog Inforesidencias.com\",\"description\":\"El buscador de residencias de la 3\u00aa edad\",\"potentialAction\":[{\"@type\":\"SearchAction\",\"target\":{\"@type\":\"EntryPoint\",\"urlTemplate\":\"https:\/\/www.inforesidencias.com\/blog\/?s={search_term_string}\"},\"query-input\":\"required name=search_term_string\"}],\"inLanguage\":\"es\"},{\"@type\":\"Person\",\"@id\":\"https:\/\/www.inforesidencias.com\/blog\/#\/schema\/person\/9e146774d1eb3bc1c0316242a3898628\",\"name\":\"Josep de Mart\u00ed\",\"image\":{\"@type\":\"ImageObject\",\"inLanguage\":\"es\",\"@id\":\"https:\/\/www.inforesidencias.com\/blog\/#\/schema\/person\/image\/\",\"url\":\"https:\/\/secure.gravatar.com\/avatar\/de0302c4806c00c4cebff396a798c1ff?s=96&d=mm&r=g\",\"contentUrl\":\"https:\/\/secure.gravatar.com\/avatar\/de0302c4806c00c4cebff396a798c1ff?s=96&d=mm&r=g\",\"caption\":\"Josep de Mart\u00ed\"},\"sameAs\":[\"https:\/\/www.inforesidencias.com\",\"https:\/\/www.facebook.com\/josep.demarti\",\"https:\/\/twitter.com\/blog-ir\"],\"url\":\"https:\/\/www.inforesidencias.com\/blog\/index.php\/author\/josepdemarti\/\"}]}<\/script>\n<!-- \/ Yoast SEO plugin. -->","yoast_head_json":{"title":"\u00bfEstamos matando a los residentes al intentar salvar su vida? La \"enfermedad de confinamiento\" puede ser m\u00e1s perjudicial que el Covid19 - Blog Inforesidencias.com","description":"La enfermedad del confinamiento puede ser letal","robots":{"index":"index","follow":"follow","max-snippet":"max-snippet:-1","max-image-preview":"max-image-preview:large","max-video-preview":"max-video-preview:-1"},"canonical":"https:\/\/www.inforesidencias.com\/blog\/index.php\/2020\/05\/09\/estamos-matando-a-los-residentes-al-intentar-salvar-su-vida-la-enfermedad-de-confinamiento-puedes-ser-mas-perjudicial-que-el-covid19\/","og_locale":"es_ES","og_type":"article","og_title":"\u00bfEstamos matando a los residentes al intentar salvar su vida? La \"enfermedad de confinamiento\" puede ser m\u00e1s perjudicial que el Covid19 - Blog Inforesidencias.com","og_description":"La enfermedad del confinamiento puede ser letal","og_url":"https:\/\/www.inforesidencias.com\/blog\/index.php\/2020\/05\/09\/estamos-matando-a-los-residentes-al-intentar-salvar-su-vida-la-enfermedad-de-confinamiento-puedes-ser-mas-perjudicial-que-el-covid19\/","og_site_name":"Blog Inforesidencias.com","article_publisher":"https:\/\/www.facebook.com\/Inforesidencias\/","article_author":"https:\/\/www.facebook.com\/josep.demarti","article_published_time":"2020-05-09T16:10:30+00:00","article_modified_time":"2020-05-09T17:24:02+00:00","og_image":[{"width":450,"height":300,"url":"https:\/\/www.inforesidencias.com\/blog\/wp-content\/uploads\/2020\/03\/enfermera-en-una-residencia-de-ancianos.jpg","type":"image\/jpeg"}],"author":"Josep de Mart\u00ed","twitter_card":"summary_large_image","twitter_creator":"@blog-ir","twitter_site":"@inforesidencias","twitter_misc":{"Escrito por":"Josep de Mart\u00ed","Tiempo de lectura":"3 minutos"},"schema":{"@context":"https:\/\/schema.org","@graph":[{"@type":"WebPage","@id":"https:\/\/www.inforesidencias.com\/blog\/index.php\/2020\/05\/09\/estamos-matando-a-los-residentes-al-intentar-salvar-su-vida-la-enfermedad-de-confinamiento-puedes-ser-mas-perjudicial-que-el-covid19\/","url":"https:\/\/www.inforesidencias.com\/blog\/index.php\/2020\/05\/09\/estamos-matando-a-los-residentes-al-intentar-salvar-su-vida-la-enfermedad-de-confinamiento-puedes-ser-mas-perjudicial-que-el-covid19\/","name":"\u00bfEstamos matando a los residentes al intentar salvar su vida? La \"enfermedad de confinamiento\" puede ser m\u00e1s perjudicial que el Covid19 - Blog Inforesidencias.com","isPartOf":{"@id":"https:\/\/www.inforesidencias.com\/blog\/#website"},"datePublished":"2020-05-09T16:10:30+00:00","dateModified":"2020-05-09T17:24:02+00:00","author":{"@id":"https:\/\/www.inforesidencias.com\/blog\/#\/schema\/person\/9e146774d1eb3bc1c0316242a3898628"},"description":"La enfermedad del confinamiento puede ser letal","breadcrumb":{"@id":"https:\/\/www.inforesidencias.com\/blog\/index.php\/2020\/05\/09\/estamos-matando-a-los-residentes-al-intentar-salvar-su-vida-la-enfermedad-de-confinamiento-puedes-ser-mas-perjudicial-que-el-covid19\/#breadcrumb"},"inLanguage":"es","potentialAction":[{"@type":"ReadAction","target":["https:\/\/www.inforesidencias.com\/blog\/index.php\/2020\/05\/09\/estamos-matando-a-los-residentes-al-intentar-salvar-su-vida-la-enfermedad-de-confinamiento-puedes-ser-mas-perjudicial-que-el-covid19\/"]}]},{"@type":"BreadcrumbList","@id":"https:\/\/www.inforesidencias.com\/blog\/index.php\/2020\/05\/09\/estamos-matando-a-los-residentes-al-intentar-salvar-su-vida-la-enfermedad-de-confinamiento-puedes-ser-mas-perjudicial-que-el-covid19\/#breadcrumb","itemListElement":[{"@type":"ListItem","position":1,"name":"Home","item":"https:\/\/www.inforesidencias.com\/blog\/"},{"@type":"ListItem","position":2,"name":"\u00bfEstamos matando a los residentes al intentar salvar su vida? La \u00abenfermedad de confinamiento\u00bb puede ser m\u00e1s perjudicial que el Covid19"}]},{"@type":"WebSite","@id":"https:\/\/www.inforesidencias.com\/blog\/#website","url":"https:\/\/www.inforesidencias.com\/blog\/","name":"Blog Inforesidencias.com","description":"El buscador de residencias de la 3\u00aa edad","potentialAction":[{"@type":"SearchAction","target":{"@type":"EntryPoint","urlTemplate":"https:\/\/www.inforesidencias.com\/blog\/?s={search_term_string}"},"query-input":"required name=search_term_string"}],"inLanguage":"es"},{"@type":"Person","@id":"https:\/\/www.inforesidencias.com\/blog\/#\/schema\/person\/9e146774d1eb3bc1c0316242a3898628","name":"Josep de Mart\u00ed","image":{"@type":"ImageObject","inLanguage":"es","@id":"https:\/\/www.inforesidencias.com\/blog\/#\/schema\/person\/image\/","url":"https:\/\/secure.gravatar.com\/avatar\/de0302c4806c00c4cebff396a798c1ff?s=96&d=mm&r=g","contentUrl":"https:\/\/secure.gravatar.com\/avatar\/de0302c4806c00c4cebff396a798c1ff?s=96&d=mm&r=g","caption":"Josep de Mart\u00ed"},"sameAs":["https:\/\/www.inforesidencias.com","https:\/\/www.facebook.com\/josep.demarti","https:\/\/twitter.com\/blog-ir"],"url":"https:\/\/www.inforesidencias.com\/blog\/index.php\/author\/josepdemarti\/"}]}},"_links":{"self":[{"href":"https:\/\/www.inforesidencias.com\/blog\/index.php\/wp-json\/wp\/v2\/posts\/3145"}],"collection":[{"href":"https:\/\/www.inforesidencias.com\/blog\/index.php\/wp-json\/wp\/v2\/posts"}],"about":[{"href":"https:\/\/www.inforesidencias.com\/blog\/index.php\/wp-json\/wp\/v2\/types\/post"}],"author":[{"embeddable":true,"href":"https:\/\/www.inforesidencias.com\/blog\/index.php\/wp-json\/wp\/v2\/users\/2"}],"replies":[{"embeddable":true,"href":"https:\/\/www.inforesidencias.com\/blog\/index.php\/wp-json\/wp\/v2\/comments?post=3145"}],"version-history":[{"count":9,"href":"https:\/\/www.inforesidencias.com\/blog\/index.php\/wp-json\/wp\/v2\/posts\/3145\/revisions"}],"predecessor-version":[{"id":3154,"href":"https:\/\/www.inforesidencias.com\/blog\/index.php\/wp-json\/wp\/v2\/posts\/3145\/revisions\/3154"}],"wp:featuredmedia":[{"embeddable":true,"href":"https:\/\/www.inforesidencias.com\/blog\/index.php\/wp-json\/wp\/v2\/media\/2819"}],"wp:attachment":[{"href":"https:\/\/www.inforesidencias.com\/blog\/index.php\/wp-json\/wp\/v2\/media?parent=3145"}],"wp:term":[{"taxonomy":"category","embeddable":true,"href":"https:\/\/www.inforesidencias.com\/blog\/index.php\/wp-json\/wp\/v2\/categories?post=3145"},{"taxonomy":"post_tag","embeddable":true,"href":"https:\/\/www.inforesidencias.com\/blog\/index.php\/wp-json\/wp\/v2\/tags?post=3145"}],"curies":[{"name":"wp","href":"https:\/\/api.w.org\/{rel}","templated":true}]}}