{"id":3164,"date":"2020-05-13T07:16:36","date_gmt":"2020-05-13T07:16:36","guid":{"rendered":"https:\/\/www.inforesidencias.com\/blog\/?p=3164"},"modified":"2020-05-13T07:16:36","modified_gmt":"2020-05-13T07:16:36","slug":"trabajar-en-residencias-de-mayores-despues-de-la-pandemia","status":"publish","type":"post","link":"https:\/\/www.inforesidencias.com\/blog\/index.php\/2020\/05\/13\/trabajar-en-residencias-de-mayores-despues-de-la-pandemia\/","title":{"rendered":"Trabajar en residencias de mayores despu\u00e9s de la pandemia"},"content":{"rendered":"<p style=\"text-align: justify\">En inforesidencias solemos hablar de c\u00f3mo ha afectado la \u201cCrisis del Coronavirus\u201d a las residencias de mayores. Desde nuestra plataforma online empezamos ya en marzo a tomar medidas para poner nuestro granito de arena para ayudar a las residencias. Hemos <a href=\"https:\/\/www.youtube.com\/channel\/UCPxmPxH1KcMa4qPKTw2y3ow\">publicado videos<\/a>, <a href=\"https:\/\/www.inforesidencias.com\/blog\/index.php\/2020\/04\/12\/residencias-de-mayores-y-covid19-llamadas-cotidianas\/\">escrito en nuestro blog<\/a> y\u00a0 para peri\u00f3dicos y hasta hemos salido en directo en<a href=\"https:\/\/www.youtube.com\/watch?v=l0C85-LzWuI&amp;feature=youtu.be\"> programas de televisi\u00f3n nacionales<\/a> e internacionales defendiendo la situaci\u00f3n de las residencias y la realidad que muchas veces no se contaba. Tambi\u00e9n hemos hecho una promoci\u00f3n par que residencias no asociadas al portal puedan serlo gratuitamente durante unos meses y as\u00ed poder usar la bolsa de empleo<\/p>\n<p style=\"text-align: justify\">No obstante como todos sabemos, esta pandemia ha afectado a muchos otros sectores, personas y sobretodo y especialmente al mercado laboral. Seg\u00fan datos del ministerio de empleo y seguridad social el paro en el mes de abril ha aumentado en casi 282.900 personas situ\u00e1ndonos en un total general de 3.831.000 personas en situaci\u00f3n de desempleo. Eso sin olvidar que desde hace un par de meses la palabra ERTE forma parte de nuestro vocabulario m\u00e1s cotidiano. Seg\u00fan datos oficiales de la seguridad social 3.390.000 personas est\u00e1n en situaci\u00f3n de ERTE. Aclaramos adem\u00e1s que estos datos son independientes a los de las cifras de personas en situaci\u00f3n de desempleo.<\/p>\n<p style=\"text-align: justify\">En el sector geroasistecial siempre ha habido una fuerte demanda de profesionales por parte de las residencias,. Las auxiliares o las gerocultoras son el pilar y los <a href=\"https:\/\/dependencia.info\/noticia\/1179\/opinion\/mi-reino-por-una-enfermera.html\">enfermeros\/a el santo grial que tanto cuesta encontra<\/a>r. Aunque recientemente tambi\u00e9n cuestan encontrar educadores sociales y terapeutas ocupacionales. De hecho, <a href=\"https:\/\/www.youtube.com\/watch?v=Zq71oPokKDg\">\u00bfSabemos cuanta gente trabaja en una residencia de mayores?<\/a><\/p>\n<p style=\"text-align: justify\"><a href=\"https:\/\/www.inforesidencias.com\/blog\/wp-content\/uploads\/2020\/05\/trabajar-en-residencias-de-mayores.png\"><img decoding=\"async\" loading=\"lazy\" class=\"alignleft size-full wp-image-3168\" src=\"https:\/\/www.inforesidencias.com\/blog\/wp-content\/uploads\/2020\/05\/trabajar-en-residencias-de-mayores.png\" alt=\"trabajar en residencias de mayores\" width=\"400\" height=\"296\" \/><\/a><\/p>\n<p style=\"text-align: justify\">Desde inforesidencias recordamos la situaci\u00f3n que hab\u00eda en la \u00faltima crisis que vivimos (si es que llegamos a salir de ella). La mayor\u00eda de residencias nos dec\u00edan que no les costaba demasiado encontrar personal para cubrir sus vacantes pero que lo que no consegu\u00edan era nuevos usuarios para sus centros. Fue una \u00e9poca en que debido a la crisis muchas personas estaban en situaci\u00f3n de desempleo y muchas de ellas se reciclaron para poder trabajar en uno de los no muchos sectores que segu\u00eda ofreciendo empleo estable. Por otra parte las plazas p\u00fablicas de residencia estaban llenas pero cada vez menos personas pod\u00edan pagar una plaza privada aun contando con su pensi\u00f3n y ayuda de familiares y eso que muchas residencias bajaron los precios<\/p>\n<p style=\"text-align: justify\">Seg\u00fan pronostica la Comisi\u00f3n Europea en Espa\u00f1a va haber una reducci\u00f3n del PIB de -9,4 % para lo que queda de 2020 y un crecimiento para 2021 del 7%. Por su parte el fondo monetario internacional FMI prev\u00e9 un paro superior al 20% en Espa\u00f1a para 2020.( \u00a1Con lo que nos cost\u00f3 bajar de esa cifra!) Estos datos nos dejan una situaci\u00f3n que vivimos hace unos a\u00f1os.<\/p>\n<p style=\"text-align: justify\">Por nuestra parte, esos \u00faltimos d\u00edas estamos observando de nuevo como entonces la tendencia al alza de creaci\u00f3n los nuevos perfiles de profesionales que buscan empleo a trav\u00e9s de la <a href=\"https:\/\/www.inforesidencias.com\/bolsa\/ofertas-de-trabajo\">bolsa de empleo<\/a>. Por otra parte las residencias han sufrido bajas durante estos \u00faltimos meses y ven como cada vez tienen m\u00e1s plazas vac\u00edas que adem\u00e1s ahora tienen prohibido ocupar de nuevo<\/p>\n<p>\u00bfVamos a vernos en la misma situaci\u00f3n que hace unos a\u00f1os?<\/p>\n<p>Si quieres trabajar en residencias de mayores y saber como funciona la bolsa de empleo haz c<a href=\"https:\/\/www.youtube.com\/watch?v=M5xrsNnH-lA\">lick aqu\u00ed<\/a><\/p>\n<p>&nbsp;<\/p>\n<p>&nbsp;<\/p>\n","protected":false},"excerpt":{"rendered":"<p>En inforesidencias solemos hablar de c\u00f3mo ha afectado la \u201cCrisis del Coronavirus\u201d a las residencias de mayores. Desde nuestra plataforma online empezamos ya en marzo a tomar medidas para poner nuestro granito de arena para ayudar a las residencias. Hemos publicado videos, escrito en nuestro blog y\u00a0 para peri\u00f3dicos y hasta hemos salido en directo en programas de televisi\u00f3n nacionales e internacionales defendiendo la situaci\u00f3n de las residencias y la realidad que muchas veces no se contaba. Tambi\u00e9n hemos hecho una promoci\u00f3n par que residencias no asociadas al portal puedan serlo gratuitamente durante unos meses y as\u00ed poder usar la bolsa de empleo No obstante como todos sabemos, esta pandemia ha afectado a muchos otros sectores, personas y sobretodo y especialmente al mercado laboral. Seg\u00fan datos del ministerio de empleo y seguridad social el paro en el mes de abril ha aumentado en casi 282.900 personas situ\u00e1ndonos en un total [&hellip;]<\/p>\n","protected":false},"author":2,"featured_media":3168,"comment_status":"open","ping_status":"open","sticky":false,"template":"","format":"standard","meta":{"footnotes":""},"categories":[1],"tags":[],"yoast_head":"<!-- This site is optimized with the Yoast SEO plugin v21.7 - https:\/\/yoast.com\/wordpress\/plugins\/seo\/ -->\n<title>Trabajar en residencias de mayores despu\u00e9s de la pandemia - Blog Inforesidencias.com<\/title>\n<meta name=\"description\" content=\"Trabajar en residencias de mayores va a ser una muy buena salida profesional para aquellas personas que se queden sin empleo por el Coronavirus\" \/>\n<meta name=\"robots\" content=\"index, follow, max-snippet:-1, max-image-preview:large, max-video-preview:-1\" \/>\n<link rel=\"canonical\" href=\"https:\/\/www.inforesidencias.com\/blog\/index.php\/2020\/05\/13\/trabajar-en-residencias-de-mayores-despues-de-la-pandemia\/\" \/>\n<meta property=\"og:locale\" content=\"es_ES\" \/>\n<meta property=\"og:type\" content=\"article\" \/>\n<meta property=\"og:title\" content=\"Trabajar en residencias de mayores despu\u00e9s de la pandemia - Blog Inforesidencias.com\" \/>\n<meta property=\"og:description\" content=\"Trabajar en residencias de mayores va a ser una muy buena salida profesional para aquellas personas que se queden sin empleo por el Coronavirus\" \/>\n<meta property=\"og:url\" content=\"https:\/\/www.inforesidencias.com\/blog\/index.php\/2020\/05\/13\/trabajar-en-residencias-de-mayores-despues-de-la-pandemia\/\" \/>\n<meta property=\"og:site_name\" content=\"Blog Inforesidencias.com\" \/>\n<meta property=\"article:publisher\" content=\"https:\/\/www.facebook.com\/Inforesidencias\/\" \/>\n<meta property=\"article:author\" content=\"https:\/\/www.facebook.com\/josep.demarti\" \/>\n<meta property=\"article:published_time\" content=\"2020-05-13T07:16:36+00:00\" \/>\n<meta property=\"og:image\" content=\"https:\/\/www.inforesidencias.com\/blog\/wp-content\/uploads\/2020\/05\/trabajar-en-residencias-de-mayores.png\" \/>\n\t<meta property=\"og:image:width\" content=\"400\" \/>\n\t<meta property=\"og:image:height\" content=\"296\" \/>\n\t<meta property=\"og:image:type\" content=\"image\/png\" \/>\n<meta name=\"author\" content=\"Josep de Mart\u00ed\" \/>\n<meta name=\"twitter:card\" content=\"summary_large_image\" \/>\n<meta name=\"twitter:creator\" content=\"@blog-ir\" \/>\n<meta name=\"twitter:site\" content=\"@inforesidencias\" \/>\n<meta name=\"twitter:label1\" content=\"Escrito por\" \/>\n\t<meta name=\"twitter:data1\" content=\"Josep de Mart\u00ed\" \/>\n\t<meta name=\"twitter:label2\" content=\"Tiempo de lectura\" \/>\n\t<meta name=\"twitter:data2\" content=\"3 minutos\" \/>\n<script type=\"application\/ld+json\" class=\"yoast-schema-graph\">{\"@context\":\"https:\/\/schema.org\",\"@graph\":[{\"@type\":\"WebPage\",\"@id\":\"https:\/\/www.inforesidencias.com\/blog\/index.php\/2020\/05\/13\/trabajar-en-residencias-de-mayores-despues-de-la-pandemia\/\",\"url\":\"https:\/\/www.inforesidencias.com\/blog\/index.php\/2020\/05\/13\/trabajar-en-residencias-de-mayores-despues-de-la-pandemia\/\",\"name\":\"Trabajar en residencias de mayores despu\u00e9s de la pandemia - Blog Inforesidencias.com\",\"isPartOf\":{\"@id\":\"https:\/\/www.inforesidencias.com\/blog\/#website\"},\"datePublished\":\"2020-05-13T07:16:36+00:00\",\"dateModified\":\"2020-05-13T07:16:36+00:00\",\"author\":{\"@id\":\"https:\/\/www.inforesidencias.com\/blog\/#\/schema\/person\/9e146774d1eb3bc1c0316242a3898628\"},\"description\":\"Trabajar en residencias de mayores va a ser una muy buena salida profesional para aquellas personas que se queden sin empleo por el Coronavirus\",\"breadcrumb\":{\"@id\":\"https:\/\/www.inforesidencias.com\/blog\/index.php\/2020\/05\/13\/trabajar-en-residencias-de-mayores-despues-de-la-pandemia\/#breadcrumb\"},\"inLanguage\":\"es\",\"potentialAction\":[{\"@type\":\"ReadAction\",\"target\":[\"https:\/\/www.inforesidencias.com\/blog\/index.php\/2020\/05\/13\/trabajar-en-residencias-de-mayores-despues-de-la-pandemia\/\"]}]},{\"@type\":\"BreadcrumbList\",\"@id\":\"https:\/\/www.inforesidencias.com\/blog\/index.php\/2020\/05\/13\/trabajar-en-residencias-de-mayores-despues-de-la-pandemia\/#breadcrumb\",\"itemListElement\":[{\"@type\":\"ListItem\",\"position\":1,\"name\":\"Home\",\"item\":\"https:\/\/www.inforesidencias.com\/blog\/\"},{\"@type\":\"ListItem\",\"position\":2,\"name\":\"Trabajar en residencias de mayores despu\u00e9s de la pandemia\"}]},{\"@type\":\"WebSite\",\"@id\":\"https:\/\/www.inforesidencias.com\/blog\/#website\",\"url\":\"https:\/\/www.inforesidencias.com\/blog\/\",\"name\":\"Blog Inforesidencias.com\",\"description\":\"El buscador de residencias de la 3\u00aa edad\",\"potentialAction\":[{\"@type\":\"SearchAction\",\"target\":{\"@type\":\"EntryPoint\",\"urlTemplate\":\"https:\/\/www.inforesidencias.com\/blog\/?s={search_term_string}\"},\"query-input\":\"required name=search_term_string\"}],\"inLanguage\":\"es\"},{\"@type\":\"Person\",\"@id\":\"https:\/\/www.inforesidencias.com\/blog\/#\/schema\/person\/9e146774d1eb3bc1c0316242a3898628\",\"name\":\"Josep de Mart\u00ed\",\"image\":{\"@type\":\"ImageObject\",\"inLanguage\":\"es\",\"@id\":\"https:\/\/www.inforesidencias.com\/blog\/#\/schema\/person\/image\/\",\"url\":\"https:\/\/secure.gravatar.com\/avatar\/de0302c4806c00c4cebff396a798c1ff?s=96&d=mm&r=g\",\"contentUrl\":\"https:\/\/secure.gravatar.com\/avatar\/de0302c4806c00c4cebff396a798c1ff?s=96&d=mm&r=g\",\"caption\":\"Josep de Mart\u00ed\"},\"sameAs\":[\"https:\/\/www.inforesidencias.com\",\"https:\/\/www.facebook.com\/josep.demarti\",\"https:\/\/twitter.com\/blog-ir\"],\"url\":\"https:\/\/www.inforesidencias.com\/blog\/index.php\/author\/josepdemarti\/\"}]}<\/script>\n<!-- \/ Yoast SEO plugin. -->","yoast_head_json":{"title":"Trabajar en residencias de mayores despu\u00e9s de la pandemia - Blog Inforesidencias.com","description":"Trabajar en residencias de mayores va a ser una muy buena salida profesional para aquellas personas que se queden sin empleo por el Coronavirus","robots":{"index":"index","follow":"follow","max-snippet":"max-snippet:-1","max-image-preview":"max-image-preview:large","max-video-preview":"max-video-preview:-1"},"canonical":"https:\/\/www.inforesidencias.com\/blog\/index.php\/2020\/05\/13\/trabajar-en-residencias-de-mayores-despues-de-la-pandemia\/","og_locale":"es_ES","og_type":"article","og_title":"Trabajar en residencias de mayores despu\u00e9s de la pandemia - Blog Inforesidencias.com","og_description":"Trabajar en residencias de mayores va a ser una muy buena salida profesional para aquellas personas que se queden sin empleo por el Coronavirus","og_url":"https:\/\/www.inforesidencias.com\/blog\/index.php\/2020\/05\/13\/trabajar-en-residencias-de-mayores-despues-de-la-pandemia\/","og_site_name":"Blog Inforesidencias.com","article_publisher":"https:\/\/www.facebook.com\/Inforesidencias\/","article_author":"https:\/\/www.facebook.com\/josep.demarti","article_published_time":"2020-05-13T07:16:36+00:00","og_image":[{"width":400,"height":296,"url":"https:\/\/www.inforesidencias.com\/blog\/wp-content\/uploads\/2020\/05\/trabajar-en-residencias-de-mayores.png","type":"image\/png"}],"author":"Josep de Mart\u00ed","twitter_card":"summary_large_image","twitter_creator":"@blog-ir","twitter_site":"@inforesidencias","twitter_misc":{"Escrito por":"Josep de Mart\u00ed","Tiempo de lectura":"3 minutos"},"schema":{"@context":"https:\/\/schema.org","@graph":[{"@type":"WebPage","@id":"https:\/\/www.inforesidencias.com\/blog\/index.php\/2020\/05\/13\/trabajar-en-residencias-de-mayores-despues-de-la-pandemia\/","url":"https:\/\/www.inforesidencias.com\/blog\/index.php\/2020\/05\/13\/trabajar-en-residencias-de-mayores-despues-de-la-pandemia\/","name":"Trabajar en residencias de mayores despu\u00e9s de la pandemia - Blog Inforesidencias.com","isPartOf":{"@id":"https:\/\/www.inforesidencias.com\/blog\/#website"},"datePublished":"2020-05-13T07:16:36+00:00","dateModified":"2020-05-13T07:16:36+00:00","author":{"@id":"https:\/\/www.inforesidencias.com\/blog\/#\/schema\/person\/9e146774d1eb3bc1c0316242a3898628"},"description":"Trabajar en residencias de mayores va a ser una muy buena salida profesional para aquellas personas que se queden sin empleo por el Coronavirus","breadcrumb":{"@id":"https:\/\/www.inforesidencias.com\/blog\/index.php\/2020\/05\/13\/trabajar-en-residencias-de-mayores-despues-de-la-pandemia\/#breadcrumb"},"inLanguage":"es","potentialAction":[{"@type":"ReadAction","target":["https:\/\/www.inforesidencias.com\/blog\/index.php\/2020\/05\/13\/trabajar-en-residencias-de-mayores-despues-de-la-pandemia\/"]}]},{"@type":"BreadcrumbList","@id":"https:\/\/www.inforesidencias.com\/blog\/index.php\/2020\/05\/13\/trabajar-en-residencias-de-mayores-despues-de-la-pandemia\/#breadcrumb","itemListElement":[{"@type":"ListItem","position":1,"name":"Home","item":"https:\/\/www.inforesidencias.com\/blog\/"},{"@type":"ListItem","position":2,"name":"Trabajar en residencias de mayores despu\u00e9s de la pandemia"}]},{"@type":"WebSite","@id":"https:\/\/www.inforesidencias.com\/blog\/#website","url":"https:\/\/www.inforesidencias.com\/blog\/","name":"Blog Inforesidencias.com","description":"El buscador de residencias de la 3\u00aa edad","potentialAction":[{"@type":"SearchAction","target":{"@type":"EntryPoint","urlTemplate":"https:\/\/www.inforesidencias.com\/blog\/?s={search_term_string}"},"query-input":"required name=search_term_string"}],"inLanguage":"es"},{"@type":"Person","@id":"https:\/\/www.inforesidencias.com\/blog\/#\/schema\/person\/9e146774d1eb3bc1c0316242a3898628","name":"Josep de Mart\u00ed","image":{"@type":"ImageObject","inLanguage":"es","@id":"https:\/\/www.inforesidencias.com\/blog\/#\/schema\/person\/image\/","url":"https:\/\/secure.gravatar.com\/avatar\/de0302c4806c00c4cebff396a798c1ff?s=96&d=mm&r=g","contentUrl":"https:\/\/secure.gravatar.com\/avatar\/de0302c4806c00c4cebff396a798c1ff?s=96&d=mm&r=g","caption":"Josep de Mart\u00ed"},"sameAs":["https:\/\/www.inforesidencias.com","https:\/\/www.facebook.com\/josep.demarti","https:\/\/twitter.com\/blog-ir"],"url":"https:\/\/www.inforesidencias.com\/blog\/index.php\/author\/josepdemarti\/"}]}},"_links":{"self":[{"href":"https:\/\/www.inforesidencias.com\/blog\/index.php\/wp-json\/wp\/v2\/posts\/3164"}],"collection":[{"href":"https:\/\/www.inforesidencias.com\/blog\/index.php\/wp-json\/wp\/v2\/posts"}],"about":[{"href":"https:\/\/www.inforesidencias.com\/blog\/index.php\/wp-json\/wp\/v2\/types\/post"}],"author":[{"embeddable":true,"href":"https:\/\/www.inforesidencias.com\/blog\/index.php\/wp-json\/wp\/v2\/users\/2"}],"replies":[{"embeddable":true,"href":"https:\/\/www.inforesidencias.com\/blog\/index.php\/wp-json\/wp\/v2\/comments?post=3164"}],"version-history":[{"count":5,"href":"https:\/\/www.inforesidencias.com\/blog\/index.php\/wp-json\/wp\/v2\/posts\/3164\/revisions"}],"predecessor-version":[{"id":3170,"href":"https:\/\/www.inforesidencias.com\/blog\/index.php\/wp-json\/wp\/v2\/posts\/3164\/revisions\/3170"}],"wp:featuredmedia":[{"embeddable":true,"href":"https:\/\/www.inforesidencias.com\/blog\/index.php\/wp-json\/wp\/v2\/media\/3168"}],"wp:attachment":[{"href":"https:\/\/www.inforesidencias.com\/blog\/index.php\/wp-json\/wp\/v2\/media?parent=3164"}],"wp:term":[{"taxonomy":"category","embeddable":true,"href":"https:\/\/www.inforesidencias.com\/blog\/index.php\/wp-json\/wp\/v2\/categories?post=3164"},{"taxonomy":"post_tag","embeddable":true,"href":"https:\/\/www.inforesidencias.com\/blog\/index.php\/wp-json\/wp\/v2\/tags?post=3164"}],"curies":[{"name":"wp","href":"https:\/\/api.w.org\/{rel}","templated":true}]}}