{"id":3171,"date":"2020-05-12T15:46:01","date_gmt":"2020-05-12T15:46:01","guid":{"rendered":"https:\/\/www.inforesidencias.com\/blog\/?p=3171"},"modified":"2020-05-19T09:53:20","modified_gmt":"2020-05-19T09:53:20","slug":"reapertura-centros-de-dia","status":"publish","type":"post","link":"https:\/\/www.inforesidencias.com\/blog\/index.php\/2020\/05\/12\/reapertura-centros-de-dia\/","title":{"rendered":"REAPERTURA DE CENTROS DE D\u00cdA , JUGANDO CON LAS PALABRAS"},"content":{"rendered":"<p><span style=\"color: #008000\"><em>Nota del autor:\u00a0 Actualizaci\u00f3n d\u00eda 18 de mayo sobre <strong>centros de d\u00eda<\/strong>.<\/em><\/span><\/p>\n<div class=\"\"><span style=\"color: #008000\"><em><span class=\"\">La\u00a0Orden SND\/414\/2020 modific\u00f3 la SND\/399\/2020 (de que trat\u00e1bamos en este post) que\u00a0e<\/span><span class=\"\">n su literalidad, parec\u00eda estar diciendo que se deb\u00eda proceder a abrir inmediatamente todos los centros de d\u00eda desde el comienzo de la fase 1. Ahora, como podr\u00e9is apreciar, seg\u00fan el apartado cinco de la disposici\u00f3n final segunda, el art. 17 ha quedado redactado de una forma mucho m\u00e1s matizada y prudente:<\/span><\/em><\/span><\/div>\n<div class=\"\">\n<div class=\"\"><span style=\"color: #008000\"><em><span class=\"\">\u00a0<\/span><\/em><\/span><\/div>\n<div class=\"\"><span style=\"color: #008000\"><em><span class=\"\">Art\u00edculo 17.\u00a0Servicios y prestaciones en materia de servicios sociales.<\/span><\/em><\/span><\/div>\n<div class=\"\"><span style=\"color: #008000\"><em><span class=\"\">\u00a0<\/span><\/em><\/span><\/div>\n<div class=\"\"><span style=\"color: #008000\"><em><span class=\"\">1. Los servicios sociales deber\u00e1n garantizar la prestaci\u00f3n efectiva de todos los servicios y prestaciones recogidos en el Cat\u00e1logo de Referencia de Servicios Sociales, aprobado por el Consejo Territorial de Servicios Sociales y del Sistema para la Autonom\u00eda y la Atenci\u00f3n a la Dependencia. Para ello, las autoridades competentes de las comunidades aut\u00f3nomas podr\u00e1n determinar la reapertura al p\u00fablico de los centros y servicios donde se presten dichos servicios y prestaciones, atendiendo a la situaci\u00f3n epidemiol\u00f3gica de cada centro o servicio, y a la capacidad de respuesta del sistema sanitario concernido.<\/span><\/em><\/span><\/div>\n<div class=\"\"><span style=\"color: #008000\"><em><span class=\"\">2. Se priorizar\u00e1 que los servicios y prestaciones a los que se refiere el apartado anterior sean realizados por v\u00eda telem\u00e1tica, reservando la atenci\u00f3n presencial a aquellos casos en que resulte imprescindible.<\/span><\/em><\/span><\/div>\n<div class=\"\"><span style=\"color: #008000\"><em><span class=\"\">Cuando los citados servicios y prestaciones deban ser realizados de manera presencial, se garantizar\u00e1 el cumplimiento de los siguientes requisitos:<\/span><\/em><\/span><\/div>\n<div class=\"\"><span style=\"color: #008000\"><em><span class=\"\">\u00a0<\/span><\/em><\/span><\/div>\n<div class=\"\"><span style=\"color: #008000\"><em><span class=\"\">a) Observancia de las medidas de higiene y prevenci\u00f3n establecidas por las autoridades sanitarias, especialmente el mantenimiento de distancia social, etiqueta respiratoria e higiene de manos.<\/span><\/em><\/span><\/div>\n<div class=\"\"><span style=\"color: #008000\"><em><span class=\"\">b) Uso de equipos de protecci\u00f3n adecuados al nivel de riesgo tanto por parte de las personas trabajadoras como por los usuarios.<\/span><\/em><\/span><\/div>\n<div class=\"\"><span style=\"color: #008000\"><em><span class=\"\">\u00a0<\/span><\/em><\/span><\/div>\n<div class=\"\"><span style=\"color: #008000\"><em><span class=\"\">3. En aquellos servicios dirigidos al cuidado de personas vulnerables que impliquen contacto estrecho y\/o alojamiento colectivo como es el caso de servicios de ayuda a domicilio, los <b class=\"\">servicios prestados en centros de d\u00eda<\/b> y los centros residenciales de car\u00e1cter social, las autoridades competentes de las comunidades aut\u00f3nomas podr\u00e1n determinar la adopci\u00f3n de medidas adicionales en materia monitorizaci\u00f3n y seguimiento de casos, adopci\u00f3n de procedimientos de aislamiento o cuarentena, trazabilidad de los contactos, y de realizaci\u00f3n de pruebas diagn\u00f3sticas.<\/span><\/em><\/span><\/div>\n<div class=\"\"><span style=\"color: #008000\"><em><span class=\"\">4. En todo caso, se garantizar\u00e1 la disponibilidad de acceso a los servicios de terapia, rehabilitaci\u00f3n, atenci\u00f3n temprana y atenci\u00f3n diurna para personas con discapacidad y\/o en situaci\u00f3n de dependencia.<\/span><\/em><\/span><\/div>\n<div class=\"\"><span style=\"color: #008000\"><em><span class=\"\">\u00a0<\/span><\/em><\/span><\/div>\n<div class=\"\"><span style=\"color: #008000\"><em><span class=\"\">As\u00ed las cosas, todo queda en manos de cada comunidad aut\u00f3noma. \u00a0Yo entiendo que s\u00ed\u00a0se podr\u00eda abrir cumpliendo lo que diga la\u00a0Comunidad.\u00a0\u00a0<\/span><\/em><\/span><\/div>\n<div class=\"\"><span class=\"\">\u00a0<\/span><\/div>\n<\/div>\n<p>Post original:<\/p>\n<p>A veces tengo la sensaci\u00f3n de que los t\u00e9cnicos m\u00e1s competentes del gobierno deben estar en casa convalecientes y han dejado el trabajo \u201cfino\u201d a gente que no sabe muy bien lo que es redactar para el BOE.<\/p>\n<p>Empec\u00e9 a pensarlo cuando, a la hora de determinar c\u00f3mo hacer la desescalada, la Orden <a href=\"https:\/\/boe.es\/diario_boe\/txt.php?id=BOE-A-2020-4767\">SND\/380\/2020, de 30 de abril<\/a>, determin\u00f3 que no podr\u00edan salir a pasear quienes viviesen en centros sociosanitarios pero no dijo nada de los que viviesen en residencias de mayores.\u00a0 \u00bfDescuido? \u00bfDistinci\u00f3n sutil?\u00a0 No, \u00a1Chapuza!<\/p>\n<p>Y, como el chapucero siempre llama dos veces, a los pocos d\u00edas hemos tenido la segunda entrega de la confusi\u00f3n.\u00a0 En esta ocasi\u00f3n el BOE de 9 de mayo ha publicado la <a href=\"https:\/\/www.boe.es\/diario_boe\/txt.php?id=BOE-A-2020-4911\">Orden SND\/399\/2020,<\/a>\u00a0 para la flexibilizaci\u00f3n de determinadas restricciones de \u00e1mbito nacional, establecidas tras la declaraci\u00f3n del estado de alarma en aplicaci\u00f3n de la fase 1 del Plan para la transici\u00f3n hacia una nueva normalidad.<\/p>\n<p>Este es el art\u00edculo 17<\/p>\n<p><strong><em>De los servicios y prestaciones en materia de servicios sociales<\/em><\/strong><\/p>\n<p><em>\u00a0<\/em><em>Art\u00edculo 17. Servicios y prestaciones en materia de servicios sociales. <\/em><\/p>\n<p><em>\u00a0<\/em><em>Los servicios sociales deber\u00e1n garantizar la prestaci\u00f3n efectiva de todos los servicios y prestaciones recogidos en el Cat\u00e1logo de Referencia de Servicios Sociales, aprobado por el Consejo Territorial de Servicios Sociales y del Sistema para la Autonom\u00eda y la Atenci\u00f3n a la Dependencia. Para ello, <span style=\"color: #ff0000\">los centros y servicios donde se presten dichos servicios y prestaciones deber\u00e1n estar abiertos y disponibles para la atenci\u00f3n presencial a la ciudadan\u00eda<\/span>, siempre que \u00e9sta sea necesaria, y sin perjuicio de que se adopten las medidas de prevenci\u00f3n e higiene establecidas por las autoridades sanitarias. Cuando sea posible, se priorizar\u00e1 la prestaci\u00f3n de servicios por v\u00eda telem\u00e1tica, reservando la atenci\u00f3n presencial a aquellos casos en que resulta imprescindible. <\/em><\/p>\n<p><em><span style=\"color: #ff0000\">En todo caso, se garantizar\u00e1 la disponibilidad de acceso<\/span> a los servicios de terapia, rehabilitaci\u00f3n, atenci\u00f3n temprana y<span style=\"color: #ff0000\"> atenci\u00f3n diurna<\/span> para personas con discapacidad y\/o en situaci\u00f3n de dependencia.<\/em><\/p>\n<p>(Nota: el color rojo lo he puesto yo. No es del BOE)<\/p>\n<p>Los propietarios y gestores de centros de d\u00eda al leer este punto han pensado.\u00a0 \u201cEn la medida en que el centro de d\u00eda forma parte del <a href=\"https:\/\/www.mscbs.gob.es\/ssi\/familiasInfancia\/ServiciosSociales\/docs\/CatalogoServiciosSociales.pdf\">Cat\u00e1logo de Referencia de Servicios Sociales<\/a>, concretamente en el punto 1.2.C donde se mencionan expresamente (\u201cAsimismo pueden estar incluidos en los centros de d\u00eda los centros ocupacionales para personas con discapacidad.\u201d), \u00bfEstamos obligados a abrir cuando entremos en la fase 1? \u00bfPodemos hacerlo aunque no estemos obligados?.<\/p>\n<p>Las familias que llevan cuidando a sus seres queridos a los que, hasta el cierre llevaban a un centro de d\u00eda, se preguntar\u00e1n: \u00bfQuiere esto decir que ya podemos volver a llevar a mam\u00e1 al centro? \u00bfQuiere decir que ya es seguro hacerlo?<\/p>\n<p>En principio la respuesta parece negativa ya que, hace pocos d\u00edas apareci\u00f3 en los medios que <a href=\"https:\/\/www.europapress.es\/epsocial\/igualdad\/noticia-coronavirus-gobierno-no-tiene-prevista-reapertura-centros-dia-fases-desescalada-20200502204808.html\">El Gobierno no ten\u00eda prevista la reapertura de los <strong>centros de d\u00eda<\/strong> durante las fases de desescalada<\/a>.\u00a0 El argumento del gobierno era que las personas usuarias de centros de d\u00eda son un grupo de riesgo por lo que se dejar\u00eda la apertura para la \u201cnueva normalidad\u201d.<\/p>\n<p>Sinceramente creo que nadie en el Ministerio estaba pensando en la reapertura de los centros de d\u00eda al redactar la Orden.\u00a0 M\u00e1s bien, se les ha\u00a0pasado hacer la apreciaci\u00f3n, algo que no habr\u00eda sido dif\u00edcil.<\/p>\n<p>Una vez publicada la Orden, me puedo imaginar las llamadas desde las comunidades aut\u00f3nomas al Ministerio pidiendo explicaciones y las excusas peregrinas que se habr\u00e1n inventado sobre la marcha antes de verse obligados a admitir que sencillamente se les hab\u00eda pasado por alto.<\/p>\n<p>Esta es una conversaci\u00f3n imaginaria:<\/p>\n<p><u>Consejer\u00eda<\/u>: \u201c\u00bfC\u00f3mo hab\u00e9is puesto algo que da a entender que los <strong>centros de d\u00eda<\/strong><\/p>\n<div id=\"attachment_645\" style=\"width: 650px\" class=\"wp-caption alignleft\"><a href=\"https:\/\/www.inforesidencias.com\/blog\/wp-content\/uploads\/2016\/03\/IMG_7115.jpg\"><img aria-describedby=\"caption-attachment-645\" decoding=\"async\" loading=\"lazy\" class=\"size-full wp-image-645\" src=\"https:\/\/www.inforesidencias.com\/blog\/wp-content\/uploads\/2016\/03\/IMG_7115.jpg\" alt=\"Reapertura de centros de d\u00eda\" width=\"640\" height=\"480\" \/><\/a><p id=\"caption-attachment-645\" class=\"wp-caption-text\">Reapertura de centros de d\u00eda<\/p><\/div>\n<p><strong><em>deber\u00e1n estar abiertos<\/em><\/strong>? \u00bfOs hab\u00e9is vuelto locos?\u201d<\/p>\n<p><u>Ministerio<\/u>: \u201cNo lo hab\u00e9is entendido.\u00a0 Se refiere a <strong>servicios<\/strong> y no a<strong> centros<\/strong> y siempre se hace depender la apertura de que se puedan tomar medidas sanitarias. \u00a0El centro s\u00f3lo debe abrirse si es indispensable para que se pueda prestar el servicio. Quiz\u00e1s se puede prestar el servicio de forma no presencial.\u201d<\/p>\n<p><em>\u00a0<\/em><u>Consejer\u00eda<\/u>: \u201cEso no tiene sentido.\u00a0 \u00bfC\u00f3mo puedes prestar un servicio no presencial?\u00a0 El cat\u00e1logo dice <strong>estancias diurnas<\/strong> \u00bfC\u00f3mo va a haber estancia sin no hay centro?\u201d<\/p>\n<p><u>Ministerio<\/u>:\u00a0 \u201cSigues sin entenderlo.\u00a0 Estamos en tiempos de <em>cogobernanza<\/em> o sea que lo \u00fanico que hemos hecho es abrir la puerta para que las comunidades aut\u00f3nomas teng\u00e1is la \u00faltima decisi\u00f3n\u201d.<\/p>\n<p><u>Consejer\u00eda<\/u>: \u00bfY por qu\u00e9 no lo hab\u00e9is puesto claro en la Orden? \u00bfNo veis que esto va a generar confusi\u00f3n?<\/p>\n<p><u>Ministerio<\/u>: \u00a1Jo!\u00a0 \u00a1Es que nunca est\u00e1is contentas, las comunidades aut\u00f3nomas!\u00a0 La Orden es un marco general, que establece un cierto car\u00e1cter potestativo, no imperativo.<\/p>\n<p><u>Consejer\u00eda<\/u>:\u00a0 \u00a0Si fueseis m\u00e1s claros todo ser\u00eda m\u00e1s f\u00e1cil,.<\/p>\n<p><u>Ministerio<\/u>: Pues escucha bien y te lo digo muy claro: Hay que garantizar servicios; la decisi\u00f3n de abrir un centro depender\u00e1 de que sea necesario para asegurar ese servicio y posible en funci\u00f3n de las condiciones sanitarias; la decisi\u00f3n \u00faltima es de cada comunicad aut\u00f3noma.\u00a0\u00a0 Para que os quede m\u00e1s claro en unos d\u00edas sacaremos orientaciones.<\/p>\n<p><u>Consejer\u00eda<\/u>:\u00a0 \u00bfY lo de no salir a pasear de centros sociosanitarios sin mencionar las residencias?<\/p>\n<p><u>Ministerio<\/u>:\u00a0 Eso ya qued\u00f3 claro.\u00a0 Adi\u00f3s.<\/p>\n<p>Bromas a parte.\u00a0 La redacci\u00f3n es tan desgraciada que parece que las Comunidades Aut\u00f3nomas tienen que garantizar la reapertura de los centros de d\u00eda.\u00a0 Como en la pr\u00e1ctica esto parece precipitado, alguna comunidad, Catalu\u00f1a, ha movido ficha y ha concretado <a href=\"https:\/\/portaldogc.gencat.cat\/utilsEADOP\/PDF\/8130A\/1793913.pdf\">cu\u00e1les son los requisitos para esa reapertura: <\/a>\u00a0Para empezar ha sometido \u00e9sta a una \u201cvalidaci\u00f3n\u201d por parte de la Generalitat de que se cumplen unos requisitos.<\/p>\n<p>Es curioso ver que en la resoluci\u00f3n <a href=\"https:\/\/portaldogc.gencat.cat\/utilsEADOP\/PDF\/8130A\/1793913.pdf\">TSF\/994\/2020<\/a> tambi\u00e9n se ha optado por los juegos de palabras ya que ley\u00e9ndolo no se ve a la primera si regula la reapertura de servicios de atenci\u00f3n diurna dentro de residencias o tambi\u00e9n afecta a los <strong><a href=\"https:\/\/www.inforesidencias.com\/centros\/buscador\/centros-de-dia-para-mayores\/catalunya\">centros de d\u00eda catalanes<\/a><\/strong> que se prestan en un establecimiento separado.<\/p>\n<p>Veamos c\u00f3mo lo dice exactamente sobre reapertura de centros de d\u00eda:<\/p>\n<p><strong><em>Criterios b\u00e1sicos para pasar a fase de desconfinamiento \u00a0y apertura de los centros de atenci\u00f3n diurna para personas mayores y con discapacidad<\/em><\/strong><\/p>\n<p><em>\u00a0<\/em><em>&#8211; La validaci\u00f3n del centro residencial para volver a abrir la actividad de centros de d\u00eda depender\u00e1 del Departamento de Trabajo, Asuntos Sociales y Familias, en coordinaci\u00f3n con la autoridad sanitaria territorial y se basar\u00e1 en los criterios poblacionales de riesgo de contagio por regiones sanitarias que se crean conveniente, y que ser\u00e1n debidamente comunicadas a todos los centros.<br \/>\n&#8211; La apertura de los centros se realizar\u00e1 cuando el territorio donde se encuentre el centro est\u00e9 considerado por parte del Departamento de Salud en la fase correspondiente del proceso de desconfinamiento.<\/em><\/p>\n<p>A continuaci\u00f3n, se plantean una serie de requisitos que hacen en la pr\u00e1ctica casi imposible que ning\u00fan <strong>centro de d\u00eda<\/strong> pueda volver a abrir en el corto plazo.<\/p>\n<p>Lo que no entiendo es: si hace s\u00f3lo una semana dec\u00edan que no se reabrir\u00edan los centros hasta la nueva normalidad \u00bfpor qu\u00e9 nos l\u00edan tanto creando procedimientos y requisitos incumplibles?<\/p>\n<p>Seguimos con la <strong><em>maldici\u00f3n de las instrucciones retorcidas<\/em><\/strong> que acompa\u00f1a a los prestadores de servicios para personas mayores desde que empez\u00f3 la pandemia.<\/p>\n<p>Yo entiendo que cada centro de d\u00eda de Espa\u00f1a debe mirar al gobierno de su comunidad aut\u00f3noma para buscar la respuesta a las preguntas <strong>cu\u00e1ndo y c\u00f3mo<\/strong> pueden volver a abrir.\u00a0 La mirada que deben obtener en retorno deber\u00eda ser de comprensi\u00f3n.\u00a0 No podemos dejar en la cuneta a emprendedores y entidades que han apostado en su momento por ofrecer un servicio que resulta complicado de convertir en viable y que est\u00e1 cubriendo una necesidad imperiosa para muchos mayores y sus familiares.<\/p>\n<p>NO DEJEN A LOS <strong>CENTROS DE D\u00cdA<\/strong> EN LA ESTACADA<\/p>\n<p>Las asociaciones patronales tienen aqu\u00ed un papel muy importante que me consta est\u00e1n ejerciendo.\u00a0 Hay que presionar como se pueda a unas administraciones que est\u00e1n dando la sensaci\u00f3n de sentirse totalmente despreocupadas por el futuro y la viabilidad del sector de la atenci\u00f3n a personas mayores.<\/p>\n<p>Yo pienso que luchar contra la pandemia es muy importante, quiz\u00e1s lo m\u00e1s importante, pero no podemos olvidar que todas las pandemias acaban pasando y hay que ir cimentando lo que ser\u00e1 el futuro de las personas dependientes.<\/p>\n","protected":false},"excerpt":{"rendered":"<p>Nota del autor:\u00a0 Actualizaci\u00f3n d\u00eda 18 de mayo sobre centros de d\u00eda. La\u00a0Orden SND\/414\/2020 modific\u00f3 la SND\/399\/2020 (de que trat\u00e1bamos en este post) que\u00a0en su literalidad, parec\u00eda estar diciendo que se deb\u00eda proceder a abrir inmediatamente todos los centros de d\u00eda desde el comienzo de la fase 1. Ahora, como podr\u00e9is apreciar, seg\u00fan el apartado cinco de la disposici\u00f3n final segunda, el art. 17 ha quedado redactado de una forma mucho m\u00e1s matizada y prudente: \u00a0 Art\u00edculo 17.\u00a0Servicios y prestaciones en materia de servicios sociales. \u00a0 1. Los servicios sociales deber\u00e1n garantizar la prestaci\u00f3n efectiva de todos los servicios y prestaciones recogidos en el Cat\u00e1logo de Referencia de Servicios Sociales, aprobado por el Consejo Territorial de Servicios Sociales y del Sistema para la Autonom\u00eda y la Atenci\u00f3n a la Dependencia. Para ello, las autoridades competentes de las comunidades aut\u00f3nomas podr\u00e1n determinar la reapertura al p\u00fablico de los centros y servicios [&hellip;]<\/p>\n","protected":false},"author":2,"featured_media":621,"comment_status":"open","ping_status":"open","sticky":false,"template":"","format":"standard","meta":{"footnotes":""},"categories":[91,5],"tags":[],"yoast_head":"<!-- This site is optimized with the Yoast SEO plugin v21.7 - https:\/\/yoast.com\/wordpress\/plugins\/seo\/ -->\n<title>REAPERTURA DE CENTROS DE D\u00cdA , JUGANDO CON LAS PALABRAS - Blog Inforesidencias.com<\/title>\n<meta name=\"description\" content=\"La reapertura de los centros de d\u00eda tras la pandemia plantea problemas. El BOE no da una soluci\u00f3n clara.\" \/>\n<meta name=\"robots\" content=\"index, follow, max-snippet:-1, max-image-preview:large, max-video-preview:-1\" \/>\n<link rel=\"canonical\" href=\"https:\/\/www.inforesidencias.com\/blog\/index.php\/2020\/05\/12\/reapertura-centros-de-dia\/\" \/>\n<meta property=\"og:locale\" content=\"es_ES\" \/>\n<meta property=\"og:type\" content=\"article\" \/>\n<meta property=\"og:title\" content=\"REAPERTURA DE CENTROS DE D\u00cdA , JUGANDO CON LAS PALABRAS - Blog Inforesidencias.com\" \/>\n<meta property=\"og:description\" content=\"La reapertura de los centros de d\u00eda tras la pandemia plantea problemas. El BOE no da una soluci\u00f3n clara.\" \/>\n<meta property=\"og:url\" content=\"https:\/\/www.inforesidencias.com\/blog\/index.php\/2020\/05\/12\/reapertura-centros-de-dia\/\" \/>\n<meta property=\"og:site_name\" content=\"Blog Inforesidencias.com\" \/>\n<meta property=\"article:publisher\" content=\"https:\/\/www.facebook.com\/Inforesidencias\/\" \/>\n<meta property=\"article:author\" content=\"https:\/\/www.facebook.com\/josep.demarti\" \/>\n<meta property=\"article:published_time\" content=\"2020-05-12T15:46:01+00:00\" \/>\n<meta property=\"article:modified_time\" content=\"2020-05-19T09:53:20+00:00\" \/>\n<meta property=\"og:image\" content=\"https:\/\/www.inforesidencias.com\/blog\/wp-content\/uploads\/2016\/03\/IMG_7061.jpg\" \/>\n\t<meta property=\"og:image:width\" content=\"1600\" \/>\n\t<meta property=\"og:image:height\" content=\"900\" \/>\n\t<meta property=\"og:image:type\" content=\"image\/jpeg\" \/>\n<meta name=\"author\" content=\"Josep de Mart\u00ed\" \/>\n<meta name=\"twitter:card\" content=\"summary_large_image\" \/>\n<meta name=\"twitter:creator\" content=\"@blog-ir\" \/>\n<meta name=\"twitter:site\" content=\"@inforesidencias\" \/>\n<meta name=\"twitter:label1\" content=\"Escrito por\" \/>\n\t<meta name=\"twitter:data1\" content=\"Josep de Mart\u00ed\" \/>\n\t<meta name=\"twitter:label2\" content=\"Tiempo de lectura\" \/>\n\t<meta name=\"twitter:data2\" content=\"10 minutos\" \/>\n<script type=\"application\/ld+json\" class=\"yoast-schema-graph\">{\"@context\":\"https:\/\/schema.org\",\"@graph\":[{\"@type\":\"WebPage\",\"@id\":\"https:\/\/www.inforesidencias.com\/blog\/index.php\/2020\/05\/12\/reapertura-centros-de-dia\/\",\"url\":\"https:\/\/www.inforesidencias.com\/blog\/index.php\/2020\/05\/12\/reapertura-centros-de-dia\/\",\"name\":\"REAPERTURA DE CENTROS DE D\u00cdA , JUGANDO CON LAS PALABRAS - Blog Inforesidencias.com\",\"isPartOf\":{\"@id\":\"https:\/\/www.inforesidencias.com\/blog\/#website\"},\"datePublished\":\"2020-05-12T15:46:01+00:00\",\"dateModified\":\"2020-05-19T09:53:20+00:00\",\"author\":{\"@id\":\"https:\/\/www.inforesidencias.com\/blog\/#\/schema\/person\/9e146774d1eb3bc1c0316242a3898628\"},\"description\":\"La reapertura de los centros de d\u00eda tras la pandemia plantea problemas. El BOE no da una soluci\u00f3n clara.\",\"breadcrumb\":{\"@id\":\"https:\/\/www.inforesidencias.com\/blog\/index.php\/2020\/05\/12\/reapertura-centros-de-dia\/#breadcrumb\"},\"inLanguage\":\"es\",\"potentialAction\":[{\"@type\":\"ReadAction\",\"target\":[\"https:\/\/www.inforesidencias.com\/blog\/index.php\/2020\/05\/12\/reapertura-centros-de-dia\/\"]}]},{\"@type\":\"BreadcrumbList\",\"@id\":\"https:\/\/www.inforesidencias.com\/blog\/index.php\/2020\/05\/12\/reapertura-centros-de-dia\/#breadcrumb\",\"itemListElement\":[{\"@type\":\"ListItem\",\"position\":1,\"name\":\"Home\",\"item\":\"https:\/\/www.inforesidencias.com\/blog\/\"},{\"@type\":\"ListItem\",\"position\":2,\"name\":\"REAPERTURA DE CENTROS DE D\u00cdA , JUGANDO CON LAS PALABRAS\"}]},{\"@type\":\"WebSite\",\"@id\":\"https:\/\/www.inforesidencias.com\/blog\/#website\",\"url\":\"https:\/\/www.inforesidencias.com\/blog\/\",\"name\":\"Blog Inforesidencias.com\",\"description\":\"El buscador de residencias de la 3\u00aa edad\",\"potentialAction\":[{\"@type\":\"SearchAction\",\"target\":{\"@type\":\"EntryPoint\",\"urlTemplate\":\"https:\/\/www.inforesidencias.com\/blog\/?s={search_term_string}\"},\"query-input\":\"required name=search_term_string\"}],\"inLanguage\":\"es\"},{\"@type\":\"Person\",\"@id\":\"https:\/\/www.inforesidencias.com\/blog\/#\/schema\/person\/9e146774d1eb3bc1c0316242a3898628\",\"name\":\"Josep de Mart\u00ed\",\"image\":{\"@type\":\"ImageObject\",\"inLanguage\":\"es\",\"@id\":\"https:\/\/www.inforesidencias.com\/blog\/#\/schema\/person\/image\/\",\"url\":\"https:\/\/secure.gravatar.com\/avatar\/de0302c4806c00c4cebff396a798c1ff?s=96&d=mm&r=g\",\"contentUrl\":\"https:\/\/secure.gravatar.com\/avatar\/de0302c4806c00c4cebff396a798c1ff?s=96&d=mm&r=g\",\"caption\":\"Josep de Mart\u00ed\"},\"sameAs\":[\"https:\/\/www.inforesidencias.com\",\"https:\/\/www.facebook.com\/josep.demarti\",\"https:\/\/twitter.com\/blog-ir\"],\"url\":\"https:\/\/www.inforesidencias.com\/blog\/index.php\/author\/josepdemarti\/\"}]}<\/script>\n<!-- \/ Yoast SEO plugin. -->","yoast_head_json":{"title":"REAPERTURA DE CENTROS DE D\u00cdA , JUGANDO CON LAS PALABRAS - Blog Inforesidencias.com","description":"La reapertura de los centros de d\u00eda tras la pandemia plantea problemas. El BOE no da una soluci\u00f3n clara.","robots":{"index":"index","follow":"follow","max-snippet":"max-snippet:-1","max-image-preview":"max-image-preview:large","max-video-preview":"max-video-preview:-1"},"canonical":"https:\/\/www.inforesidencias.com\/blog\/index.php\/2020\/05\/12\/reapertura-centros-de-dia\/","og_locale":"es_ES","og_type":"article","og_title":"REAPERTURA DE CENTROS DE D\u00cdA , JUGANDO CON LAS PALABRAS - Blog Inforesidencias.com","og_description":"La reapertura de los centros de d\u00eda tras la pandemia plantea problemas. El BOE no da una soluci\u00f3n clara.","og_url":"https:\/\/www.inforesidencias.com\/blog\/index.php\/2020\/05\/12\/reapertura-centros-de-dia\/","og_site_name":"Blog Inforesidencias.com","article_publisher":"https:\/\/www.facebook.com\/Inforesidencias\/","article_author":"https:\/\/www.facebook.com\/josep.demarti","article_published_time":"2020-05-12T15:46:01+00:00","article_modified_time":"2020-05-19T09:53:20+00:00","og_image":[{"width":1600,"height":900,"url":"https:\/\/www.inforesidencias.com\/blog\/wp-content\/uploads\/2016\/03\/IMG_7061.jpg","type":"image\/jpeg"}],"author":"Josep de Mart\u00ed","twitter_card":"summary_large_image","twitter_creator":"@blog-ir","twitter_site":"@inforesidencias","twitter_misc":{"Escrito por":"Josep de Mart\u00ed","Tiempo de lectura":"10 minutos"},"schema":{"@context":"https:\/\/schema.org","@graph":[{"@type":"WebPage","@id":"https:\/\/www.inforesidencias.com\/blog\/index.php\/2020\/05\/12\/reapertura-centros-de-dia\/","url":"https:\/\/www.inforesidencias.com\/blog\/index.php\/2020\/05\/12\/reapertura-centros-de-dia\/","name":"REAPERTURA DE CENTROS DE D\u00cdA , JUGANDO CON LAS PALABRAS - Blog Inforesidencias.com","isPartOf":{"@id":"https:\/\/www.inforesidencias.com\/blog\/#website"},"datePublished":"2020-05-12T15:46:01+00:00","dateModified":"2020-05-19T09:53:20+00:00","author":{"@id":"https:\/\/www.inforesidencias.com\/blog\/#\/schema\/person\/9e146774d1eb3bc1c0316242a3898628"},"description":"La reapertura de los centros de d\u00eda tras la pandemia plantea problemas. El BOE no da una soluci\u00f3n clara.","breadcrumb":{"@id":"https:\/\/www.inforesidencias.com\/blog\/index.php\/2020\/05\/12\/reapertura-centros-de-dia\/#breadcrumb"},"inLanguage":"es","potentialAction":[{"@type":"ReadAction","target":["https:\/\/www.inforesidencias.com\/blog\/index.php\/2020\/05\/12\/reapertura-centros-de-dia\/"]}]},{"@type":"BreadcrumbList","@id":"https:\/\/www.inforesidencias.com\/blog\/index.php\/2020\/05\/12\/reapertura-centros-de-dia\/#breadcrumb","itemListElement":[{"@type":"ListItem","position":1,"name":"Home","item":"https:\/\/www.inforesidencias.com\/blog\/"},{"@type":"ListItem","position":2,"name":"REAPERTURA DE CENTROS DE D\u00cdA , JUGANDO CON LAS PALABRAS"}]},{"@type":"WebSite","@id":"https:\/\/www.inforesidencias.com\/blog\/#website","url":"https:\/\/www.inforesidencias.com\/blog\/","name":"Blog Inforesidencias.com","description":"El buscador de residencias de la 3\u00aa edad","potentialAction":[{"@type":"SearchAction","target":{"@type":"EntryPoint","urlTemplate":"https:\/\/www.inforesidencias.com\/blog\/?s={search_term_string}"},"query-input":"required name=search_term_string"}],"inLanguage":"es"},{"@type":"Person","@id":"https:\/\/www.inforesidencias.com\/blog\/#\/schema\/person\/9e146774d1eb3bc1c0316242a3898628","name":"Josep de Mart\u00ed","image":{"@type":"ImageObject","inLanguage":"es","@id":"https:\/\/www.inforesidencias.com\/blog\/#\/schema\/person\/image\/","url":"https:\/\/secure.gravatar.com\/avatar\/de0302c4806c00c4cebff396a798c1ff?s=96&d=mm&r=g","contentUrl":"https:\/\/secure.gravatar.com\/avatar\/de0302c4806c00c4cebff396a798c1ff?s=96&d=mm&r=g","caption":"Josep de Mart\u00ed"},"sameAs":["https:\/\/www.inforesidencias.com","https:\/\/www.facebook.com\/josep.demarti","https:\/\/twitter.com\/blog-ir"],"url":"https:\/\/www.inforesidencias.com\/blog\/index.php\/author\/josepdemarti\/"}]}},"_links":{"self":[{"href":"https:\/\/www.inforesidencias.com\/blog\/index.php\/wp-json\/wp\/v2\/posts\/3171"}],"collection":[{"href":"https:\/\/www.inforesidencias.com\/blog\/index.php\/wp-json\/wp\/v2\/posts"}],"about":[{"href":"https:\/\/www.inforesidencias.com\/blog\/index.php\/wp-json\/wp\/v2\/types\/post"}],"author":[{"embeddable":true,"href":"https:\/\/www.inforesidencias.com\/blog\/index.php\/wp-json\/wp\/v2\/users\/2"}],"replies":[{"embeddable":true,"href":"https:\/\/www.inforesidencias.com\/blog\/index.php\/wp-json\/wp\/v2\/comments?post=3171"}],"version-history":[{"count":16,"href":"https:\/\/www.inforesidencias.com\/blog\/index.php\/wp-json\/wp\/v2\/posts\/3171\/revisions"}],"predecessor-version":[{"id":3211,"href":"https:\/\/www.inforesidencias.com\/blog\/index.php\/wp-json\/wp\/v2\/posts\/3171\/revisions\/3211"}],"wp:featuredmedia":[{"embeddable":true,"href":"https:\/\/www.inforesidencias.com\/blog\/index.php\/wp-json\/wp\/v2\/media\/621"}],"wp:attachment":[{"href":"https:\/\/www.inforesidencias.com\/blog\/index.php\/wp-json\/wp\/v2\/media?parent=3171"}],"wp:term":[{"taxonomy":"category","embeddable":true,"href":"https:\/\/www.inforesidencias.com\/blog\/index.php\/wp-json\/wp\/v2\/categories?post=3171"},{"taxonomy":"post_tag","embeddable":true,"href":"https:\/\/www.inforesidencias.com\/blog\/index.php\/wp-json\/wp\/v2\/tags?post=3171"}],"curies":[{"name":"wp","href":"https:\/\/api.w.org\/{rel}","templated":true}]}}