{"id":3183,"date":"2020-05-15T09:19:17","date_gmt":"2020-05-15T09:19:17","guid":{"rendered":"https:\/\/www.inforesidencias.com\/blog\/?p=3183"},"modified":"2020-05-18T08:04:10","modified_gmt":"2020-05-18T08:04:10","slug":"la-pandemia-en-dos-residencias-del-baix-llobregat","status":"publish","type":"post","link":"https:\/\/www.inforesidencias.com\/blog\/index.php\/2020\/05\/15\/la-pandemia-en-dos-residencias-del-baix-llobregat\/","title":{"rendered":"La pandemia en dos residencias del Baix Llobregat"},"content":{"rendered":"<p style=\"text-align: justify\">Empezamos el p<a href=\"https:\/\/www.estelfitxers.com\/audio\/20200513-17_00TEMPSDEBENESTAR-ESGRANSERGRAN.MP3\">rograma de \u201c\u00c9s gran ser gran\u201d del mi\u00e9rcoles <\/a>comentando como afecta el tema de las fases de desescalada para las residencias de mayores y de la prohibici\u00f3n aun vigente de realizar visitas a familiares. Tambi\u00e9n explicamos una posible soluci\u00f3n para permitir las visitas pero que quiz\u00e1 pasar\u00eda por llevar un traje de protecci\u00f3n completo, gafas, guantes y mascarilla. No sabr\u00edamos si nuestro familiar nos reconocer\u00eda pero pensamos que no.<\/p>\n<p style=\"text-align: justify\">Seguidamente, la entrevista del d\u00eda la hicimos a Josep Maria P\u00e9rez, gerente de la residencia <a href=\"https:\/\/www.inforesidencias.com\/centros\/residencia\/4002\/residencia-el-recer-castelldefels\">\u201cEl Recer\u201d de Castelldefels<\/a>. Esta era una de las dos residencias del Baix Llobregat que entrevistamos esta semana. Josep Maria nos explic\u00f3 los cambios m\u00e1s importantes que ha visto en su residencia antes y despu\u00e9s de la pandemia de Coronavirus. Un ejemplo fue que por prevenci\u00f3n y evitar riesgos durante los primeros meses hasta no utilizaban su hermoso jard\u00edn.. Un aspecto que como a todas las residencias es falt\u00f3 durante las primeras semanas fue la falta de equipos de protecci\u00f3n individual. Por otro lado no<img decoding=\"async\" loading=\"lazy\" class=\"alignleft size-full wp-image-3100\" src=\"https:\/\/www.inforesidencias.com\/blog\/wp-content\/uploads\/2020\/04\/Coronavirus-en-las-residencias-de-mayores1.png\" alt=\"residencias del Baix Llobregat\" width=\"400\" height=\"322\" \/> les faltaron protocolos e indicaciones por parte de diferentes organismos, es decir, mucho papel.<\/p>\n<p style=\"text-align: justify\">Nos alegramos al escuchar que desde marzo no han sufrido bajas de personal por contagio de Coronavirus pero un as\u00ed hab\u00eda una mezcla entre miedo y respeto cuando alg\u00fan residente ten\u00eda un poco de fiebre o alg\u00fan s\u00edntoma compatible con Coronavirus que al final no era tal.<\/p>\n<p style=\"text-align: justify\">Despu\u00e9s de unas pinceladas musicales hablamos unos minutos sobre la soledad que han sentido las personas mayores en residencias que se han tenido que aislar. Estas personas se aferraban a la m\u00ednima presencia humana cuando alg\u00fan trabajado entraba en su habitaci\u00f3n para realizar alguna tarea. De hecho un estudio franc\u00e9s habla de la enfermedad del confinamiento y la llega a comparar con el Coronavirus.<\/p>\n<p style=\"text-align: justify\"><a href=\"\/centros\/buscador\/busquedas-predefinidas\/residencias-de-ancianos-en-el-baix-llobregat\">Encontrar la mejor residencia de tercera edad en el Baix Llobregat<\/a><\/p>\n<p style=\"text-align: justify\">Dimos inicio al <a href=\"https:\/\/www.estelfitxers.com\/audio\/20200514-17_01TEMPSDEBENESTAR-ESGRANSERGRAN.MP3\">segundo d\u00eda de programa de la semana, el jueves<\/a>, haciendo una reflexi\u00f3n de como ha cambiado el mundo en solo dos meses. M\u00e1s particularmente recordamos como el d\u00eda anterior que sigue estando prohibido hacer nuevos ingresos en residencias aunque esta opci\u00f3n cada vez est\u00e1 m\u00e1s cerca a cambio de tomar algunas medidas de prevenci\u00f3n. Tendremos que ir viendo los acontecimientos.<\/p>\n<p style=\"text-align: justify\">El jueves entrevistamos a Joan Llopart, gerente de la <a href=\"https:\/\/www.inforesidencias.com\/centros\/residencia\/10548\/residencia-les-oliveres\">residencia les Oliveres de Cervell\u00f3<\/a>. Esta era la segunda de las dos residencias del Baix Llobregat que entrevistamos. Joan nos explic\u00f3 que la residencia les Oliveres se abri\u00f3 hace doce a\u00f1os y tambi\u00e9n dispone de centro de d\u00eda y transporte adaptado para los usuarios que lo necesiten. Joan nos nos inform\u00f3 que el Coronavirus no ha entrado en su residencia y que los tests as\u00ed lo demuestran. Lo que han tenido han sido graves dificultades para conseguir material de protecci\u00f3n. En la recta final\u00a0 de la entrevista, el gerente de les Oliveres nos explic\u00f3 como afrontaron ellos el Coronavirus en su centro y las medidas que tomaron. El buen trabajo y un poquito de suerte han dado sus frutos y no ha habido bajas en les Oliveres en los \u00faltimos dos meses.<\/p>\n<p style=\"text-align: justify\">En los minutos finales del programa dimos las gracias a todas las residencias que han hecho un gran trabajo durante esta pandemia.<\/p>\n<p>&nbsp;<\/p>\n","protected":false},"excerpt":{"rendered":"<p>Empezamos el programa de \u201c\u00c9s gran ser gran\u201d del mi\u00e9rcoles comentando como afecta el tema de las fases de desescalada para las residencias de mayores y de la prohibici\u00f3n aun vigente de realizar visitas a familiares. Tambi\u00e9n explicamos una posible soluci\u00f3n para permitir las visitas pero que quiz\u00e1 pasar\u00eda por llevar un traje de protecci\u00f3n completo, gafas, guantes y mascarilla. No sabr\u00edamos si nuestro familiar nos reconocer\u00eda pero pensamos que no. Seguidamente, la entrevista del d\u00eda la hicimos a Josep Maria P\u00e9rez, gerente de la residencia \u201cEl Recer\u201d de Castelldefels. Esta era una de las dos residencias del Baix Llobregat que entrevistamos esta semana. Josep Maria nos explic\u00f3 los cambios m\u00e1s importantes que ha visto en su residencia antes y despu\u00e9s de la pandemia de Coronavirus. Un ejemplo fue que por prevenci\u00f3n y evitar riesgos durante los primeros meses hasta no utilizaban su hermoso jard\u00edn.. Un aspecto que como a [&hellip;]<\/p>\n","protected":false},"author":2,"featured_media":3100,"comment_status":"open","ping_status":"open","sticky":false,"template":"","format":"standard","meta":{"footnotes":""},"categories":[1],"tags":[],"yoast_head":"<!-- This site is optimized with the Yoast SEO plugin v21.7 - https:\/\/yoast.com\/wordpress\/plugins\/seo\/ -->\n<title>La pandemia en dos residencias del Baix Llobregat - Blog Inforesidencias.com<\/title>\n<meta name=\"description\" content=\"Esta semana hemos entrevistado a dos residencias del Baix Llobregat que nos han contado como han afrontado el Coronavirus durante estos \u00faltimos dos meses\" \/>\n<meta name=\"robots\" content=\"index, follow, max-snippet:-1, max-image-preview:large, max-video-preview:-1\" \/>\n<link rel=\"canonical\" href=\"https:\/\/www.inforesidencias.com\/blog\/index.php\/2020\/05\/15\/la-pandemia-en-dos-residencias-del-baix-llobregat\/\" \/>\n<meta property=\"og:locale\" content=\"es_ES\" \/>\n<meta property=\"og:type\" content=\"article\" \/>\n<meta property=\"og:title\" content=\"La pandemia en dos residencias del Baix Llobregat - Blog Inforesidencias.com\" \/>\n<meta property=\"og:description\" content=\"Esta semana hemos entrevistado a dos residencias del Baix Llobregat que nos han contado como han afrontado el Coronavirus durante estos \u00faltimos dos meses\" \/>\n<meta property=\"og:url\" content=\"https:\/\/www.inforesidencias.com\/blog\/index.php\/2020\/05\/15\/la-pandemia-en-dos-residencias-del-baix-llobregat\/\" \/>\n<meta property=\"og:site_name\" content=\"Blog Inforesidencias.com\" \/>\n<meta property=\"article:publisher\" content=\"https:\/\/www.facebook.com\/Inforesidencias\/\" \/>\n<meta property=\"article:author\" content=\"https:\/\/www.facebook.com\/josep.demarti\" \/>\n<meta property=\"article:published_time\" content=\"2020-05-15T09:19:17+00:00\" \/>\n<meta property=\"article:modified_time\" content=\"2020-05-18T08:04:10+00:00\" \/>\n<meta property=\"og:image\" content=\"https:\/\/www.inforesidencias.com\/blog\/wp-content\/uploads\/2020\/04\/Coronavirus-en-las-residencias-de-mayores1.png\" \/>\n\t<meta property=\"og:image:width\" content=\"400\" \/>\n\t<meta property=\"og:image:height\" content=\"322\" \/>\n\t<meta property=\"og:image:type\" content=\"image\/png\" \/>\n<meta name=\"author\" content=\"Josep de Mart\u00ed\" \/>\n<meta name=\"twitter:card\" content=\"summary_large_image\" \/>\n<meta name=\"twitter:creator\" content=\"@blog-ir\" \/>\n<meta name=\"twitter:site\" content=\"@inforesidencias\" \/>\n<meta name=\"twitter:label1\" content=\"Escrito por\" \/>\n\t<meta name=\"twitter:data1\" content=\"Josep de Mart\u00ed\" \/>\n\t<meta name=\"twitter:label2\" content=\"Tiempo de lectura\" \/>\n\t<meta name=\"twitter:data2\" content=\"3 minutos\" \/>\n<script type=\"application\/ld+json\" class=\"yoast-schema-graph\">{\"@context\":\"https:\/\/schema.org\",\"@graph\":[{\"@type\":\"WebPage\",\"@id\":\"https:\/\/www.inforesidencias.com\/blog\/index.php\/2020\/05\/15\/la-pandemia-en-dos-residencias-del-baix-llobregat\/\",\"url\":\"https:\/\/www.inforesidencias.com\/blog\/index.php\/2020\/05\/15\/la-pandemia-en-dos-residencias-del-baix-llobregat\/\",\"name\":\"La pandemia en dos residencias del Baix Llobregat - Blog Inforesidencias.com\",\"isPartOf\":{\"@id\":\"https:\/\/www.inforesidencias.com\/blog\/#website\"},\"datePublished\":\"2020-05-15T09:19:17+00:00\",\"dateModified\":\"2020-05-18T08:04:10+00:00\",\"author\":{\"@id\":\"https:\/\/www.inforesidencias.com\/blog\/#\/schema\/person\/9e146774d1eb3bc1c0316242a3898628\"},\"description\":\"Esta semana hemos entrevistado a dos residencias del Baix Llobregat que nos han contado como han afrontado el Coronavirus durante estos \u00faltimos dos meses\",\"breadcrumb\":{\"@id\":\"https:\/\/www.inforesidencias.com\/blog\/index.php\/2020\/05\/15\/la-pandemia-en-dos-residencias-del-baix-llobregat\/#breadcrumb\"},\"inLanguage\":\"es\",\"potentialAction\":[{\"@type\":\"ReadAction\",\"target\":[\"https:\/\/www.inforesidencias.com\/blog\/index.php\/2020\/05\/15\/la-pandemia-en-dos-residencias-del-baix-llobregat\/\"]}]},{\"@type\":\"BreadcrumbList\",\"@id\":\"https:\/\/www.inforesidencias.com\/blog\/index.php\/2020\/05\/15\/la-pandemia-en-dos-residencias-del-baix-llobregat\/#breadcrumb\",\"itemListElement\":[{\"@type\":\"ListItem\",\"position\":1,\"name\":\"Home\",\"item\":\"https:\/\/www.inforesidencias.com\/blog\/\"},{\"@type\":\"ListItem\",\"position\":2,\"name\":\"La pandemia en dos residencias del Baix Llobregat\"}]},{\"@type\":\"WebSite\",\"@id\":\"https:\/\/www.inforesidencias.com\/blog\/#website\",\"url\":\"https:\/\/www.inforesidencias.com\/blog\/\",\"name\":\"Blog Inforesidencias.com\",\"description\":\"El buscador de residencias de la 3\u00aa edad\",\"potentialAction\":[{\"@type\":\"SearchAction\",\"target\":{\"@type\":\"EntryPoint\",\"urlTemplate\":\"https:\/\/www.inforesidencias.com\/blog\/?s={search_term_string}\"},\"query-input\":\"required name=search_term_string\"}],\"inLanguage\":\"es\"},{\"@type\":\"Person\",\"@id\":\"https:\/\/www.inforesidencias.com\/blog\/#\/schema\/person\/9e146774d1eb3bc1c0316242a3898628\",\"name\":\"Josep de Mart\u00ed\",\"image\":{\"@type\":\"ImageObject\",\"inLanguage\":\"es\",\"@id\":\"https:\/\/www.inforesidencias.com\/blog\/#\/schema\/person\/image\/\",\"url\":\"https:\/\/secure.gravatar.com\/avatar\/de0302c4806c00c4cebff396a798c1ff?s=96&d=mm&r=g\",\"contentUrl\":\"https:\/\/secure.gravatar.com\/avatar\/de0302c4806c00c4cebff396a798c1ff?s=96&d=mm&r=g\",\"caption\":\"Josep de Mart\u00ed\"},\"sameAs\":[\"https:\/\/www.inforesidencias.com\",\"https:\/\/www.facebook.com\/josep.demarti\",\"https:\/\/twitter.com\/blog-ir\"],\"url\":\"https:\/\/www.inforesidencias.com\/blog\/index.php\/author\/josepdemarti\/\"}]}<\/script>\n<!-- \/ Yoast SEO plugin. -->","yoast_head_json":{"title":"La pandemia en dos residencias del Baix Llobregat - Blog Inforesidencias.com","description":"Esta semana hemos entrevistado a dos residencias del Baix Llobregat que nos han contado como han afrontado el Coronavirus durante estos \u00faltimos dos meses","robots":{"index":"index","follow":"follow","max-snippet":"max-snippet:-1","max-image-preview":"max-image-preview:large","max-video-preview":"max-video-preview:-1"},"canonical":"https:\/\/www.inforesidencias.com\/blog\/index.php\/2020\/05\/15\/la-pandemia-en-dos-residencias-del-baix-llobregat\/","og_locale":"es_ES","og_type":"article","og_title":"La pandemia en dos residencias del Baix Llobregat - Blog Inforesidencias.com","og_description":"Esta semana hemos entrevistado a dos residencias del Baix Llobregat que nos han contado como han afrontado el Coronavirus durante estos \u00faltimos dos meses","og_url":"https:\/\/www.inforesidencias.com\/blog\/index.php\/2020\/05\/15\/la-pandemia-en-dos-residencias-del-baix-llobregat\/","og_site_name":"Blog Inforesidencias.com","article_publisher":"https:\/\/www.facebook.com\/Inforesidencias\/","article_author":"https:\/\/www.facebook.com\/josep.demarti","article_published_time":"2020-05-15T09:19:17+00:00","article_modified_time":"2020-05-18T08:04:10+00:00","og_image":[{"width":400,"height":322,"url":"https:\/\/www.inforesidencias.com\/blog\/wp-content\/uploads\/2020\/04\/Coronavirus-en-las-residencias-de-mayores1.png","type":"image\/png"}],"author":"Josep de Mart\u00ed","twitter_card":"summary_large_image","twitter_creator":"@blog-ir","twitter_site":"@inforesidencias","twitter_misc":{"Escrito por":"Josep de Mart\u00ed","Tiempo de lectura":"3 minutos"},"schema":{"@context":"https:\/\/schema.org","@graph":[{"@type":"WebPage","@id":"https:\/\/www.inforesidencias.com\/blog\/index.php\/2020\/05\/15\/la-pandemia-en-dos-residencias-del-baix-llobregat\/","url":"https:\/\/www.inforesidencias.com\/blog\/index.php\/2020\/05\/15\/la-pandemia-en-dos-residencias-del-baix-llobregat\/","name":"La pandemia en dos residencias del Baix Llobregat - Blog Inforesidencias.com","isPartOf":{"@id":"https:\/\/www.inforesidencias.com\/blog\/#website"},"datePublished":"2020-05-15T09:19:17+00:00","dateModified":"2020-05-18T08:04:10+00:00","author":{"@id":"https:\/\/www.inforesidencias.com\/blog\/#\/schema\/person\/9e146774d1eb3bc1c0316242a3898628"},"description":"Esta semana hemos entrevistado a dos residencias del Baix Llobregat que nos han contado como han afrontado el Coronavirus durante estos \u00faltimos dos meses","breadcrumb":{"@id":"https:\/\/www.inforesidencias.com\/blog\/index.php\/2020\/05\/15\/la-pandemia-en-dos-residencias-del-baix-llobregat\/#breadcrumb"},"inLanguage":"es","potentialAction":[{"@type":"ReadAction","target":["https:\/\/www.inforesidencias.com\/blog\/index.php\/2020\/05\/15\/la-pandemia-en-dos-residencias-del-baix-llobregat\/"]}]},{"@type":"BreadcrumbList","@id":"https:\/\/www.inforesidencias.com\/blog\/index.php\/2020\/05\/15\/la-pandemia-en-dos-residencias-del-baix-llobregat\/#breadcrumb","itemListElement":[{"@type":"ListItem","position":1,"name":"Home","item":"https:\/\/www.inforesidencias.com\/blog\/"},{"@type":"ListItem","position":2,"name":"La pandemia en dos residencias del Baix Llobregat"}]},{"@type":"WebSite","@id":"https:\/\/www.inforesidencias.com\/blog\/#website","url":"https:\/\/www.inforesidencias.com\/blog\/","name":"Blog Inforesidencias.com","description":"El buscador de residencias de la 3\u00aa edad","potentialAction":[{"@type":"SearchAction","target":{"@type":"EntryPoint","urlTemplate":"https:\/\/www.inforesidencias.com\/blog\/?s={search_term_string}"},"query-input":"required name=search_term_string"}],"inLanguage":"es"},{"@type":"Person","@id":"https:\/\/www.inforesidencias.com\/blog\/#\/schema\/person\/9e146774d1eb3bc1c0316242a3898628","name":"Josep de Mart\u00ed","image":{"@type":"ImageObject","inLanguage":"es","@id":"https:\/\/www.inforesidencias.com\/blog\/#\/schema\/person\/image\/","url":"https:\/\/secure.gravatar.com\/avatar\/de0302c4806c00c4cebff396a798c1ff?s=96&d=mm&r=g","contentUrl":"https:\/\/secure.gravatar.com\/avatar\/de0302c4806c00c4cebff396a798c1ff?s=96&d=mm&r=g","caption":"Josep de Mart\u00ed"},"sameAs":["https:\/\/www.inforesidencias.com","https:\/\/www.facebook.com\/josep.demarti","https:\/\/twitter.com\/blog-ir"],"url":"https:\/\/www.inforesidencias.com\/blog\/index.php\/author\/josepdemarti\/"}]}},"_links":{"self":[{"href":"https:\/\/www.inforesidencias.com\/blog\/index.php\/wp-json\/wp\/v2\/posts\/3183"}],"collection":[{"href":"https:\/\/www.inforesidencias.com\/blog\/index.php\/wp-json\/wp\/v2\/posts"}],"about":[{"href":"https:\/\/www.inforesidencias.com\/blog\/index.php\/wp-json\/wp\/v2\/types\/post"}],"author":[{"embeddable":true,"href":"https:\/\/www.inforesidencias.com\/blog\/index.php\/wp-json\/wp\/v2\/users\/2"}],"replies":[{"embeddable":true,"href":"https:\/\/www.inforesidencias.com\/blog\/index.php\/wp-json\/wp\/v2\/comments?post=3183"}],"version-history":[{"count":8,"href":"https:\/\/www.inforesidencias.com\/blog\/index.php\/wp-json\/wp\/v2\/posts\/3183\/revisions"}],"predecessor-version":[{"id":3198,"href":"https:\/\/www.inforesidencias.com\/blog\/index.php\/wp-json\/wp\/v2\/posts\/3183\/revisions\/3198"}],"wp:featuredmedia":[{"embeddable":true,"href":"https:\/\/www.inforesidencias.com\/blog\/index.php\/wp-json\/wp\/v2\/media\/3100"}],"wp:attachment":[{"href":"https:\/\/www.inforesidencias.com\/blog\/index.php\/wp-json\/wp\/v2\/media?parent=3183"}],"wp:term":[{"taxonomy":"category","embeddable":true,"href":"https:\/\/www.inforesidencias.com\/blog\/index.php\/wp-json\/wp\/v2\/categories?post=3183"},{"taxonomy":"post_tag","embeddable":true,"href":"https:\/\/www.inforesidencias.com\/blog\/index.php\/wp-json\/wp\/v2\/tags?post=3183"}],"curies":[{"name":"wp","href":"https:\/\/api.w.org\/{rel}","templated":true}]}}