{"id":3190,"date":"2020-05-18T08:06:46","date_gmt":"2020-05-18T08:06:46","guid":{"rendered":"https:\/\/www.inforesidencias.com\/blog\/?p=3190"},"modified":"2020-05-19T09:46:22","modified_gmt":"2020-05-19T09:46:22","slug":"envejecimiento-en-red-publica-estudio-de-la-poblacion-en-las-residencias-de-mayores","status":"publish","type":"post","link":"https:\/\/www.inforesidencias.com\/blog\/index.php\/2020\/05\/18\/envejecimiento-en-red-publica-estudio-de-la-poblacion-en-las-residencias-de-mayores\/","title":{"rendered":"Envejecimiento en Red publica estudio de la poblaci\u00f3n en las residencias de mayores"},"content":{"rendered":"<p style=\"text-align: justify\">Ante las noticias sobre la situaci\u00f3n de las residencia para la tercera edad en Espa\u00f1a, es necesario contar con datos e informes rigurosos que los interpreten. El an\u00e1lisis sosegado de lo que ha ocurrido durante la pandemia se har\u00e1 cuando la situaci\u00f3n permita no solo la normalidad de movimientos y actividades, sino tambi\u00e9n la perspectiva temporal y la de comparaci\u00f3n con los pa\u00edses de nuestro entorno.<\/p>\n<p style=\"text-align: justify\">Para conocer el alcance de la epidemia de Covid-19 es fundamental tener datos fiables. Los documentos que elaboran los expertos Envejecimiento en Red,\u00a0EnR?|, son, interesantes fuentes de informaci\u00f3n.<\/p>\n<p style=\"text-align: justify\"><a href=\"http:\/\/envejecimientoenred.es\">Envejecimiento en Red,\u00a0EnR?|<\/a>,\u00a0es una Plataforma web colaborativa que proporciona de manera abierta art\u00edculos cient\u00edficos en torno al envejecimiento y las personas mayores, un punto de encuentro ciencia-sociedad en un espacio creado para la interacci\u00f3n de los diferentes agentes interesados en este \u00e1mbito, heterog\u00e9neo y multidisciplinar.<br \/>\nEnR?|\u00a0surge a partir de la colaboraci\u00f3n entre la\u00a0<a href=\"http:\/\/www.fgcsic.es\/\">Fundaci\u00f3n General CSIC<\/a>\u00a0y el\u00a0<a href=\"http:\/\/iegd.csic.es\/\">Instituto de Econom\u00eda, Geograf\u00eda y Demograf\u00eda<\/a>\u00a0(IEGD) del CSIC, con la vocaci\u00f3n de ser un referente en conocimiento e informaci\u00f3n \u00a0contrastada, rigurosa y de calidad sobre investigaci\u00f3n e innovaci\u00f3n en envejecimiento, tanto personal como poblacional, con una importante base documental y multimedia.<\/p>\n<p style=\"text-align: justify\">En esta plataforma se ha publicado recientemente un interesante art\u00edculo que analiza las caracter\u00edsticas de las personas que viven en las residencias geri\u00e1tricas en Espa\u00f1a. En \u00ab<a href=\"http:\/\/envejecimientoenred.es\/una-estimacion-de-la-poblacion-que-vive-en-residencias-de-mayores\">Una estimaci\u00f3n de la poblaci\u00f3n que vive en residencias de mayores\u00bb<\/a>, los investigadores A<em>ntonio Abell\u00e1n Garc\u00eda, Pilar Aceituno Nieto, Isabel Fern\u00e1ndez Morales, Diego Ramiro Fari\u00f1as.<\/em>\u00a0Envejecimiento en Red\u00a0\u00a0hacen una estimaci\u00f3n de la poblaci\u00f3n que viv\u00eda en residencias geri\u00e1tricas en 2019. Seg\u00fan este trabajo, la pandemia de Covid-19 ha destapado que se tiene una la escasa y dispersa informaci\u00f3n y un desconocimiento general sobre<a href=\"https:\/\/www.inforesidencias.com\/contenidos\/mayores-y-familia\/nacional\/primeros-dias-en-una-residencia-de-ancianos\"> la vida en las residencias,<\/a> muy cercano a un descuido general, social, pol\u00edtico y sanitario, que ha da\u00f1ado innecesariamente la imagen y el buen hacer de la mayor\u00eda de estas instituciones y del personal que en ellas trabaja. Para los autores del estudio, la informaci\u00f3n escasa o imprecisa y emergencia de salud p\u00fablica ha consecuencias funestas para las residencias.<\/p>\n<p style=\"text-align: justify\">Seg\u00fan los datos analizados, \u00a0en 2019 viv\u00edan por t\u00e9rmino medio en residencias de mayores 322.180 personas de 65 y m\u00e1s a\u00f1os.\u00a0Las plazas de residencias son 372\u00a0985, seg\u00fan la base de datos que manejan y el nivel de ocupaci\u00f3n medio se establece en el 86%.<\/p>\n<p style=\"text-align: justify\"><a href=\"https:\/\/www.inforesidencias.com\/blog\/wp-content\/uploads\/2020\/05\/estudio-envejecimiento-en-red.png\"><img decoding=\"async\" loading=\"lazy\" class=\"alignleft size-full wp-image-3193\" src=\"https:\/\/www.inforesidencias.com\/blog\/wp-content\/uploads\/2020\/05\/estudio-envejecimiento-en-red.png\" alt=\"estudio envejecimiento en red\" width=\"380\" height=\"390\" \/><\/a><\/p>\n<p style=\"text-align: justify\">La primera y principal conclusi\u00f3n es que la poblaci\u00f3n institucionalizada est\u00e1 fuertemente envejecida. El peso de los grupos de m\u00e1s edad aumenta cada a\u00f1o.\u00a0De hecho, la poblaci\u00f3n de 80 y m\u00e1s a\u00f1os supone el 79\u00a0% de toda la poblaci\u00f3n que vive en residencias, cuya edad media en conjunto ha pasado de 85 a 86 a\u00f1os entre 2011 y 2019. Esto implica cuestiones de gran relevancia como que sean m\u00e1s fr\u00e1giles, con m\u00e1s limitaciones para las actividades de la vida diaria, con problemas de movilidad, con discapacidades, patolog\u00edas cr\u00f3nicas. Este dato es fundamental para analizar lo que ha ocurrido y estar preparados para una nueva oleada de contagios o una nueva epidemia de otro tipo.<\/p>\n<p style=\"text-align: justify\">Otro interesante art\u00edculos que recomendamos es <a href=\"http:\/\/envejecimientoenred.es\/covi-19-impacto-en-grupos-de-mayor-edad-y-recomendaciones-sobre-el-uso-de-mascarillas\">\u00abCOVID-19: Impacto en grupos de mayor edad y recomendaciones sobre el uso de mascarillas\u00bb<\/a>. En este art\u00edculo, redactado por el doctor <em>\u00c1<\/em><em>ngel Rodr\u00edguez Laso,<\/em>\u00a0especialista en Medicina Familiar y Comunitaria y Epidemi\u00f3logo, Centro de Investigaci\u00f3n Biol\u00f3gica en Red en Fragilidad y Envejecimiento Saludable (CIBERFES) y el doctor <em>Pablo Barreiro Garc\u00eda<\/em>, especialista en Enfermedades Infecciosas, adjunto del Hospital Carlos III-La Paz de Madrid, se habla de las estimaciones de contagio, la necesidad de reducir el contacto social, de extremar las medidas de higiene con el lavado frecuente de manos, uso de pa\u00f1uelos desechables, toser en la flexura del codo\u2026<\/p>\n<p style=\"text-align: justify\">Sobre las mascarillas, recomiendan su uso de forma generalizada cuando haya posibilidades de estar en contacto con otras personas fuera del domicilio por tres razones: act\u00faan como barrera para evitar que las gotitas respiratorias que transmiten el virus puedan llegar a otras personas, en todos los pa\u00edses en los que se ha tenido un mayor \u00e9xito en el control de la epidemia (por ejemplo, Corea del Sur, Jap\u00f3n, Singapur o Taiw\u00e1n) la poblaci\u00f3n utiliza mascarillas de forma generalizada y en ninguno de ellos han hecho falta medidas de confinamiento generalizado de la poblaci\u00f3n y, por \u00faltimo, se trata de una medida de bajo coste y sin efectos adversos.<\/p>\n<p style=\"text-align: justify\">Con la informaci\u00f3n de la que se dispone no se puede garantizar que nadie est\u00e9 libre de transmitir la enfermedad, ni siquiera los que la han pasado y han sido diagnosticados por PCR o serolog\u00eda. Por esta raz\u00f3n se\u00f1alan que todos debemos evitar con medidas sencillas la posibilidad de extender el contagio, tanto quien haya como quien no haya padecido COVID-19.<\/p>\n<p>Descubre <a href=\"https:\/\/www.inforesidencias.com\/centros\/buscador\/residencias\/andalucia\/sevilla\">residencias de ancianos en Sevilla<\/a>\u00a0 <a href=\"\/centros\/buscador\/busquedas-predefinidas\/residencias-de-ancianos-en-el-baix-llobregat\">Residencias de tercera edad en Baix Llobregat<\/a><\/p>\n","protected":false},"excerpt":{"rendered":"<p>Ante las noticias sobre la situaci\u00f3n de las residencia para la tercera edad en Espa\u00f1a, es necesario contar con datos e informes rigurosos que los interpreten. El an\u00e1lisis sosegado de lo que ha ocurrido durante la pandemia se har\u00e1 cuando la situaci\u00f3n permita no solo la normalidad de movimientos y actividades, sino tambi\u00e9n la perspectiva temporal y la de comparaci\u00f3n con los pa\u00edses de nuestro entorno. Para conocer el alcance de la epidemia de Covid-19 es fundamental tener datos fiables. Los documentos que elaboran los expertos Envejecimiento en Red,\u00a0EnR?|, son, interesantes fuentes de informaci\u00f3n. Envejecimiento en Red,\u00a0EnR?|,\u00a0es una Plataforma web colaborativa que proporciona de manera abierta art\u00edculos cient\u00edficos en torno al envejecimiento y las personas mayores, un punto de encuentro ciencia-sociedad en un espacio creado para la interacci\u00f3n de los diferentes agentes interesados en este \u00e1mbito, heterog\u00e9neo y multidisciplinar. EnR?|\u00a0surge a partir de la colaboraci\u00f3n entre la\u00a0Fundaci\u00f3n General CSIC\u00a0y el\u00a0Instituto [&hellip;]<\/p>\n","protected":false},"author":2,"featured_media":3193,"comment_status":"open","ping_status":"open","sticky":false,"template":"","format":"standard","meta":{"footnotes":""},"categories":[5,1],"tags":[],"yoast_head":"<!-- This site is optimized with the Yoast SEO plugin v21.7 - https:\/\/yoast.com\/wordpress\/plugins\/seo\/ -->\n<title>Envejecimiento en Red publica estudio de la poblaci\u00f3n en las residencias de mayores - Blog Inforesidencias.com<\/title>\n<meta name=\"description\" content=\"Envejecimiento en Red ha publicado un estudio sobre la poblaci\u00f3n en residencias de mayores. Se habla incluso de un desconocimiento del sector por parte de los pol\u00edticos\" \/>\n<meta name=\"robots\" content=\"index, follow, max-snippet:-1, max-image-preview:large, max-video-preview:-1\" \/>\n<link rel=\"canonical\" href=\"https:\/\/www.inforesidencias.com\/blog\/index.php\/2020\/05\/18\/envejecimiento-en-red-publica-estudio-de-la-poblacion-en-las-residencias-de-mayores\/\" \/>\n<meta property=\"og:locale\" content=\"es_ES\" \/>\n<meta property=\"og:type\" content=\"article\" \/>\n<meta property=\"og:title\" content=\"Envejecimiento en Red publica estudio de la poblaci\u00f3n en las residencias de mayores - Blog Inforesidencias.com\" \/>\n<meta property=\"og:description\" content=\"Envejecimiento en Red ha publicado un estudio sobre la poblaci\u00f3n en residencias de mayores. Se habla incluso de un desconocimiento del sector por parte de los pol\u00edticos\" \/>\n<meta property=\"og:url\" content=\"https:\/\/www.inforesidencias.com\/blog\/index.php\/2020\/05\/18\/envejecimiento-en-red-publica-estudio-de-la-poblacion-en-las-residencias-de-mayores\/\" \/>\n<meta property=\"og:site_name\" content=\"Blog Inforesidencias.com\" \/>\n<meta property=\"article:publisher\" content=\"https:\/\/www.facebook.com\/Inforesidencias\/\" \/>\n<meta property=\"article:author\" content=\"https:\/\/www.facebook.com\/josep.demarti\" \/>\n<meta property=\"article:published_time\" content=\"2020-05-18T08:06:46+00:00\" \/>\n<meta property=\"article:modified_time\" content=\"2020-05-19T09:46:22+00:00\" \/>\n<meta property=\"og:image\" content=\"https:\/\/www.inforesidencias.com\/blog\/wp-content\/uploads\/2020\/05\/estudio-envejecimiento-en-red.png\" \/>\n\t<meta property=\"og:image:width\" content=\"380\" \/>\n\t<meta property=\"og:image:height\" content=\"390\" \/>\n\t<meta property=\"og:image:type\" content=\"image\/png\" \/>\n<meta name=\"author\" content=\"Josep de Mart\u00ed\" \/>\n<meta name=\"twitter:card\" content=\"summary_large_image\" \/>\n<meta name=\"twitter:creator\" content=\"@blog-ir\" \/>\n<meta name=\"twitter:site\" content=\"@inforesidencias\" \/>\n<meta name=\"twitter:label1\" content=\"Escrito por\" \/>\n\t<meta name=\"twitter:data1\" content=\"Josep de Mart\u00ed\" \/>\n\t<meta name=\"twitter:label2\" content=\"Tiempo de lectura\" \/>\n\t<meta name=\"twitter:data2\" content=\"4 minutos\" \/>\n<script type=\"application\/ld+json\" class=\"yoast-schema-graph\">{\"@context\":\"https:\/\/schema.org\",\"@graph\":[{\"@type\":\"WebPage\",\"@id\":\"https:\/\/www.inforesidencias.com\/blog\/index.php\/2020\/05\/18\/envejecimiento-en-red-publica-estudio-de-la-poblacion-en-las-residencias-de-mayores\/\",\"url\":\"https:\/\/www.inforesidencias.com\/blog\/index.php\/2020\/05\/18\/envejecimiento-en-red-publica-estudio-de-la-poblacion-en-las-residencias-de-mayores\/\",\"name\":\"Envejecimiento en Red publica estudio de la poblaci\u00f3n en las residencias de mayores - Blog Inforesidencias.com\",\"isPartOf\":{\"@id\":\"https:\/\/www.inforesidencias.com\/blog\/#website\"},\"datePublished\":\"2020-05-18T08:06:46+00:00\",\"dateModified\":\"2020-05-19T09:46:22+00:00\",\"author\":{\"@id\":\"https:\/\/www.inforesidencias.com\/blog\/#\/schema\/person\/9e146774d1eb3bc1c0316242a3898628\"},\"description\":\"Envejecimiento en Red ha publicado un estudio sobre la poblaci\u00f3n en residencias de mayores. Se habla incluso de un desconocimiento del sector por parte de los pol\u00edticos\",\"breadcrumb\":{\"@id\":\"https:\/\/www.inforesidencias.com\/blog\/index.php\/2020\/05\/18\/envejecimiento-en-red-publica-estudio-de-la-poblacion-en-las-residencias-de-mayores\/#breadcrumb\"},\"inLanguage\":\"es\",\"potentialAction\":[{\"@type\":\"ReadAction\",\"target\":[\"https:\/\/www.inforesidencias.com\/blog\/index.php\/2020\/05\/18\/envejecimiento-en-red-publica-estudio-de-la-poblacion-en-las-residencias-de-mayores\/\"]}]},{\"@type\":\"BreadcrumbList\",\"@id\":\"https:\/\/www.inforesidencias.com\/blog\/index.php\/2020\/05\/18\/envejecimiento-en-red-publica-estudio-de-la-poblacion-en-las-residencias-de-mayores\/#breadcrumb\",\"itemListElement\":[{\"@type\":\"ListItem\",\"position\":1,\"name\":\"Home\",\"item\":\"https:\/\/www.inforesidencias.com\/blog\/\"},{\"@type\":\"ListItem\",\"position\":2,\"name\":\"Envejecimiento en Red publica estudio de la poblaci\u00f3n en las residencias de mayores\"}]},{\"@type\":\"WebSite\",\"@id\":\"https:\/\/www.inforesidencias.com\/blog\/#website\",\"url\":\"https:\/\/www.inforesidencias.com\/blog\/\",\"name\":\"Blog Inforesidencias.com\",\"description\":\"El buscador de residencias de la 3\u00aa edad\",\"potentialAction\":[{\"@type\":\"SearchAction\",\"target\":{\"@type\":\"EntryPoint\",\"urlTemplate\":\"https:\/\/www.inforesidencias.com\/blog\/?s={search_term_string}\"},\"query-input\":\"required name=search_term_string\"}],\"inLanguage\":\"es\"},{\"@type\":\"Person\",\"@id\":\"https:\/\/www.inforesidencias.com\/blog\/#\/schema\/person\/9e146774d1eb3bc1c0316242a3898628\",\"name\":\"Josep de Mart\u00ed\",\"image\":{\"@type\":\"ImageObject\",\"inLanguage\":\"es\",\"@id\":\"https:\/\/www.inforesidencias.com\/blog\/#\/schema\/person\/image\/\",\"url\":\"https:\/\/secure.gravatar.com\/avatar\/de0302c4806c00c4cebff396a798c1ff?s=96&d=mm&r=g\",\"contentUrl\":\"https:\/\/secure.gravatar.com\/avatar\/de0302c4806c00c4cebff396a798c1ff?s=96&d=mm&r=g\",\"caption\":\"Josep de Mart\u00ed\"},\"sameAs\":[\"https:\/\/www.inforesidencias.com\",\"https:\/\/www.facebook.com\/josep.demarti\",\"https:\/\/twitter.com\/blog-ir\"],\"url\":\"https:\/\/www.inforesidencias.com\/blog\/index.php\/author\/josepdemarti\/\"}]}<\/script>\n<!-- \/ Yoast SEO plugin. -->","yoast_head_json":{"title":"Envejecimiento en Red publica estudio de la poblaci\u00f3n en las residencias de mayores - Blog Inforesidencias.com","description":"Envejecimiento en Red ha publicado un estudio sobre la poblaci\u00f3n en residencias de mayores. Se habla incluso de un desconocimiento del sector por parte de los pol\u00edticos","robots":{"index":"index","follow":"follow","max-snippet":"max-snippet:-1","max-image-preview":"max-image-preview:large","max-video-preview":"max-video-preview:-1"},"canonical":"https:\/\/www.inforesidencias.com\/blog\/index.php\/2020\/05\/18\/envejecimiento-en-red-publica-estudio-de-la-poblacion-en-las-residencias-de-mayores\/","og_locale":"es_ES","og_type":"article","og_title":"Envejecimiento en Red publica estudio de la poblaci\u00f3n en las residencias de mayores - Blog Inforesidencias.com","og_description":"Envejecimiento en Red ha publicado un estudio sobre la poblaci\u00f3n en residencias de mayores. Se habla incluso de un desconocimiento del sector por parte de los pol\u00edticos","og_url":"https:\/\/www.inforesidencias.com\/blog\/index.php\/2020\/05\/18\/envejecimiento-en-red-publica-estudio-de-la-poblacion-en-las-residencias-de-mayores\/","og_site_name":"Blog Inforesidencias.com","article_publisher":"https:\/\/www.facebook.com\/Inforesidencias\/","article_author":"https:\/\/www.facebook.com\/josep.demarti","article_published_time":"2020-05-18T08:06:46+00:00","article_modified_time":"2020-05-19T09:46:22+00:00","og_image":[{"width":380,"height":390,"url":"https:\/\/www.inforesidencias.com\/blog\/wp-content\/uploads\/2020\/05\/estudio-envejecimiento-en-red.png","type":"image\/png"}],"author":"Josep de Mart\u00ed","twitter_card":"summary_large_image","twitter_creator":"@blog-ir","twitter_site":"@inforesidencias","twitter_misc":{"Escrito por":"Josep de Mart\u00ed","Tiempo de lectura":"4 minutos"},"schema":{"@context":"https:\/\/schema.org","@graph":[{"@type":"WebPage","@id":"https:\/\/www.inforesidencias.com\/blog\/index.php\/2020\/05\/18\/envejecimiento-en-red-publica-estudio-de-la-poblacion-en-las-residencias-de-mayores\/","url":"https:\/\/www.inforesidencias.com\/blog\/index.php\/2020\/05\/18\/envejecimiento-en-red-publica-estudio-de-la-poblacion-en-las-residencias-de-mayores\/","name":"Envejecimiento en Red publica estudio de la poblaci\u00f3n en las residencias de mayores - Blog Inforesidencias.com","isPartOf":{"@id":"https:\/\/www.inforesidencias.com\/blog\/#website"},"datePublished":"2020-05-18T08:06:46+00:00","dateModified":"2020-05-19T09:46:22+00:00","author":{"@id":"https:\/\/www.inforesidencias.com\/blog\/#\/schema\/person\/9e146774d1eb3bc1c0316242a3898628"},"description":"Envejecimiento en Red ha publicado un estudio sobre la poblaci\u00f3n en residencias de mayores. Se habla incluso de un desconocimiento del sector por parte de los pol\u00edticos","breadcrumb":{"@id":"https:\/\/www.inforesidencias.com\/blog\/index.php\/2020\/05\/18\/envejecimiento-en-red-publica-estudio-de-la-poblacion-en-las-residencias-de-mayores\/#breadcrumb"},"inLanguage":"es","potentialAction":[{"@type":"ReadAction","target":["https:\/\/www.inforesidencias.com\/blog\/index.php\/2020\/05\/18\/envejecimiento-en-red-publica-estudio-de-la-poblacion-en-las-residencias-de-mayores\/"]}]},{"@type":"BreadcrumbList","@id":"https:\/\/www.inforesidencias.com\/blog\/index.php\/2020\/05\/18\/envejecimiento-en-red-publica-estudio-de-la-poblacion-en-las-residencias-de-mayores\/#breadcrumb","itemListElement":[{"@type":"ListItem","position":1,"name":"Home","item":"https:\/\/www.inforesidencias.com\/blog\/"},{"@type":"ListItem","position":2,"name":"Envejecimiento en Red publica estudio de la poblaci\u00f3n en las residencias de mayores"}]},{"@type":"WebSite","@id":"https:\/\/www.inforesidencias.com\/blog\/#website","url":"https:\/\/www.inforesidencias.com\/blog\/","name":"Blog Inforesidencias.com","description":"El buscador de residencias de la 3\u00aa edad","potentialAction":[{"@type":"SearchAction","target":{"@type":"EntryPoint","urlTemplate":"https:\/\/www.inforesidencias.com\/blog\/?s={search_term_string}"},"query-input":"required name=search_term_string"}],"inLanguage":"es"},{"@type":"Person","@id":"https:\/\/www.inforesidencias.com\/blog\/#\/schema\/person\/9e146774d1eb3bc1c0316242a3898628","name":"Josep de Mart\u00ed","image":{"@type":"ImageObject","inLanguage":"es","@id":"https:\/\/www.inforesidencias.com\/blog\/#\/schema\/person\/image\/","url":"https:\/\/secure.gravatar.com\/avatar\/de0302c4806c00c4cebff396a798c1ff?s=96&d=mm&r=g","contentUrl":"https:\/\/secure.gravatar.com\/avatar\/de0302c4806c00c4cebff396a798c1ff?s=96&d=mm&r=g","caption":"Josep de Mart\u00ed"},"sameAs":["https:\/\/www.inforesidencias.com","https:\/\/www.facebook.com\/josep.demarti","https:\/\/twitter.com\/blog-ir"],"url":"https:\/\/www.inforesidencias.com\/blog\/index.php\/author\/josepdemarti\/"}]}},"_links":{"self":[{"href":"https:\/\/www.inforesidencias.com\/blog\/index.php\/wp-json\/wp\/v2\/posts\/3190"}],"collection":[{"href":"https:\/\/www.inforesidencias.com\/blog\/index.php\/wp-json\/wp\/v2\/posts"}],"about":[{"href":"https:\/\/www.inforesidencias.com\/blog\/index.php\/wp-json\/wp\/v2\/types\/post"}],"author":[{"embeddable":true,"href":"https:\/\/www.inforesidencias.com\/blog\/index.php\/wp-json\/wp\/v2\/users\/2"}],"replies":[{"embeddable":true,"href":"https:\/\/www.inforesidencias.com\/blog\/index.php\/wp-json\/wp\/v2\/comments?post=3190"}],"version-history":[{"count":6,"href":"https:\/\/www.inforesidencias.com\/blog\/index.php\/wp-json\/wp\/v2\/posts\/3190\/revisions"}],"predecessor-version":[{"id":3207,"href":"https:\/\/www.inforesidencias.com\/blog\/index.php\/wp-json\/wp\/v2\/posts\/3190\/revisions\/3207"}],"wp:featuredmedia":[{"embeddable":true,"href":"https:\/\/www.inforesidencias.com\/blog\/index.php\/wp-json\/wp\/v2\/media\/3193"}],"wp:attachment":[{"href":"https:\/\/www.inforesidencias.com\/blog\/index.php\/wp-json\/wp\/v2\/media?parent=3190"}],"wp:term":[{"taxonomy":"category","embeddable":true,"href":"https:\/\/www.inforesidencias.com\/blog\/index.php\/wp-json\/wp\/v2\/categories?post=3190"},{"taxonomy":"post_tag","embeddable":true,"href":"https:\/\/www.inforesidencias.com\/blog\/index.php\/wp-json\/wp\/v2\/tags?post=3190"}],"curies":[{"name":"wp","href":"https:\/\/api.w.org\/{rel}","templated":true}]}}