{"id":3199,"date":"2020-05-18T08:11:09","date_gmt":"2020-05-18T08:11:09","guid":{"rendered":"https:\/\/www.inforesidencias.com\/blog\/?p=3199"},"modified":"2020-05-18T11:28:01","modified_gmt":"2020-05-18T11:28:01","slug":"fallecimientos-por-covid19-en-residencias-de-ancianos","status":"publish","type":"post","link":"https:\/\/www.inforesidencias.com\/blog\/index.php\/2020\/05\/18\/fallecimientos-por-covid19-en-residencias-de-ancianos\/","title":{"rendered":"\u00bfPOR QU\u00c9 DOS DE CADA TRES FALLECIMIENTOS POR COVID19 SE HA PRODUCIO EN RESIDENCIAS?"},"content":{"rendered":"<p>Hay una cifra que resuena durante esta etapa de la pandemia:\u00a0 66%.\u00a0 Nos lo han dicho varias veces y parece que es el porcentaje de fallecimientos por Covid19 que se han producido en residencias de mayores.\u00a0 Digo \u201cparece ser\u201d porque lo he sacado de la <a href=\"https:\/\/www.rtve.es\/noticias\/20200513\/radiografia-del-coronavirus-residencias-ancianos-espana\/2011609.shtml\">web de un medio de comunicaci\u00f3n p\u00fablico<\/a> y, ahora mismo (13 de mayo de 2020), los datos p\u00fablicos que se difunden en Espa\u00f1a no son demasiado fiables.\u00a0 No lo digo yo, lo dice la ltccovid.org, \u00a0<a href=\"https:\/\/ltccovid.org\/\">Red Internacional de Pol\u00edtica de Atenci\u00f3n a Largo Plazo<\/a> organizada por el prestigioso London School of Economics, que en un <a href=\"https:\/\/ltccovid.org\/international-reports-on-covid-19-and-long-term-care\/\">informe de 3 de mayo<\/a> dice literalmente: \u201cHa habido un gran n\u00famero de muertes en hogares de cuidado en Italia, Espa\u00f1a, el Reino Unido y los Estados Unidos, pero los datos oficiales de estos pa\u00edses son incompletos o dif\u00edciles de interpretar\u201d.<\/p>\n<p>Siendo cr\u00e9dulo, tomo por bueno eso de que dos de cada tres muertes en Espa\u00f1a se han producido en residencias y me pregunto, \u00bfy los otros fallecimientos? Me cuesta encontrar esa informaci\u00f3n.<\/p>\n<p>Me gustar\u00eda saber cu\u00e1ntas personas han muerto en hospitales y cu\u00e1ntas en sus casas.\u00a0 Solo encuentro el dato referido a <a href=\"https:\/\/www.elperiodico.com\/es\/sociedad\/20200513\/coronavirus-catalunya-ultima-hora-casos-7949013\">Catalu\u00f1a (13 de mayo)<\/a> y resulta que, del total de 11.352 fallecimientos,\u00a06.485\u00a0(57,1%) se han producido en hospitales,\u00a03.361\u00a0(19,5%) en residencias, 154\u00a0(1,5%) en centros sociosanitarios, 618\u00a0(5,4%) en sus casa y el resto, 736 (6,5%) corresponde a casos no clasificables por falta de informaci\u00f3n.<\/p>\n<p><a href=\"https:\/\/www.inforesidencias.com\/blog\/wp-content\/uploads\/2020\/05\/fallecidos.png\"><img decoding=\"async\" loading=\"lazy\" class=\"alignleft size-full wp-image-3200\" src=\"https:\/\/www.inforesidencias.com\/blog\/wp-content\/uploads\/2020\/05\/fallecidos.png\" alt=\"fallecidos\" width=\"850\" height=\"584\" \/><\/a><\/p>\n<p>Tambi\u00e9n encuentro <a href=\"https:\/\/www.rtve.es\/noticias\/20200513\/radiografia-del-coronavirus-residencias-ancianos-espana\/2011609.shtml\">datos relativos a Castilla Le\u00f3n<\/a> que me dicen que de los 2.509 residentes de centros geri\u00e1tricos que han fallecido, 1.687\u00a0personas han perdido la vida en la propia residencia mientras que otras 822\u00a0han fallecido en el hospital.\u00a0\u00a0 Ese dato es interesante porque me da a entender que en Castilla y Le\u00f3n se han hecho derivaciones hospitalarias desde residencias. Por desgracia no s\u00e9 encontrar ese mismo dato referido a otras comunidades.<\/p>\n<p>\u00bfD\u00f3nde est\u00e1 la p\u00e1gina oficial con todos los datos ordenados?\u00a0 Si existe, no la encuentro.<\/p>\n<h2>Fallecimientos por covid19. Sabemos muy poco<\/h2>\n<p>Sigo buscando y <a href=\"https:\/\/www.libertaddigital.com\/espana\/2020-05-05\/fallecidos-coronavirus-domicilio-1276657137\/\">leo que<\/a>, seg\u00fan la Asociaci\u00f3n Espa\u00f1ola de Profesionales de los Servicios Funerarios, en el peor momento de la crisis \u00a0\u201caproximadamente un 32% de los fallecidos por coronavirus en toda Espa\u00f1a murieron en sus domicilios\u00bb. Si el 66% mueren en residencias y el 32% en sus casas, \u00bfnadie ha muerto en hospitales?\u00a0 Algo no tiene sentido.<\/p>\n<p>Hasta ahora lo m\u00e1s claro que he le\u00eddo es lo de ltccovid.org, o sea, que los datos espa\u00f1oles son \u201cincompletos o dif\u00edciles de interpretar\u201d.<\/p>\n<p>A partir de aqu\u00ed me permito especular. \u00bfPor qu\u00e9 ha muerto tanta gente en residencias? \u00bfPor qu\u00e9, en apariencia, han perdido la vida muchas menos personas en sus casas?\u00a0 Supongo que ha sido porque quien ha enfermado en su domicilio ha sido ingresado en un hospital del que ha salido curado o donde ha fallecido.\u00a0 En cambio, quien enfermaba en una residencia se quedaba all\u00ed hasta su muerte.\u00a0 \u00bfPor qu\u00e9? \u00bfTen\u00edan las residencias alg\u00fan inter\u00e9s por no derivar a residentes al hospital? \u00bfDecidieron esos residentes y familiares quedarse para tener unos \u00faltimos d\u00edas m\u00e1s tranquilos?\u00a0 Todav\u00eda no tenemos respuesta definitiva pero todo indica que, \u00a0en alg\u00fan momento se ha decidido que quien enfermase en una residencia se quedase all\u00ed. \u00a0Puede ser que haya sido una decisi\u00f3n <a href=\"https:\/\/www.europapress.es\/epsocial\/igualdad\/noticia-geriatras-avisan-derivacion-ancianos-coronavirus-hospitales-residencias-debe-ser-minima-20200318191706.html\">puramente m\u00e9dico profesional<\/a>, <a href=\"https:\/\/www.milenio.com\/internacional\/coronavirus-rechazan-mayores-edad-hospitales-madrid\">quiz\u00e1s los hospitales rechazaban a todos los mayores<\/a>, o quiz\u00e1s exist\u00eda un protocolo dictado por la administraci\u00f3n que prohib\u00eda las derivaciones. Sea como sea, parece que se ha negado una atenci\u00f3n sanitaria adecuada a una parte de la poblaci\u00f3n por el mero hecho de vivir en una residencia y all\u00ed se le ha dejado morir.<\/p>\n<p>Hay quien se ha atrevido a decirlo p\u00fablicamente y de forma clara: \u00a0\u00ab<a href=\"%22Pedimos%20medicinas%20para%20los%20ancianos%20y%20nos%20dieron%20morfina%20y%20sedacio\u0301n%22\">Pedimos medicinas para los ancianos y nos dieron morfina y sedaci\u00f3n<\/a>\u00ab; <a href=\"https:\/\/dependencia.info\/noticia\/3473\/actualidad\/cinta-pascual-presidenta-de-ceaps:-un-mes-de-sufrimiento.html\">No se entregaron suficientes EPIs, y test de diagn\u00f3sticos para las residencias.<\/a>; \u201c<a href=\"https:\/\/www.eldiario.es\/cantabria\/sociedad\/residencias-pandemia-sanidad-cantabria_0_1024698020.html\">Hay residencias a las que los m\u00e9dicos no van<\/a>\u201d.<\/p>\n<p>De forma bastante injusta, la respuesta p\u00fablica y medi\u00e1tica ha sido en general culpar a las residencias haciendo un gran \u00edmpetu en algunos casos; generando dudas y resaltando que <a href=\"https:\/\/cadenaser.com\/ser\/2020\/05\/12\/tribunales\/1589301412_340847.html\">la Fiscal\u00eda est\u00e1 actuando<\/a>. De forma oportunista y sin base, algunos han atribuido la situaci\u00f3n al hecho de que algunas residencias pertenezcan a fondos de inversi\u00f3n, sin que haya datos que confirmen que \u00e9stas, como categor\u00eda, hayan tenido m\u00e1s o menos fallecimientos; otros han atribuido las muertes a la \u201cprivatizaci\u00f3n\u201d, sin confirmar si las residencias p\u00fablicas, concertadas o privadas han tenido m\u00e1s o menos\u00a0fallecimientos\u00a0unas que las otras.\u00a0 Es cierto que en las \u00faltimas dos semanas parece que hay un cambio y se empieza a reconocer la labor de algunas residencias que han conseguido mantener el virus a raya, pero incluso ese cambio tiene su lado negativo ya que puede dar a entender que las residencias donde ha entrado la enfermedad tienen alguna culpa.<\/p>\n<p>Volviendo al principio.\u00a0 Si en las residencias, que son el domicilio de los residentes, ha muerto el 66% del total de fallecimientos es que la gran mayor\u00eda de ellos se quedaron porque de alguna forma se les impidi\u00f3 la llegada al hospital.<\/p>\n<p>Cuando nos pongamos a pensar cu\u00e1l debe ser el modelo de las residencias \u201cen la nueva realidad\u201d no olvidemos los datos y lo que de verdad ha sucedido.\u00a0 Si el relato es que las residencias funcionaron mal tomaremos unas medidas, si \u00e9ste es que, por el bien com\u00fan \u00a0y para evitar el colapso decidimos como sociedad sacrificar a una parte del la poblaci\u00f3n convirtiendo algunas residencias en morideros, supongo que acabaremos haciendo otras cosas.<\/p>\n<p>Depende de nosotros saber c\u00f3mo queremos recordar lo que est\u00e1 pasando ahora.<\/p>\n<p><a href=\"https:\/\/www.inforesidencias.com\/particulares\/buscamos-por-ti\">C\u00f3mo encontraremos residencias de mayores despu\u00e9s de la crisis<\/a>.<\/p>\n","protected":false},"excerpt":{"rendered":"<p>Hay una cifra que resuena durante esta etapa de la pandemia:\u00a0 66%.\u00a0 Nos lo han dicho varias veces y parece que es el porcentaje de fallecimientos por Covid19 que se han producido en residencias de mayores.\u00a0 Digo \u201cparece ser\u201d porque lo he sacado de la web de un medio de comunicaci\u00f3n p\u00fablico y, ahora mismo (13 de mayo de 2020), los datos p\u00fablicos que se difunden en Espa\u00f1a no son demasiado fiables.\u00a0 No lo digo yo, lo dice la ltccovid.org, \u00a0Red Internacional de Pol\u00edtica de Atenci\u00f3n a Largo Plazo organizada por el prestigioso London School of Economics, que en un informe de 3 de mayo dice literalmente: \u201cHa habido un gran n\u00famero de muertes en hogares de cuidado en Italia, Espa\u00f1a, el Reino Unido y los Estados Unidos, pero los datos oficiales de estos pa\u00edses son incompletos o dif\u00edciles de interpretar\u201d. Siendo cr\u00e9dulo, tomo por bueno eso de que dos [&hellip;]<\/p>\n","protected":false},"author":2,"featured_media":3200,"comment_status":"open","ping_status":"open","sticky":false,"template":"","format":"standard","meta":{"footnotes":""},"categories":[91,5,1],"tags":[],"yoast_head":"<!-- This site is optimized with the Yoast SEO plugin v21.7 - https:\/\/yoast.com\/wordpress\/plugins\/seo\/ -->\n<title>\u00bfPOR QU\u00c9 DOS DE CADA TRES FALLECIMIENTOS POR COVID19 SE HA PRODUCIO EN RESIDENCIAS? - Blog Inforesidencias.com<\/title>\n<meta name=\"description\" content=\"Los fallecimientos por Covid19 en residencias durante la pandemia han representado un 66%. La pregunta es por qu\u00e9 esto ha sido as\u00ed.\" \/>\n<meta name=\"robots\" content=\"index, follow, max-snippet:-1, max-image-preview:large, max-video-preview:-1\" \/>\n<link rel=\"canonical\" href=\"https:\/\/www.inforesidencias.com\/blog\/index.php\/2020\/05\/18\/fallecimientos-por-covid19-en-residencias-de-ancianos\/\" \/>\n<meta property=\"og:locale\" content=\"es_ES\" \/>\n<meta property=\"og:type\" content=\"article\" \/>\n<meta property=\"og:title\" content=\"\u00bfPOR QU\u00c9 DOS DE CADA TRES FALLECIMIENTOS POR COVID19 SE HA PRODUCIO EN RESIDENCIAS? - Blog Inforesidencias.com\" \/>\n<meta property=\"og:description\" content=\"Los fallecimientos por Covid19 en residencias durante la pandemia han representado un 66%. La pregunta es por qu\u00e9 esto ha sido as\u00ed.\" \/>\n<meta property=\"og:url\" content=\"https:\/\/www.inforesidencias.com\/blog\/index.php\/2020\/05\/18\/fallecimientos-por-covid19-en-residencias-de-ancianos\/\" \/>\n<meta property=\"og:site_name\" content=\"Blog Inforesidencias.com\" \/>\n<meta property=\"article:publisher\" content=\"https:\/\/www.facebook.com\/Inforesidencias\/\" \/>\n<meta property=\"article:author\" content=\"https:\/\/www.facebook.com\/josep.demarti\" \/>\n<meta property=\"article:published_time\" content=\"2020-05-18T08:11:09+00:00\" \/>\n<meta property=\"article:modified_time\" content=\"2020-05-18T11:28:01+00:00\" \/>\n<meta property=\"og:image\" content=\"https:\/\/www.inforesidencias.com\/blog\/wp-content\/uploads\/2020\/05\/fallecidos.png\" \/>\n\t<meta property=\"og:image:width\" content=\"850\" \/>\n\t<meta property=\"og:image:height\" content=\"584\" \/>\n\t<meta property=\"og:image:type\" content=\"image\/png\" \/>\n<meta name=\"author\" content=\"Josep de Mart\u00ed\" \/>\n<meta name=\"twitter:card\" content=\"summary_large_image\" \/>\n<meta name=\"twitter:creator\" content=\"@blog-ir\" \/>\n<meta name=\"twitter:site\" content=\"@inforesidencias\" \/>\n<meta name=\"twitter:label1\" content=\"Escrito por\" \/>\n\t<meta name=\"twitter:data1\" content=\"Josep de Mart\u00ed\" \/>\n\t<meta name=\"twitter:label2\" content=\"Tiempo de lectura\" \/>\n\t<meta name=\"twitter:data2\" content=\"5 minutos\" \/>\n<script type=\"application\/ld+json\" class=\"yoast-schema-graph\">{\"@context\":\"https:\/\/schema.org\",\"@graph\":[{\"@type\":\"WebPage\",\"@id\":\"https:\/\/www.inforesidencias.com\/blog\/index.php\/2020\/05\/18\/fallecimientos-por-covid19-en-residencias-de-ancianos\/\",\"url\":\"https:\/\/www.inforesidencias.com\/blog\/index.php\/2020\/05\/18\/fallecimientos-por-covid19-en-residencias-de-ancianos\/\",\"name\":\"\u00bfPOR QU\u00c9 DOS DE CADA TRES FALLECIMIENTOS POR COVID19 SE HA PRODUCIO EN RESIDENCIAS? - Blog Inforesidencias.com\",\"isPartOf\":{\"@id\":\"https:\/\/www.inforesidencias.com\/blog\/#website\"},\"datePublished\":\"2020-05-18T08:11:09+00:00\",\"dateModified\":\"2020-05-18T11:28:01+00:00\",\"author\":{\"@id\":\"https:\/\/www.inforesidencias.com\/blog\/#\/schema\/person\/9e146774d1eb3bc1c0316242a3898628\"},\"description\":\"Los fallecimientos por Covid19 en residencias durante la pandemia han representado un 66%. La pregunta es por qu\u00e9 esto ha sido as\u00ed.\",\"breadcrumb\":{\"@id\":\"https:\/\/www.inforesidencias.com\/blog\/index.php\/2020\/05\/18\/fallecimientos-por-covid19-en-residencias-de-ancianos\/#breadcrumb\"},\"inLanguage\":\"es\",\"potentialAction\":[{\"@type\":\"ReadAction\",\"target\":[\"https:\/\/www.inforesidencias.com\/blog\/index.php\/2020\/05\/18\/fallecimientos-por-covid19-en-residencias-de-ancianos\/\"]}]},{\"@type\":\"BreadcrumbList\",\"@id\":\"https:\/\/www.inforesidencias.com\/blog\/index.php\/2020\/05\/18\/fallecimientos-por-covid19-en-residencias-de-ancianos\/#breadcrumb\",\"itemListElement\":[{\"@type\":\"ListItem\",\"position\":1,\"name\":\"Home\",\"item\":\"https:\/\/www.inforesidencias.com\/blog\/\"},{\"@type\":\"ListItem\",\"position\":2,\"name\":\"\u00bfPOR QU\u00c9 DOS DE CADA TRES FALLECIMIENTOS POR COVID19 SE HA PRODUCIO EN RESIDENCIAS?\"}]},{\"@type\":\"WebSite\",\"@id\":\"https:\/\/www.inforesidencias.com\/blog\/#website\",\"url\":\"https:\/\/www.inforesidencias.com\/blog\/\",\"name\":\"Blog Inforesidencias.com\",\"description\":\"El buscador de residencias de la 3\u00aa edad\",\"potentialAction\":[{\"@type\":\"SearchAction\",\"target\":{\"@type\":\"EntryPoint\",\"urlTemplate\":\"https:\/\/www.inforesidencias.com\/blog\/?s={search_term_string}\"},\"query-input\":\"required name=search_term_string\"}],\"inLanguage\":\"es\"},{\"@type\":\"Person\",\"@id\":\"https:\/\/www.inforesidencias.com\/blog\/#\/schema\/person\/9e146774d1eb3bc1c0316242a3898628\",\"name\":\"Josep de Mart\u00ed\",\"image\":{\"@type\":\"ImageObject\",\"inLanguage\":\"es\",\"@id\":\"https:\/\/www.inforesidencias.com\/blog\/#\/schema\/person\/image\/\",\"url\":\"https:\/\/secure.gravatar.com\/avatar\/de0302c4806c00c4cebff396a798c1ff?s=96&d=mm&r=g\",\"contentUrl\":\"https:\/\/secure.gravatar.com\/avatar\/de0302c4806c00c4cebff396a798c1ff?s=96&d=mm&r=g\",\"caption\":\"Josep de Mart\u00ed\"},\"sameAs\":[\"https:\/\/www.inforesidencias.com\",\"https:\/\/www.facebook.com\/josep.demarti\",\"https:\/\/twitter.com\/blog-ir\"],\"url\":\"https:\/\/www.inforesidencias.com\/blog\/index.php\/author\/josepdemarti\/\"}]}<\/script>\n<!-- \/ Yoast SEO plugin. -->","yoast_head_json":{"title":"\u00bfPOR QU\u00c9 DOS DE CADA TRES FALLECIMIENTOS POR COVID19 SE HA PRODUCIO EN RESIDENCIAS? - Blog Inforesidencias.com","description":"Los fallecimientos por Covid19 en residencias durante la pandemia han representado un 66%. La pregunta es por qu\u00e9 esto ha sido as\u00ed.","robots":{"index":"index","follow":"follow","max-snippet":"max-snippet:-1","max-image-preview":"max-image-preview:large","max-video-preview":"max-video-preview:-1"},"canonical":"https:\/\/www.inforesidencias.com\/blog\/index.php\/2020\/05\/18\/fallecimientos-por-covid19-en-residencias-de-ancianos\/","og_locale":"es_ES","og_type":"article","og_title":"\u00bfPOR QU\u00c9 DOS DE CADA TRES FALLECIMIENTOS POR COVID19 SE HA PRODUCIO EN RESIDENCIAS? - Blog Inforesidencias.com","og_description":"Los fallecimientos por Covid19 en residencias durante la pandemia han representado un 66%. La pregunta es por qu\u00e9 esto ha sido as\u00ed.","og_url":"https:\/\/www.inforesidencias.com\/blog\/index.php\/2020\/05\/18\/fallecimientos-por-covid19-en-residencias-de-ancianos\/","og_site_name":"Blog Inforesidencias.com","article_publisher":"https:\/\/www.facebook.com\/Inforesidencias\/","article_author":"https:\/\/www.facebook.com\/josep.demarti","article_published_time":"2020-05-18T08:11:09+00:00","article_modified_time":"2020-05-18T11:28:01+00:00","og_image":[{"width":850,"height":584,"url":"https:\/\/www.inforesidencias.com\/blog\/wp-content\/uploads\/2020\/05\/fallecidos.png","type":"image\/png"}],"author":"Josep de Mart\u00ed","twitter_card":"summary_large_image","twitter_creator":"@blog-ir","twitter_site":"@inforesidencias","twitter_misc":{"Escrito por":"Josep de Mart\u00ed","Tiempo de lectura":"5 minutos"},"schema":{"@context":"https:\/\/schema.org","@graph":[{"@type":"WebPage","@id":"https:\/\/www.inforesidencias.com\/blog\/index.php\/2020\/05\/18\/fallecimientos-por-covid19-en-residencias-de-ancianos\/","url":"https:\/\/www.inforesidencias.com\/blog\/index.php\/2020\/05\/18\/fallecimientos-por-covid19-en-residencias-de-ancianos\/","name":"\u00bfPOR QU\u00c9 DOS DE CADA TRES FALLECIMIENTOS POR COVID19 SE HA PRODUCIO EN RESIDENCIAS? - Blog Inforesidencias.com","isPartOf":{"@id":"https:\/\/www.inforesidencias.com\/blog\/#website"},"datePublished":"2020-05-18T08:11:09+00:00","dateModified":"2020-05-18T11:28:01+00:00","author":{"@id":"https:\/\/www.inforesidencias.com\/blog\/#\/schema\/person\/9e146774d1eb3bc1c0316242a3898628"},"description":"Los fallecimientos por Covid19 en residencias durante la pandemia han representado un 66%. La pregunta es por qu\u00e9 esto ha sido as\u00ed.","breadcrumb":{"@id":"https:\/\/www.inforesidencias.com\/blog\/index.php\/2020\/05\/18\/fallecimientos-por-covid19-en-residencias-de-ancianos\/#breadcrumb"},"inLanguage":"es","potentialAction":[{"@type":"ReadAction","target":["https:\/\/www.inforesidencias.com\/blog\/index.php\/2020\/05\/18\/fallecimientos-por-covid19-en-residencias-de-ancianos\/"]}]},{"@type":"BreadcrumbList","@id":"https:\/\/www.inforesidencias.com\/blog\/index.php\/2020\/05\/18\/fallecimientos-por-covid19-en-residencias-de-ancianos\/#breadcrumb","itemListElement":[{"@type":"ListItem","position":1,"name":"Home","item":"https:\/\/www.inforesidencias.com\/blog\/"},{"@type":"ListItem","position":2,"name":"\u00bfPOR QU\u00c9 DOS DE CADA TRES FALLECIMIENTOS POR COVID19 SE HA PRODUCIO EN RESIDENCIAS?"}]},{"@type":"WebSite","@id":"https:\/\/www.inforesidencias.com\/blog\/#website","url":"https:\/\/www.inforesidencias.com\/blog\/","name":"Blog Inforesidencias.com","description":"El buscador de residencias de la 3\u00aa edad","potentialAction":[{"@type":"SearchAction","target":{"@type":"EntryPoint","urlTemplate":"https:\/\/www.inforesidencias.com\/blog\/?s={search_term_string}"},"query-input":"required name=search_term_string"}],"inLanguage":"es"},{"@type":"Person","@id":"https:\/\/www.inforesidencias.com\/blog\/#\/schema\/person\/9e146774d1eb3bc1c0316242a3898628","name":"Josep de Mart\u00ed","image":{"@type":"ImageObject","inLanguage":"es","@id":"https:\/\/www.inforesidencias.com\/blog\/#\/schema\/person\/image\/","url":"https:\/\/secure.gravatar.com\/avatar\/de0302c4806c00c4cebff396a798c1ff?s=96&d=mm&r=g","contentUrl":"https:\/\/secure.gravatar.com\/avatar\/de0302c4806c00c4cebff396a798c1ff?s=96&d=mm&r=g","caption":"Josep de Mart\u00ed"},"sameAs":["https:\/\/www.inforesidencias.com","https:\/\/www.facebook.com\/josep.demarti","https:\/\/twitter.com\/blog-ir"],"url":"https:\/\/www.inforesidencias.com\/blog\/index.php\/author\/josepdemarti\/"}]}},"_links":{"self":[{"href":"https:\/\/www.inforesidencias.com\/blog\/index.php\/wp-json\/wp\/v2\/posts\/3199"}],"collection":[{"href":"https:\/\/www.inforesidencias.com\/blog\/index.php\/wp-json\/wp\/v2\/posts"}],"about":[{"href":"https:\/\/www.inforesidencias.com\/blog\/index.php\/wp-json\/wp\/v2\/types\/post"}],"author":[{"embeddable":true,"href":"https:\/\/www.inforesidencias.com\/blog\/index.php\/wp-json\/wp\/v2\/users\/2"}],"replies":[{"embeddable":true,"href":"https:\/\/www.inforesidencias.com\/blog\/index.php\/wp-json\/wp\/v2\/comments?post=3199"}],"version-history":[{"count":4,"href":"https:\/\/www.inforesidencias.com\/blog\/index.php\/wp-json\/wp\/v2\/posts\/3199\/revisions"}],"predecessor-version":[{"id":3204,"href":"https:\/\/www.inforesidencias.com\/blog\/index.php\/wp-json\/wp\/v2\/posts\/3199\/revisions\/3204"}],"wp:featuredmedia":[{"embeddable":true,"href":"https:\/\/www.inforesidencias.com\/blog\/index.php\/wp-json\/wp\/v2\/media\/3200"}],"wp:attachment":[{"href":"https:\/\/www.inforesidencias.com\/blog\/index.php\/wp-json\/wp\/v2\/media?parent=3199"}],"wp:term":[{"taxonomy":"category","embeddable":true,"href":"https:\/\/www.inforesidencias.com\/blog\/index.php\/wp-json\/wp\/v2\/categories?post=3199"},{"taxonomy":"post_tag","embeddable":true,"href":"https:\/\/www.inforesidencias.com\/blog\/index.php\/wp-json\/wp\/v2\/tags?post=3199"}],"curies":[{"name":"wp","href":"https:\/\/api.w.org\/{rel}","templated":true}]}}