{"id":3226,"date":"2020-05-21T08:24:56","date_gmt":"2020-05-21T08:24:56","guid":{"rendered":"https:\/\/www.inforesidencias.com\/blog\/?p=3226"},"modified":"2020-05-21T08:24:56","modified_gmt":"2020-05-21T08:24:56","slug":"el-confinamiento-en-personas-mayores-con-demencia-3","status":"publish","type":"post","link":"https:\/\/www.inforesidencias.com\/blog\/index.php\/2020\/05\/21\/el-confinamiento-en-personas-mayores-con-demencia-3\/","title":{"rendered":"El confinamiento en personas mayores con demencia"},"content":{"rendered":"<p style=\"text-align: justify\">Para las personas mayores que no sufren demencia, el confinamiento ha estado muy duro. Es cierto que \u00faltimamente se encuentran en una mejor situaci\u00f3n desde que se habilitaron franjas horarias para salir a pasear , pero esto les supone unos espacios de tiempo muy limitados y acotados y durante el resto del d\u00eda deben permanecer en sus domicilios.<\/p>\n<p style=\"text-align: justify\">Hagamos un peque\u00f1o ejercicio y pong\u00e1monos en la piel ahora de alguien que sufre demencia. Las personas mayores que sufren con la demencia tambi\u00e9n se han tenido que confinar para evitar contagios, como el resto de poblaci\u00f3n. Una de las dificultades principales con las que se particularmente se encuentran estas personas es el hecho de que les puede costar comprender el porque no pueden salir de casa cuando quieran. Estos cambios en su rutina tambi\u00e9n pueden acarrear episodios de ansiedad, dificultad para dormir etc<\/p>\n<p style=\"text-align: justify\">Desde la cl\u00ednica de memoria y neuropsiquiatr\u00eda de la Universidad de Chile nos dan algunos consejos a la hora de tratar de hacer entender la situaci\u00f3n de confinamiento en personas mayores con demencia:<\/p>\n<p style=\"text-align: justify\">&#8211; Explicar la epidemia de la manera m\u00e1s f\u00e1cil posible cuando por ejemplo la persona quiera salir.<\/p>\n<p style=\"text-align: justify\">&#8211; Evitar comentar la informaci\u00f3n relacionada con el Coronavirus que pueda preocupar o confundir a la otra persona<\/p>\n<p style=\"text-align: justify\">&#8211; No insistir si no nos entiende..<\/p>\n<p style=\"text-align: justify\">&#8211; Hablar con un tono seguro y tranquilo.<\/p>\n<p style=\"text-align: justify\">&#8211; Escuchar lo que nos dice la otra persona y lo que le preocupa .<\/p>\n<p style=\"text-align: justify\">&#8211; Ense\u00f1ar fotos o im\u00e1genes o videos de familiares para que vea que todos est\u00e1n bien.<\/p>\n<p style=\"text-align: justify\">La universidad de Chile tambi\u00e9n nos ofrece otra informaci\u00f3n muy \u00fatil para estos meses para las personas con demencia como por ejemplo consejos para evitar la sobre carga de los cuidadores. Esta informaci\u00f3n se ha publicado en\u00a0<a href=\"https:\/\/ltccovid.org\/2020\/04\/01\/materials-to-support-people-with-dementia-and-their-carers-through-covid19-from-chile-in-spanish\/\">la web ltccovid.org<\/a>\u00a0en donde se publica muchos documentos interesantes sobre el virus<\/p>\n<p style=\"text-align: justify\"><img decoding=\"async\" loading=\"lazy\" class=\"alignleft size-full wp-image-3219\" src=\"https:\/\/www.inforesidencias.com\/blog\/wp-content\/uploads\/2020\/05\/confinamiento-en-personas-mayores-con-demencia.png\" alt=\"confinamiento en personas mayores con demencia\" width=\"400\" height=\"257\" \/><\/p>\n<p style=\"text-align: justify\">Por otro lado como acabamos de comentar brevemente, no podemos olvidar a los cuidadores. Ya hablamos de ello en un articulo anterior en el que escribimos sobre de las\u00a0<a href=\"https:\/\/www.inforesidencias.com\/blog\/index.php\/2020\/04\/22\/el-desconfinamiento-de-los-mayores-3\/\">personas mayores y el desconfinamiento<\/a>. Las personas mayores que cuidan de personas con demencia y que viven en poblaciones en fases m\u00e1s iniciales del desconfinamiento pueden verse m\u00e1s aisladas aun que el resto. Esto se debe principalmente a las acotadas franjas para salir y al hecho de no disponer de ayuda de otros familiares por ejemplo con quien compartir las atenciones hacia la persona con demencia. Hablar acerca del confinamiento en personas mayores con demencia es important\u00edsimo, pero los cuidadores tambi\u00e9n son de gran importancia.<\/p>\n<p style=\"text-align: justify\">Finalmente es bueno recordar que aun que ahora el COVID19 sea la enfermedad que m\u00e1s preocupa a la poblaci\u00f3n, no podemos dejar de recordar que hay muchas otras personas mayores que sufren otras enfermedades de base y que no hay que olvidarles ni dejar de prestarles atenci\u00f3n. Si usted se encuentra mal, no dude en llamar a su m\u00e9dico para que le aconseje que hacer.<\/p>\n<p>Si piensas que ahora es el momento de buscar una residencia geri\u00e1trica, por ejemplo en alguna comarca de Catalu\u00f1a, como el\u00a0<a href=\"https:\/\/www.inforesidencias.com\/centros\/buscador\/busquedas-predefinidas\/residencies-de-persones-grans-del-maresme\">Maresme, puedes hacerlo desde aqu\u00ed<\/a>:<\/p>\n","protected":false},"excerpt":{"rendered":"<p>Para las personas mayores que no sufren demencia, el confinamiento ha estado muy duro. Es cierto que \u00faltimamente se encuentran en una mejor situaci\u00f3n desde que se habilitaron franjas horarias para salir a pasear , pero esto les supone unos espacios de tiempo muy limitados y acotados y durante el resto del d\u00eda deben permanecer en sus domicilios. Hagamos un peque\u00f1o ejercicio y pong\u00e1monos en la piel ahora de alguien que sufre demencia. Las personas mayores que sufren con la demencia tambi\u00e9n se han tenido que confinar para evitar contagios, como el resto de poblaci\u00f3n. Una de las dificultades principales con las que se particularmente se encuentran estas personas es el hecho de que les puede costar comprender el porque no pueden salir de casa cuando quieran. Estos cambios en su rutina tambi\u00e9n pueden acarrear episodios de ansiedad, dificultad para dormir etc Desde la cl\u00ednica de memoria y neuropsiquiatr\u00eda de [&hellip;]<\/p>\n","protected":false},"author":2,"featured_media":3219,"comment_status":"open","ping_status":"open","sticky":false,"template":"","format":"standard","meta":{"footnotes":""},"categories":[1],"tags":[],"yoast_head":"<!-- This site is optimized with the Yoast SEO plugin v21.7 - https:\/\/yoast.com\/wordpress\/plugins\/seo\/ -->\n<title>El confinamiento en personas mayores con demencia - Blog Inforesidencias.com<\/title>\n<meta name=\"description\" content=\"Las afectaciones que produce el confinamiento en personas mayores con demencia pueden ser variadas. Explicamos como hacerles entender el motivo.\" \/>\n<meta name=\"robots\" content=\"index, follow, max-snippet:-1, max-image-preview:large, max-video-preview:-1\" \/>\n<link rel=\"canonical\" href=\"https:\/\/www.inforesidencias.com\/blog\/index.php\/2020\/05\/21\/el-confinamiento-en-personas-mayores-con-demencia-3\/\" \/>\n<meta property=\"og:locale\" content=\"es_ES\" \/>\n<meta property=\"og:type\" content=\"article\" \/>\n<meta property=\"og:title\" content=\"El confinamiento en personas mayores con demencia - Blog Inforesidencias.com\" \/>\n<meta property=\"og:description\" content=\"Las afectaciones que produce el confinamiento en personas mayores con demencia pueden ser variadas. Explicamos como hacerles entender el motivo.\" \/>\n<meta property=\"og:url\" content=\"https:\/\/www.inforesidencias.com\/blog\/index.php\/2020\/05\/21\/el-confinamiento-en-personas-mayores-con-demencia-3\/\" \/>\n<meta property=\"og:site_name\" content=\"Blog Inforesidencias.com\" \/>\n<meta property=\"article:publisher\" content=\"https:\/\/www.facebook.com\/Inforesidencias\/\" \/>\n<meta property=\"article:author\" content=\"https:\/\/www.facebook.com\/josep.demarti\" \/>\n<meta property=\"article:published_time\" content=\"2020-05-21T08:24:56+00:00\" \/>\n<meta property=\"og:image\" content=\"https:\/\/www.inforesidencias.com\/blog\/wp-content\/uploads\/2020\/05\/confinamiento-en-personas-mayores-con-demencia.png\" \/>\n\t<meta property=\"og:image:width\" content=\"400\" \/>\n\t<meta property=\"og:image:height\" content=\"257\" \/>\n\t<meta property=\"og:image:type\" content=\"image\/png\" \/>\n<meta name=\"author\" content=\"Josep de Mart\u00ed\" \/>\n<meta name=\"twitter:card\" content=\"summary_large_image\" \/>\n<meta name=\"twitter:creator\" content=\"@blog-ir\" \/>\n<meta name=\"twitter:site\" content=\"@inforesidencias\" \/>\n<meta name=\"twitter:label1\" content=\"Escrito por\" \/>\n\t<meta name=\"twitter:data1\" content=\"Josep de Mart\u00ed\" \/>\n\t<meta name=\"twitter:label2\" content=\"Tiempo de lectura\" \/>\n\t<meta name=\"twitter:data2\" content=\"3 minutos\" \/>\n<script type=\"application\/ld+json\" class=\"yoast-schema-graph\">{\"@context\":\"https:\/\/schema.org\",\"@graph\":[{\"@type\":\"WebPage\",\"@id\":\"https:\/\/www.inforesidencias.com\/blog\/index.php\/2020\/05\/21\/el-confinamiento-en-personas-mayores-con-demencia-3\/\",\"url\":\"https:\/\/www.inforesidencias.com\/blog\/index.php\/2020\/05\/21\/el-confinamiento-en-personas-mayores-con-demencia-3\/\",\"name\":\"El confinamiento en personas mayores con demencia - Blog Inforesidencias.com\",\"isPartOf\":{\"@id\":\"https:\/\/www.inforesidencias.com\/blog\/#website\"},\"datePublished\":\"2020-05-21T08:24:56+00:00\",\"dateModified\":\"2020-05-21T08:24:56+00:00\",\"author\":{\"@id\":\"https:\/\/www.inforesidencias.com\/blog\/#\/schema\/person\/9e146774d1eb3bc1c0316242a3898628\"},\"description\":\"Las afectaciones que produce el confinamiento en personas mayores con demencia pueden ser variadas. Explicamos como hacerles entender el motivo.\",\"breadcrumb\":{\"@id\":\"https:\/\/www.inforesidencias.com\/blog\/index.php\/2020\/05\/21\/el-confinamiento-en-personas-mayores-con-demencia-3\/#breadcrumb\"},\"inLanguage\":\"es\",\"potentialAction\":[{\"@type\":\"ReadAction\",\"target\":[\"https:\/\/www.inforesidencias.com\/blog\/index.php\/2020\/05\/21\/el-confinamiento-en-personas-mayores-con-demencia-3\/\"]}]},{\"@type\":\"BreadcrumbList\",\"@id\":\"https:\/\/www.inforesidencias.com\/blog\/index.php\/2020\/05\/21\/el-confinamiento-en-personas-mayores-con-demencia-3\/#breadcrumb\",\"itemListElement\":[{\"@type\":\"ListItem\",\"position\":1,\"name\":\"Home\",\"item\":\"https:\/\/www.inforesidencias.com\/blog\/\"},{\"@type\":\"ListItem\",\"position\":2,\"name\":\"El confinamiento en personas mayores con demencia\"}]},{\"@type\":\"WebSite\",\"@id\":\"https:\/\/www.inforesidencias.com\/blog\/#website\",\"url\":\"https:\/\/www.inforesidencias.com\/blog\/\",\"name\":\"Blog Inforesidencias.com\",\"description\":\"El buscador de residencias de la 3\u00aa edad\",\"potentialAction\":[{\"@type\":\"SearchAction\",\"target\":{\"@type\":\"EntryPoint\",\"urlTemplate\":\"https:\/\/www.inforesidencias.com\/blog\/?s={search_term_string}\"},\"query-input\":\"required name=search_term_string\"}],\"inLanguage\":\"es\"},{\"@type\":\"Person\",\"@id\":\"https:\/\/www.inforesidencias.com\/blog\/#\/schema\/person\/9e146774d1eb3bc1c0316242a3898628\",\"name\":\"Josep de Mart\u00ed\",\"image\":{\"@type\":\"ImageObject\",\"inLanguage\":\"es\",\"@id\":\"https:\/\/www.inforesidencias.com\/blog\/#\/schema\/person\/image\/\",\"url\":\"https:\/\/secure.gravatar.com\/avatar\/de0302c4806c00c4cebff396a798c1ff?s=96&d=mm&r=g\",\"contentUrl\":\"https:\/\/secure.gravatar.com\/avatar\/de0302c4806c00c4cebff396a798c1ff?s=96&d=mm&r=g\",\"caption\":\"Josep de Mart\u00ed\"},\"sameAs\":[\"https:\/\/www.inforesidencias.com\",\"https:\/\/www.facebook.com\/josep.demarti\",\"https:\/\/twitter.com\/blog-ir\"],\"url\":\"https:\/\/www.inforesidencias.com\/blog\/index.php\/author\/josepdemarti\/\"}]}<\/script>\n<!-- \/ Yoast SEO plugin. -->","yoast_head_json":{"title":"El confinamiento en personas mayores con demencia - Blog Inforesidencias.com","description":"Las afectaciones que produce el confinamiento en personas mayores con demencia pueden ser variadas. Explicamos como hacerles entender el motivo.","robots":{"index":"index","follow":"follow","max-snippet":"max-snippet:-1","max-image-preview":"max-image-preview:large","max-video-preview":"max-video-preview:-1"},"canonical":"https:\/\/www.inforesidencias.com\/blog\/index.php\/2020\/05\/21\/el-confinamiento-en-personas-mayores-con-demencia-3\/","og_locale":"es_ES","og_type":"article","og_title":"El confinamiento en personas mayores con demencia - Blog Inforesidencias.com","og_description":"Las afectaciones que produce el confinamiento en personas mayores con demencia pueden ser variadas. Explicamos como hacerles entender el motivo.","og_url":"https:\/\/www.inforesidencias.com\/blog\/index.php\/2020\/05\/21\/el-confinamiento-en-personas-mayores-con-demencia-3\/","og_site_name":"Blog Inforesidencias.com","article_publisher":"https:\/\/www.facebook.com\/Inforesidencias\/","article_author":"https:\/\/www.facebook.com\/josep.demarti","article_published_time":"2020-05-21T08:24:56+00:00","og_image":[{"width":400,"height":257,"url":"https:\/\/www.inforesidencias.com\/blog\/wp-content\/uploads\/2020\/05\/confinamiento-en-personas-mayores-con-demencia.png","type":"image\/png"}],"author":"Josep de Mart\u00ed","twitter_card":"summary_large_image","twitter_creator":"@blog-ir","twitter_site":"@inforesidencias","twitter_misc":{"Escrito por":"Josep de Mart\u00ed","Tiempo de lectura":"3 minutos"},"schema":{"@context":"https:\/\/schema.org","@graph":[{"@type":"WebPage","@id":"https:\/\/www.inforesidencias.com\/blog\/index.php\/2020\/05\/21\/el-confinamiento-en-personas-mayores-con-demencia-3\/","url":"https:\/\/www.inforesidencias.com\/blog\/index.php\/2020\/05\/21\/el-confinamiento-en-personas-mayores-con-demencia-3\/","name":"El confinamiento en personas mayores con demencia - Blog Inforesidencias.com","isPartOf":{"@id":"https:\/\/www.inforesidencias.com\/blog\/#website"},"datePublished":"2020-05-21T08:24:56+00:00","dateModified":"2020-05-21T08:24:56+00:00","author":{"@id":"https:\/\/www.inforesidencias.com\/blog\/#\/schema\/person\/9e146774d1eb3bc1c0316242a3898628"},"description":"Las afectaciones que produce el confinamiento en personas mayores con demencia pueden ser variadas. Explicamos como hacerles entender el motivo.","breadcrumb":{"@id":"https:\/\/www.inforesidencias.com\/blog\/index.php\/2020\/05\/21\/el-confinamiento-en-personas-mayores-con-demencia-3\/#breadcrumb"},"inLanguage":"es","potentialAction":[{"@type":"ReadAction","target":["https:\/\/www.inforesidencias.com\/blog\/index.php\/2020\/05\/21\/el-confinamiento-en-personas-mayores-con-demencia-3\/"]}]},{"@type":"BreadcrumbList","@id":"https:\/\/www.inforesidencias.com\/blog\/index.php\/2020\/05\/21\/el-confinamiento-en-personas-mayores-con-demencia-3\/#breadcrumb","itemListElement":[{"@type":"ListItem","position":1,"name":"Home","item":"https:\/\/www.inforesidencias.com\/blog\/"},{"@type":"ListItem","position":2,"name":"El confinamiento en personas mayores con demencia"}]},{"@type":"WebSite","@id":"https:\/\/www.inforesidencias.com\/blog\/#website","url":"https:\/\/www.inforesidencias.com\/blog\/","name":"Blog Inforesidencias.com","description":"El buscador de residencias de la 3\u00aa edad","potentialAction":[{"@type":"SearchAction","target":{"@type":"EntryPoint","urlTemplate":"https:\/\/www.inforesidencias.com\/blog\/?s={search_term_string}"},"query-input":"required name=search_term_string"}],"inLanguage":"es"},{"@type":"Person","@id":"https:\/\/www.inforesidencias.com\/blog\/#\/schema\/person\/9e146774d1eb3bc1c0316242a3898628","name":"Josep de Mart\u00ed","image":{"@type":"ImageObject","inLanguage":"es","@id":"https:\/\/www.inforesidencias.com\/blog\/#\/schema\/person\/image\/","url":"https:\/\/secure.gravatar.com\/avatar\/de0302c4806c00c4cebff396a798c1ff?s=96&d=mm&r=g","contentUrl":"https:\/\/secure.gravatar.com\/avatar\/de0302c4806c00c4cebff396a798c1ff?s=96&d=mm&r=g","caption":"Josep de Mart\u00ed"},"sameAs":["https:\/\/www.inforesidencias.com","https:\/\/www.facebook.com\/josep.demarti","https:\/\/twitter.com\/blog-ir"],"url":"https:\/\/www.inforesidencias.com\/blog\/index.php\/author\/josepdemarti\/"}]}},"_links":{"self":[{"href":"https:\/\/www.inforesidencias.com\/blog\/index.php\/wp-json\/wp\/v2\/posts\/3226"}],"collection":[{"href":"https:\/\/www.inforesidencias.com\/blog\/index.php\/wp-json\/wp\/v2\/posts"}],"about":[{"href":"https:\/\/www.inforesidencias.com\/blog\/index.php\/wp-json\/wp\/v2\/types\/post"}],"author":[{"embeddable":true,"href":"https:\/\/www.inforesidencias.com\/blog\/index.php\/wp-json\/wp\/v2\/users\/2"}],"replies":[{"embeddable":true,"href":"https:\/\/www.inforesidencias.com\/blog\/index.php\/wp-json\/wp\/v2\/comments?post=3226"}],"version-history":[{"count":1,"href":"https:\/\/www.inforesidencias.com\/blog\/index.php\/wp-json\/wp\/v2\/posts\/3226\/revisions"}],"predecessor-version":[{"id":3227,"href":"https:\/\/www.inforesidencias.com\/blog\/index.php\/wp-json\/wp\/v2\/posts\/3226\/revisions\/3227"}],"wp:featuredmedia":[{"embeddable":true,"href":"https:\/\/www.inforesidencias.com\/blog\/index.php\/wp-json\/wp\/v2\/media\/3219"}],"wp:attachment":[{"href":"https:\/\/www.inforesidencias.com\/blog\/index.php\/wp-json\/wp\/v2\/media?parent=3226"}],"wp:term":[{"taxonomy":"category","embeddable":true,"href":"https:\/\/www.inforesidencias.com\/blog\/index.php\/wp-json\/wp\/v2\/categories?post=3226"},{"taxonomy":"post_tag","embeddable":true,"href":"https:\/\/www.inforesidencias.com\/blog\/index.php\/wp-json\/wp\/v2\/tags?post=3226"}],"curies":[{"name":"wp","href":"https:\/\/api.w.org\/{rel}","templated":true}]}}